{"id":92644,"date":"2025-01-10T12:23:53","date_gmt":"2025-01-10T16:23:53","guid":{"rendered":"https:\/\/lasprimeras.com.do\/?p=92644"},"modified":"2025-01-10T12:23:55","modified_gmt":"2025-01-10T16:23:55","slug":"nicolas-maduro-asume-la-presidencia-de-venezuela-para-el-periodo-2025-2031","status":"publish","type":"post","link":"https:\/\/lasprimeras.com.do\/index.php\/2025\/01\/10\/nicolas-maduro-asume-la-presidencia-de-venezuela-para-el-periodo-2025-2031\/","title":{"rendered":"Nicol\u00e1s Maduro asume la presidencia de Venezuela para el per\u00edodo 2025-2031"},"content":{"rendered":"\n<p>Caracas.- Nicol\u00e1s Maduro, presidente electo de Venezuela, jur\u00f3 este viernes ante la Asamblea Nacional como presidente del pa\u00eds para el per\u00edodo 2025-2031.<\/p>\n\n\n\n<p>La ceremonia de toma de posesi\u00f3n se llev\u00f3 a cabo en un acto solemne en el que Maduro reafirm\u00f3 su compromiso con la Constituci\u00f3n de la Rep\u00fablica Bolivariana de Venezuela, aprobada por el pueblo en 1999.<\/p>\n\n\n\n<p>En sus palabras, Maduro expres\u00f3: \u201cLo jur\u00f3 hoy ante esta magna asamblea nacional, poder legislativo de la Rep\u00fablica, ante visitantes de 125 pa\u00edses, ante el pueblo de Venezuela, juro por Dios, por Cristo Redentor. Lo juro por la memoria eterna del comandante supremo (Hugo Ch\u00e1vez)\u201d, en un claro homenaje a Hugo Ch\u00e1vez.<\/p>\n\n\n\n<p>La toma de juramento fue realizada por Jorge Rodr\u00edguez G\u00f3mez, presidente de la Asamblea Nacional, quien recibi\u00f3 a Maduro a las 10:30 de la ma\u00f1ana (hora local) para formalizar el acto. Posteriormente, el presidente electo firm\u00f3 el acta oficial, avalando la legalidad de la juramentaci\u00f3n, suscrita tambi\u00e9n por Rodr\u00edguez.<\/p>\n\n\n\n<p>Una vez investido como presidente para el periodo 2025-2031, Maduro se dirigi\u00f3 a los presentes y record\u00f3 el juramento ante el Legislativo en su primer periodo presidencial, tras la muerte del expresidente Hugo Ch\u00e1vez, en abril de 2013. Asimismo, hizo un repaso de su desempe\u00f1o como constituyente que particip\u00f3 en la elaboraci\u00f3n y aprobaci\u00f3n de la Carta Magna de 1999, actualmente vigente.<\/p>\n\n\n\n<p>\u201cEste acto es posible porque Venezuela est\u00e1 en paz, en pleno ejercicio de su independencia\u201d, manifest\u00f3 y agreg\u00f3: \u201cSomos guerreros de la historia y garantizaremos la paz y soberan\u00eda nacional. Es un momento de muchas emociones y recuerdos de tantas luchas\u201d, dijo.<\/p>\n\n\n\n<p>Maduro anunci\u00f3 ya antes de su juramentaci\u00f3n que lo primero que har\u00e1 ser\u00e1 firmar de inmediato un decreto para crear \u201cuna amplia comisi\u00f3n nacional e internacional\u201d que se encargar\u00e1 de trabajar en \u201cuna gran reforma constitucional\u201d.<\/p>\n\n\n\n<p>\u00bfQu\u00e9 pasar\u00e1 este 10 de enero, d\u00eda de la juramentaci\u00f3n de Nicol\u00e1s Maduro?<\/p>\n\n\n\n<p>En la Constituci\u00f3n de 1999 se estableci\u00f3 el 10 de enero como la fecha para que el mandatario electo asuma oficialmente el cargo.<\/p>\n\n\n\n<p>Sin embargo, en las semanas previas, el excandidato presidencial Edmundo Gonz\u00e1lez, quien estuvo este jueves en Rep\u00fablica Dominicana, afirm\u00f3 desde el exterior que se autojuramentar\u00eda este d\u00eda. Gonz\u00e1lez sali\u00f3 rumbo a Espa\u00f1a, que le concedi\u00f3 asilo pol\u00edtico.<\/p>\n\n\n\n<p>Si bien pareciera no haber ninguna sorpresa en cuanto a la proclamaci\u00f3n de Maduro, que se llev\u00f3 a cabo conforme a lo dispuesto por la Carta Magna, hay expectativa sobre la actuaci\u00f3n de Mar\u00eda Corina Machado, quien reapareci\u00f3 en la palestra este jueves y que, frente al gobierno venezolano, tiene una serie de investigaciones abiertas.<\/p>\n\n\n\n<p>Gonz\u00e1lez inicialmente dijo que se trasladar\u00eda a Venezuela para asumir la primera magistratura, sin embargo, no hay precisi\u00f3n sobre la fecha, pues la v\u00edspera, desde Rep\u00fablica Dominicana, envi\u00f3 un mensaje que dec\u00eda: \u201cNos veremos todos muy pronto en Caracas, en libertad\u201d.<\/p>\n\n\n\n<p>Aunque el abanderado de un sector opositor ha puesto sobre la mesa esta posibilidad, el Gobierno venezolano sentenci\u00f3 que, apenas ingrese al pa\u00eds, ser\u00e1 encarcelado.<\/p>\n","protected":false},"excerpt":{"rendered":"<p>Caracas.- Nicol\u00e1s Maduro, presidente electo de Venezuela, jur\u00f3 este viernes ante la Asamblea Nacional como presidente del pa\u00eds para el per\u00edodo 2025-2031. La ceremonia de toma de posesi\u00f3n se llev\u00f3&hellip;<\/p>\n","protected":false},"author":2,"featured_media":92645,"comment_status":"open","ping_status":"open","sticky":false,"template":"","format":"standard","meta":{"content-type":"","jetpack_post_was_ever_published":false,"_jetpack_newsletter_access":"","_jetpack_dont_email_post_to_subs":false,"_jetpack_newsletter_tier_id":0,"_jetpack_memberships_contains_paywalled_content":false,"_jetpack_memberships_contains_paid_content":false,"footnotes":""},"categories":[16289,25],"tags":[7081,1604,94,420],"class_list":["post-92644","post","type-post","status-publish","format-standard","has-post-thumbnail","hentry","category-internacionales","category-portada","tag-asume","tag-nicolas-maduro","tag-presidencia","tag-venezuela"],"jetpack_featured_media_url":"https:\/\/lasprimeras.com.do\/wp-content\/uploads\/2025\/01\/MADURO.jpg","jetpack-related-posts":[{"id":92641,"url":"https:\/\/lasprimeras.com.do\/index.php\/2025\/01\/10\/nicolas-maduro-llega-a-la-sede-del-parlamento-para-la-toma-de-posesion-de-la-presidencia\/","url_meta":{"origin":92644,"position":0},"title":"Nicol\u00e1s Maduro llega a la sede del Parlamento para la toma de posesi\u00f3n de la Presidencia","author":"Nelson Feliz","date":"10 de enero de 2025","format":false,"excerpt":"Caracas, (EFE).- El presidente de Venezuela, Nicol\u00e1s Maduro, lleg\u00f3 este viernes a la sede de la Asamblea Nacional (AN, Parlamento), controlado por el chavismo, para jurar al cargo de presidente para el periodo 2025-2031, pese a las reiteradas denuncias de la oposici\u00f3n de que su candidato, Edmundo Gonz\u00e1lez Urrutia, fue\u2026","rel":"","context":"En \u00abSin categor\u00eda\u00bb","block_context":{"text":"Sin categor\u00eda","link":"https:\/\/lasprimeras.com.do\/index.php\/category\/sin-categoria\/"},"img":{"alt_text":"Nicol\u00e1s Maduro","src":"https:\/\/i0.wp.com\/lasprimeras.com.do\/wp-content\/uploads\/2024\/08\/Nicolas-Maduro-4.jpg?resize=350%2C200&ssl=1","width":350,"height":200,"srcset":"https:\/\/i0.wp.com\/lasprimeras.com.do\/wp-content\/uploads\/2024\/08\/Nicolas-Maduro-4.jpg?resize=350%2C200&ssl=1 1x, https:\/\/i0.wp.com\/lasprimeras.com.do\/wp-content\/uploads\/2024\/08\/Nicolas-Maduro-4.jpg?resize=525%2C300&ssl=1 1.5x, https:\/\/i0.wp.com\/lasprimeras.com.do\/wp-content\/uploads\/2024\/08\/Nicolas-Maduro-4.jpg?resize=700%2C400&ssl=1 2x"},"classes":[]},{"id":89558,"url":"https:\/\/lasprimeras.com.do\/index.php\/2024\/09\/28\/nicolas-maduro-afirma-que-se-juramentara-como-presidente-de-venezuela-el-10-de-enero\/","url_meta":{"origin":92644,"position":1},"title":"Nicol\u00e1s Maduro afirma que se juramentar\u00e1 como presidente de Venezuela el 10 de enero","author":"Nelson Feliz","date":"28 de septiembre de 2024","format":false,"excerpt":"Caracas, (EFE).- El presidente de Venezuela, Nicol\u00e1s Maduro, afirm\u00f3 este s\u00e1bado que se juramentar\u00e1 como mandatario de la naci\u00f3n caribe\u00f1a, para el per\u00edodo 2025-2031, el pr\u00f3ximo 10 de enero, como establece la Constituci\u00f3n, luego de que el Consejo Nacional Electoral (CNE) lo proclamara como el ganador de los comicios del\u2026","rel":"","context":"En \u00abSin categor\u00eda\u00bb","block_context":{"text":"Sin categor\u00eda","link":"https:\/\/lasprimeras.com.do\/index.php\/category\/sin-categoria\/"},"img":{"alt_text":"Nicol\u00e1s Maduro","src":"https:\/\/i0.wp.com\/lasprimeras.com.do\/wp-content\/uploads\/2024\/09\/Nicolas-Maduro-2.jpg?resize=350%2C200&ssl=1","width":350,"height":200,"srcset":"https:\/\/i0.wp.com\/lasprimeras.com.do\/wp-content\/uploads\/2024\/09\/Nicolas-Maduro-2.jpg?resize=350%2C200&ssl=1 1x, https:\/\/i0.wp.com\/lasprimeras.com.do\/wp-content\/uploads\/2024\/09\/Nicolas-Maduro-2.jpg?resize=525%2C300&ssl=1 1.5x, https:\/\/i0.wp.com\/lasprimeras.com.do\/wp-content\/uploads\/2024\/09\/Nicolas-Maduro-2.jpg?resize=700%2C400&ssl=1 2x"},"classes":[]},{"id":92635,"url":"https:\/\/lasprimeras.com.do\/index.php\/2025\/01\/10\/presidente-de-cuba-llega-a-venezuela-para-la-toma-de-posesion-de-la-presidencia-de-nicolas-maduro\/","url_meta":{"origin":92644,"position":2},"title":"Presidente de Cuba llega a Venezuela para la toma de posesi\u00f3n de la Presidencia de Nicol\u00e1s Maduro","author":"Nelson Feliz","date":"10 de enero de 2025","format":false,"excerpt":"Caracas, (EFE).- El presidente de Cuba, Miguel D\u00edaz-Canel, lleg\u00f3 este viernes a Venezuela para asistir al acto de investidura de la Presidencia, que tanto Nicol\u00e1s Maduro como el opositor Edmundo Gonz\u00e1lez Urrutia prometen asumir. El mandatario cubano arrib\u00f3 a la naci\u00f3n petrolera sobre las 08.20 hora local (12.20 GMT) y\u2026","rel":"","context":"En \u00abINTERNACIONALES\u00bb","block_context":{"text":"INTERNACIONALES","link":"https:\/\/lasprimeras.com.do\/index.php\/category\/sin-categoria\/internacionales\/"},"img":{"alt_text":"","src":"https:\/\/i0.wp.com\/lasprimeras.com.do\/wp-content\/uploads\/2025\/01\/diaz-canel.jpg?resize=350%2C200&ssl=1","width":350,"height":200,"srcset":"https:\/\/i0.wp.com\/lasprimeras.com.do\/wp-content\/uploads\/2025\/01\/diaz-canel.jpg?resize=350%2C200&ssl=1 1x, https:\/\/i0.wp.com\/lasprimeras.com.do\/wp-content\/uploads\/2025\/01\/diaz-canel.jpg?resize=525%2C300&ssl=1 1.5x"},"classes":[]},{"id":118986,"url":"https:\/\/lasprimeras.com.do\/index.php\/2026\/01\/05\/delcy-rodriguez-jura-como-presidenta-encargada-de-venezuela-tras-destitucion-de-maduro\/","url_meta":{"origin":92644,"position":3},"title":"Delcy Rodr\u00edguez jura como presidenta encargada de Venezuela tras destituci\u00f3n de Maduro","author":"Nelson Feliz","date":"5 de enero de 2026","format":false,"excerpt":"Delcy Rodr\u00edguez","rel":"","context":"En \u00abINTERNACIONALES\u00bb","block_context":{"text":"INTERNACIONALES","link":"https:\/\/lasprimeras.com.do\/index.php\/category\/sin-categoria\/internacionales\/"},"img":{"alt_text":"Delcy Rodr\u00edguez","src":"https:\/\/i0.wp.com\/lasprimeras.com.do\/wp-content\/uploads\/2026\/01\/Delcy-Rodriguez-2.jpg?resize=350%2C200&ssl=1","width":350,"height":200,"srcset":"https:\/\/i0.wp.com\/lasprimeras.com.do\/wp-content\/uploads\/2026\/01\/Delcy-Rodriguez-2.jpg?resize=350%2C200&ssl=1 1x, https:\/\/i0.wp.com\/lasprimeras.com.do\/wp-content\/uploads\/2026\/01\/Delcy-Rodriguez-2.jpg?resize=525%2C300&ssl=1 1.5x, https:\/\/i0.wp.com\/lasprimeras.com.do\/wp-content\/uploads\/2026\/01\/Delcy-Rodriguez-2.jpg?resize=700%2C400&ssl=1 2x"},"classes":[]},{"id":86689,"url":"https:\/\/lasprimeras.com.do\/index.php\/2024\/07\/30\/estatuas-de-hugo-chavez-en-venezuela-son-blanco-de-ataques-tras-elecciones\/","url_meta":{"origin":92644,"position":4},"title":"Estatuas de Hugo Ch\u00e1vez en Venezuela son blanco de ataques tras elecciones","author":"Nelson Feliz","date":"30 de julio de 2024","format":false,"excerpt":"By JOSHUA GOODMAN LA GUAIRA, Venezuela (AP) \u2014 Activistas antigubernamentales han hecho blanco de ataques y comenzaron a derribar esta semana algunas estatuas gigantes del expresidente venezolano Hugo Ch\u00e1vez en Venezuela, en un reflejo de su molestia luego de que las autoridades electorales dieran el triunfo de las elecciones al\u2026","rel":"","context":"En \u00abSin categor\u00eda\u00bb","block_context":{"text":"Sin categor\u00eda","link":"https:\/\/lasprimeras.com.do\/index.php\/category\/sin-categoria\/"},"img":{"alt_text":"","src":"https:\/\/i0.wp.com\/lasprimeras.com.do\/wp-content\/uploads\/2024\/07\/Estatuas.png?resize=350%2C200&ssl=1","width":350,"height":200,"srcset":"https:\/\/i0.wp.com\/lasprimeras.com.do\/wp-content\/uploads\/2024\/07\/Estatuas.png?resize=350%2C200&ssl=1 1x, https:\/\/i0.wp.com\/lasprimeras.com.do\/wp-content\/uploads\/2024\/07\/Estatuas.png?resize=525%2C300&ssl=1 1.5x, https:\/\/i0.wp.com\/lasprimeras.com.do\/wp-content\/uploads\/2024\/07\/Estatuas.png?resize=700%2C400&ssl=1 2x"},"classes":[]},{"id":89926,"url":"https:\/\/lasprimeras.com.do\/index.php\/2024\/10\/08\/nicolas-maduro-trato-de-imbeciles-mercenarios-a-quienes-criticaron-que-la-navidad-comience-en-octubre-en-venezuela\/","url_meta":{"origin":92644,"position":5},"title":"Nicol\u00e1s Maduro trat\u00f3 de \u201cimb\u00e9ciles mercenarios\u201d a quienes criticaron que la Navidad comience en octubre en Venezuela","author":"Nelson Feliz","date":"8 de octubre de 2024","format":false,"excerpt":"\u201cNosotros estamos felices\u201d A una semana de haber dado inicio a los festejos por Navidad en Venezuela, Nicol\u00e1s Maduro apunt\u00f3 contra los periodistas de diferentes pa\u00edses que cuestionaron la medida, que se dispuso en medio de los reclamos de la comunidad internacional por el fraude en las elecciones de julio.\u2026","rel":"","context":"En \u00abSin categor\u00eda\u00bb","block_context":{"text":"Sin categor\u00eda","link":"https:\/\/lasprimeras.com.do\/index.php\/category\/sin-categoria\/"},"img":{"alt_text":"Nicol\u00e1s Maduro","src":"https:\/\/i0.wp.com\/lasprimeras.com.do\/wp-content\/uploads\/2024\/10\/Nicolas-Maduro.jpg?resize=350%2C200&ssl=1","width":350,"height":200,"srcset":"https:\/\/i0.wp.com\/lasprimeras.com.do\/wp-content\/uploads\/2024\/10\/Nicolas-Maduro.jpg?resize=350%2C200&ssl=1 1x, https:\/\/i0.wp.com\/lasprimeras.com.do\/wp-content\/uploads\/2024\/10\/Nicolas-Maduro.jpg?resize=525%2C300&ssl=1 1.5x, https:\/\/i0.wp.com\/lasprimeras.com.do\/wp-content\/uploads\/2024\/10\/Nicolas-Maduro.jpg?resize=700%2C400&ssl=1 2x"},"classes":[]}],"jetpack_sharing_enabled":true,"_links":{"self":[{"href":"https:\/\/lasprimeras.com.do\/index.php\/wp-json\/wp\/v2\/posts\/92644","targetHints":{"allow":["GET"]}}],"collection":[{"href":"https:\/\/lasprimeras.com.do\/index.php\/wp-json\/wp\/v2\/posts"}],"about":[{"href":"https:\/\/lasprimeras.com.do\/index.php\/wp-json\/wp\/v2\/types\/post"}],"author":[{"embeddable":true,"href":"https:\/\/lasprimeras.com.do\/index.php\/wp-json\/wp\/v2\/users\/2"}],"replies":[{"embeddable":true,"href":"https:\/\/lasprimeras.com.do\/index.php\/wp-json\/wp\/v2\/comments?post=92644"}],"version-history":[{"count":1,"href":"https:\/\/lasprimeras.com.do\/index.php\/wp-json\/wp\/v2\/posts\/92644\/revisions"}],"predecessor-version":[{"id":92646,"href":"https:\/\/lasprimeras.com.do\/index.php\/wp-json\/wp\/v2\/posts\/92644\/revisions\/92646"}],"wp:featuredmedia":[{"embeddable":true,"href":"https:\/\/lasprimeras.com.do\/index.php\/wp-json\/wp\/v2\/media\/92645"}],"wp:attachment":[{"href":"https:\/\/lasprimeras.com.do\/index.php\/wp-json\/wp\/v2\/media?parent=92644"}],"wp:term":[{"taxonomy":"category","embeddable":true,"href":"https:\/\/lasprimeras.com.do\/index.php\/wp-json\/wp\/v2\/categories?post=92644"},{"taxonomy":"post_tag","embeddable":true,"href":"https:\/\/lasprimeras.com.do\/index.php\/wp-json\/wp\/v2\/tags?post=92644"}],"curies":[{"name":"wp","href":"https:\/\/api.w.org\/{rel}","templated":true}]}}