{"id":92647,"date":"2025-01-10T21:35:07","date_gmt":"2025-01-11T01:35:07","guid":{"rendered":"https:\/\/lasprimeras.com.do\/?p=92647"},"modified":"2025-01-10T21:35:11","modified_gmt":"2025-01-11T01:35:11","slug":"jce-presenta-informe-estadistico-de-actos-del-estado-civil-de-2024","status":"publish","type":"post","link":"https:\/\/lasprimeras.com.do\/index.php\/2025\/01\/10\/jce-presenta-informe-estadistico-de-actos-del-estado-civil-de-2024\/","title":{"rendered":"JCE presenta informe estad\u00edstico de actos del estado civil de 2024"},"content":{"rendered":"\n<p>La Junta Central Electoral (JCE) present\u00f3 hoy el Informe estad\u00edstico de actos del estado civil correspondiente al a\u00f1o 2024, donde se informa se realizaron 142,171 declaraciones de nacimientos, 72,583 fueron ni\u00f1os para un 51.1%, mientras que 69, 588 correspondieron a registros de nacimiento de ni\u00f1as para un 48.9%.<\/p>\n\n\n\n<p>En tanto que, el registro de fallecimientos de 43,913 personas; 46, 418 matrimonios y el registro de 27, 551 divorcios en la misma fecha.<\/p>\n\n\n\n<p>El informe incluye los registros de nacimientos de ni\u00f1os y ni\u00f1as por territorios, situ\u00e1ndose el Distrito Nacional con el mayor n\u00famero de declaraciones con 10,804 mientras que El Llano de El\u00edas Pi\u00f1a y el Distrito Municipal de La Cueva del municipio de Cevicos con el menor n\u00famero de registros de nacimiento con dos respectivamente.<\/p>\n\n\n\n<p>\u00a0\u00a0\u00a0\u00a0\u00a0\u00a0\u00a0\u00a0<\/p>\n\n\n\n<div class=\"wp-block-file\"><a id=\"wp-block-file--media-10f765a4-3c4c-4450-aafc-f57de86282b7\" href=\"https:\/\/lasprimeras.com.do\/wp-content\/uploads\/2025\/01\/Estadisticas-Registro-Civil-2024.xlsx\">Estadisticas Registro Civil 2024<\/a><a href=\"https:\/\/lasprimeras.com.do\/wp-content\/uploads\/2025\/01\/Estadisticas-Registro-Civil-2024.xlsx\" class=\"wp-block-file__button wp-element-button\" download aria-describedby=\"wp-block-file--media-10f765a4-3c4c-4450-aafc-f57de86282b7\">Descarga<\/a><\/div>\n","protected":false},"excerpt":{"rendered":"<p>La Junta Central Electoral (JCE) present\u00f3 hoy el Informe estad\u00edstico de actos del estado civil correspondiente al a\u00f1o 2024, donde se informa se realizaron 142,171 declaraciones de nacimientos, 72,583 fueron&hellip;<\/p>\n","protected":false},"author":2,"featured_media":80193,"comment_status":"open","ping_status":"open","sticky":false,"template":"","format":"standard","meta":{"content-type":"","jetpack_post_was_ever_published":false,"_jetpack_newsletter_access":"","_jetpack_dont_email_post_to_subs":false,"_jetpack_newsletter_tier_id":0,"_jetpack_memberships_contains_paywalled_content":false,"_jetpack_memberships_contains_paid_content":false,"footnotes":""},"categories":[35,25],"tags":[11276,16917,16918,455,5268],"class_list":["post-92647","post","type-post","status-publish","format-standard","has-post-thumbnail","hentry","category-nacionales","category-portada","tag-actos","tag-estadistico","tag-estado-civil","tag-informe","tag-junta-central-electoral"],"jetpack_featured_media_url":"https:\/\/lasprimeras.com.do\/wp-content\/uploads\/2024\/04\/img-Fachada-Normal-JCE-1.jpg","jetpack-related-posts":[{"id":88353,"url":"https:\/\/lasprimeras.com.do\/index.php\/2024\/08\/26\/jce-aclara-hijos-de-extranjeros-que-residan-ilegalmente-en-rd-no-deben-registrarse-en-el-libro-de-extranjeria\/","url_meta":{"origin":92647,"position":0},"title":"JCE aclara hijos de extranjeros que residan ilegalmente en RD no deben registrarse en el Libro de Extranjer\u00eda","author":"Nelson Feliz","date":"26 de agosto de 2024","format":false,"excerpt":"La Junta Central Electoral, inform\u00f3 que conforme los art\u00edculos 18 y 25 de la Constituci\u00f3n de la Rep\u00fablica, los hijos e hijas de extranjeros que se hallen en tr\u00e1nsito o residan ilegalmente en territorio dominicano, no son dominicanos y tienen la obligaci\u00f3n de registrarse en el Libro de Extranjer\u00eda, cumpliendo\u2026","rel":"","context":"En \u00abNACIONALES\u00bb","block_context":{"text":"NACIONALES","link":"https:\/\/lasprimeras.com.do\/index.php\/category\/nacionales\/"},"img":{"alt_text":"JCE","src":"https:\/\/i0.wp.com\/lasprimeras.com.do\/wp-content\/uploads\/2024\/04\/img-Fachada-Normal-JCE-1.jpg?resize=350%2C200&ssl=1","width":350,"height":200,"srcset":"https:\/\/i0.wp.com\/lasprimeras.com.do\/wp-content\/uploads\/2024\/04\/img-Fachada-Normal-JCE-1.jpg?resize=350%2C200&ssl=1 1x, https:\/\/i0.wp.com\/lasprimeras.com.do\/wp-content\/uploads\/2024\/04\/img-Fachada-Normal-JCE-1.jpg?resize=525%2C300&ssl=1 1.5x, https:\/\/i0.wp.com\/lasprimeras.com.do\/wp-content\/uploads\/2024\/04\/img-Fachada-Normal-JCE-1.jpg?resize=700%2C400&ssl=1 2x"},"classes":[]},{"id":104987,"url":"https:\/\/lasprimeras.com.do\/index.php\/2025\/07\/29\/jce-presenta-su-portal-del-observatorio-del-sistema-nacional-del-registro-civil\/","url_meta":{"origin":92647,"position":1},"title":"JCE presenta su portal del \u201cObservatorio del Sistema Nacional del Registro Civil\u201d","author":"Nelson Feliz","date":"29 de julio de 2025","format":false,"excerpt":"La Junta Central Electoral (JCE) present\u00f3 el portal \u201cObservatorio del Sistema Nacional del Registro Civil (Onarec)\u201d, una plataforma especializada en la recopilaci\u00f3n, an\u00e1lisis y difusi\u00f3n de informaci\u00f3n relacionada con el registro civil. La mesa de honor la encabezaron el presidente Rom\u00e1n Andr\u00e9s J\u00e1quez Liranzo y los miembros titulares Dolores Fern\u00e1ndez,\u2026","rel":"","context":"En \u00abNACIONALES\u00bb","block_context":{"text":"NACIONALES","link":"https:\/\/lasprimeras.com.do\/index.php\/category\/nacionales\/"},"img":{"alt_text":"","src":"https:\/\/i0.wp.com\/lasprimeras.com.do\/wp-content\/uploads\/2025\/07\/jce.jpg?resize=350%2C200&ssl=1","width":350,"height":200,"srcset":"https:\/\/i0.wp.com\/lasprimeras.com.do\/wp-content\/uploads\/2025\/07\/jce.jpg?resize=350%2C200&ssl=1 1x, https:\/\/i0.wp.com\/lasprimeras.com.do\/wp-content\/uploads\/2025\/07\/jce.jpg?resize=525%2C300&ssl=1 1.5x, https:\/\/i0.wp.com\/lasprimeras.com.do\/wp-content\/uploads\/2025\/07\/jce.jpg?resize=700%2C400&ssl=1 2x"},"classes":[]},{"id":100775,"url":"https:\/\/lasprimeras.com.do\/index.php\/2025\/06\/11\/jce-presenta-el-observatorio-del-registro-civil-a-miembros-del-observatorio-de-politicas-migratorias\/","url_meta":{"origin":92647,"position":2},"title":"JCE presenta el Observatorio del Registro Civil a miembros del Observatorio de Pol\u00edticas Migratorias","author":"Nelson Feliz","date":"11 de junio de 2025","format":false,"excerpt":"La Junta Central Electoral (JCE) sostuvo este mi\u00e9rcoles una reuni\u00f3n con representantes de la Comisi\u00f3n Ejecutiva del Observatorio de Pol\u00edticas Migratorias, creada mediante decreto presidencial n\u00fam. 2015-25, espacio en donde interactu\u00f3 sobre el Observatorio del Sistema Nacional del Registro Civil (Onarec), el cual estar\u00e1 disponible en los pr\u00f3ximos d\u00edas para\u2026","rel":"","context":"En \u00abNACIONALES\u00bb","block_context":{"text":"NACIONALES","link":"https:\/\/lasprimeras.com.do\/index.php\/category\/nacionales\/"},"img":{"alt_text":"","src":"https:\/\/i0.wp.com\/lasprimeras.com.do\/wp-content\/uploads\/2025\/06\/Observatorio-3.jpg?resize=350%2C200&ssl=1","width":350,"height":200,"srcset":"https:\/\/i0.wp.com\/lasprimeras.com.do\/wp-content\/uploads\/2025\/06\/Observatorio-3.jpg?resize=350%2C200&ssl=1 1x, https:\/\/i0.wp.com\/lasprimeras.com.do\/wp-content\/uploads\/2025\/06\/Observatorio-3.jpg?resize=525%2C300&ssl=1 1.5x, https:\/\/i0.wp.com\/lasprimeras.com.do\/wp-content\/uploads\/2025\/06\/Observatorio-3.jpg?resize=700%2C400&ssl=1 2x"},"classes":[]},{"id":100092,"url":"https:\/\/lasprimeras.com.do\/index.php\/2025\/06\/01\/jce-unifica-actas-del-estado-civil-se-eliminan-formatos-de-extracto-e-inextensa\/","url_meta":{"origin":92647,"position":3},"title":"JCE unifica actas del estado civil; se eliminan formatos de \u201cextracto\u201d e \u201cinextensa\u201d","author":"Nelson Feliz","date":"1 de junio de 2025","format":false,"excerpt":"Medida entra en vigencia el 01 de julio e implica reajustes en el costo de las tasas. La Junta Central Electoral dispuso mediante la Resoluci\u00f3n 9-2025 la unificaci\u00f3n de las actas del estado civil en un \u00fanico formato est\u00e1ndar y elimina los formatos de \u201cextracto\u201d e \u201cinextensa\u201d, medida que entra\u2026","rel":"","context":"En \u00abECONOM\u00cdA\u00bb","block_context":{"text":"ECONOM\u00cdA","link":"https:\/\/lasprimeras.com.do\/index.php\/category\/economia\/"},"img":{"alt_text":"","src":"https:\/\/i0.wp.com\/lasprimeras.com.do\/wp-content\/uploads\/2025\/02\/Fachada-JCE.jpg?resize=350%2C200&ssl=1","width":350,"height":200,"srcset":"https:\/\/i0.wp.com\/lasprimeras.com.do\/wp-content\/uploads\/2025\/02\/Fachada-JCE.jpg?resize=350%2C200&ssl=1 1x, https:\/\/i0.wp.com\/lasprimeras.com.do\/wp-content\/uploads\/2025\/02\/Fachada-JCE.jpg?resize=525%2C300&ssl=1 1.5x, https:\/\/i0.wp.com\/lasprimeras.com.do\/wp-content\/uploads\/2025\/02\/Fachada-JCE.jpg?resize=700%2C400&ssl=1 2x"},"classes":[]},{"id":75760,"url":"https:\/\/lasprimeras.com.do\/index.php\/2024\/02\/04\/jce-suspende-y-traslada-de-servicios-por-montaje-de-las-elecciones\/","url_meta":{"origin":92647,"position":4},"title":"JCE suspende y traslada de servicios por montaje de las elecciones","author":"Nelson Feliz","date":"4 de febrero de 2024","format":false,"excerpt":"La Junta Central Electoral (JCE) inform\u00f3 de la suspensi\u00f3n, traslado de servicios y ajustes de horarios para las dependencias de la instituci\u00f3n que operan en locales de las juntas electorales a partir del pr\u00f3ximo lunes 5 de febrero como parte del proceso de organizaci\u00f3n y montaje de las pr\u00f3ximas elecciones\u2026","rel":"","context":"En \u00abNACIONALES\u00bb","block_context":{"text":"NACIONALES","link":"https:\/\/lasprimeras.com.do\/index.php\/category\/nacionales\/"},"img":{"alt_text":"JCE","src":"https:\/\/i0.wp.com\/lasprimeras.com.do\/wp-content\/uploads\/2023\/07\/JCE.jpg?resize=350%2C200&ssl=1","width":350,"height":200,"srcset":"https:\/\/i0.wp.com\/lasprimeras.com.do\/wp-content\/uploads\/2023\/07\/JCE.jpg?resize=350%2C200&ssl=1 1x, https:\/\/i0.wp.com\/lasprimeras.com.do\/wp-content\/uploads\/2023\/07\/JCE.jpg?resize=525%2C300&ssl=1 1.5x, https:\/\/i0.wp.com\/lasprimeras.com.do\/wp-content\/uploads\/2023\/07\/JCE.jpg?resize=700%2C400&ssl=1 2x"},"classes":[]},{"id":91513,"url":"https:\/\/lasprimeras.com.do\/index.php\/2024\/11\/25\/jce-avanza-trabajos-para-renovacion-cedula-de-identidad-y-de-identidad-electoral\/","url_meta":{"origin":92647,"position":5},"title":"JCE avanza trabajos para renovaci\u00f3n C\u00e9dula de Identidad y de Identidad Electoral","author":"Nelson Feliz","date":"25 de noviembre de 2024","format":false,"excerpt":"La Junta Central Electoral (JCE) se reuni\u00f3 este lunes con delegados y representantes de partidos, movimientos y agrupaciones pol\u00edticas, dando continuidad a lo que ser\u00e1 el proceso de renovaci\u00f3n de la C\u00e9dula de Identidad y C\u00e9dula de Identidad y Electoral. El encuentro fue encabezado por los directores Am\u00e9rico Rodr\u00edguez, de\u2026","rel":"","context":"En \u00abNACIONALES\u00bb","block_context":{"text":"NACIONALES","link":"https:\/\/lasprimeras.com.do\/index.php\/category\/nacionales\/"},"img":{"alt_text":"","src":"https:\/\/i0.wp.com\/lasprimeras.com.do\/wp-content\/uploads\/2024\/11\/jce-cedula.jpg?resize=350%2C200&ssl=1","width":350,"height":200,"srcset":"https:\/\/i0.wp.com\/lasprimeras.com.do\/wp-content\/uploads\/2024\/11\/jce-cedula.jpg?resize=350%2C200&ssl=1 1x, https:\/\/i0.wp.com\/lasprimeras.com.do\/wp-content\/uploads\/2024\/11\/jce-cedula.jpg?resize=525%2C300&ssl=1 1.5x"},"classes":[]}],"jetpack_sharing_enabled":true,"_links":{"self":[{"href":"https:\/\/lasprimeras.com.do\/index.php\/wp-json\/wp\/v2\/posts\/92647","targetHints":{"allow":["GET"]}}],"collection":[{"href":"https:\/\/lasprimeras.com.do\/index.php\/wp-json\/wp\/v2\/posts"}],"about":[{"href":"https:\/\/lasprimeras.com.do\/index.php\/wp-json\/wp\/v2\/types\/post"}],"author":[{"embeddable":true,"href":"https:\/\/lasprimeras.com.do\/index.php\/wp-json\/wp\/v2\/users\/2"}],"replies":[{"embeddable":true,"href":"https:\/\/lasprimeras.com.do\/index.php\/wp-json\/wp\/v2\/comments?post=92647"}],"version-history":[{"count":1,"href":"https:\/\/lasprimeras.com.do\/index.php\/wp-json\/wp\/v2\/posts\/92647\/revisions"}],"predecessor-version":[{"id":92649,"href":"https:\/\/lasprimeras.com.do\/index.php\/wp-json\/wp\/v2\/posts\/92647\/revisions\/92649"}],"wp:featuredmedia":[{"embeddable":true,"href":"https:\/\/lasprimeras.com.do\/index.php\/wp-json\/wp\/v2\/media\/80193"}],"wp:attachment":[{"href":"https:\/\/lasprimeras.com.do\/index.php\/wp-json\/wp\/v2\/media?parent=92647"}],"wp:term":[{"taxonomy":"category","embeddable":true,"href":"https:\/\/lasprimeras.com.do\/index.php\/wp-json\/wp\/v2\/categories?post=92647"},{"taxonomy":"post_tag","embeddable":true,"href":"https:\/\/lasprimeras.com.do\/index.php\/wp-json\/wp\/v2\/tags?post=92647"}],"curies":[{"name":"wp","href":"https:\/\/api.w.org\/{rel}","templated":true}]}}