{"id":92650,"date":"2025-01-10T21:44:00","date_gmt":"2025-01-11T01:44:00","guid":{"rendered":"https:\/\/lasprimeras.com.do\/?p=92650"},"modified":"2025-01-10T21:44:04","modified_gmt":"2025-01-11T01:44:04","slug":"iseepenc-reconoce-al-embajador-jaime-francisco-rodriguez","status":"publish","type":"post","link":"https:\/\/lasprimeras.com.do\/index.php\/2025\/01\/10\/iseepenc-reconoce-al-embajador-jaime-francisco-rodriguez\/","title":{"rendered":"ISEEPENC reconoce al embajador Jaime Francisco Rodr\u00edguez"},"content":{"rendered":"\n<p><strong>El embajador de la Rep\u00fablica Dominicana en Vietnam, Jaime Yorquis Francisco Rodr\u00edguez, recibi\u00f3 un reconocimiento especial del Instituto Superior Especializado de Estudios Penitenciarios y Correccionales (ISEEPENC) de la Procuradur\u00eda General de la Rep\u00fablica.<\/strong><\/p>\n\n\n\n<p>El jurista, catedr\u00e1tico y especialista, Magister en Administraci\u00f3n Penitenciaria y catedr\u00e1tico de distintas universidades, tuvo sus inicios en la Escuela Nacional Penitenciaria 2010-2021) designado como Encargado del Departamento de Investigaci\u00f3n, Documentaci\u00f3n, Biblioteca y Publicaciones durante el per\u00edodo 2010-2013.<\/p>\n\n\n\n<p>En este periodo se desarroll\u00f3 las l\u00edneas de acci\u00f3n para impulsar proyectos de investigaci\u00f3n sobre el Sistema Penitenciario Dominicano, principalmente con estudiantes de derecho de la Universidad Aut\u00f3noma de Santo Domingo, UASD.<\/p>\n\n\n\n<p>Asimismo, dise\u00f1\u00f3 e implement\u00f3 una base de datos de los estudiantes e investigadores del Sistema Penitenciario.<\/p>\n\n\n\n<p>Bajo su direcci\u00f3n y coordinaci\u00f3n se produjeron los siguientes reglamentos de la biblioteca: Reglamento General de la Biblioteca Hermanas Mirabal, el Manual de Pol\u00edticas y Procedimientos en la Organizaci\u00f3n de la Biblioteca, as\u00ed como el Manual de Usuario; la revisi\u00f3n y redacci\u00f3n del Protocolo de Visitas al Museo y la Historia del Castillo del Cerro, entre otros.<\/p>\n\n\n\n<p>En el 2010, coordin\u00f3 el primer Diplomado Internacional dirigido a funcionarios del Sistema Penitenciario de la Rep\u00fablica del Salvador, sobre \u201cEl Nuevo Modelo de Gesti\u00f3n Penitenciaria de la Rep\u00fablica Dominicana\u201d.<\/p>\n\n\n\n<p>Elabor\u00f3 el proyecto de investigaci\u00f3n para la realizaci\u00f3n del diagn\u00f3stico sobre drogas en los CCRs y CPL en una comisi\u00f3n formada por el Consejo Nacional de Drogas, el Modelo de Gesti\u00f3n Penitenciaria, la Escuela Nacional Penitenciaria y la Direcci\u00f3n General de Prisiones de ese entonces.<\/p>\n\n\n\n<p>En el 2010, tambi\u00e9n form\u00f3 parte de la comisi\u00f3n para trabajar todo lo concerniente a la acreditaci\u00f3n de la Escuela Nacional Penitenciaria en la Secretar\u00eda de Estado de Educaci\u00f3n Superior Ciencia y Tecnolog\u00eda, SEECyT, hoy Ministerio de Educaci\u00f3n Superior, Ciencia y Tecnolog\u00eda, MESCyT.<\/p>\n\n\n\n<p>En ese mismo a\u00f1o, particip\u00f3 activamente en las mesas de trabajos creadas para desarrollar el anteproyecto de ley que regula el Sistema Correccional en la Rep\u00fablica Dominicana.<\/p>\n\n\n\n<p>El maestro Jaime Francisco Rodr\u00edguez estuvo a cargo de la elaboraci\u00f3n y coordinaci\u00f3n de cada una de las actividades formativas nacionales e internacionales, dando a conocer la calidad, excelencia y responsabilidad en cada una de las acciones que emprend\u00eda.<\/p>\n\n\n\n<p>Adem\u00e1s, desarroll\u00f3 y coordin\u00f3 junto a Francisco Pe\u00f1a las c\u00e1tedras curriculares y las asignaciones de las mismas al personal calificado de la ENAP, as\u00ed como colaboradores externos.<\/p>\n\n\n\n<p>Elabor\u00f3 y coordin\u00f3 el programa de la primera Maestr\u00eda Profesionalizante en Administraci\u00f3n Penitenciaria de la que se gradu\u00f3 como magister. Fue encargado del Departamento de Formaci\u00f3n y Capacitaci\u00f3n en el per\u00edodo 2013-2014.<\/p>\n\n\n\n<p>En su gesti\u00f3n se produjeron distintas actividades formativas para elevar la calidad y la excelencia de los profesores y servidores penitenciarios.<\/p>\n\n\n\n<p>Dise\u00f1\u00f3 y coordin\u00f3 el programa para el primer Encuentro Regional de Escuelas Penitenciarias que tuvo lugar en la Rep\u00fablica Dominicana, auspiciado por el Centro de Excelencia para la Reforma Penitenciaria y la Reducci\u00f3n de la Demanda de Drogas y el Delito, UNODC.<\/p>\n\n\n\n<p>En el 2014, obtuvo el premio a la excelencia en reconocimiento al m\u00e9rito y la ardua labor realizada. Es coautor de la publicaci\u00f3n Oferta Acad\u00e9mica de la ENAP.<\/p>\n\n\n\n<p>En el per\u00edodo 2015-2021, dirigi\u00f3 el Departamento de Dise\u00f1o y Evaluaci\u00f3n Curricular, dejando aportes significativos con la transformaci\u00f3n de los contenidos de los distintos programas, tales como: Curso VTP, Diplomados, Cursos Especiales y Programas de Maestr\u00edas.<\/p>\n\n\n\n<p>En mayo de 2021, ocup\u00f3 la Direcci\u00f3n General de la Escuela Nacional Penitenciaria. Coordin\u00f3 los trabajados para la elaboraci\u00f3n del Reglamento General de Aplicaci\u00f3n de la nueva Ley 113-21, que regula el Sistema Penitenciario y Correccional y el desarrollo del Instituto Especializado de Estudios Penitenciarios y Correccionales, ISEEPENC.<\/p>\n","protected":false},"excerpt":{"rendered":"<p>El embajador de la Rep\u00fablica Dominicana en Vietnam, Jaime Yorquis Francisco Rodr\u00edguez, recibi\u00f3 un reconocimiento especial del Instituto Superior Especializado de Estudios Penitenciarios y Correccionales (ISEEPENC) de la Procuradur\u00eda General&hellip;<\/p>\n","protected":false},"author":2,"featured_media":92651,"comment_status":"open","ping_status":"open","sticky":false,"template":"","format":"standard","meta":{"content-type":"","jetpack_post_was_ever_published":false,"_jetpack_newsletter_access":"","_jetpack_dont_email_post_to_subs":false,"_jetpack_newsletter_tier_id":0,"_jetpack_memberships_contains_paywalled_content":false,"_jetpack_memberships_contains_paid_content":false,"footnotes":""},"categories":[35],"tags":[2016,16919,16920],"class_list":["post-92650","post","type-post","status-publish","format-standard","has-post-thumbnail","hentry","category-nacionales","tag-embajador","tag-iseepenc","tag-jaime-francisco-rodriguez"],"jetpack_featured_media_url":"https:\/\/lasprimeras.com.do\/wp-content\/uploads\/2025\/01\/El-ISEEPENC-reconoce-al-embajador-Jaime-Francisco-Rodriguez.jpg","jetpack-related-posts":[{"id":91545,"url":"https:\/\/lasprimeras.com.do\/index.php\/2024\/11\/26\/presidente-abinader-juramenta-comites-de-apoyo-a-la-reforma-penitenciaria\/","url_meta":{"origin":92650,"position":0},"title":"Presidente Abinader juramenta comit\u00e9s de apoyo a la reforma penitenciaria","author":"Nelson Feliz","date":"26 de noviembre de 2024","format":false,"excerpt":"Comit\u00e9s juramentados pertenecen a Hig\u00fcey, Bonao, Guerra - Las Parras, Cotu\u00ed, Santiago Rodr\u00edguez, Pedernales, Barahona, San Francisco de Macor\u00eds, San Juan y Neiba. El presidente Luis Abinader jurament\u00f3 este martes a los comit\u00e9s de apoyo a la reforma penitenciaria, la cual reiter\u00f3 es parte fundamental en la lucha por la\u2026","rel":"","context":"En \u00abNACIONALES\u00bb","block_context":{"text":"NACIONALES","link":"https:\/\/lasprimeras.com.do\/index.php\/category\/nacionales\/"},"img":{"alt_text":"","src":"https:\/\/i0.wp.com\/lasprimeras.com.do\/wp-content\/uploads\/2024\/11\/Luis-Abinader-1.jpg?resize=350%2C200&ssl=1","width":350,"height":200,"srcset":"https:\/\/i0.wp.com\/lasprimeras.com.do\/wp-content\/uploads\/2024\/11\/Luis-Abinader-1.jpg?resize=350%2C200&ssl=1 1x, https:\/\/i0.wp.com\/lasprimeras.com.do\/wp-content\/uploads\/2024\/11\/Luis-Abinader-1.jpg?resize=525%2C300&ssl=1 1.5x, https:\/\/i0.wp.com\/lasprimeras.com.do\/wp-content\/uploads\/2024\/11\/Luis-Abinader-1.jpg?resize=700%2C400&ssl=1 2x"},"classes":[]},{"id":126456,"url":"https:\/\/lasprimeras.com.do\/index.php\/2026\/04\/02\/ministro-de-justicia-supervisa-carcel-de-salcedo\/","url_meta":{"origin":92650,"position":1},"title":"Ministro de Justicia supervisa c\u00e1rcel de Salcedo","author":"Nelson Feliz","date":"2 de abril de 2026","format":false,"excerpt":"Peralta Romero destaca avances en reinserci\u00f3n y dignidad penitenciaria El ministro de Justicia, Antoliano Peralta Romero, encabez\u00f3 una jornada de supervisi\u00f3n en el centro de privaci\u00f3n de libertad ubicado en la Fortaleza Juana N\u00fa\u00f1ez de Salcedo con el objetivo de evaluar las condiciones del recinto y los avances en su\u2026","rel":"","context":"En \u00abNACIONALES\u00bb","block_context":{"text":"NACIONALES","link":"https:\/\/lasprimeras.com.do\/index.php\/category\/nacionales\/"},"img":{"alt_text":"Antoliano Peralta Romero","src":"https:\/\/i0.wp.com\/lasprimeras.com.do\/wp-content\/uploads\/2026\/04\/Antoliano-Peralta-Romero.jpg?resize=350%2C200&ssl=1","width":350,"height":200,"srcset":"https:\/\/i0.wp.com\/lasprimeras.com.do\/wp-content\/uploads\/2026\/04\/Antoliano-Peralta-Romero.jpg?resize=350%2C200&ssl=1 1x, https:\/\/i0.wp.com\/lasprimeras.com.do\/wp-content\/uploads\/2026\/04\/Antoliano-Peralta-Romero.jpg?resize=525%2C300&ssl=1 1.5x, https:\/\/i0.wp.com\/lasprimeras.com.do\/wp-content\/uploads\/2026\/04\/Antoliano-Peralta-Romero.jpg?resize=700%2C400&ssl=1 2x"},"classes":[]},{"id":60771,"url":"https:\/\/lasprimeras.com.do\/index.php\/2023\/09\/18\/senado-firma-acuerdo-con-la-universidad-castilla-la-marcha-para-formacion-educativa\/","url_meta":{"origin":92650,"position":2},"title":"Senado firma acuerdo con la Universidad Castilla-La Marcha para formaci\u00f3n educativa","author":"Nelson Feliz","date":"18 de septiembre de 2023","format":false,"excerpt":"\u00a0El acuerdo permitir\u00e1 a senadores, funcionarios y colaboradores\u00a0 de la C\u00e1mara Alta, realizar maestr\u00edas de derecho constitucional y derecho p\u00fablico, de manera presencial. El presidente del Senado de la Rep\u00fablica, Ricardo De los Santos,\u00a0 firm\u00f3 un acuerdo de colaboraci\u00f3n con representantes de la Universidad de Castilla-La Mancha (UCLM), para ofrecer\u2026","rel":"","context":"En \u00abNACIONALES\u00bb","block_context":{"text":"NACIONALES","link":"https:\/\/lasprimeras.com.do\/index.php\/category\/nacionales\/"},"img":{"alt_text":"","src":"https:\/\/i0.wp.com\/lasprimeras.com.do\/wp-content\/uploads\/2023\/09\/senado-1-1.jpg?resize=350%2C200&ssl=1","width":350,"height":200,"srcset":"https:\/\/i0.wp.com\/lasprimeras.com.do\/wp-content\/uploads\/2023\/09\/senado-1-1.jpg?resize=350%2C200&ssl=1 1x, https:\/\/i0.wp.com\/lasprimeras.com.do\/wp-content\/uploads\/2023\/09\/senado-1-1.jpg?resize=525%2C300&ssl=1 1.5x, https:\/\/i0.wp.com\/lasprimeras.com.do\/wp-content\/uploads\/2023\/09\/senado-1-1.jpg?resize=700%2C400&ssl=1 2x"},"classes":[]},{"id":79403,"url":"https:\/\/lasprimeras.com.do\/index.php\/2024\/03\/26\/designar-a-jean-alain-asesor-sistema-penitenciario-es-como-poner-a-quirino-en-la-dncd-afirma-yeni-berenice\/","url_meta":{"origin":92650,"position":3},"title":"Designar a Jean Alain asesor sistema penitenciario \u201ces como poner a Quirino en la DNCD\u201d, afirma Yeni Berenice","author":"BIMARY DE JES\u00daS Matos","date":"26 de marzo de 2024","format":false,"excerpt":"Santo Domingo, RD.- La procuradora adjunta Yeni Berenice Reynoso dijo este martes que como asesor del sistema penitenciario al ex procurador de la Rep\u00fablica, Jean Alain Rodr\u00edguez, ser\u00eda equivalente a nombrar al narcotraficante Quirino Ernesto Paulino Castillo como director de la Direcci\u00f3n Nacional de Control de Drogas (DNCD). La jurista\u2026","rel":"","context":"En \u00abNACIONALES\u00bb","block_context":{"text":"NACIONALES","link":"https:\/\/lasprimeras.com.do\/index.php\/category\/nacionales\/"},"img":{"alt_text":"","src":"https:\/\/i0.wp.com\/lasprimeras.com.do\/wp-content\/uploads\/2024\/03\/1-millon-de-jovenes-votaran-en-las-elecciones-municipales-2-4.webp?resize=350%2C200&ssl=1","width":350,"height":200,"srcset":"https:\/\/i0.wp.com\/lasprimeras.com.do\/wp-content\/uploads\/2024\/03\/1-millon-de-jovenes-votaran-en-las-elecciones-municipales-2-4.webp?resize=350%2C200&ssl=1 1x, https:\/\/i0.wp.com\/lasprimeras.com.do\/wp-content\/uploads\/2024\/03\/1-millon-de-jovenes-votaran-en-las-elecciones-municipales-2-4.webp?resize=525%2C300&ssl=1 1.5x, https:\/\/i0.wp.com\/lasprimeras.com.do\/wp-content\/uploads\/2024\/03\/1-millon-de-jovenes-votaran-en-las-elecciones-municipales-2-4.webp?resize=700%2C400&ssl=1 2x"},"classes":[]},{"id":105070,"url":"https:\/\/lasprimeras.com.do\/index.php\/2025\/07\/30\/juan-dionicio-rodriguez-el-ministerio-de-justicia-sera-un-gran-aporte-del-gobierno-de-abinader\/","url_meta":{"origin":92650,"position":4},"title":"Juan Dionicio Rodr\u00edguez: \u201cEl Ministerio de Justicia ser\u00e1 un gran aporte del Gobierno de Abinader\u201d","author":"Nelson Feliz","date":"30 de julio de 2025","format":false,"excerpt":"El exdiputado del Frente Amplio y actual coordinador de Justicia de la Oficina Nacional para el Apoyo a la Reforma Penitenciaria (ONAPREP), Juan Dionicio Rodr\u00edguez, valor\u00f3 como trascendental la creaci\u00f3n del Ministerio de Justicia por parte del Gobierno del presidente Luis Abinader, se\u00f1alando que esta instituci\u00f3n ser\u00e1 clave para transformar\u2026","rel":"","context":"En \u00abPOLITICA\u00bb","block_context":{"text":"POLITICA","link":"https:\/\/lasprimeras.com.do\/index.php\/category\/politica\/"},"img":{"alt_text":"","src":"https:\/\/i0.wp.com\/lasprimeras.com.do\/wp-content\/uploads\/2025\/07\/WhatsApp-Image-2025-07-29-at-7.56.00-PM.jpeg?resize=350%2C200&ssl=1","width":350,"height":200,"srcset":"https:\/\/i0.wp.com\/lasprimeras.com.do\/wp-content\/uploads\/2025\/07\/WhatsApp-Image-2025-07-29-at-7.56.00-PM.jpeg?resize=350%2C200&ssl=1 1x, https:\/\/i0.wp.com\/lasprimeras.com.do\/wp-content\/uploads\/2025\/07\/WhatsApp-Image-2025-07-29-at-7.56.00-PM.jpeg?resize=525%2C300&ssl=1 1.5x, https:\/\/i0.wp.com\/lasprimeras.com.do\/wp-content\/uploads\/2025\/07\/WhatsApp-Image-2025-07-29-at-7.56.00-PM.jpeg?resize=700%2C400&ssl=1 2x, https:\/\/i0.wp.com\/lasprimeras.com.do\/wp-content\/uploads\/2025\/07\/WhatsApp-Image-2025-07-29-at-7.56.00-PM.jpeg?resize=1050%2C600&ssl=1 3x, https:\/\/i0.wp.com\/lasprimeras.com.do\/wp-content\/uploads\/2025\/07\/WhatsApp-Image-2025-07-29-at-7.56.00-PM.jpeg?resize=1400%2C800&ssl=1 4x"},"classes":[]},{"id":65635,"url":"https:\/\/lasprimeras.com.do\/index.php\/2023\/10\/30\/magistrada-eunisis-vasquez-recibe-la-mas-alta-distincion-concedida-por-el-papa-francisco\/","url_meta":{"origin":92650,"position":5},"title":"Magistrada Eunisis V\u00e1squez recibe la m\u00e1s alta distinci\u00f3n concedida por el Papa Francisco","author":"Nelson Feliz","date":"30 de octubre de 2023","format":false,"excerpt":"La Nunciatura Apost\u00f3lica de la Santa Sede en la Rep\u00fablica Dominicana y el arzobispo de Santo Domingo Primado de Am\u00e9rica, monse\u00f1or Francisco Ozoria Acosta, entregaron la condecoraci\u00f3n \u201cPro Ecclesia et Pontifice\u201d a la magistrada Eunisis V\u00e1squez Acosta, la m\u00e1s alta distinci\u00f3n que otorga el Papa Francisco. La condecoraci\u00f3n fue entregada\u2026","rel":"","context":"En \u00abNACIONALES\u00bb","block_context":{"text":"NACIONALES","link":"https:\/\/lasprimeras.com.do\/index.php\/category\/nacionales\/"},"img":{"alt_text":"Eunisis V\u00e1squez Acosta","src":"https:\/\/i0.wp.com\/lasprimeras.com.do\/wp-content\/uploads\/2023\/10\/Eunisis-Vasquez-Acosta.jpg?resize=350%2C200&ssl=1","width":350,"height":200,"srcset":"https:\/\/i0.wp.com\/lasprimeras.com.do\/wp-content\/uploads\/2023\/10\/Eunisis-Vasquez-Acosta.jpg?resize=350%2C200&ssl=1 1x, https:\/\/i0.wp.com\/lasprimeras.com.do\/wp-content\/uploads\/2023\/10\/Eunisis-Vasquez-Acosta.jpg?resize=525%2C300&ssl=1 1.5x, https:\/\/i0.wp.com\/lasprimeras.com.do\/wp-content\/uploads\/2023\/10\/Eunisis-Vasquez-Acosta.jpg?resize=700%2C400&ssl=1 2x"},"classes":[]}],"jetpack_sharing_enabled":true,"_links":{"self":[{"href":"https:\/\/lasprimeras.com.do\/index.php\/wp-json\/wp\/v2\/posts\/92650","targetHints":{"allow":["GET"]}}],"collection":[{"href":"https:\/\/lasprimeras.com.do\/index.php\/wp-json\/wp\/v2\/posts"}],"about":[{"href":"https:\/\/lasprimeras.com.do\/index.php\/wp-json\/wp\/v2\/types\/post"}],"author":[{"embeddable":true,"href":"https:\/\/lasprimeras.com.do\/index.php\/wp-json\/wp\/v2\/users\/2"}],"replies":[{"embeddable":true,"href":"https:\/\/lasprimeras.com.do\/index.php\/wp-json\/wp\/v2\/comments?post=92650"}],"version-history":[{"count":1,"href":"https:\/\/lasprimeras.com.do\/index.php\/wp-json\/wp\/v2\/posts\/92650\/revisions"}],"predecessor-version":[{"id":92652,"href":"https:\/\/lasprimeras.com.do\/index.php\/wp-json\/wp\/v2\/posts\/92650\/revisions\/92652"}],"wp:featuredmedia":[{"embeddable":true,"href":"https:\/\/lasprimeras.com.do\/index.php\/wp-json\/wp\/v2\/media\/92651"}],"wp:attachment":[{"href":"https:\/\/lasprimeras.com.do\/index.php\/wp-json\/wp\/v2\/media?parent=92650"}],"wp:term":[{"taxonomy":"category","embeddable":true,"href":"https:\/\/lasprimeras.com.do\/index.php\/wp-json\/wp\/v2\/categories?post=92650"},{"taxonomy":"post_tag","embeddable":true,"href":"https:\/\/lasprimeras.com.do\/index.php\/wp-json\/wp\/v2\/tags?post=92650"}],"curies":[{"name":"wp","href":"https:\/\/api.w.org\/{rel}","templated":true}]}}