{"id":92707,"date":"2025-01-13T06:00:00","date_gmt":"2025-01-13T10:00:00","guid":{"rendered":"https:\/\/lasprimeras.com.do\/?p=92707"},"modified":"2025-01-12T14:48:25","modified_gmt":"2025-01-12T18:48:25","slug":"diputados-apoyan-resolucion-que-reconoce-trayectoria-artistica-cultural-y-politica-de-manuel-jimenez","status":"publish","type":"post","link":"https:\/\/lasprimeras.com.do\/index.php\/2025\/01\/13\/diputados-apoyan-resolucion-que-reconoce-trayectoria-artistica-cultural-y-politica-de-manuel-jimenez\/","title":{"rendered":"Diputados apoyan resoluci\u00f3n que reconoce trayectoria art\u00edstica, cultural y pol\u00edtica de Manuel Jim\u00e9nez"},"content":{"rendered":"\n<p class=\"wp-block-paragraph\"><strong>Legisladores del PRM, la FP y el PLD firmaron la iniciativa que valora aportes de Jim\u00e9nez al arte, la cultura y el servicio p\u00fablico.<\/strong><\/p>\n\n\n\n<p class=\"wp-block-paragraph\">Veinte diputados de la provincia Santo Domingo dieron su respaldo al proyecto de resoluci\u00f3n que reconoce los aportes de Manuel Jim\u00e9nez a la m\u00fasica, la cultura, las luchas sociales y la gesti\u00f3n p\u00fablica en Rep\u00fablica Dominicana.<\/p>\n\n\n\n<p class=\"wp-block-paragraph\">La iniciativa hab\u00eda sido presentada anteriormente por la entonces legisladora Guadalupe Valdez, y fue reintroducida en diciembre por el actual congresista del Partido Revolucionario Moderno (PRM), Yancarlos Simanca Ferreras. Cuenta con la firma de respaldo de dos decenas de diputados provinciales del oficialismo, la Fuerza del Pueblo y el Partido de la Liberaci\u00f3n Dominicana (PLD).<\/p>\n\n\n\n<p class=\"wp-block-paragraph\">De manera espec\u00edfica, la iniciativa plantea reconocer desde la c\u00e1mara baja al cantante, compositor y pol\u00edtico por su excelsa trayectoria en diferentes g\u00e9neros musicales, sus composiciones internacionales y su rol como gestor cultural y pol\u00edtico \u00edntegro \u201cen favor de su comunidad y la Rep\u00fablica Dominicana\u201d.<\/p>\n\n\n\n<p class=\"wp-block-paragraph\">La resoluci\u00f3n cuenta con la firma de los diputados oficialistas Amado D\u00edaz, Adalgisa Abreu, Abelardo Rutinel, Anny Mambr\u00fa, Jorge Fr\u00edas, Delly Feliz, Bol\u00edvar Valera, Juan Jos\u00e9 Rojas, Pedro Julio Alc\u00e1ntara, Mar\u00eda Su\u00e1rez, Mois\u00e9s Ortiz y Altagracia de los Santos.<\/p>\n\n\n\n<p class=\"wp-block-paragraph\">De la Fuerza del Pueblo suscriben Ycelmy Brito Oneal, Rafael Castillo, Tayluma Calder\u00f3n y Heriberto Aracena. Por el PLD firman la pieza Juan Carlos Echavarr\u00eda, Franklin Mart\u00ednez y Carlos Gil.<\/p>\n\n\n\n<p class=\"wp-block-paragraph\"><strong>Sobre Manuel Jim\u00e9nez<\/strong><\/p>\n\n\n\n<p class=\"wp-block-paragraph\">Manuel Jim\u00e9nez ha sido uno de los compositores m\u00e1s exitosos de Rep\u00fablica Dominicana, con producciones traducidas a diferentes idiomas y reproducidas por estrellas de la m\u00fasica como Julio Iglesia, Ana Bel\u00e9n, H\u00e9ctor Tricoche, Gilberto Santa Rosa, entre otros.<\/p>\n\n\n\n<p class=\"wp-block-paragraph\">Adem\u00e1s, Jim\u00e9nez ha sido uno de los diputados m\u00e1s destacados de las \u00faltimas d\u00e9cadas, con la autor\u00eda de piezas como la Ley de Cine y la Ley de Mecenazgo Cultural. Adem\u00e1s, presidi\u00f3 el Consejo Presidencial de Cultura que se encarg\u00f3 de dise\u00f1ar y crear lo que hoy es el Ministerio de Cultura de Rep\u00fablica Dominicana.<\/p>\n\n\n\n<p class=\"wp-block-paragraph\">Por m\u00e1s de 55 a\u00f1os ha estado relacionado con la promoci\u00f3n de lo mejor del arte y la cultura del pa\u00eds, el Caribe, Am\u00e9rica Latina y el mundo.<\/p>\n","protected":false},"excerpt":{"rendered":"<p>Legisladores del PRM, la FP y el PLD firmaron la iniciativa que valora aportes de Jim\u00e9nez al arte, la cultura y el servicio p\u00fablico. Veinte diputados de la provincia Santo&hellip;<\/p>\n","protected":false},"author":2,"featured_media":92708,"comment_status":"open","ping_status":"open","sticky":false,"template":"","format":"standard","meta":{"content-type":"","_jetpack_newsletter_access":"","_jetpack_dont_email_post_to_subs":false,"_jetpack_newsletter_tier_id":0,"_jetpack_memberships_contains_paywalled_content":false,"_jetpack_feature_clip_id":0,"_jetpack_memberships_contains_paid_content":false,"footnotes":"","jetpack_post_was_ever_published":false},"categories":[84,25],"tags":[10441,644,274,196,52,370,2948],"class_list":["post-92707","post","type-post","status-publish","format-standard","has-post-thumbnail","hentry","category-entretenimiento","category-portada","tag-artistica","tag-cultural","tag-diputados","tag-manuel-jimenez","tag-politica-2","tag-resolucion","tag-trayectoria"],"jetpack-related-posts":[{"id":103652,"url":"https:\/\/lasprimeras.com.do\/index.php\/2025\/07\/17\/manuel-jimenez-exhorta-a-diputados-aprobar-ley-que-asigna-nombre-la-trinitaria-a-santo-domingo-este\/","url_meta":{"origin":92707,"position":0},"title":"Manuel Jim\u00e9nez exhorta a diputados aprobar Ley que asigna nombre &#8220;La Trinitaria&#8221; a Santo Domingo Este","author":"Nelson Feliz","date":"17 de julio de 2025","format":false,"excerpt":"El dirigente pol\u00edtico del Partido Revolucionario Moderno (PRM) Manuel Jim\u00e9nez, exhort\u00f3 a la C\u00e1mara de Diputados a avanzar en la discusi\u00f3n del proyecto que asigna el nombre de La Trinitaria al municipio Santo Domingo Este. El ex alcalde record\u00f3 que cientos de dirigentes comunitarios, pol\u00edticos y empresarios han celebrado vistas\u2026","rel":"","context":"En \u00abNACIONALES\u00bb","block_context":{"text":"NACIONALES","link":"https:\/\/lasprimeras.com.do\/index.php\/category\/nacionales\/"},"img":{"alt_text":"Manuel Jim\u00e9nez","src":"https:\/\/i0.wp.com\/lasprimeras.com.do\/wp-content\/uploads\/2025\/07\/Manuel-Jimenez-1.jpg?resize=350%2C200&ssl=1","width":350,"height":200,"srcset":"https:\/\/i0.wp.com\/lasprimeras.com.do\/wp-content\/uploads\/2025\/07\/Manuel-Jimenez-1.jpg?resize=350%2C200&ssl=1 1x, https:\/\/i0.wp.com\/lasprimeras.com.do\/wp-content\/uploads\/2025\/07\/Manuel-Jimenez-1.jpg?resize=525%2C300&ssl=1 1.5x, https:\/\/i0.wp.com\/lasprimeras.com.do\/wp-content\/uploads\/2025\/07\/Manuel-Jimenez-1.jpg?resize=700%2C400&ssl=1 2x"},"classes":[]},{"id":133768,"url":"https:\/\/lasprimeras.com.do\/index.php\/2026\/07\/01\/diputada-exige-remozamiento-del-centro-cultural-hector-j-diaz-de-azua-video\/","url_meta":{"origin":92707,"position":1},"title":"Diputada exige remozamiento del Centro Cultural H\u00e9ctor J. D\u00edaz de Azua (Video)","author":"Nelson Feliz","date":"1 de julio de 2026","format":false,"excerpt":"Nurca Nieves Luciano, tambi\u00e9n solicito al director del INDRHI la reparaci\u00f3n de cinco bombas sumergibles que se utilizan para regar producci\u00f3n agr\u00edcola. SANTO DOMINGO.-. La diputada del partido Fuerza del Pueblo por la provincia de Azua, Nurca Nieves Luciano Jim\u00e9nez de Galv\u00e1n, exigi\u00f3 este mi\u00e9rcoles al presidente de la Republica\u2026","rel":"","context":"En \u00abPOLITICA\u00bb","block_context":{"text":"POLITICA","link":"https:\/\/lasprimeras.com.do\/index.php\/category\/politica\/"},"img":{"alt_text":"Nurca Nieves Luciano Jim\u00e9nez de Galv\u00e1n","src":"https:\/\/i0.wp.com\/lasprimeras.com.do\/wp-content\/uploads\/2026\/07\/Nurca-Nieves-Luciano-Jimenez-de-Galvan.jpg?resize=350%2C200&ssl=1","width":350,"height":200,"srcset":"https:\/\/i0.wp.com\/lasprimeras.com.do\/wp-content\/uploads\/2026\/07\/Nurca-Nieves-Luciano-Jimenez-de-Galvan.jpg?resize=350%2C200&ssl=1 1x, https:\/\/i0.wp.com\/lasprimeras.com.do\/wp-content\/uploads\/2026\/07\/Nurca-Nieves-Luciano-Jimenez-de-Galvan.jpg?resize=525%2C300&ssl=1 1.5x, https:\/\/i0.wp.com\/lasprimeras.com.do\/wp-content\/uploads\/2026\/07\/Nurca-Nieves-Luciano-Jimenez-de-Galvan.jpg?resize=700%2C400&ssl=1 2x"},"classes":[]},{"id":58817,"url":"https:\/\/lasprimeras.com.do\/index.php\/2023\/08\/28\/ayuntamiento-sde-creara-oficina-de-apoyo-a-dominicanos-en-el-exterior\/","url_meta":{"origin":92707,"position":2},"title":"Ayuntamiento SDE crear\u00e1 oficina de apoyo a dominicanos en el exterior","author":"Nelson Feliz","date":"28 de agosto de 2023","format":false,"excerpt":"EL ALCALDE MANUEL JIM\u00c9NEZ TAMBI\u00c9N ANUNCI\u00d3 LA CREACI\u00d3N DE UN PARQUE EN HOMENAJE A DOMINICANOS DE LA DI\u00c1SPORA. El alcalde Manuel Jim\u00e9nez anunci\u00f3 la pronta inauguraci\u00f3n de una oficina de asesor\u00eda y apoyo a los dominicanos de la di\u00e1spora interesados en invertir o desarrollar proyectos en Santo Domingo Este. En\u2026","rel":"","context":"En \u00abNACIONALES\u00bb","block_context":{"text":"NACIONALES","link":"https:\/\/lasprimeras.com.do\/index.php\/category\/nacionales\/"},"img":{"alt_text":"Manuel Jimenez","src":"https:\/\/i0.wp.com\/lasprimeras.com.do\/wp-content\/uploads\/2023\/08\/Manuel-Jimenez-5.jpg?resize=350%2C200&ssl=1","width":350,"height":200,"srcset":"https:\/\/i0.wp.com\/lasprimeras.com.do\/wp-content\/uploads\/2023\/08\/Manuel-Jimenez-5.jpg?resize=350%2C200&ssl=1 1x, https:\/\/i0.wp.com\/lasprimeras.com.do\/wp-content\/uploads\/2023\/08\/Manuel-Jimenez-5.jpg?resize=525%2C300&ssl=1 1.5x, https:\/\/i0.wp.com\/lasprimeras.com.do\/wp-content\/uploads\/2023\/08\/Manuel-Jimenez-5.jpg?resize=700%2C400&ssl=1 2x"},"classes":[]},{"id":77879,"url":"https:\/\/lasprimeras.com.do\/index.php\/2024\/02\/26\/dominicanos-en-el-exterior-reconocen-aportes-del-alcalde-manuel-jimenez-a-la-cultura-2\/","url_meta":{"origin":92707,"position":3},"title":"Dominicanos en el exterior reconocen aportes del alcalde Manuel Jim\u00e9nez a la cultura","author":"Nelson Feliz","date":"26 de febrero de 2024","format":false,"excerpt":"Por Martin Restituyo Importantes dirigentes culturales y l\u00edderes de la comunidad de dominicanos en el exterior reconocieron en New York los aportes de la gesti\u00f3n del alcalde Manuel Jim\u00e9nez al fortalecimiento de la cultura dominicana y a la promoci\u00f3n de los mejores valores de la dominicanidad. En el marco de\u2026","rel":"","context":"En \u00abSin categor\u00eda\u00bb","block_context":{"text":"Sin categor\u00eda","link":"https:\/\/lasprimeras.com.do\/index.php\/category\/sin-categoria\/"},"img":{"alt_text":"Manuel Jim\u00e9nez","src":"https:\/\/i0.wp.com\/lasprimeras.com.do\/wp-content\/uploads\/2024\/02\/Manuel-Jimenez-2.jpg?resize=350%2C200&ssl=1","width":350,"height":200,"srcset":"https:\/\/i0.wp.com\/lasprimeras.com.do\/wp-content\/uploads\/2024\/02\/Manuel-Jimenez-2.jpg?resize=350%2C200&ssl=1 1x, https:\/\/i0.wp.com\/lasprimeras.com.do\/wp-content\/uploads\/2024\/02\/Manuel-Jimenez-2.jpg?resize=525%2C300&ssl=1 1.5x"},"classes":[]},{"id":77842,"url":"https:\/\/lasprimeras.com.do\/index.php\/2024\/02\/26\/dominicanos-en-el-exterior-reconocen-aportes-del-alcalde-manuel-jimenez-a-la-cultura\/","url_meta":{"origin":92707,"position":4},"title":"Dominicanos en el exterior reconocen aportes del alcalde Manuel Jim\u00e9nez a la cultura","author":"BIMARY DE JES\u00daS Matos","date":"26 de febrero de 2024","format":false,"excerpt":"Martin Restituyo Santo Domingo.-Importantes dirigentes culturales y l\u00edderes de la comunidad de dominicanos en el exterior reconocieron en New York los aportes de la gesti\u00f3n del alcalde Manuel Jim\u00e9nez al fortalecimiento de la cultura dominicana y a la promoci\u00f3n de los mejores valores de la dominicanidad. En el marco de\u2026","rel":"","context":"En \u00abPORTADA\u00bb","block_context":{"text":"PORTADA","link":"https:\/\/lasprimeras.com.do\/index.php\/category\/portada\/"},"img":{"alt_text":"","src":"https:\/\/i0.wp.com\/lasprimeras.com.do\/wp-content\/uploads\/2024\/02\/IMG-20240226-WA0053.jpg?resize=350%2C200&ssl=1","width":350,"height":200,"srcset":"https:\/\/i0.wp.com\/lasprimeras.com.do\/wp-content\/uploads\/2024\/02\/IMG-20240226-WA0053.jpg?resize=350%2C200&ssl=1 1x, https:\/\/i0.wp.com\/lasprimeras.com.do\/wp-content\/uploads\/2024\/02\/IMG-20240226-WA0053.jpg?resize=525%2C300&ssl=1 1.5x, https:\/\/i0.wp.com\/lasprimeras.com.do\/wp-content\/uploads\/2024\/02\/IMG-20240226-WA0053.jpg?resize=700%2C400&ssl=1 2x, https:\/\/i0.wp.com\/lasprimeras.com.do\/wp-content\/uploads\/2024\/02\/IMG-20240226-WA0053.jpg?resize=1050%2C600&ssl=1 3x, https:\/\/i0.wp.com\/lasprimeras.com.do\/wp-content\/uploads\/2024\/02\/IMG-20240226-WA0053.jpg?resize=1400%2C800&ssl=1 4x"},"classes":[]},{"id":114263,"url":"https:\/\/lasprimeras.com.do\/index.php\/2025\/11\/11\/congreso-nacional-recibe-visita-oficial-de-la-gobernadora-del-estado-de-nueva-york\/","url_meta":{"origin":92707,"position":5},"title":"Congreso Nacional recibe visita oficial de la gobernadora del Estado de Nueva York","author":"Nelson Feliz","date":"11 de noviembre de 2025","format":false,"excerpt":"En el marco del encuentro con legisladores, el Senado de la Rep\u00fablica y la C\u00e1mara de Diputados entregaron sendos reconocimientos a Kathy Hochul por su apoyo y compromiso con la comunidad dominicana residente en New York. El Congreso Nacional recibi\u00f3 la visita oficial de la gobernadora del Estado de Nueva\u2026","rel":"","context":"En \u00abNACIONALES\u00bb","block_context":{"text":"NACIONALES","link":"https:\/\/lasprimeras.com.do\/index.php\/category\/nacionales\/"},"img":{"alt_text":"","src":"https:\/\/i0.wp.com\/lasprimeras.com.do\/wp-content\/uploads\/2025\/11\/Ricardo-de-los-Santos.jpg?resize=350%2C200&ssl=1","width":350,"height":200,"srcset":"https:\/\/i0.wp.com\/lasprimeras.com.do\/wp-content\/uploads\/2025\/11\/Ricardo-de-los-Santos.jpg?resize=350%2C200&ssl=1 1x, https:\/\/i0.wp.com\/lasprimeras.com.do\/wp-content\/uploads\/2025\/11\/Ricardo-de-los-Santos.jpg?resize=525%2C300&ssl=1 1.5x, https:\/\/i0.wp.com\/lasprimeras.com.do\/wp-content\/uploads\/2025\/11\/Ricardo-de-los-Santos.jpg?resize=700%2C400&ssl=1 2x"},"classes":[]}],"jetpack_sharing_enabled":true,"jetpack_featured_media_url":"https:\/\/lasprimeras.com.do\/wp-content\/uploads\/2025\/01\/Manuel-Jimenez-3.jpg","_links":{"self":[{"href":"https:\/\/lasprimeras.com.do\/index.php\/wp-json\/wp\/v2\/posts\/92707","targetHints":{"allow":["GET"]}}],"collection":[{"href":"https:\/\/lasprimeras.com.do\/index.php\/wp-json\/wp\/v2\/posts"}],"about":[{"href":"https:\/\/lasprimeras.com.do\/index.php\/wp-json\/wp\/v2\/types\/post"}],"author":[{"embeddable":true,"href":"https:\/\/lasprimeras.com.do\/index.php\/wp-json\/wp\/v2\/users\/2"}],"replies":[{"embeddable":true,"href":"https:\/\/lasprimeras.com.do\/index.php\/wp-json\/wp\/v2\/comments?post=92707"}],"version-history":[{"count":1,"href":"https:\/\/lasprimeras.com.do\/index.php\/wp-json\/wp\/v2\/posts\/92707\/revisions"}],"predecessor-version":[{"id":92709,"href":"https:\/\/lasprimeras.com.do\/index.php\/wp-json\/wp\/v2\/posts\/92707\/revisions\/92709"}],"wp:featuredmedia":[{"embeddable":true,"href":"https:\/\/lasprimeras.com.do\/index.php\/wp-json\/wp\/v2\/media\/92708"}],"wp:attachment":[{"href":"https:\/\/lasprimeras.com.do\/index.php\/wp-json\/wp\/v2\/media?parent=92707"}],"wp:term":[{"taxonomy":"category","embeddable":true,"href":"https:\/\/lasprimeras.com.do\/index.php\/wp-json\/wp\/v2\/categories?post=92707"},{"taxonomy":"post_tag","embeddable":true,"href":"https:\/\/lasprimeras.com.do\/index.php\/wp-json\/wp\/v2\/tags?post=92707"}],"curies":[{"name":"wp","href":"https:\/\/api.w.org\/{rel}","templated":true}]}}