{"id":92730,"date":"2025-01-12T20:59:11","date_gmt":"2025-01-13T00:59:11","guid":{"rendered":"https:\/\/lasprimeras.com.do\/?p=92730"},"modified":"2025-01-12T20:59:16","modified_gmt":"2025-01-13T00:59:16","slug":"mp-confirma-que-las-9-8-toneladas-de-droga-incautadas-eran-de-colombia","status":"publish","type":"post","link":"https:\/\/lasprimeras.com.do\/index.php\/2025\/01\/12\/mp-confirma-que-las-9-8-toneladas-de-droga-incautadas-eran-de-colombia\/","title":{"rendered":"MP confirma que las 9.8 toneladas de droga incautadas eran de Colombia"},"content":{"rendered":"\n<p>Las 9.8 toneladas de coca\u00edna incautadas por las autoridades dominicanas, en que fue denominado como un decomiso hist\u00f3rico, fueron entradas al pa\u00eds &#8220;meses previos&#8221; a la fecha en que fueron confiscadas.<\/p>\n\n\n\n<p>De acuerdo a una nota de prensa del Ministerio P\u00fablico suministrada la noche de este domingo, la droga proced\u00eda de Colombia, confirmando la informaci\u00f3n del presidente de esa naci\u00f3n, Gustavo Petro, quien hace unas semanas revel\u00f3 que la droga incautada en la Rep\u00fablica Dominicana era de &#8220;grupos armados del Catatumbo&#8221;, de esa naci\u00f3n sudamericana.<\/p>\n\n\n\n<p>&#8220;Con ayuda de la inteligencia policial de Colombia, se han incautado 9,5 toneladas de coca\u00edna en Rep\u00fablica Dominicana. La droga proven\u00eda de grupos armados del Catatumbo&#8221;, poste\u00f3 el mandatario en su cuenta de X el 29 de diciembre del reci\u00e9n finalizado 2024.<\/p>\n\n\n\n<p>El organismo persecutor dijo que el alijo fue tra\u00eddo al pa\u00eds por la v\u00eda mar\u00edtima por las costas de Bayah\u00edbe, La Romana y Pedernales.<\/p>\n\n\n\n<p>&#8220;En el transcurso de la investigaci\u00f3n se han recolectados evidencias que demuestran que los 9,587 paquetes con un peso de 9,889 kilos de coca\u00edna fueron tra\u00eddos a la Rep\u00fablica Dominicana desde Colombia por v\u00eda mar\u00edtima, espec\u00edficamente, por Bayah\u00edbe, La Romana y Pedernales, en meses previos a diciembre de 2024&#8221;, detalla el documento del MP.<\/p>\n\n\n\n<p>Las 9.8 toneladas de coca\u00edna fue confiscada en el Puerto Multimodal Caucedo el pasado 5 de diciembre por miembros de la Direcci\u00f3n Nacional de Control de Drogas (DNCD), con&#8221;el apoyo estrat\u00e9gico de la Administraci\u00f3n para el Control de Drogas (DEA, por sus siglas en ingl\u00e9s), de Estados Unidos.<\/p>\n\n\n\n<p>La droga estaba en el contenedor n\u00famero FFAU4542281, conforme al Ministerio P\u00fablico. Desde que la droga fue decomisada diversos sectores reclamaban a las autoridades mayores detalles del operativo, as\u00ed como la revelaci\u00f3n de los involucrados.<\/p>\n","protected":false},"excerpt":{"rendered":"<p>Las 9.8 toneladas de coca\u00edna incautadas por las autoridades dominicanas, en que fue denominado como un decomiso hist\u00f3rico, fueron entradas al pa\u00eds &#8220;meses previos&#8221; a la fecha en que fueron&hellip;<\/p>\n","protected":false},"author":2,"featured_media":92731,"comment_status":"open","ping_status":"open","sticky":false,"template":"","format":"standard","meta":{"content-type":"","jetpack_post_was_ever_published":false,"_jetpack_newsletter_access":"","_jetpack_dont_email_post_to_subs":false,"_jetpack_newsletter_tier_id":0,"_jetpack_memberships_contains_paywalled_content":false,"_jetpack_memberships_contains_paid_content":false,"footnotes":""},"categories":[289],"tags":[16949,10323,965,16947,30,16948],"class_list":["post-92730","post","type-post","status-publish","format-standard","has-post-thumbnail","hentry","category-justicia","tag-9-8-toneladas-de-cocaina","tag-bayahibe-2","tag-la-romana","tag-operacion-panthera","tag-pedernales","tag-via-maritima"],"jetpack_featured_media_url":"https:\/\/lasprimeras.com.do\/wp-content\/uploads\/2025\/01\/Quema-de-las-9.8-toneladas-de-droga.jpg","jetpack-related-posts":[{"id":92241,"url":"https:\/\/lasprimeras.com.do\/index.php\/2024\/12\/29\/petro-dice-provenian-de-colombia-9-5-toneladas-cocaina-ocupadas-en-rd\/","url_meta":{"origin":92730,"position":0},"title":"Petro dice proven\u00edan de Colombia 9.5 toneladas coca\u00edna ocupadas en RD","author":"Nelson Feliz","date":"29 de diciembre de 2024","format":false,"excerpt":"El presidente de Colombia, Gustavo Petro, afirm\u00f3 este domingo que las 9.5 toneladas de coca\u00edna incautada en el Puerto Multimodal Caucedo de Boca Chica, Rep\u00fablica Dominicana, provino de grupos armados del Catatumbo. Petro, quien comparti\u00f3 estas declaraciones a trav\u00e9s de su cuenta de la red social X, a\u00f1adi\u00f3 que este\u2026","rel":"","context":"En \u00abNACIONALES\u00bb","block_context":{"text":"NACIONALES","link":"https:\/\/lasprimeras.com.do\/index.php\/category\/nacionales\/"},"img":{"alt_text":"Gustavo Petro","src":"https:\/\/i0.wp.com\/lasprimeras.com.do\/wp-content\/uploads\/2025\/01\/Gustavo-Petro.jpeg?resize=350%2C200&ssl=1","width":350,"height":200,"srcset":"https:\/\/i0.wp.com\/lasprimeras.com.do\/wp-content\/uploads\/2025\/01\/Gustavo-Petro.jpeg?resize=350%2C200&ssl=1 1x, https:\/\/i0.wp.com\/lasprimeras.com.do\/wp-content\/uploads\/2025\/01\/Gustavo-Petro.jpeg?resize=525%2C300&ssl=1 1.5x, https:\/\/i0.wp.com\/lasprimeras.com.do\/wp-content\/uploads\/2025\/01\/Gustavo-Petro.jpeg?resize=700%2C400&ssl=1 2x"},"classes":[]},{"id":92724,"url":"https:\/\/lasprimeras.com.do\/index.php\/2025\/01\/12\/mp-puso-en-marcha-operacion-panthera-7-contra-red-criminal-le-ocupan-9-8-toneladas-de-droga\/","url_meta":{"origin":92730,"position":1},"title":"MP puso en marcha Operaci\u00f3n Panthera 7 contra red criminal, le ocupan 9.8 toneladas de droga","author":"Nelson Feliz","date":"12 de enero de 2025","format":false,"excerpt":"Proceder\u00e1 a solicitar medida de coerci\u00f3n en contra de los arrestados en las pr\u00f3ximas horas. El Ministerio P\u00fablico inform\u00f3 este domingo que puso en marcha la Operaci\u00f3n Panthera 7 contra los integrantes de la red internacional de narcotr\u00e1fico y lavado de activos a la que, junto a la Direcci\u00f3n Nacional\u2026","rel":"","context":"En \u00abJUSTICIA\u00bb","block_context":{"text":"JUSTICIA","link":"https:\/\/lasprimeras.com.do\/index.php\/category\/justicia\/"},"img":{"alt_text":"Operaci\u00f3n Panthera 7","src":"https:\/\/i0.wp.com\/lasprimeras.com.do\/wp-content\/uploads\/2025\/01\/Operacion-Panthera-7.jpg?resize=350%2C200&ssl=1","width":350,"height":200,"srcset":"https:\/\/i0.wp.com\/lasprimeras.com.do\/wp-content\/uploads\/2025\/01\/Operacion-Panthera-7.jpg?resize=350%2C200&ssl=1 1x, https:\/\/i0.wp.com\/lasprimeras.com.do\/wp-content\/uploads\/2025\/01\/Operacion-Panthera-7.jpg?resize=525%2C300&ssl=1 1.5x, https:\/\/i0.wp.com\/lasprimeras.com.do\/wp-content\/uploads\/2025\/01\/Operacion-Panthera-7.jpg?resize=700%2C400&ssl=1 2x"},"classes":[]},{"id":92039,"url":"https:\/\/lasprimeras.com.do\/index.php\/2024\/12\/12\/presidente-de-guatemala-dice-contenedor-fue-contaminado-con-droga-en-republica-dominicana\/","url_meta":{"origin":92730,"position":2},"title":"Presidente de Guatemala dice contenedor fue \u201ccontaminado\u201d con droga en Rep\u00fablica Dominicana","author":"Nelson Feliz","date":"12 de diciembre de 2024","format":false,"excerpt":"Se recuerda que las 9.8 toneladas de la sustancia il\u00edcita se encontraron en dos contenedores, uno cargado de banano, procedente de Guatemala, y la otra, en uno sin cargamento, junto al que ten\u00eda el fruto. El presidente de Guatemala, Bernardo Ar\u00e9valo, de Le\u00f3n, asegur\u00f3 que el contenedor que sali\u00f3 de\u2026","rel":"","context":"En \u00abINTERNACIONALES\u00bb","block_context":{"text":"INTERNACIONALES","link":"https:\/\/lasprimeras.com.do\/index.php\/category\/sin-categoria\/internacionales\/"},"img":{"alt_text":"Bernardo Ar\u00e9valo","src":"https:\/\/i0.wp.com\/lasprimeras.com.do\/wp-content\/uploads\/2024\/12\/Bernardo-Arevalo.jpeg?resize=350%2C200&ssl=1","width":350,"height":200,"srcset":"https:\/\/i0.wp.com\/lasprimeras.com.do\/wp-content\/uploads\/2024\/12\/Bernardo-Arevalo.jpeg?resize=350%2C200&ssl=1 1x, https:\/\/i0.wp.com\/lasprimeras.com.do\/wp-content\/uploads\/2024\/12\/Bernardo-Arevalo.jpeg?resize=525%2C300&ssl=1 1.5x, https:\/\/i0.wp.com\/lasprimeras.com.do\/wp-content\/uploads\/2024\/12\/Bernardo-Arevalo.jpeg?resize=700%2C400&ssl=1 2x"},"classes":[]},{"id":61316,"url":"https:\/\/lasprimeras.com.do\/index.php\/2023\/09\/25\/incautan-mas-de-31-toneladas-de-marihuana-de-las-disidencias-de-las-farc-en-colombia\/","url_meta":{"origin":92730,"position":3},"title":"Incautan m\u00e1s de 3,1 toneladas de marihuana de las disidencias de las FARC en Colombia","author":"Nelson Feliz","date":"25 de septiembre de 2023","format":false,"excerpt":"Las autoridades colombianas incautaron en la localidad de L\u00f3pez de Micay (suroeste) m\u00e1s de 3,1 toneladas de marihuana que supuestamente pertenec\u00edan a guerrilleros del Estado Mayor Central de las disidencias de las FARC, inform\u00f3 este lunes la Armada. El comandante del Batall\u00f3n Fluvial de Infanter\u00eda de Marina No.42, el teniente\u2026","rel":"","context":"En \u00abSin categor\u00eda\u00bb","block_context":{"text":"Sin categor\u00eda","link":"https:\/\/lasprimeras.com.do\/index.php\/category\/sin-categoria\/"},"img":{"alt_text":"colombia","src":"https:\/\/i0.wp.com\/lasprimeras.com.do\/wp-content\/uploads\/2023\/09\/colombia.jpeg?resize=350%2C200&ssl=1","width":350,"height":200,"srcset":"https:\/\/i0.wp.com\/lasprimeras.com.do\/wp-content\/uploads\/2023\/09\/colombia.jpeg?resize=350%2C200&ssl=1 1x, https:\/\/i0.wp.com\/lasprimeras.com.do\/wp-content\/uploads\/2023\/09\/colombia.jpeg?resize=525%2C300&ssl=1 1.5x, https:\/\/i0.wp.com\/lasprimeras.com.do\/wp-content\/uploads\/2023\/09\/colombia.jpeg?resize=700%2C400&ssl=1 2x"},"classes":[]},{"id":62381,"url":"https:\/\/lasprimeras.com.do\/index.php\/2023\/10\/04\/abordan-lancha-en-spm-con-tres-individuos-a-bordo-incautan-300-paquetes-presumiblemente-cocaina\/","url_meta":{"origin":92730,"position":4},"title":"Abordan lancha en SPM con tres individuos a bordo; incautan 300 paquetes presumiblemente coca\u00edna","author":"Nelson Feliz","date":"4 de octubre de 2023","format":false,"excerpt":"La operaci\u00f3n de interdicci\u00f3n conjunta inici\u00f3 la tarde de este martes y concluy\u00f3 la madrugada de este mi\u00e9rcoles. Por Martin Restituyo Agentes de la Direcci\u00f3n Nacional de Control de Drogas (DNCD), miembros de la Armada de Rep\u00fablica Dominicana y la Fuerza A\u00e9rea, incautaron 300 paquetes presumiblemente coca\u00edna, en una intensa\u2026","rel":"","context":"En \u00abMILITARES\u00bb","block_context":{"text":"MILITARES","link":"https:\/\/lasprimeras.com.do\/index.php\/category\/militares\/"},"img":{"alt_text":"DNCD","src":"https:\/\/i0.wp.com\/lasprimeras.com.do\/wp-content\/uploads\/2023\/10\/DNCD-5.jpg?resize=350%2C200&ssl=1","width":350,"height":200,"srcset":"https:\/\/i0.wp.com\/lasprimeras.com.do\/wp-content\/uploads\/2023\/10\/DNCD-5.jpg?resize=350%2C200&ssl=1 1x, https:\/\/i0.wp.com\/lasprimeras.com.do\/wp-content\/uploads\/2023\/10\/DNCD-5.jpg?resize=525%2C300&ssl=1 1.5x, https:\/\/i0.wp.com\/lasprimeras.com.do\/wp-content\/uploads\/2023\/10\/DNCD-5.jpg?resize=700%2C400&ssl=1 2x"},"classes":[]},{"id":86617,"url":"https:\/\/lasprimeras.com.do\/index.php\/2024\/07\/28\/apresan-dos-y-confiscan-mas-de-una-tonelada-presumiblemente-cocaina-en-la-altagracia\/","url_meta":{"origin":92730,"position":5},"title":"Apresan dos y confiscan m\u00e1s de una tonelada presumiblemente coca\u00edna en La Altagracia","author":"Nelson Feliz","date":"28 de julio de 2024","format":false,"excerpt":"Agentes de la Direcci\u00f3n Nacional de Control de Drogas (DNCD), efectivos de la Armada de Rep\u00fablica Dominicana (ARD), la Fuerza A\u00e9rea (FARD) apoyados por agencias de Inteligencia del Estado y coordinados por el Ministerio P\u00fablico, incautaron un cargamento de 1, 030 paquetes presumiblemente coca\u00edna frente a las costas de la\u2026","rel":"","context":"En \u00abMILITARES\u00bb","block_context":{"text":"MILITARES","link":"https:\/\/lasprimeras.com.do\/index.php\/category\/militares\/"},"img":{"alt_text":"","src":"https:\/\/i0.wp.com\/lasprimeras.com.do\/wp-content\/uploads\/2024\/07\/dncd-1.png?resize=350%2C200&ssl=1","width":350,"height":200},"classes":[]}],"jetpack_sharing_enabled":true,"_links":{"self":[{"href":"https:\/\/lasprimeras.com.do\/index.php\/wp-json\/wp\/v2\/posts\/92730","targetHints":{"allow":["GET"]}}],"collection":[{"href":"https:\/\/lasprimeras.com.do\/index.php\/wp-json\/wp\/v2\/posts"}],"about":[{"href":"https:\/\/lasprimeras.com.do\/index.php\/wp-json\/wp\/v2\/types\/post"}],"author":[{"embeddable":true,"href":"https:\/\/lasprimeras.com.do\/index.php\/wp-json\/wp\/v2\/users\/2"}],"replies":[{"embeddable":true,"href":"https:\/\/lasprimeras.com.do\/index.php\/wp-json\/wp\/v2\/comments?post=92730"}],"version-history":[{"count":1,"href":"https:\/\/lasprimeras.com.do\/index.php\/wp-json\/wp\/v2\/posts\/92730\/revisions"}],"predecessor-version":[{"id":92732,"href":"https:\/\/lasprimeras.com.do\/index.php\/wp-json\/wp\/v2\/posts\/92730\/revisions\/92732"}],"wp:featuredmedia":[{"embeddable":true,"href":"https:\/\/lasprimeras.com.do\/index.php\/wp-json\/wp\/v2\/media\/92731"}],"wp:attachment":[{"href":"https:\/\/lasprimeras.com.do\/index.php\/wp-json\/wp\/v2\/media?parent=92730"}],"wp:term":[{"taxonomy":"category","embeddable":true,"href":"https:\/\/lasprimeras.com.do\/index.php\/wp-json\/wp\/v2\/categories?post=92730"},{"taxonomy":"post_tag","embeddable":true,"href":"https:\/\/lasprimeras.com.do\/index.php\/wp-json\/wp\/v2\/tags?post=92730"}],"curies":[{"name":"wp","href":"https:\/\/api.w.org\/{rel}","templated":true}]}}