{"id":92773,"date":"2025-01-13T23:58:15","date_gmt":"2025-01-14T03:58:15","guid":{"rendered":"https:\/\/lasprimeras.com.do\/?p=92773"},"modified":"2025-01-13T23:58:19","modified_gmt":"2025-01-14T03:58:19","slug":"alerta-de-persona-desaparecida-waly-tejada","status":"publish","type":"post","link":"https:\/\/lasprimeras.com.do\/index.php\/2025\/01\/13\/alerta-de-persona-desaparecida-waly-tejada\/","title":{"rendered":"Alerta de Persona Desaparecida: Waly Tejada"},"content":{"rendered":"\n<p class=\"wp-block-paragraph\">Se solicita la colaboraci\u00f3n de la comunidad para localizar a Waly Tejada. Waly se encuentra desorientado y est\u00e1 padeciendo de depresi\u00f3n. Su familia est\u00e1 profundamente preocupada por su bienestar. el reside en Tamboril, santiago RD.<\/p>\n\n\n\n<p class=\"wp-block-paragraph\">Si tienes informaci\u00f3n sobre su paradero o lo ves, por favor comun\u00edcate de inmediato con su hermana Paula al n\u00famero (829) 315-0945.<\/p>\n\n\n\n<p class=\"wp-block-paragraph\">Cualquier ayuda es vital para asegurar que Waly regrese a salvo con su familia. \u00a1Gracias por tu colaboraci\u00f3n!<\/p>\n","protected":false},"excerpt":{"rendered":"<p>Se solicita la colaboraci\u00f3n de la comunidad para localizar a Waly Tejada. Waly se encuentra desorientado y est\u00e1 padeciendo de depresi\u00f3n. Su familia est\u00e1 profundamente preocupada por su bienestar. el&hellip;<\/p>\n","protected":false},"author":2,"featured_media":92774,"comment_status":"open","ping_status":"open","sticky":false,"template":"","format":"standard","meta":{"content-type":"","_jetpack_newsletter_access":"","_jetpack_dont_email_post_to_subs":false,"_jetpack_newsletter_tier_id":0,"_jetpack_memberships_contains_paywalled_content":false,"_jetpack_feature_clip_id":0,"_jetpack_memberships_contains_paid_content":false,"footnotes":"","jetpack_post_was_ever_published":false},"categories":[35],"tags":[484,939,941,16959],"class_list":["post-92773","post","type-post","status-publish","format-standard","has-post-thumbnail","hentry","category-nacionales","tag-alerta","tag-desaparecida","tag-persona","tag-waly-tejada"],"jetpack-related-posts":[{"id":58352,"url":"https:\/\/lasprimeras.com.do\/index.php\/2023\/08\/22\/anpa-llama-a-sus-miembros-integrarse-en-los-trabajos-ante-paso-de-la-tormenta-franklin\/","url_meta":{"origin":92773,"position":0},"title":"ANPA llama a sus miembros integrarse en los trabajos ante \u00a0paso de la tormenta Franklin","author":"Nelson Feliz","date":"22 de agosto de 2023","format":false,"excerpt":"El\u00a0 presidente de la Asociaci\u00f3n Nacional de Profesionales Agropecuarios (ANPA), Agr. Fausto El\u00edas Tejada, llam\u00f3 a todos los profesionales agropecuarios para que se integren al\u00a0 Plan de Contingencia del Sector Agropecuario, anunciado por el Ministerio de Agricultura y otras instituciones del sector. Tejada, manifest\u00f3 que debemos apoyar a los productores\u2026","rel":"","context":"En \u00abNACIONALES\u00bb","block_context":{"text":"NACIONALES","link":"https:\/\/lasprimeras.com.do\/index.php\/category\/nacionales\/"},"img":{"alt_text":"Fausto El\u00edas Tejada","src":"https:\/\/i0.wp.com\/lasprimeras.com.do\/wp-content\/uploads\/2023\/08\/Fausto-Elias-Tejada.jpg?resize=350%2C200&ssl=1","width":350,"height":200},"classes":[]},{"id":79992,"url":"https:\/\/lasprimeras.com.do\/index.php\/2024\/04\/02\/recuperan-cuerpos-de-dos-de-las-tres-personas-desaparecidas-en-playa-de-puerto-plata\/","url_meta":{"origin":92773,"position":1},"title":"Recuperan cuerpos de dos de las tres personas desaparecidas en playa de Puerto Plata","author":"BIMARY DE JES\u00daS Matos","date":"2 de abril de 2024","format":false,"excerpt":"Las autoridades recuperaron este martes los cad\u00e1veres de dos de las tres personas que desaparecieron el domingo en la playa Marapic\u00e1, en la provincia Puerto Plata, inform\u00f3 este martes la Defensa Civil. Los cuerpos recuperados corresponden a Anderson Gonz\u00e1lez Tejada, de 17; y Jos\u00e9 Alberto Chevalier, de 29, seg\u00fan la\u2026","rel":"","context":"En \u00abNACIONALES\u00bb","block_context":{"text":"NACIONALES","link":"https:\/\/lasprimeras.com.do\/index.php\/category\/nacionales\/"},"img":{"alt_text":"","src":"https:\/\/i0.wp.com\/lasprimeras.com.do\/wp-content\/uploads\/2024\/04\/WhatsApp-Image-2024-01-26-at-12.10.49-PM-4.jpeg?resize=350%2C200&ssl=1","width":350,"height":200,"srcset":"https:\/\/i0.wp.com\/lasprimeras.com.do\/wp-content\/uploads\/2024\/04\/WhatsApp-Image-2024-01-26-at-12.10.49-PM-4.jpeg?resize=350%2C200&ssl=1 1x, https:\/\/i0.wp.com\/lasprimeras.com.do\/wp-content\/uploads\/2024\/04\/WhatsApp-Image-2024-01-26-at-12.10.49-PM-4.jpeg?resize=525%2C300&ssl=1 1.5x, https:\/\/i0.wp.com\/lasprimeras.com.do\/wp-content\/uploads\/2024\/04\/WhatsApp-Image-2024-01-26-at-12.10.49-PM-4.jpeg?resize=700%2C400&ssl=1 2x"},"classes":[]},{"id":90794,"url":"https:\/\/lasprimeras.com.do\/index.php\/2024\/10\/29\/al-menos-siete-personas-desaparecidas-por-severas-inundaciones-en-valencia-espana\/","url_meta":{"origin":92773,"position":2},"title":"Al menos siete personas desaparecidas por Severas inundaciones en Valencia, Espa\u00f1a","author":"Nelson Feliz","date":"29 de octubre de 2024","format":false,"excerpt":"El presidente de Generalitat ha pedido tranquilidad a quienes se encuentren atrapados o bloqueados por las inundaciones. Varias v\u00edctimas mortales en un n\u00famero sin determinar en Valencia (este de Espa\u00f1a), al menos siete personas desaparecidas en dicha provincia y en Albacete, decenas de personas atrapadas por el agua en distintas\u2026","rel":"","context":"En \u00abSin categor\u00eda\u00bb","block_context":{"text":"Sin categor\u00eda","link":"https:\/\/lasprimeras.com.do\/index.php\/category\/sin-categoria\/"},"img":{"alt_text":"","src":"https:\/\/i0.wp.com\/lasprimeras.com.do\/wp-content\/uploads\/2024\/10\/autos-flotan-en-valencia.jpg?resize=350%2C200&ssl=1","width":350,"height":200,"srcset":"https:\/\/i0.wp.com\/lasprimeras.com.do\/wp-content\/uploads\/2024\/10\/autos-flotan-en-valencia.jpg?resize=350%2C200&ssl=1 1x, https:\/\/i0.wp.com\/lasprimeras.com.do\/wp-content\/uploads\/2024\/10\/autos-flotan-en-valencia.jpg?resize=525%2C300&ssl=1 1.5x, https:\/\/i0.wp.com\/lasprimeras.com.do\/wp-content\/uploads\/2024\/10\/autos-flotan-en-valencia.jpg?resize=700%2C400&ssl=1 2x"},"classes":[]},{"id":93141,"url":"https:\/\/lasprimeras.com.do\/index.php\/2025\/01\/26\/codo-a-codo-muchos-dejan-atras-enemistades-y-buscan-juntos-a-los-desaparecidos-de-colombia\/","url_meta":{"origin":92773,"position":3},"title":"Codo a codo, muchos dejan atr\u00e1s enemistades y buscan juntos a los desaparecidos de Colombia","author":"Nelson Feliz","date":"26 de enero de 2025","format":false,"excerpt":"POR MAR\u00cdA TERESA HERN\u00c1NDEZ CALI, Colombia (AP) \u2014 De tanto en tanto, Gustavo Arbel\u00e1ez encara a colombianos que sufrieron a causa de las Fuerzas Armadas Revolucionarias de Colombia (FARC), la poderosa guerrilla de la que form\u00f3 parte durante el conflicto armado que se extendi\u00f3 por cinco d\u00e9cadas en su pa\u00eds.\u2026","rel":"","context":"En \u00abINTERNACIONALES\u00bb","block_context":{"text":"INTERNACIONALES","link":"https:\/\/lasprimeras.com.do\/index.php\/category\/sin-categoria\/internacionales\/"},"img":{"alt_text":"","src":"https:\/\/i0.wp.com\/lasprimeras.com.do\/wp-content\/uploads\/2025\/01\/desaparecidos.jpg?resize=350%2C200&ssl=1","width":350,"height":200,"srcset":"https:\/\/i0.wp.com\/lasprimeras.com.do\/wp-content\/uploads\/2025\/01\/desaparecidos.jpg?resize=350%2C200&ssl=1 1x, https:\/\/i0.wp.com\/lasprimeras.com.do\/wp-content\/uploads\/2025\/01\/desaparecidos.jpg?resize=525%2C300&ssl=1 1.5x, https:\/\/i0.wp.com\/lasprimeras.com.do\/wp-content\/uploads\/2025\/01\/desaparecidos.jpg?resize=700%2C400&ssl=1 2x"},"classes":[]},{"id":51551,"url":"https:\/\/lasprimeras.com.do\/index.php\/2023\/06\/01\/juanes-recuerda-desaparecidos-en-conflicto-en-colombia-en-su-nuevo-video-cancion-desaparecida\/","url_meta":{"origin":92773,"position":4},"title":"Juanes recuerda desaparecidos en conflicto en Colombia en su nuevo video `Canci\u00f3n Desaparecida\u00b4","author":"prenxa100","date":"1 de junio de 2023","format":false,"excerpt":"Los \u00c1ngeles, Ca.- El artista colombiano de la m\u00fasica Juanes presenta el nuevo v\u00eddeo de Canci\u00f3n Desaparecida\u00b4, de su nuevo \u00e1lbumVida Cotidiana\u00b4, inspirado en hechos reales. La poderosa canci\u00f3n sobre la tr\u00e1gica p\u00e9rdida y la necesidad de recordar, se inspira en las recientes revelaciones sobre los cientos de miles de\u2026","rel":"","context":"En \u00abENTRETENIMIENTO\u00bb","block_context":{"text":"ENTRETENIMIENTO","link":"https:\/\/lasprimeras.com.do\/index.php\/category\/entretenimiento\/"},"img":{"alt_text":"","src":"","width":0,"height":0},"classes":[]},{"id":49482,"url":"https:\/\/lasprimeras.com.do\/index.php\/2023\/05\/09\/la-vega-encuentran-cuerpo-sin-vida-de-persona-reportada-como-desaparecida\/","url_meta":{"origin":92773,"position":5},"title":"La Vega: Encuentran cuerpo sin vida de persona reportada como desaparecida","author":"prenxa100","date":"9 de mayo de 2023","format":false,"excerpt":"-Por este hecho est\u00e1n detenidos un supuesto amigo y un empleado de la v\u00edctima. La Vega.-. Agentes policiales, adscritos a la Direcci\u00f3n Central de Investigaci\u00f3n (DICRIM), detuvieron a dos personas vinculadas a la muerte de Fausto Reyes Tejada, dominicano de 51 a\u00f1os, residente en el sector Bayacanes, municipio y provincia\u2026","rel":"","context":"En \u00abNACIONALES\u00bb","block_context":{"text":"NACIONALES","link":"https:\/\/lasprimeras.com.do\/index.php\/category\/nacionales\/"},"img":{"alt_text":"","src":"https:\/\/i0.wp.com\/atento.com.do\/wp-content\/uploads\/2023\/05\/WhatsApp-Image-2023-05-10-at-10.21.44-AM-1.jpeg?resize=350%2C200&ssl=1","width":350,"height":200,"srcset":"https:\/\/i0.wp.com\/atento.com.do\/wp-content\/uploads\/2023\/05\/WhatsApp-Image-2023-05-10-at-10.21.44-AM-1.jpeg?resize=350%2C200&ssl=1 1x, https:\/\/i0.wp.com\/atento.com.do\/wp-content\/uploads\/2023\/05\/WhatsApp-Image-2023-05-10-at-10.21.44-AM-1.jpeg?resize=525%2C300&ssl=1 1.5x"},"classes":[]}],"jetpack_sharing_enabled":true,"jetpack_featured_media_url":"https:\/\/lasprimeras.com.do\/wp-content\/uploads\/2025\/01\/Waly-Tejada.jpg","_links":{"self":[{"href":"https:\/\/lasprimeras.com.do\/index.php\/wp-json\/wp\/v2\/posts\/92773","targetHints":{"allow":["GET"]}}],"collection":[{"href":"https:\/\/lasprimeras.com.do\/index.php\/wp-json\/wp\/v2\/posts"}],"about":[{"href":"https:\/\/lasprimeras.com.do\/index.php\/wp-json\/wp\/v2\/types\/post"}],"author":[{"embeddable":true,"href":"https:\/\/lasprimeras.com.do\/index.php\/wp-json\/wp\/v2\/users\/2"}],"replies":[{"embeddable":true,"href":"https:\/\/lasprimeras.com.do\/index.php\/wp-json\/wp\/v2\/comments?post=92773"}],"version-history":[{"count":1,"href":"https:\/\/lasprimeras.com.do\/index.php\/wp-json\/wp\/v2\/posts\/92773\/revisions"}],"predecessor-version":[{"id":92775,"href":"https:\/\/lasprimeras.com.do\/index.php\/wp-json\/wp\/v2\/posts\/92773\/revisions\/92775"}],"wp:featuredmedia":[{"embeddable":true,"href":"https:\/\/lasprimeras.com.do\/index.php\/wp-json\/wp\/v2\/media\/92774"}],"wp:attachment":[{"href":"https:\/\/lasprimeras.com.do\/index.php\/wp-json\/wp\/v2\/media?parent=92773"}],"wp:term":[{"taxonomy":"category","embeddable":true,"href":"https:\/\/lasprimeras.com.do\/index.php\/wp-json\/wp\/v2\/categories?post=92773"},{"taxonomy":"post_tag","embeddable":true,"href":"https:\/\/lasprimeras.com.do\/index.php\/wp-json\/wp\/v2\/tags?post=92773"}],"curies":[{"name":"wp","href":"https:\/\/api.w.org\/{rel}","templated":true}]}}