{"id":92779,"date":"2025-01-14T00:07:02","date_gmt":"2025-01-14T04:07:02","guid":{"rendered":"https:\/\/lasprimeras.com.do\/?p=92779"},"modified":"2025-01-14T00:07:07","modified_gmt":"2025-01-14T04:07:07","slug":"codia-conmemora-62-anos-de-fundacion-con-una-misa-de-accion-de-gracias-y-otros-actos","status":"publish","type":"post","link":"https:\/\/lasprimeras.com.do\/index.php\/2025\/01\/14\/codia-conmemora-62-anos-de-fundacion-con-una-misa-de-accion-de-gracias-y-otros-actos\/","title":{"rendered":"CODIA conmemora 62 a\u00f1os de fundaci\u00f3n con una misa de acci\u00f3n de gracias y otros actos"},"content":{"rendered":"\n<p>El Presidente ingeniero Carlos Eligi\u00f3 Mendoza D\u00edaz, envi\u00f3 un mensaje de felicitaci\u00f3n a todos los ingenieros y colegiados.<\/p>\n\n\n\n<p>El pasado s\u00e1bado 11 de Enero se cumpli\u00f3 62 a\u00f1os de fundaci\u00f3n del Colegio Dominicano de Ingenieros, Arquitectos y Agrimensores, CODIA.<\/p>\n\n\n\n<p>En tal virtud el Presidente de la entidad, ingeniero Carlos Eligi\u00f3 Mendoza D\u00edaz destac\u00f3 la importancia de la existencia del gremio que agrupa a los profesionales de la ingenier\u00eda, la arquitectura y la agrimensura en el pa\u00eds.<\/p>\n\n\n\n<p>Consider\u00f3 que han sido 62 a\u00f1os de grandes logros para la garant\u00eda del ejercicio profesional de los colegiados.<\/p>\n\n\n\n<p>\u201cEste 62 aniversario encuentra al CODIA y sus colegiados, como una entidad que ha cumplido con una parte importante de los postulados que le dieron origen, explic\u00f3 Mendoza D\u00edaz.<\/p>\n\n\n\n<p>\u201cTenemos una instituci\u00f3n que ha ocupado el espacio que le otorga la ley de asesor del Estado en materia de Construcci\u00f3n y nuestras competencias\u201d, precis\u00f3.<\/p>\n\n\n\n<p>El presidente del CODIA felicit\u00f3 a los ingenieros y los colegiados por este tan importante d\u00eda de celebraci\u00f3n del 62 aniversario.<\/p>\n\n\n\n<p>La misa<\/p>\n\n\n\n<p>La Misa fue oficiada por el sacerdote Nelson Clark, de Santo Domingo. En la eucarist\u00eda el padre pidi\u00f3 al se\u00f1or a fin de que sean pagadas todas las deudas pendientes, a los ingenieros del pa\u00eds.<\/p>\n","protected":false},"excerpt":{"rendered":"<p>El Presidente ingeniero Carlos Eligi\u00f3 Mendoza D\u00edaz, envi\u00f3 un mensaje de felicitaci\u00f3n a todos los ingenieros y colegiados. El pasado s\u00e1bado 11 de Enero se cumpli\u00f3 62 a\u00f1os de fundaci\u00f3n&hellip;<\/p>\n","protected":false},"author":2,"featured_media":92780,"comment_status":"open","ping_status":"open","sticky":false,"template":"","format":"standard","meta":{"content-type":"","jetpack_post_was_ever_published":false,"_jetpack_newsletter_access":"","_jetpack_dont_email_post_to_subs":false,"_jetpack_newsletter_tier_id":0,"_jetpack_memberships_contains_paywalled_content":false,"_jetpack_memberships_contains_paid_content":false,"footnotes":""},"categories":[35],"tags":[4060],"class_list":["post-92779","post","type-post","status-publish","format-standard","has-post-thumbnail","hentry","category-nacionales","tag-codia"],"jetpack_featured_media_url":"https:\/\/lasprimeras.com.do\/wp-content\/uploads\/2025\/01\/misa.jpg","jetpack-related-posts":[{"id":89433,"url":"https:\/\/lasprimeras.com.do\/index.php\/2024\/09\/24\/rd-sera-sede-del-xxx-congreso-copimera-2025-y-congreso-internacional-de-energia\/","url_meta":{"origin":92779,"position":0},"title":"RD ser\u00e1 sede del XXX Congreso COPIMERA 2025 y Congreso Internacional de Energ\u00eda","author":"Nelson Feliz","date":"24 de septiembre de 2024","format":false,"excerpt":"Delegados de 22 pa\u00edses aprueban la celebraci\u00f3n de ambos eventos, organizados por el CODIA en Punta Cana. La Rep\u00fablica Dominicana ha sido seleccionada como la sede del XXX Congreso de la Confederaci\u00f3n Panamericana de Ingenieros Mec\u00e1nicos, El\u00e9ctricos y Ramas Afines (COPIMERA) 2025, y el III Congreso Internacional de Energ\u00eda, que\u2026","rel":"","context":"En \u00abNACIONALES\u00bb","block_context":{"text":"NACIONALES","link":"https:\/\/lasprimeras.com.do\/index.php\/category\/nacionales\/"},"img":{"alt_text":"","src":"https:\/\/i0.wp.com\/lasprimeras.com.do\/wp-content\/uploads\/2024\/09\/codia.jpg?resize=350%2C200&ssl=1","width":350,"height":200,"srcset":"https:\/\/i0.wp.com\/lasprimeras.com.do\/wp-content\/uploads\/2024\/09\/codia.jpg?resize=350%2C200&ssl=1 1x, https:\/\/i0.wp.com\/lasprimeras.com.do\/wp-content\/uploads\/2024\/09\/codia.jpg?resize=525%2C300&ssl=1 1.5x"},"classes":[]},{"id":101638,"url":"https:\/\/lasprimeras.com.do\/index.php\/2025\/06\/24\/pld-denuncia-indiferencia-directiva-del-codia-con-sus-colegiados\/","url_meta":{"origin":92779,"position":1},"title":"PLD denuncia indiferencia directiva del CODIA con sus colegiados","author":"Nelson Feliz","date":"24 de junio de 2025","format":false,"excerpt":"El titular de la Secretar\u00eda de Asuntos Gremiales y Profesionales (SAGP) del Partido de la Liberaci\u00f3n Dominicana (PLD), Francisco Mosquea, reiter\u00f3 sus cr\u00edticas a la pasividad con las que los directivos del Colegi\u00f3 de Ingenieros, Arquitectos y Agrimensores (CODIA) se manejan, que incluye la indiferencia hacia los colegiados del tradicional\u2026","rel":"","context":"En \u00abPOLITICA\u00bb","block_context":{"text":"POLITICA","link":"https:\/\/lasprimeras.com.do\/index.php\/category\/politica\/"},"img":{"alt_text":"Francisco Mosquea","src":"https:\/\/i0.wp.com\/lasprimeras.com.do\/wp-content\/uploads\/2025\/06\/Francisco-Mosquea.jpg?resize=350%2C200&ssl=1","width":350,"height":200,"srcset":"https:\/\/i0.wp.com\/lasprimeras.com.do\/wp-content\/uploads\/2025\/06\/Francisco-Mosquea.jpg?resize=350%2C200&ssl=1 1x, https:\/\/i0.wp.com\/lasprimeras.com.do\/wp-content\/uploads\/2025\/06\/Francisco-Mosquea.jpg?resize=525%2C300&ssl=1 1.5x, https:\/\/i0.wp.com\/lasprimeras.com.do\/wp-content\/uploads\/2025\/06\/Francisco-Mosquea.jpg?resize=700%2C400&ssl=1 2x"},"classes":[]},{"id":108847,"url":"https:\/\/lasprimeras.com.do\/index.php\/2025\/09\/11\/codia-hace-alianza-con-la-sociedad-dominicana-de-geologia\/","url_meta":{"origin":92779,"position":2},"title":"CODIA hace alianza con la Sociedad Dominicana de Geolog\u00eda","author":"Nelson Feliz","date":"11 de septiembre de 2025","format":false,"excerpt":"El Colegio de Ingenieros Arquitectos y Agrimensores filial Norte, hizo un acuerdo, alianza, con la Sociedad Dominicana de Geolog\u00eda, para apoyar y combatir la ilegalidad de las obras que se levantan en esta ciudad, con miras a evitar accidentes que terminen en tragedia. El ingeniero Ram\u00f3n Mart\u00ednez presidente del Codia\u2026","rel":"","context":"En \u00abNACIONALES\u00bb","block_context":{"text":"NACIONALES","link":"https:\/\/lasprimeras.com.do\/index.php\/category\/nacionales\/"},"img":{"alt_text":"","src":"https:\/\/i0.wp.com\/lasprimeras.com.do\/wp-content\/uploads\/2025\/09\/CODIA.jpg?resize=350%2C200&ssl=1","width":350,"height":200,"srcset":"https:\/\/i0.wp.com\/lasprimeras.com.do\/wp-content\/uploads\/2025\/09\/CODIA.jpg?resize=350%2C200&ssl=1 1x, https:\/\/i0.wp.com\/lasprimeras.com.do\/wp-content\/uploads\/2025\/09\/CODIA.jpg?resize=525%2C300&ssl=1 1.5x, https:\/\/i0.wp.com\/lasprimeras.com.do\/wp-content\/uploads\/2025\/09\/CODIA.jpg?resize=700%2C400&ssl=1 2x"},"classes":[]},{"id":109520,"url":"https:\/\/lasprimeras.com.do\/index.php\/2025\/09\/18\/leonel-juramenta-a-roberto-duran-y-a-un-grupo-de-ingenieros-y-profesionales-de-santiago\/","url_meta":{"origin":92779,"position":3},"title":"Leonel  juramenta a Roberto Dur\u00e1n y a un grupo de ingenieros y profesionales de Santiago","author":"Nelson Feliz","date":"18 de septiembre de 2025","format":false,"excerpt":"El presidente de la Fuerza del Pueblo (FP), Leonel Fern\u00e1ndez, jurament\u00f3 al ingeniero civil Roberto Dur\u00e1n junto a un equipo de destacados profesionales y dirigentes gremiales de Santiago, provenientes del Partido de la Liberaci\u00f3n Dominicana (PLD). Dur\u00e1n, es un destacado ingeniero gremialista, expresidente en varias ocasiones de la Regional Norte\u2026","rel":"","context":"En \u00abPOLITICA\u00bb","block_context":{"text":"POLITICA","link":"https:\/\/lasprimeras.com.do\/index.php\/category\/politica\/"},"img":{"alt_text":"","src":"https:\/\/i0.wp.com\/lasprimeras.com.do\/wp-content\/uploads\/2025\/09\/leonel.jpg?resize=350%2C200&ssl=1","width":350,"height":200,"srcset":"https:\/\/i0.wp.com\/lasprimeras.com.do\/wp-content\/uploads\/2025\/09\/leonel.jpg?resize=350%2C200&ssl=1 1x, https:\/\/i0.wp.com\/lasprimeras.com.do\/wp-content\/uploads\/2025\/09\/leonel.jpg?resize=525%2C300&ssl=1 1.5x, https:\/\/i0.wp.com\/lasprimeras.com.do\/wp-content\/uploads\/2025\/09\/leonel.jpg?resize=700%2C400&ssl=1 2x"},"classes":[]},{"id":111395,"url":"https:\/\/lasprimeras.com.do\/index.php\/2025\/10\/07\/codia-mas-del-60-de-los-proyectos-de-construccion-en-el-cibao-se-desarrollan-de-manera-irregular\/","url_meta":{"origin":92779,"position":4},"title":"Codia: m\u00e1s del 60 % de los proyectos de construcci\u00f3n en el Cibao se desarrollan de manera irregular","author":"Nelson Feliz","date":"7 de octubre de 2025","format":false,"excerpt":"El presidente del gremio en la regional norte dice que muchos proyectos se levantan sin supervisi\u00f3n t\u00e9cnica ni validaci\u00f3n de planos, lo que representa un riesgo para la poblaci\u00f3n. El presidente del Colegio Dominicano de Ingenieros, Arquitectos y Agrimensores (Codia) Regional Norte, expres\u00f3 preocupaci\u00f3n por la alta cantidad de proyectos\u2026","rel":"","context":"En \u00abNACIONALES\u00bb","block_context":{"text":"NACIONALES","link":"https:\/\/lasprimeras.com.do\/index.php\/category\/nacionales\/"},"img":{"alt_text":"","src":"https:\/\/i0.wp.com\/lasprimeras.com.do\/wp-content\/uploads\/2025\/10\/Ramon-Martinez.jpg?resize=350%2C200&ssl=1","width":350,"height":200,"srcset":"https:\/\/i0.wp.com\/lasprimeras.com.do\/wp-content\/uploads\/2025\/10\/Ramon-Martinez.jpg?resize=350%2C200&ssl=1 1x, https:\/\/i0.wp.com\/lasprimeras.com.do\/wp-content\/uploads\/2025\/10\/Ramon-Martinez.jpg?resize=525%2C300&ssl=1 1.5x, https:\/\/i0.wp.com\/lasprimeras.com.do\/wp-content\/uploads\/2025\/10\/Ramon-Martinez.jpg?resize=700%2C400&ssl=1 2x"},"classes":[]},{"id":105525,"url":"https:\/\/lasprimeras.com.do\/index.php\/2025\/08\/04\/candidato-del-codia-de-la-regional-suroeste-llama-votar-en-proximas-elecciones\/","url_meta":{"origin":92779,"position":5},"title":"Candidato del CODIA de la Regional Suroeste llama votar en pr\u00f3ximas elecciones","author":"Nelson Feliz","date":"4 de agosto de 2025","format":false,"excerpt":"La Regional Suroeste del Colegio Dominicano de Ingenieros, Arquitectos y Agrimensores (CODIA), celebrar\u00e1 elecciones para elegir nuevas autoridades este mi\u00e9rcoles. El candidato a la secretaria general ingeniero Raul Smith (Papo), llam\u00f3 a votar por la plancha n\u00famero uno bautizada como \u201cIdentidad Codiana\u201d, afirm\u00f3 que las perspectivas son promisorias para obtener\u2026","rel":"","context":"En \u00abNACIONALES\u00bb","block_context":{"text":"NACIONALES","link":"https:\/\/lasprimeras.com.do\/index.php\/category\/nacionales\/"},"img":{"alt_text":"","src":"https:\/\/i0.wp.com\/lasprimeras.com.do\/wp-content\/uploads\/2025\/08\/WhatsApp-Image-2025-08-04-at-6.06.34-PM.jpeg?resize=350%2C200&ssl=1","width":350,"height":200,"srcset":"https:\/\/i0.wp.com\/lasprimeras.com.do\/wp-content\/uploads\/2025\/08\/WhatsApp-Image-2025-08-04-at-6.06.34-PM.jpeg?resize=350%2C200&ssl=1 1x, https:\/\/i0.wp.com\/lasprimeras.com.do\/wp-content\/uploads\/2025\/08\/WhatsApp-Image-2025-08-04-at-6.06.34-PM.jpeg?resize=525%2C300&ssl=1 1.5x, https:\/\/i0.wp.com\/lasprimeras.com.do\/wp-content\/uploads\/2025\/08\/WhatsApp-Image-2025-08-04-at-6.06.34-PM.jpeg?resize=700%2C400&ssl=1 2x"},"classes":[]}],"jetpack_sharing_enabled":true,"_links":{"self":[{"href":"https:\/\/lasprimeras.com.do\/index.php\/wp-json\/wp\/v2\/posts\/92779","targetHints":{"allow":["GET"]}}],"collection":[{"href":"https:\/\/lasprimeras.com.do\/index.php\/wp-json\/wp\/v2\/posts"}],"about":[{"href":"https:\/\/lasprimeras.com.do\/index.php\/wp-json\/wp\/v2\/types\/post"}],"author":[{"embeddable":true,"href":"https:\/\/lasprimeras.com.do\/index.php\/wp-json\/wp\/v2\/users\/2"}],"replies":[{"embeddable":true,"href":"https:\/\/lasprimeras.com.do\/index.php\/wp-json\/wp\/v2\/comments?post=92779"}],"version-history":[{"count":1,"href":"https:\/\/lasprimeras.com.do\/index.php\/wp-json\/wp\/v2\/posts\/92779\/revisions"}],"predecessor-version":[{"id":92781,"href":"https:\/\/lasprimeras.com.do\/index.php\/wp-json\/wp\/v2\/posts\/92779\/revisions\/92781"}],"wp:featuredmedia":[{"embeddable":true,"href":"https:\/\/lasprimeras.com.do\/index.php\/wp-json\/wp\/v2\/media\/92780"}],"wp:attachment":[{"href":"https:\/\/lasprimeras.com.do\/index.php\/wp-json\/wp\/v2\/media?parent=92779"}],"wp:term":[{"taxonomy":"category","embeddable":true,"href":"https:\/\/lasprimeras.com.do\/index.php\/wp-json\/wp\/v2\/categories?post=92779"},{"taxonomy":"post_tag","embeddable":true,"href":"https:\/\/lasprimeras.com.do\/index.php\/wp-json\/wp\/v2\/tags?post=92779"}],"curies":[{"name":"wp","href":"https:\/\/api.w.org\/{rel}","templated":true}]}}