{"id":92805,"date":"2025-01-15T23:15:36","date_gmt":"2025-01-16T03:15:36","guid":{"rendered":"https:\/\/lasprimeras.com.do\/?p=92805"},"modified":"2025-01-15T23:15:40","modified_gmt":"2025-01-16T03:15:40","slug":"cuba-declara-muertos-a-13-militares-tras-explosion-de-un-almacen-de-armas","status":"publish","type":"post","link":"https:\/\/lasprimeras.com.do\/index.php\/2025\/01\/15\/cuba-declara-muertos-a-13-militares-tras-explosion-de-un-almacen-de-armas\/","title":{"rendered":"Cuba declara muertos a 13 militares tras explosi\u00f3n de un almac\u00e9n de armas"},"content":{"rendered":"\n<p><strong>El hecho ocurri\u00f3 la madrugada del pasado 7 de enero en Holgu\u00edn; y tras los trabajos se declar\u00f3 como &#8220;inaccesible&#8221; la zona y se determin\u00f3 que &#8220;no existe posibilidad alguna de vida en el lugar&#8221;.<\/strong><\/p>\n\n\n\n<p>El presidente de Cuba, Miguel D\u00edaz-Canel, confirm\u00f3 este mi\u00e9rcoles el fallecimiento de 13 militares, desaparecidos tras un accidente en una obra de almacenaba material de guerra, ocurrido la semana pasada.<\/p>\n\n\n\n<p>&#8220;Reitero las m\u00e1s sentidas condolencias a familiares y amigos. Murieron heroicamente y como h\u00e9roes merecen nuestro m\u00e1s sentido homenaje y el acompa\u00f1amiento a sus seres queridos en el dolor de la p\u00e9rdida&#8221;, escribi\u00f3 el mandatario en su cuenta en X, donde public\u00f3 los nombres de los fallecidos.<\/p>\n\n\n\n<figure class=\"wp-block-image size-full\"><img decoding=\"async\" width=\"663\" height=\"779\" src=\"https:\/\/lasprimeras.com.do\/wp-content\/uploads\/2025\/01\/canel-1.jpg\" alt=\"\" class=\"wp-image-92806\" srcset=\"https:\/\/lasprimeras.com.do\/wp-content\/uploads\/2025\/01\/canel-1.jpg 663w, https:\/\/lasprimeras.com.do\/wp-content\/uploads\/2025\/01\/canel-1-255x300.jpg 255w\" sizes=\"(max-width: 663px) 100vw, 663px\" \/><\/figure>\n\n\n\n<p>El hecho ocurri\u00f3 la madrugada del pasado 7 de enero en la comunidad de Melones, provincia de Holgu\u00edn, al oriente de la isla. Este mi\u00e9rcoles, el Gobierno de Cuba declar\u00f3 como &#8220;inaccesible&#8221; la zona donde desaparecieron los militares, tras una serie de explosiones en un almac\u00e9n de armamento y municiones, y consider\u00f3 que, por lo tanto &#8220;no existe posibilidad alguna de vida en el lugar&#8221;.<\/p>\n\n\n\n<p>El Ministerio de las Fuerzas Armadas Revolucionarias, despu\u00e9s de varios d\u00edas de intenso trabajo, determin\u00f3 que la posible causa del suceso &#8220;est\u00e1 asociada a un fallo el\u00e9ctrico provocado por un cortocircuito en el interior de la instalaci\u00f3n&#8221;.<\/p>\n\n\n\n<p>&#8220;A partir de la complejidad extrema que existe en el terreno producto de las explosiones, los efectos de los gases acumulados y los severos da\u00f1os ocasionados, as\u00ed como el peligro real de derrumbes debido a la afectaci\u00f3n estructural de la obra, no se ha podido llegar hasta el lugar donde se encuentran los 13 compa\u00f1eros que enfrentaron heroicamente el siniestro con el objetivo de evitar su propagaci\u00f3n&#8221;, apunt\u00f3.<\/p>\n\n\n\n<p>En el comunicado, las autoridades indican que se informar\u00e1 oportunamente al pueblo el proceder para realizar las honras f\u00fanebres de los militares fallecidos.<\/p>\n\n\n\n<p>Fuente RT<\/p>\n","protected":false},"excerpt":{"rendered":"<p>El hecho ocurri\u00f3 la madrugada del pasado 7 de enero en Holgu\u00edn; y tras los trabajos se declar\u00f3 como &#8220;inaccesible&#8221; la zona y se determin\u00f3 que &#8220;no existe posibilidad alguna&hellip;<\/p>\n","protected":false},"author":2,"featured_media":92807,"comment_status":"open","ping_status":"open","sticky":false,"template":"","format":"standard","meta":{"content-type":"","jetpack_post_was_ever_published":false,"_jetpack_newsletter_access":"","_jetpack_dont_email_post_to_subs":false,"_jetpack_newsletter_tier_id":0,"_jetpack_memberships_contains_paywalled_content":false,"_jetpack_memberships_contains_paid_content":false,"footnotes":""},"categories":[16289],"tags":[16972,16973,5053,1109,686],"class_list":["post-92805","post","type-post","status-publish","format-standard","has-post-thumbnail","hentry","category-internacionales","tag-13-militares","tag-almacen-de-armas","tag-cuba","tag-explosion","tag-muertos"],"jetpack_featured_media_url":"https:\/\/lasprimeras.com.do\/wp-content\/uploads\/2025\/01\/Miguel-Diaz-Canel.jpg","jetpack-related-posts":[{"id":57877,"url":"https:\/\/lasprimeras.com.do\/index.php\/2023\/08\/17\/luto-nacional-por-las-27-muertes-que-provoco-la-explosion-en-san-cristobal\/","url_meta":{"origin":92805,"position":0},"title":"Luto nacional por las 27 muertes que provoc\u00f3 la explosi\u00f3n en San Crist\u00f3bal","author":"Nelson Feliz","date":"17 de agosto de 2023","format":false,"excerpt":"El presidente de la Rep\u00fablica, Luis Abinader, dispuso que este jueves 17 de agosto sea de duelo nacional, por motivo de la tragedia. Mediante el decreto 367-23, emitido el 15 de agosto, el 17 de agosto fue declarado d\u00eda de duelo, inform\u00f3 el consultor jur\u00eddico del Poder Ejecutivo, Antoliano Peralta\u2026","rel":"","context":"En \u00abNACIONALES\u00bb","block_context":{"text":"NACIONALES","link":"https:\/\/lasprimeras.com.do\/index.php\/category\/nacionales\/"},"img":{"alt_text":"palacio-duelo","src":"https:\/\/i0.wp.com\/lasprimeras.com.do\/wp-content\/uploads\/2023\/08\/palacio-duelo-1.jpg?resize=350%2C200&ssl=1","width":350,"height":200,"srcset":"https:\/\/i0.wp.com\/lasprimeras.com.do\/wp-content\/uploads\/2023\/08\/palacio-duelo-1.jpg?resize=350%2C200&ssl=1 1x, https:\/\/i0.wp.com\/lasprimeras.com.do\/wp-content\/uploads\/2023\/08\/palacio-duelo-1.jpg?resize=525%2C300&ssl=1 1.5x, https:\/\/i0.wp.com\/lasprimeras.com.do\/wp-content\/uploads\/2023\/08\/palacio-duelo-1.jpg?resize=700%2C400&ssl=1 2x, https:\/\/i0.wp.com\/lasprimeras.com.do\/wp-content\/uploads\/2023\/08\/palacio-duelo-1.jpg?resize=1050%2C600&ssl=1 3x"},"classes":[]},{"id":62546,"url":"https:\/\/lasprimeras.com.do\/index.php\/2023\/10\/05\/cuba-al-menos-tres-muertos-por-derrumbe-edificio-en-la-habana\/","url_meta":{"origin":92805,"position":1},"title":"CUBA: Al menos tres muertos por derrumbe edificio en La Habana","author":"BIMARY DE JES\u00daS Matos","date":"5 de octubre de 2023","format":false,"excerpt":"LA HABANA.- Al menos tres personas han fallecido tras el derrumbe de un edificio en la capital de Cuba, La Habana, que deja adem\u00e1s varias personas atrapadas entre los escombros. Dos de los muertos son rescatistas que se encontraban buscando a personas entre los restos del edificio. As\u00ed lo ha\u2026","rel":"","context":"En \u00abSin categor\u00eda\u00bb","block_context":{"text":"Sin categor\u00eda","link":"https:\/\/lasprimeras.com.do\/index.php\/category\/sin-categoria\/"},"img":{"alt_text":"","src":"https:\/\/i0.wp.com\/lasprimeras.com.do\/wp-content\/uploads\/2023\/10\/WhatsApp-Image-2023-10-04-at-5.20.12-PM-10.jpeg?resize=350%2C200&ssl=1","width":350,"height":200,"srcset":"https:\/\/i0.wp.com\/lasprimeras.com.do\/wp-content\/uploads\/2023\/10\/WhatsApp-Image-2023-10-04-at-5.20.12-PM-10.jpeg?resize=350%2C200&ssl=1 1x, https:\/\/i0.wp.com\/lasprimeras.com.do\/wp-content\/uploads\/2023\/10\/WhatsApp-Image-2023-10-04-at-5.20.12-PM-10.jpeg?resize=525%2C300&ssl=1 1.5x, https:\/\/i0.wp.com\/lasprimeras.com.do\/wp-content\/uploads\/2023\/10\/WhatsApp-Image-2023-10-04-at-5.20.12-PM-10.jpeg?resize=700%2C400&ssl=1 2x, https:\/\/i0.wp.com\/lasprimeras.com.do\/wp-content\/uploads\/2023\/10\/WhatsApp-Image-2023-10-04-at-5.20.12-PM-10.jpeg?resize=1050%2C600&ssl=1 3x"},"classes":[]},{"id":57974,"url":"https:\/\/lasprimeras.com.do\/index.php\/2023\/08\/17\/fallece-herido-en-explosion-en-san-cristobal-y-cifra-se-eleva-a-28-muertos\/","url_meta":{"origin":92805,"position":2},"title":"Fallece herido en explosi\u00f3n en San Crist\u00f3bal y cifra se eleva a 28 muertos","author":"Nelson Feliz","date":"17 de agosto de 2023","format":false,"excerpt":"La persona a\u00fan sin identificar estaba ingresada en el hospital Juan Pablo Pina. Falleci\u00f3 la noche de este jueves un hombre que permanec\u00eda en estado cr\u00edtico tras la explosi\u00f3n de San Crist\u00f3bal y ya suman 28 las v\u00edctimas fatales del estallido ocurrido el pasado lunes y que tambi\u00e9n dej\u00f3 58\u2026","rel":"","context":"En \u00abNACIONALES\u00bb","block_context":{"text":"NACIONALES","link":"https:\/\/lasprimeras.com.do\/index.php\/category\/nacionales\/"},"img":{"alt_text":"La v\u00edctima estaba ingresada en el hospital Juan Pablo Pina","src":"https:\/\/i0.wp.com\/lasprimeras.com.do\/wp-content\/uploads\/2023\/08\/La-victima-estaba-ingresada-en-el-hospital-Juan-Pablo-Pina.jpg?resize=350%2C200&ssl=1","width":350,"height":200,"srcset":"https:\/\/i0.wp.com\/lasprimeras.com.do\/wp-content\/uploads\/2023\/08\/La-victima-estaba-ingresada-en-el-hospital-Juan-Pablo-Pina.jpg?resize=350%2C200&ssl=1 1x, https:\/\/i0.wp.com\/lasprimeras.com.do\/wp-content\/uploads\/2023\/08\/La-victima-estaba-ingresada-en-el-hospital-Juan-Pablo-Pina.jpg?resize=525%2C300&ssl=1 1.5x, https:\/\/i0.wp.com\/lasprimeras.com.do\/wp-content\/uploads\/2023\/08\/La-victima-estaba-ingresada-en-el-hospital-Juan-Pablo-Pina.jpg?resize=700%2C400&ssl=1 2x"},"classes":[]},{"id":119732,"url":"https:\/\/lasprimeras.com.do\/index.php\/2026\/01\/16\/cubanos-marchan-ante-embajada-de-eeuu-por-muerte-de-32-militares-y-diaz-canel-rechaza-presiones\/","url_meta":{"origin":92805,"position":3},"title":"Cubanos marchan ante embajada de EEUU por muerte de 32 militares y D\u00edaz-Canel rechaza presiones","author":"Nelson Feliz","date":"16 de enero de 2026","format":false,"excerpt":"POR ANDREA RODR\u00cdGUEZ LA HABANA (AP) \u2014 Desafiando el fr\u00edo y las altas olas que azotaron el viernes el Malec\u00f3n, cientos de miles de cubanos marcharon a modo de protesta frente a la embajada de Estados Unidos en La Habana en el segundo d\u00eda de las honras f\u00fanebres de 32\u2026","rel":"","context":"En \u00abINTERNACIONALES\u00bb","block_context":{"text":"INTERNACIONALES","link":"https:\/\/lasprimeras.com.do\/index.php\/category\/sin-categoria\/internacionales\/"},"img":{"alt_text":"Miguel D\u00edaz-Canel","src":"https:\/\/i0.wp.com\/lasprimeras.com.do\/wp-content\/uploads\/2026\/01\/Miguel-Diaz-Canel.jpg?resize=350%2C200&ssl=1","width":350,"height":200,"srcset":"https:\/\/i0.wp.com\/lasprimeras.com.do\/wp-content\/uploads\/2026\/01\/Miguel-Diaz-Canel.jpg?resize=350%2C200&ssl=1 1x, https:\/\/i0.wp.com\/lasprimeras.com.do\/wp-content\/uploads\/2026\/01\/Miguel-Diaz-Canel.jpg?resize=525%2C300&ssl=1 1.5x, https:\/\/i0.wp.com\/lasprimeras.com.do\/wp-content\/uploads\/2026\/01\/Miguel-Diaz-Canel.jpg?resize=700%2C400&ssl=1 2x"},"classes":[]},{"id":60317,"url":"https:\/\/lasprimeras.com.do\/index.php\/2023\/09\/13\/un-adolescente-muerto-y-dos-heridos-tras-tiroteo-en-escuela-secundaria-de-luisiana\/","url_meta":{"origin":92805,"position":4},"title":"Un adolescente muerto y dos heridos tras tiroteo en escuela secundaria de Luisiana","author":"Nelson Feliz","date":"13 de septiembre de 2023","format":false,"excerpt":"El presunto tirador es otro adolescente que estudia en la escuela. Un estudiante muri\u00f3 y otro se encuentra detenido despu\u00e9s de un tiroteo el martes en una escuela secundaria de Luisiana, informaron las autoridades. La polic\u00eda del Distrito de St. Helena inform\u00f3 a la prensa que el tiroteo ocurri\u00f3 alrededor\u2026","rel":"","context":"En \u00abSin categor\u00eda\u00bb","block_context":{"text":"Sin categor\u00eda","link":"https:\/\/lasprimeras.com.do\/index.php\/category\/sin-categoria\/"},"img":{"alt_text":"","src":"https:\/\/i0.wp.com\/lasprimeras.com.do\/wp-content\/uploads\/2023\/09\/tiroteo.jpg?resize=350%2C200&ssl=1","width":350,"height":200,"srcset":"https:\/\/i0.wp.com\/lasprimeras.com.do\/wp-content\/uploads\/2023\/09\/tiroteo.jpg?resize=350%2C200&ssl=1 1x, https:\/\/i0.wp.com\/lasprimeras.com.do\/wp-content\/uploads\/2023\/09\/tiroteo.jpg?resize=525%2C300&ssl=1 1.5x, https:\/\/i0.wp.com\/lasprimeras.com.do\/wp-content\/uploads\/2023\/09\/tiroteo.jpg?resize=700%2C400&ssl=1 2x"},"classes":[]},{"id":73914,"url":"https:\/\/lasprimeras.com.do\/index.php\/2024\/01\/17\/tailandia-23-muertos-por-explosion-en-fabrica-de-fuegos-artificiales\/","url_meta":{"origin":92805,"position":5},"title":"Tailandia: 23 muertos por explosi\u00f3n en f\u00e1brica de fuegos artificiales","author":"BIMARY DE JES\u00daS Matos","date":"17 de enero de 2024","format":false,"excerpt":"BANGKOK.- Una explosi\u00f3n en una f\u00e1brica de fuegos artificiales en el centro de Tailandia el mi\u00e9rcoles dej\u00f3 al menos 23 muertos, informaron las autoridades. Tambi\u00e9n hubo heridos, seg\u00fan el Departamento de Prevenci\u00f3n y Alivio de Desastres, que no dio una cifra. La causa de la detonaci\u00f3n en la provincia de\u2026","rel":"","context":"En \u00abSin categor\u00eda\u00bb","block_context":{"text":"Sin categor\u00eda","link":"https:\/\/lasprimeras.com.do\/index.php\/category\/sin-categoria\/"},"img":{"alt_text":"","src":"https:\/\/i0.wp.com\/lasprimeras.com.do\/wp-content\/uploads\/2024\/01\/WhatsApp-Image-2024-01-17-at-10.23.06-AM-4.webp?resize=350%2C200&ssl=1","width":350,"height":200,"srcset":"https:\/\/i0.wp.com\/lasprimeras.com.do\/wp-content\/uploads\/2024\/01\/WhatsApp-Image-2024-01-17-at-10.23.06-AM-4.webp?resize=350%2C200&ssl=1 1x, https:\/\/i0.wp.com\/lasprimeras.com.do\/wp-content\/uploads\/2024\/01\/WhatsApp-Image-2024-01-17-at-10.23.06-AM-4.webp?resize=525%2C300&ssl=1 1.5x"},"classes":[]}],"jetpack_sharing_enabled":true,"_links":{"self":[{"href":"https:\/\/lasprimeras.com.do\/index.php\/wp-json\/wp\/v2\/posts\/92805","targetHints":{"allow":["GET"]}}],"collection":[{"href":"https:\/\/lasprimeras.com.do\/index.php\/wp-json\/wp\/v2\/posts"}],"about":[{"href":"https:\/\/lasprimeras.com.do\/index.php\/wp-json\/wp\/v2\/types\/post"}],"author":[{"embeddable":true,"href":"https:\/\/lasprimeras.com.do\/index.php\/wp-json\/wp\/v2\/users\/2"}],"replies":[{"embeddable":true,"href":"https:\/\/lasprimeras.com.do\/index.php\/wp-json\/wp\/v2\/comments?post=92805"}],"version-history":[{"count":1,"href":"https:\/\/lasprimeras.com.do\/index.php\/wp-json\/wp\/v2\/posts\/92805\/revisions"}],"predecessor-version":[{"id":92808,"href":"https:\/\/lasprimeras.com.do\/index.php\/wp-json\/wp\/v2\/posts\/92805\/revisions\/92808"}],"wp:featuredmedia":[{"embeddable":true,"href":"https:\/\/lasprimeras.com.do\/index.php\/wp-json\/wp\/v2\/media\/92807"}],"wp:attachment":[{"href":"https:\/\/lasprimeras.com.do\/index.php\/wp-json\/wp\/v2\/media?parent=92805"}],"wp:term":[{"taxonomy":"category","embeddable":true,"href":"https:\/\/lasprimeras.com.do\/index.php\/wp-json\/wp\/v2\/categories?post=92805"},{"taxonomy":"post_tag","embeddable":true,"href":"https:\/\/lasprimeras.com.do\/index.php\/wp-json\/wp\/v2\/tags?post=92805"}],"curies":[{"name":"wp","href":"https:\/\/api.w.org\/{rel}","templated":true}]}}