{"id":92809,"date":"2025-01-15T23:21:02","date_gmt":"2025-01-16T03:21:02","guid":{"rendered":"https:\/\/lasprimeras.com.do\/?p=92809"},"modified":"2025-01-15T23:21:07","modified_gmt":"2025-01-16T03:21:07","slug":"el-papa-confirma-tener-archivos-sobre-abusos-corrupcion-y-negocios-oscuros-en-el-vaticano","status":"publish","type":"post","link":"https:\/\/lasprimeras.com.do\/index.php\/2025\/01\/15\/el-papa-confirma-tener-archivos-sobre-abusos-corrupcion-y-negocios-oscuros-en-el-vaticano\/","title":{"rendered":"El papa confirma tener archivos sobre &#8220;abusos, corrupci\u00f3n y negocios oscuros&#8221; en el Vaticano"},"content":{"rendered":"\n<p><strong>&#8220;Una gran caja blanca&#8221;, llena de documentos relativos a los esc\u00e1ndalos &#8220;m\u00e1s dif\u00edciles y dolorosos&#8221; de la Iglesia cat\u00f3lica, fue entregada a Francisco por su predecesor Benedicto XVI.<\/strong><\/p>\n\n\n\n<p>El papa Francisco ha revelado en su libro autobiogr\u00e1fico &#8216;Spera&#8217; (Esperanza), publicado este martes, que su predecesor Benedicto XVI despu\u00e9s de renunciar como sumo pont\u00edfice le entreg\u00f3 una &#8220;gran caja blanca&#8221; que conten\u00eda archivos sobre los esc\u00e1ndalos en los que se vio involucrada la Iglesia cat\u00f3lica.<\/p>\n\n\n\n<p>&#8220;Me dio una gran caja blanca&#8221;, cita The Guardian las memorias del papa Francisco, refiri\u00e9ndose a su visita a Benedicto en Castel Gandolfo, la residencia de verano papal al sur de Roma, poco despu\u00e9s de ser elegido sumo pont\u00edfice en 2013.<\/p>\n\n\n\n<p>&#8220;&#8216;Todo est\u00e1 aqu\u00ed&#8217;, me dijo. &#8216;Documentos relacionados con las situaciones m\u00e1s dif\u00edciles y dolorosas. Casos de abuso, corrupci\u00f3n, negocios oscuros, malas acciones'&#8221;, dice el papa en su autobiograf\u00eda.<\/p>\n\n\n\n<p>&#8220;&#8216;He llegado hasta aqu\u00ed, he tomado estas medidas, he eliminado a estas personas. Ahora te toca a ti'&#8221;, recuerda el sumo pont\u00edfice las palabras de su predecesor ya fallecido.<\/p>\n\n\n\n<p>&#8220;He continuado su camino&#8221;, afirma Francisco, sin detallar con qu\u00e9 esc\u00e1ndalos en concreto estaban relacionados los archivos de la caja.<\/p>\n\n\n\n<p>El papa Benedicto XVI anunci\u00f3 su renuncia en febrero de 2013, debido a razones de salud, despu\u00e9s de que el \u00faltimo a\u00f1o de su papado fuera ensombrecido por las revelaciones de &#8216;Vatileaks&#8217;, que expusieron al p\u00fablico casos de corrupci\u00f3n, conflictos internos y mala gesti\u00f3n financiera en el Vaticano.<\/p>\n\n\n\n<p>Adem\u00e1s, el pontificado de Benedicto XVI fue manchado por acusaciones de abusos sexuales a menores por parte de algunos sacerdotes.<\/p>\n\n\n\n<p>Fuente RT<\/p>\n","protected":false},"excerpt":{"rendered":"<p>&#8220;Una gran caja blanca&#8221;, llena de documentos relativos a los esc\u00e1ndalos &#8220;m\u00e1s dif\u00edciles y dolorosos&#8221; de la Iglesia cat\u00f3lica, fue entregada a Francisco por su predecesor Benedicto XVI. El papa&hellip;<\/p>\n","protected":false},"author":2,"featured_media":92810,"comment_status":"open","ping_status":"open","sticky":false,"template":"","format":"standard","meta":{"content-type":"","jetpack_post_was_ever_published":false,"_jetpack_newsletter_access":"","_jetpack_dont_email_post_to_subs":false,"_jetpack_newsletter_tier_id":0,"_jetpack_memberships_contains_paywalled_content":false,"_jetpack_memberships_contains_paid_content":false,"footnotes":""},"categories":[16289],"tags":[12402,14200,1841,2192,16974,2194],"class_list":["post-92809","post","type-post","status-publish","format-standard","has-post-thumbnail","hentry","category-internacionales","tag-abusos","tag-archivos","tag-corrupcion","tag-el-papa","tag-negocios-oscuros","tag-vaticano"],"jetpack_featured_media_url":"https:\/\/lasprimeras.com.do\/wp-content\/uploads\/2025\/01\/El-papa-Francisco-se-reune-con-Benedicto-XVI-en-la-residencia-de-verano-papal-de-Castel-Gandolfo-Italia-el-23-de-marzo-de-2013.jpg","jetpack-related-posts":[{"id":77735,"url":"https:\/\/lasprimeras.com.do\/index.php\/2024\/02\/24\/el-papa-francisco-cancela-una-reunion-con-diaconos-de-roma\/","url_meta":{"origin":92809,"position":0},"title":"El Papa Francisco cancela una reuni\u00f3n con di\u00e1conos de Roma","author":"Nelson Feliz","date":"24 de febrero de 2024","format":false,"excerpt":"POR GIADA ZAMPANO CIUDAD DEL VATICANO (AP) \u2014 El Papa Francisco cancel\u00f3 una audiencia programada para el s\u00e1bado como medida de precauci\u00f3n despu\u00e9s de contraer una gripe leve, dijo la oficina de prensa del Vaticano en un breve comunicado, sin agregar m\u00e1s detalles. Francisco ten\u00eda previsto reunirse con los di\u00e1conos\u2026","rel":"","context":"En \u00abSin categor\u00eda\u00bb","block_context":{"text":"Sin categor\u00eda","link":"https:\/\/lasprimeras.com.do\/index.php\/category\/sin-categoria\/"},"img":{"alt_text":"El Papa Francisco","src":"https:\/\/i0.wp.com\/lasprimeras.com.do\/wp-content\/uploads\/2024\/02\/El-Papa-Francisco.jpg?resize=350%2C200&ssl=1","width":350,"height":200,"srcset":"https:\/\/i0.wp.com\/lasprimeras.com.do\/wp-content\/uploads\/2024\/02\/El-Papa-Francisco.jpg?resize=350%2C200&ssl=1 1x, https:\/\/i0.wp.com\/lasprimeras.com.do\/wp-content\/uploads\/2024\/02\/El-Papa-Francisco.jpg?resize=525%2C300&ssl=1 1.5x, https:\/\/i0.wp.com\/lasprimeras.com.do\/wp-content\/uploads\/2024\/02\/El-Papa-Francisco.jpg?resize=700%2C400&ssl=1 2x"},"classes":[]},{"id":97475,"url":"https:\/\/lasprimeras.com.do\/index.php\/2025\/04\/21\/que-cardenales-son-percibidos-como-candidatos-para-ser-el-proximo-papa\/","url_meta":{"origin":92809,"position":1},"title":"\u00bfQu\u00e9 cardenales son percibidos como candidatos para ser el pr\u00f3ximo papa?","author":"Nelson Feliz","date":"21 de abril de 2025","format":false,"excerpt":"CIUDAD DEL VATICANO (AP) \u2014 En el Vaticano hay un dicho popular que dice lo siguiente: \u201centras a un c\u00f3nclave como papa, sales como cardenal\u201d. La frase implica que el proceso sagrado y secreto para elegir a un papa \u2014el vicario de Cristo en la Tierra\u2014 no es un concurso\u2026","rel":"","context":"En \u00abINTERNACIONALES\u00bb","block_context":{"text":"INTERNACIONALES","link":"https:\/\/lasprimeras.com.do\/index.php\/category\/sin-categoria\/internacionales\/"},"img":{"alt_text":"Cardenal Peter Erdo","src":"https:\/\/i0.wp.com\/lasprimeras.com.do\/wp-content\/uploads\/2025\/04\/Cardenal-Peter-Erdo.jpg?resize=350%2C200&ssl=1","width":350,"height":200,"srcset":"https:\/\/i0.wp.com\/lasprimeras.com.do\/wp-content\/uploads\/2025\/04\/Cardenal-Peter-Erdo.jpg?resize=350%2C200&ssl=1 1x, https:\/\/i0.wp.com\/lasprimeras.com.do\/wp-content\/uploads\/2025\/04\/Cardenal-Peter-Erdo.jpg?resize=525%2C300&ssl=1 1.5x, https:\/\/i0.wp.com\/lasprimeras.com.do\/wp-content\/uploads\/2025\/04\/Cardenal-Peter-Erdo.jpg?resize=700%2C400&ssl=1 2x"},"classes":[]},{"id":98258,"url":"https:\/\/lasprimeras.com.do\/index.php\/2025\/05\/06\/el-nombre-que-elija-el-nuevo-papa-puede-dar-pistas-sobre-lo-que-esta-por-venir\/","url_meta":{"origin":92809,"position":2},"title":"El nombre que elija el nuevo papa puede dar pistas sobre lo que est\u00e1 por venir","author":"Nelson Feliz","date":"6 de mayo de 2025","format":false,"excerpt":"POR COLLEEN BARRY ROMA (AP) \u2014 La primera pista sobre el rumbo del pr\u00f3ximo papa ser\u00e1 el nombre que elija el ganador. El anuncio \u201cHabemus papam\u201d \u2014 \u201cTenemos un papa\u201d \u2014 desde el balc\u00f3n de la bas\u00edlica de San Pedro se ve seguido primero por la revelaci\u00f3n del nombre de\u2026","rel":"","context":"En \u00abINTERNACIONALES\u00bb","block_context":{"text":"INTERNACIONALES","link":"https:\/\/lasprimeras.com.do\/index.php\/category\/sin-categoria\/internacionales\/"},"img":{"alt_text":"","src":"https:\/\/i0.wp.com\/lasprimeras.com.do\/wp-content\/uploads\/2025\/05\/Habemus-papam.jpg?resize=350%2C200&ssl=1","width":350,"height":200,"srcset":"https:\/\/i0.wp.com\/lasprimeras.com.do\/wp-content\/uploads\/2025\/05\/Habemus-papam.jpg?resize=350%2C200&ssl=1 1x, https:\/\/i0.wp.com\/lasprimeras.com.do\/wp-content\/uploads\/2025\/05\/Habemus-papam.jpg?resize=525%2C300&ssl=1 1.5x, https:\/\/i0.wp.com\/lasprimeras.com.do\/wp-content\/uploads\/2025\/05\/Habemus-papam.jpg?resize=700%2C400&ssl=1 2x"},"classes":[]},{"id":97440,"url":"https:\/\/lasprimeras.com.do\/index.php\/2025\/04\/21\/francisco-cambio-la-posicion-de-la-iglesia-sobre-la-pena-de-muerte-pero-mantuvo-la-del-aborto\/","url_meta":{"origin":92809,"position":3},"title":"Francisco cambi\u00f3 la posici\u00f3n de la Iglesia sobre la pena de muerte, pero mantuvo la del aborto","author":"Nelson Feliz","date":"21 de abril de 2025","format":false,"excerpt":"POR NICOLE WINFIELD CIUDAD DEL VATICANO (AP) \u2014 El papa Francisco modific\u00f3 las ense\u00f1anzas de la Iglesia cat\u00f3lica en \u00e1reas como la pena de muerte y las armas nucleares, las mantuvo en otras como el aborto y avanz\u00f3 entre musulmanes y creyentes que durante mucho tiempo se sintieron marginados. \u00c9stas\u2026","rel":"","context":"En \u00abINTERNACIONALES\u00bb","block_context":{"text":"INTERNACIONALES","link":"https:\/\/lasprimeras.com.do\/index.php\/category\/sin-categoria\/internacionales\/"},"img":{"alt_text":"","src":"https:\/\/i0.wp.com\/lasprimeras.com.do\/wp-content\/uploads\/2025\/04\/ora.jpg?resize=350%2C200&ssl=1","width":350,"height":200,"srcset":"https:\/\/i0.wp.com\/lasprimeras.com.do\/wp-content\/uploads\/2025\/04\/ora.jpg?resize=350%2C200&ssl=1 1x, https:\/\/i0.wp.com\/lasprimeras.com.do\/wp-content\/uploads\/2025\/04\/ora.jpg?resize=525%2C300&ssl=1 1.5x, https:\/\/i0.wp.com\/lasprimeras.com.do\/wp-content\/uploads\/2025\/04\/ora.jpg?resize=700%2C400&ssl=1 2x"},"classes":[]},{"id":97437,"url":"https:\/\/lasprimeras.com.do\/index.php\/2025\/04\/21\/francisco-primer-papa-latinoamericano-que-mostro-un-estilo-encantador-y-humilde-muere-con-88-anos\/","url_meta":{"origin":92809,"position":4},"title":"Francisco, primer papa latinoamericano que mostr\u00f3 un estilo encantador y humilde, muere con 88 a\u00f1os","author":"Nelson Feliz","date":"21 de abril de 2025","format":false,"excerpt":"POR NICOLE WINFIELD En vivo: Muere el papa Francisco a los 88 a\u00f1os CIUDAD DEL VATICANO (AP) \u2014 El papa Francisco, el primer pont\u00edfice latinoamericano de la historia, que cautiv\u00f3 al mundo con su estilo humilde y su preocupaci\u00f3n por los pobres mientras incomod\u00f3 al sector conservador con sus cr\u00edticas\u2026","rel":"","context":"En \u00abINTERNACIONALES\u00bb","block_context":{"text":"INTERNACIONALES","link":"https:\/\/lasprimeras.com.do\/index.php\/category\/sin-categoria\/internacionales\/"},"img":{"alt_text":"El papa Francisco","src":"https:\/\/i0.wp.com\/lasprimeras.com.do\/wp-content\/uploads\/2025\/04\/El-papa-Francisco.jpg?resize=350%2C200&ssl=1","width":350,"height":200,"srcset":"https:\/\/i0.wp.com\/lasprimeras.com.do\/wp-content\/uploads\/2025\/04\/El-papa-Francisco.jpg?resize=350%2C200&ssl=1 1x, https:\/\/i0.wp.com\/lasprimeras.com.do\/wp-content\/uploads\/2025\/04\/El-papa-Francisco.jpg?resize=525%2C300&ssl=1 1.5x, https:\/\/i0.wp.com\/lasprimeras.com.do\/wp-content\/uploads\/2025\/04\/El-papa-Francisco.jpg?resize=700%2C400&ssl=1 2x"},"classes":[]},{"id":97799,"url":"https:\/\/lasprimeras.com.do\/index.php\/2025\/04\/28\/el-vaticano-cierra-la-capilla-sixtina-al-publico-y-se-prepara-para-un-conclave-papal\/","url_meta":{"origin":92809,"position":5},"title":"El Vaticano cierra la capilla Sixtina al p\u00fablico y se prepara para un c\u00f3nclave papal","author":"Nelson Feliz","date":"28 de abril de 2025","format":false,"excerpt":"POR VANESSA GERA CIUDAD DEL VATICANO (AP) \u2014 Salen los turistas. Entran los cardenales. El Vaticano ha cerrado la capilla Sixtina, donde los cardenales se reunir\u00e1n para el c\u00f3nclave que elegir\u00e1 al pr\u00f3ximo papa tras la muerte del papa Francisco el 21 de abril a los 88 a\u00f1os. Francisco fue\u2026","rel":"","context":"En \u00abINTERNACIONALES\u00bb","block_context":{"text":"INTERNACIONALES","link":"https:\/\/lasprimeras.com.do\/index.php\/category\/sin-categoria\/internacionales\/"},"img":{"alt_text":"","src":"https:\/\/i0.wp.com\/lasprimeras.com.do\/wp-content\/uploads\/2025\/04\/conclave.jpg?resize=350%2C200&ssl=1","width":350,"height":200,"srcset":"https:\/\/i0.wp.com\/lasprimeras.com.do\/wp-content\/uploads\/2025\/04\/conclave.jpg?resize=350%2C200&ssl=1 1x, https:\/\/i0.wp.com\/lasprimeras.com.do\/wp-content\/uploads\/2025\/04\/conclave.jpg?resize=525%2C300&ssl=1 1.5x, https:\/\/i0.wp.com\/lasprimeras.com.do\/wp-content\/uploads\/2025\/04\/conclave.jpg?resize=700%2C400&ssl=1 2x"},"classes":[]}],"jetpack_sharing_enabled":true,"_links":{"self":[{"href":"https:\/\/lasprimeras.com.do\/index.php\/wp-json\/wp\/v2\/posts\/92809","targetHints":{"allow":["GET"]}}],"collection":[{"href":"https:\/\/lasprimeras.com.do\/index.php\/wp-json\/wp\/v2\/posts"}],"about":[{"href":"https:\/\/lasprimeras.com.do\/index.php\/wp-json\/wp\/v2\/types\/post"}],"author":[{"embeddable":true,"href":"https:\/\/lasprimeras.com.do\/index.php\/wp-json\/wp\/v2\/users\/2"}],"replies":[{"embeddable":true,"href":"https:\/\/lasprimeras.com.do\/index.php\/wp-json\/wp\/v2\/comments?post=92809"}],"version-history":[{"count":1,"href":"https:\/\/lasprimeras.com.do\/index.php\/wp-json\/wp\/v2\/posts\/92809\/revisions"}],"predecessor-version":[{"id":92811,"href":"https:\/\/lasprimeras.com.do\/index.php\/wp-json\/wp\/v2\/posts\/92809\/revisions\/92811"}],"wp:featuredmedia":[{"embeddable":true,"href":"https:\/\/lasprimeras.com.do\/index.php\/wp-json\/wp\/v2\/media\/92810"}],"wp:attachment":[{"href":"https:\/\/lasprimeras.com.do\/index.php\/wp-json\/wp\/v2\/media?parent=92809"}],"wp:term":[{"taxonomy":"category","embeddable":true,"href":"https:\/\/lasprimeras.com.do\/index.php\/wp-json\/wp\/v2\/categories?post=92809"},{"taxonomy":"post_tag","embeddable":true,"href":"https:\/\/lasprimeras.com.do\/index.php\/wp-json\/wp\/v2\/tags?post=92809"}],"curies":[{"name":"wp","href":"https:\/\/api.w.org\/{rel}","templated":true}]}}