{"id":92827,"date":"2025-01-16T00:07:49","date_gmt":"2025-01-16T04:07:49","guid":{"rendered":"https:\/\/lasprimeras.com.do\/?p=92827"},"modified":"2025-01-16T00:07:54","modified_gmt":"2025-01-16T04:07:54","slug":"fp-afianza-liderazgo-opositor-al-asumir-representacion-en-el-cnm","status":"publish","type":"post","link":"https:\/\/lasprimeras.com.do\/index.php\/2025\/01\/16\/fp-afianza-liderazgo-opositor-al-asumir-representacion-en-el-cnm\/","title":{"rendered":"FP afianza liderazgo opositor al asumir representaci\u00f3n en el CNM"},"content":{"rendered":"\n<p><strong>Presidente del CNM juramenta asesores de los consejeros de la FP<\/strong><\/p>\n\n\n\n<p> El partido Fuerza del Pueblo (FP) consolid\u00f3 este mi\u00e9rcoles su posici\u00f3n como principal partido de oposici\u00f3n en la Rep\u00fablica Dominicana al asumir la representaci\u00f3n de la segunda mayor\u00eda en el Consejo Nacional de la Magistratura (CNM), tanto en el Senado como en la C\u00e1mara de Diputados.<\/p>\n\n\n\n<p>En cumplimiento de lo establecido en el art\u00edculo 178 de la Constituci\u00f3n dominicana, el senador Omar Fern\u00e1ndez representa la segunda mayor\u00eda en la C\u00e1mara Alta, mientras que el diputado Tob\u00edas Crespo hace lo propio en la C\u00e1mara de Diputados.<\/p>\n\n\n\n<p>En la anterior composici\u00f3n del CNM, la Fuerza del Pueblo solo representaba la segunda mayor\u00eda del Senado con Bauta Rojas, mientras que la representaci\u00f3n de la C\u00e1mara de Diputados correspond\u00eda a otro partido opositor.<\/p>\n\n\n\n<p>Hoy, adem\u00e1s, conforme al reglamento del CNM, fueron juramentados como asesores Nathanael Concepci\u00f3n, en apoyo al consejero Omar Fern\u00e1ndez, y Mois\u00e9s Crespo, quien asistir\u00e1 a Tob\u00edas Crespo en sus funciones dentro del \u00f3rgano. Concepci\u00f3n repite en la posici\u00f3n, pues tambi\u00e9n fue asesor del pasado representante de FP, Bauta Rojas.<\/p>\n\n\n\n<p>La integraci\u00f3n de la Fuerza del Pueblo en el CNM responde al mandato constitucional que establece que dicho consejo debe contar con la representaci\u00f3n de la segunda mayor\u00eda en ambas c\u00e1maras legislativas. De acuerdo con la Carta Magna, el CNM est\u00e1 compuesto por:<\/p>\n\n\n\n<ul class=\"wp-block-list\">\n<li>El presidente de la Rep\u00fablica.<\/li>\n\n\n\n<li>El presidente del Senado.<\/li>\n\n\n\n<li>Un senador de la segunda mayor\u00eda.<\/li>\n\n\n\n<li>El presidente de la C\u00e1mara de Diputados.<\/li>\n\n\n\n<li>Un diputado de la segunda mayor\u00eda.<\/li>\n\n\n\n<li>El presidente de la Suprema Corte de Justicia.<\/li>\n\n\n\n<li>Un magistrado de la Suprema Corte de Justicia, quien fungir\u00e1 como secretario.<\/li>\n\n\n\n<li>El presidente del Tribunal Constitucional.<\/li>\n<\/ul>\n","protected":false},"excerpt":{"rendered":"<p>Presidente del CNM juramenta asesores de los consejeros de la FP El partido Fuerza del Pueblo (FP) consolid\u00f3 este mi\u00e9rcoles su posici\u00f3n como principal partido de oposici\u00f3n en la Rep\u00fablica&hellip;<\/p>\n","protected":false},"author":2,"featured_media":92828,"comment_status":"open","ping_status":"open","sticky":false,"template":"","format":"standard","meta":{"content-type":"","jetpack_post_was_ever_published":false,"_jetpack_newsletter_access":"","_jetpack_dont_email_post_to_subs":false,"_jetpack_newsletter_tier_id":0,"_jetpack_memberships_contains_paywalled_content":false,"_jetpack_memberships_contains_paid_content":false,"footnotes":""},"categories":[16559,25],"tags":[158],"class_list":["post-92827","post","type-post","status-publish","format-standard","has-post-thumbnail","hentry","category-politica","category-portada","tag-fuerza-del-pueblo"],"jetpack_featured_media_url":"https:\/\/lasprimeras.com.do\/wp-content\/uploads\/2025\/01\/Fuerza-del-Pueblo.jpg","jetpack-related-posts":[{"id":87522,"url":"https:\/\/lasprimeras.com.do\/index.php\/2024\/08\/13\/fp-escoge-a-omar-fernandez-y-tobias-crespo-como-representantes-en-el-cnm\/","url_meta":{"origin":92827,"position":0},"title":"FP escoge a Omar Fern\u00e1ndez y Tob\u00edas Crespo como representantes en el CNM","author":"Nelson Feliz","date":"13 de agosto de 2024","format":false,"excerpt":"El senador Omar Fern\u00e1ndez y el diputado Tob\u00edas Crespo ser\u00e1n los representantes del partido Fuerza del Pueblo (FP) en el Consejo Nacional de la Magistratura (CNM), debido a que esta organizaci\u00f3n pol\u00edtica ostenta la segunda mayor\u00eda en el Senado de la Rep\u00fablica y en la C\u00e1mara de Diputados. La decisi\u00f3n\u2026","rel":"","context":"En \u00abSin categor\u00eda\u00bb","block_context":{"text":"Sin categor\u00eda","link":"https:\/\/lasprimeras.com.do\/index.php\/category\/sin-categoria\/"},"img":{"alt_text":"Omar Fern\u00e1ndez y Tob\u00edas Crespo","src":"https:\/\/i0.wp.com\/lasprimeras.com.do\/wp-content\/uploads\/2024\/08\/Omar-Fernandez-y-Tobias-Crespo.jpeg?resize=350%2C200&ssl=1","width":350,"height":200,"srcset":"https:\/\/i0.wp.com\/lasprimeras.com.do\/wp-content\/uploads\/2024\/08\/Omar-Fernandez-y-Tobias-Crespo.jpeg?resize=350%2C200&ssl=1 1x, https:\/\/i0.wp.com\/lasprimeras.com.do\/wp-content\/uploads\/2024\/08\/Omar-Fernandez-y-Tobias-Crespo.jpeg?resize=525%2C300&ssl=1 1.5x, https:\/\/i0.wp.com\/lasprimeras.com.do\/wp-content\/uploads\/2024\/08\/Omar-Fernandez-y-Tobias-Crespo.jpeg?resize=700%2C400&ssl=1 2x, https:\/\/i0.wp.com\/lasprimeras.com.do\/wp-content\/uploads\/2024\/08\/Omar-Fernandez-y-Tobias-Crespo.jpeg?resize=1050%2C600&ssl=1 3x"},"classes":[]},{"id":87476,"url":"https:\/\/lasprimeras.com.do\/index.php\/2024\/08\/12\/rafael-castillo-sera-el-nuevo-vocero-del-bloque-de-la-fp-en-la-camara-de-diputados\/","url_meta":{"origin":92827,"position":1},"title":"Rafael Castillo ser\u00e1 el nuevo vocero del bloque de la FP en la C\u00e1mara de Diputados","author":"Nelson Feliz","date":"12 de agosto de 2024","format":false,"excerpt":"Selinee M\u00e9ndez ser\u00e1 vice vocera y Dulce Rojas la secretaria del bloque de la FP en la C\u00e1mara Baja. El partido Fuerza del Pueblo eligi\u00f3 a Rafael Castillo como nuevo vocero del bloque de su organizaci\u00f3n en la C\u00e1mara de Diputados, para el per\u00edodo legislativo que inicia el 16 de\u2026","rel":"","context":"En \u00abSin categor\u00eda\u00bb","block_context":{"text":"Sin categor\u00eda","link":"https:\/\/lasprimeras.com.do\/index.php\/category\/sin-categoria\/"},"img":{"alt_text":"Rafael Castillo","src":"https:\/\/i0.wp.com\/lasprimeras.com.do\/wp-content\/uploads\/2024\/08\/fp.jpg?resize=350%2C200&ssl=1","width":350,"height":200,"srcset":"https:\/\/i0.wp.com\/lasprimeras.com.do\/wp-content\/uploads\/2024\/08\/fp.jpg?resize=350%2C200&ssl=1 1x, https:\/\/i0.wp.com\/lasprimeras.com.do\/wp-content\/uploads\/2024\/08\/fp.jpg?resize=525%2C300&ssl=1 1.5x, https:\/\/i0.wp.com\/lasprimeras.com.do\/wp-content\/uploads\/2024\/08\/fp.jpg?resize=700%2C400&ssl=1 2x"},"classes":[]},{"id":110971,"url":"https:\/\/lasprimeras.com.do\/index.php\/2025\/10\/03\/cnm-evalua-desempeno-de-jueces-de-la-suprema-corte-de-justicia\/","url_meta":{"origin":92827,"position":2},"title":"CNM eval\u00faa desempe\u00f1o de jueces de la Suprema Corte de Justicia","author":"Nelson Feliz","date":"3 de octubre de 2025","format":false,"excerpt":"Los jueces evaluados fueron Pilar Jim\u00e9nez Ort\u00edz, Manuel Alexis Read Ortiz y Mois\u00e9s Ferrer Landr\u00f3n, quienes ya han cumplido siete a\u00f1os en sus puestos El Consejo Nacional de la Magistratura (CNM), encabezado por el presidente Luis Abinader celebr\u00f3 este jueves su tercera sesi\u00f3n de trabajo donde evalu\u00f3 el desempe\u00f1o de\u2026","rel":"","context":"En \u00abNACIONALES\u00bb","block_context":{"text":"NACIONALES","link":"https:\/\/lasprimeras.com.do\/index.php\/category\/nacionales\/"},"img":{"alt_text":"","src":"https:\/\/i0.wp.com\/lasprimeras.com.do\/wp-content\/uploads\/2025\/10\/CNM-2.jpg?resize=350%2C200&ssl=1","width":350,"height":200,"srcset":"https:\/\/i0.wp.com\/lasprimeras.com.do\/wp-content\/uploads\/2025\/10\/CNM-2.jpg?resize=350%2C200&ssl=1 1x, https:\/\/i0.wp.com\/lasprimeras.com.do\/wp-content\/uploads\/2025\/10\/CNM-2.jpg?resize=525%2C300&ssl=1 1.5x, https:\/\/i0.wp.com\/lasprimeras.com.do\/wp-content\/uploads\/2025\/10\/CNM-2.jpg?resize=700%2C400&ssl=1 2x"},"classes":[]},{"id":116671,"url":"https:\/\/lasprimeras.com.do\/index.php\/2025\/12\/03\/cnm-escoge-jueces-titulares-y-suplentes-del-tse-quienes-seran-juramentados-este-jueves-en-el-palacio-nacional\/","url_meta":{"origin":92827,"position":3},"title":"CNM escoge jueces titulares y suplentes del TSE quienes ser\u00e1n juramentados este jueves en el Palacio Nacional","author":"Nelson Feliz","date":"3 de diciembre de 2025","format":false,"excerpt":"En los pr\u00f3ximos d\u00edas se volver\u00e1 a convocar al Consejo para la selecci\u00f3n de jueces de la Suprema Corte de Justicia El Consejo Nacional de la Magistratura (CNM) escogi\u00f3 este martes a los jueces que integrar\u00e1n el Tribunal Superior Electoral, una de las altas cortes que conforman el sistema judicial\u2026","rel":"","context":"En \u00abNACIONALES\u00bb","block_context":{"text":"NACIONALES","link":"https:\/\/lasprimeras.com.do\/index.php\/category\/nacionales\/"},"img":{"alt_text":"","src":"https:\/\/i0.wp.com\/lasprimeras.com.do\/wp-content\/uploads\/2025\/12\/CNM.jpg?resize=350%2C200&ssl=1","width":350,"height":200,"srcset":"https:\/\/i0.wp.com\/lasprimeras.com.do\/wp-content\/uploads\/2025\/12\/CNM.jpg?resize=350%2C200&ssl=1 1x, https:\/\/i0.wp.com\/lasprimeras.com.do\/wp-content\/uploads\/2025\/12\/CNM.jpg?resize=525%2C300&ssl=1 1.5x, https:\/\/i0.wp.com\/lasprimeras.com.do\/wp-content\/uploads\/2025\/12\/CNM.jpg?resize=700%2C400&ssl=1 2x"},"classes":[]},{"id":104313,"url":"https:\/\/lasprimeras.com.do\/index.php\/2025\/07\/23\/diputados-de-fp-reeligen-a-rafael-castillo-como-su-vocero-en-la-cd\/","url_meta":{"origin":92827,"position":4},"title":"Diputados de FP reeligen a Rafael Castillo como su vocero en la CD","author":"Nelson Feliz","date":"23 de julio de 2025","format":false,"excerpt":"El bloque de diputados de la Fuerza del Pueblo se reuni\u00f3 hoy en la Casa del Pueblo Johnny Ventura para elegir su vocero en la C\u00e1mara de Diputados. Los 29 diputados de la FP eligieron al congresista Rafael Castillo, diputado por Santo Domingo Este, como su vocero; Carlos de P\u00e9rez,\u2026","rel":"","context":"En \u00abPOLITICA\u00bb","block_context":{"text":"POLITICA","link":"https:\/\/lasprimeras.com.do\/index.php\/category\/politica\/"},"img":{"alt_text":"Rafael Castillo","src":"https:\/\/i0.wp.com\/lasprimeras.com.do\/wp-content\/uploads\/2025\/07\/Rafael-Castillo.jpg?resize=350%2C200&ssl=1","width":350,"height":200,"srcset":"https:\/\/i0.wp.com\/lasprimeras.com.do\/wp-content\/uploads\/2025\/07\/Rafael-Castillo.jpg?resize=350%2C200&ssl=1 1x, https:\/\/i0.wp.com\/lasprimeras.com.do\/wp-content\/uploads\/2025\/07\/Rafael-Castillo.jpg?resize=525%2C300&ssl=1 1.5x, https:\/\/i0.wp.com\/lasprimeras.com.do\/wp-content\/uploads\/2025\/07\/Rafael-Castillo.jpg?resize=700%2C400&ssl=1 2x"},"classes":[]},{"id":116887,"url":"https:\/\/lasprimeras.com.do\/index.php\/2025\/12\/05\/cnm-juramenta-a-nuevos-jueces-del-tribunal-superior-electoral-tras-concluir-proceso-de-evaluacion\/","url_meta":{"origin":92827,"position":5},"title":"CNM juramenta a nuevos jueces del Tribunal Superior Electoral tras concluir proceso de evaluaci\u00f3n","author":"Nelson Feliz","date":"5 de diciembre de 2025","format":false,"excerpt":"El acto fue encabezado por el presidente Luis Abinader. El Consejo Nacional de la Magistratura (CNM), presidido por el presidente Luis Abinader, jurament\u00f3 este jueves a los jueces titulares y suplentes escogidos para integrar el Tribunal Superior Electoral, en un acto donde se reafirm\u00f3 el compromiso institucional con el fortalecimiento\u2026","rel":"","context":"En \u00abNACIONALES\u00bb","block_context":{"text":"NACIONALES","link":"https:\/\/lasprimeras.com.do\/index.php\/category\/nacionales\/"},"img":{"alt_text":"","src":"https:\/\/i0.wp.com\/lasprimeras.com.do\/wp-content\/uploads\/2025\/12\/CNM-2.jpg?resize=350%2C200&ssl=1","width":350,"height":200,"srcset":"https:\/\/i0.wp.com\/lasprimeras.com.do\/wp-content\/uploads\/2025\/12\/CNM-2.jpg?resize=350%2C200&ssl=1 1x, https:\/\/i0.wp.com\/lasprimeras.com.do\/wp-content\/uploads\/2025\/12\/CNM-2.jpg?resize=525%2C300&ssl=1 1.5x, https:\/\/i0.wp.com\/lasprimeras.com.do\/wp-content\/uploads\/2025\/12\/CNM-2.jpg?resize=700%2C400&ssl=1 2x"},"classes":[]}],"jetpack_sharing_enabled":true,"_links":{"self":[{"href":"https:\/\/lasprimeras.com.do\/index.php\/wp-json\/wp\/v2\/posts\/92827","targetHints":{"allow":["GET"]}}],"collection":[{"href":"https:\/\/lasprimeras.com.do\/index.php\/wp-json\/wp\/v2\/posts"}],"about":[{"href":"https:\/\/lasprimeras.com.do\/index.php\/wp-json\/wp\/v2\/types\/post"}],"author":[{"embeddable":true,"href":"https:\/\/lasprimeras.com.do\/index.php\/wp-json\/wp\/v2\/users\/2"}],"replies":[{"embeddable":true,"href":"https:\/\/lasprimeras.com.do\/index.php\/wp-json\/wp\/v2\/comments?post=92827"}],"version-history":[{"count":1,"href":"https:\/\/lasprimeras.com.do\/index.php\/wp-json\/wp\/v2\/posts\/92827\/revisions"}],"predecessor-version":[{"id":92829,"href":"https:\/\/lasprimeras.com.do\/index.php\/wp-json\/wp\/v2\/posts\/92827\/revisions\/92829"}],"wp:featuredmedia":[{"embeddable":true,"href":"https:\/\/lasprimeras.com.do\/index.php\/wp-json\/wp\/v2\/media\/92828"}],"wp:attachment":[{"href":"https:\/\/lasprimeras.com.do\/index.php\/wp-json\/wp\/v2\/media?parent=92827"}],"wp:term":[{"taxonomy":"category","embeddable":true,"href":"https:\/\/lasprimeras.com.do\/index.php\/wp-json\/wp\/v2\/categories?post=92827"},{"taxonomy":"post_tag","embeddable":true,"href":"https:\/\/lasprimeras.com.do\/index.php\/wp-json\/wp\/v2\/tags?post=92827"}],"curies":[{"name":"wp","href":"https:\/\/api.w.org\/{rel}","templated":true}]}}