{"id":92839,"date":"2025-01-17T21:49:56","date_gmt":"2025-01-18T01:49:56","guid":{"rendered":"https:\/\/lasprimeras.com.do\/?p=92839"},"modified":"2025-01-17T21:50:01","modified_gmt":"2025-01-18T01:50:01","slug":"el-gobierno-es-complice-en-el-ecocidio-de-las-cuevas-del-pomier","status":"publish","type":"post","link":"https:\/\/lasprimeras.com.do\/index.php\/2025\/01\/17\/el-gobierno-es-complice-en-el-ecocidio-de-las-cuevas-del-pomier\/","title":{"rendered":"El Gobierno es c\u00f3mplice en el Ecocidio de las Cuevas del Pomier"},"content":{"rendered":"\n<p><strong>Las actividades mineras indiscriminadas alrededor de las Cuevas del Pomier empujan las mismas a su desaparici\u00f3n, advierte el Partido de la Liberaci\u00f3n Dominicana<\/strong><\/p>\n\n\n\n<p>Es imperativo que el gobierno asuma su papel como guardi\u00e1n del tesoro nacional que representa las Cuevas del Pomier en la provincia San Crist\u00f3bal y tome las medidas necesarias para garantizar que las generaciones futuras puedan conectarse con este legado cultural y natural \u00fanico en el mundo.<\/p>\n\n\n\n<p>La consideraci\u00f3n es de Alfonso Ure\u00f1a, titular de la Secretar\u00eda de Medio Ambiente y Recursos Naturales del Partido de la Liberaci\u00f3n Dominicana (PLD) al advertir que las actividades mineras indiscriminadas alrededor de las Cuevas del Pomier empujan las mismas a su desaparici\u00f3n irremediable.<\/p>\n\n\n\n<p>\u201cLas Cuevas del Pomier, un patrimonio cultural y natural de incalculable valor para la Rep\u00fablica Dominicana y el mundo, enfrentan una crisis grave debido a las actividades mineras indiscriminadas que las han llevado al borde del colapso. A pesar de la evidencia irrefutable presentada en m\u00faltiples estudios y denuncias, el gobierno dominicano y el Ministerio de Medio Ambiente ha mostrado una preocupante inacci\u00f3n frente a este desastre ambiental y cultural\u201d, afirma el PLD por intermedio de su Secretar\u00eda de Medio Ambiente y Recursos Naturales.<\/p>\n\n\n\n<p>Ure\u00f1a recuerda que, desde hace d\u00e9cadas, expertos ambientalistas han advertido sobre los da\u00f1os irreversibles que supone permitir la operaci\u00f3n minera en los alrededores de las Cuevas del Pomier.<\/p>\n\n\n\n<p>Cita estudios recientes, como el realizado por George Veni &amp; Asociados en 2024, han documentado que nueve cuevas han sido destruidas completamente, incluidas tres con arte rupestre invaluable, y siete m\u00e1s presentan da\u00f1os significativos.<\/p>\n\n\n\n<p>\u201cLa falta de acci\u00f3n del Ministerio de Medio Ambiente no es solo negligencia, sino tambi\u00e9n un reflejo potencial de complicidad con las empresas responsables, ya que la inobservancia de las leyes ambientales, como la Ley 64-00 y su eventual inacci\u00f3n, convierte al Gobierno en un c\u00f3mplice directo de este ecocidio\u201d apunta Alfonso Ure\u00f1a.<\/p>\n\n\n\n<p>Apunta que las autoridades responsables de supervisar las \u00e1reas protegidas han permitido que las operaciones contin\u00faen a pesar de las evidencias de ilegalidad y del impacto catastr\u00f3fico en el medio ambiente y la cultura.<\/p>\n\n\n\n<p>Para salvar las Cuevas del Pomier y restaurar la confianza de la ciudadan\u00eda en las instituciones, el titular de la Secretar\u00eda Medio Ambiente, recomienda entre otras cosas: Cesar de inmediato de las operaciones mineras en el \u00e1rea protegida, obligar a las empresas responsables a financiar la restauraci\u00f3n de las cuevas y la reforestaci\u00f3n de las \u00e1reas afectadas, establecer mecanismos de control y sanciones severas contra funcionarios.<\/p>\n\n\n\n<p>\u201cEl tiempo para actuar es ahora\u201d, concluye Ure\u00f1a su afirmaci\u00f3n divulgada en un despacho de la Secretar\u00eda de Comunicaciones del PLD.<\/p>\n","protected":false},"excerpt":{"rendered":"<p>Las actividades mineras indiscriminadas alrededor de las Cuevas del Pomier empujan las mismas a su desaparici\u00f3n, advierte el Partido de la Liberaci\u00f3n Dominicana Es imperativo que el gobierno asuma su&hellip;<\/p>\n","protected":false},"author":2,"featured_media":92840,"comment_status":"open","ping_status":"open","sticky":false,"template":"","format":"standard","meta":{"content-type":"","jetpack_post_was_ever_published":false,"_jetpack_newsletter_access":"","_jetpack_dont_email_post_to_subs":false,"_jetpack_newsletter_tier_id":0,"_jetpack_memberships_contains_paywalled_content":false,"_jetpack_memberships_contains_paid_content":false,"footnotes":""},"categories":[16559,25],"tags":[16986,16985,171],"class_list":["post-92839","post","type-post","status-publish","format-standard","has-post-thumbnail","hentry","category-politica","category-portada","tag-cuevas-del-pomier","tag-ecocidio","tag-gobierno"],"jetpack_featured_media_url":"https:\/\/lasprimeras.com.do\/wp-content\/uploads\/2025\/01\/Alfonso-Urena.jpg","jetpack-related-posts":[{"id":104669,"url":"https:\/\/lasprimeras.com.do\/index.php\/2025\/07\/25\/abinader-crea-comision-presidencial-para-desarrollo-sostenible-y-ecoturistico-de-las-cuevas-del-pomier\/","url_meta":{"origin":92839,"position":0},"title":"Abinader crea comisi\u00f3n presidencial para desarrollo sostenible y ecotur\u00edstico de las Cuevas del Pomier","author":"Nelson Feliz","date":"25 de julio de 2025","format":false,"excerpt":"El Consultor Jur\u00eddico del Poder Ejecutivo, Antoliano Peralta Romero, inform\u00f3 que el presidente Luis Abinader emiti\u00f3 este viernes el Decreto n\u00fam. 403-25, mediante el cual se impulsa una nueva etapa de protecci\u00f3n, uso sostenible y desarrollo ecotur\u00edstico de la Reserva Antropol\u00f3gica Cuevas de Borb\u00f3n o del Pomier, ubicada en San\u2026","rel":"","context":"En \u00abTURISMO\u00bb","block_context":{"text":"TURISMO","link":"https:\/\/lasprimeras.com.do\/index.php\/category\/turismo\/"},"img":{"alt_text":"","src":"https:\/\/i0.wp.com\/lasprimeras.com.do\/wp-content\/uploads\/2025\/07\/las-Cuevas-del-Pomier.jpg?resize=350%2C200&ssl=1","width":350,"height":200,"srcset":"https:\/\/i0.wp.com\/lasprimeras.com.do\/wp-content\/uploads\/2025\/07\/las-Cuevas-del-Pomier.jpg?resize=350%2C200&ssl=1 1x, https:\/\/i0.wp.com\/lasprimeras.com.do\/wp-content\/uploads\/2025\/07\/las-Cuevas-del-Pomier.jpg?resize=525%2C300&ssl=1 1.5x, https:\/\/i0.wp.com\/lasprimeras.com.do\/wp-content\/uploads\/2025\/07\/las-Cuevas-del-Pomier.jpg?resize=700%2C400&ssl=1 2x"},"classes":[]},{"id":106513,"url":"https:\/\/lasprimeras.com.do\/index.php\/2025\/08\/16\/abinader-emite-decreto-que-modifica-la-integracion-de-comision-presidencial-de-las-cuevas-del-pomier\/","url_meta":{"origin":92839,"position":1},"title":"Abinader emite decreto que modifica la integraci\u00f3n de Comisi\u00f3n Presidencial de las &#8220;Cuevas del Pomier&#8221;","author":"Nelson Feliz","date":"16 de agosto de 2025","format":false,"excerpt":"El presidente Luis Abinader emiti\u00f3 el decreto n\u00famero 457-25 que modifica la integraci\u00f3n de la Comisi\u00f3n Presidencial de las Cuevas del Pomier, resultando de la siguiente: un presidente, designado por decreto; los ministerios de Medio Ambiente y Recursos Naturales: de Cultura; y de Turismo; la Empresa de Generaci\u00f3n Hidroel\u00e9ctrica Dominicana\u2026","rel":"","context":"En \u00abPORTADA\u00bb","block_context":{"text":"PORTADA","link":"https:\/\/lasprimeras.com.do\/index.php\/category\/portada\/"},"img":{"alt_text":"","src":"","width":0,"height":0},"classes":[]},{"id":117992,"url":"https:\/\/lasprimeras.com.do\/index.php\/2025\/12\/18\/senado-aprobo-ley-que-declara-reserva-antropologica-las-cuevas-de-borbon-o-del-pomier\/","url_meta":{"origin":92839,"position":2},"title":"Senado aprob\u00f3 ley que declara reserva antropol\u00f3gica las Cuevas de Borb\u00f3n o del Pomier","author":"Nelson Feliz","date":"18 de diciembre de 2025","format":false,"excerpt":"\u201cCapital Rupestre de la Rep\u00fablica Dominicana\u201d El Senado de la Rep\u00fablica aprob\u00f3 en segunda lectura el proyecto de ley que declara la reserva antropol\u00f3gica las Cuevas de Borb\u00f3n o del Pomier como \u201cCapital Rupestre de la Rep\u00fablica Dominicana\u201d. Esta propuesta legislativa, presentada por el senador de la provincia de San\u2026","rel":"","context":"En \u00abNACIONALES\u00bb","block_context":{"text":"NACIONALES","link":"https:\/\/lasprimeras.com.do\/index.php\/category\/nacionales\/"},"img":{"alt_text":"","src":"https:\/\/i0.wp.com\/lasprimeras.com.do\/wp-content\/uploads\/2025\/12\/Mallete-senado.jpg?resize=350%2C200&ssl=1","width":350,"height":200,"srcset":"https:\/\/i0.wp.com\/lasprimeras.com.do\/wp-content\/uploads\/2025\/12\/Mallete-senado.jpg?resize=350%2C200&ssl=1 1x, https:\/\/i0.wp.com\/lasprimeras.com.do\/wp-content\/uploads\/2025\/12\/Mallete-senado.jpg?resize=525%2C300&ssl=1 1.5x, https:\/\/i0.wp.com\/lasprimeras.com.do\/wp-content\/uploads\/2025\/12\/Mallete-senado.jpg?resize=700%2C400&ssl=1 2x"},"classes":[]},{"id":123285,"url":"https:\/\/lasprimeras.com.do\/index.php\/2026\/02\/27\/abinader-rd-consolida-liderazgo-regional-en-sostenibilidad-ambiental-proteccion-territorial-y-gestion-de-residuos\/","url_meta":{"origin":92839,"position":3},"title":"Abinader : RD consolida liderazgo regional en sostenibilidad ambiental, protecci\u00f3n territorial y gesti\u00f3n de residuos","author":"Nelson Feliz","date":"27 de febrero de 2026","format":false,"excerpt":"Digitalizaci\u00f3n de servicios medioambientales acelera inversiones por m\u00e1s de US$22,000 millones. Se rehabilitan centros de protecci\u00f3n y vigilancia del territorio nacional y se impuls\u00f3 el cierre t\u00e9cnico y transformaci\u00f3n del vertedero de Duquesa La sostenibilidad ambiental es otro aspecto fundamental en las pol\u00edticas p\u00fablicas del gobierno del presidente Luis Abinader,\u2026","rel":"","context":"En \u00abMEDIO AMBIENTE\u00bb","block_context":{"text":"MEDIO AMBIENTE","link":"https:\/\/lasprimeras.com.do\/index.php\/category\/medio-ambiente\/"},"img":{"alt_text":"","src":"https:\/\/i0.wp.com\/lasprimeras.com.do\/wp-content\/uploads\/2026\/02\/Rendicion-de-Cuentas-3.jpg?resize=350%2C200&ssl=1","width":350,"height":200,"srcset":"https:\/\/i0.wp.com\/lasprimeras.com.do\/wp-content\/uploads\/2026\/02\/Rendicion-de-Cuentas-3.jpg?resize=350%2C200&ssl=1 1x, https:\/\/i0.wp.com\/lasprimeras.com.do\/wp-content\/uploads\/2026\/02\/Rendicion-de-Cuentas-3.jpg?resize=525%2C300&ssl=1 1.5x, https:\/\/i0.wp.com\/lasprimeras.com.do\/wp-content\/uploads\/2026\/02\/Rendicion-de-Cuentas-3.jpg?resize=700%2C400&ssl=1 2x"},"classes":[]},{"id":120713,"url":"https:\/\/lasprimeras.com.do\/index.php\/2026\/01\/27\/senado-aprobo-197-iniciativas-legislativas-en-segunda-legislatura-ordinaria-2025-2026\/","url_meta":{"origin":92839,"position":4},"title":"Senado aprob\u00f3 197 iniciativas legislativas en segunda Legislatura Ordinaria 2025-2026","author":"Nelson Feliz","date":"27 de enero de 2026","format":false,"excerpt":"Entre las iniciativas aprobadas se destacan la Ley org\u00e1nica que instituye el C\u00f3digo Procesal Penal, Ley org\u00e1nica que aprueba el C\u00f3digo Trabajo, as\u00ed como la Ley que crea el Colegio de Contadores P\u00fablicos Autorizados de la Rep\u00fablica Dominicana, entre otras de gran importancia para el pa\u00eds. El Senado de la\u2026","rel":"","context":"En \u00abNACIONALES\u00bb","block_context":{"text":"NACIONALES","link":"https:\/\/lasprimeras.com.do\/index.php\/category\/nacionales\/"},"img":{"alt_text":"","src":"https:\/\/i0.wp.com\/lasprimeras.com.do\/wp-content\/uploads\/2026\/01\/IMG-20260127-WA0141.jpg?resize=350%2C200&ssl=1","width":350,"height":200,"srcset":"https:\/\/i0.wp.com\/lasprimeras.com.do\/wp-content\/uploads\/2026\/01\/IMG-20260127-WA0141.jpg?resize=350%2C200&ssl=1 1x, https:\/\/i0.wp.com\/lasprimeras.com.do\/wp-content\/uploads\/2026\/01\/IMG-20260127-WA0141.jpg?resize=525%2C300&ssl=1 1.5x, https:\/\/i0.wp.com\/lasprimeras.com.do\/wp-content\/uploads\/2026\/01\/IMG-20260127-WA0141.jpg?resize=700%2C400&ssl=1 2x, https:\/\/i0.wp.com\/lasprimeras.com.do\/wp-content\/uploads\/2026\/01\/IMG-20260127-WA0141.jpg?resize=1050%2C600&ssl=1 3x"},"classes":[]},{"id":117870,"url":"https:\/\/lasprimeras.com.do\/index.php\/2025\/12\/16\/senado-aprueba-presupuesto-general-del-estado-para-el-ano-2026\/","url_meta":{"origin":92839,"position":5},"title":"Senado aprueba Presupuesto General del Estado para el a\u00f1o 2026","author":"Nelson Feliz","date":"16 de diciembre de 2025","format":false,"excerpt":"El 35.4% del presupuesto aprobado ser\u00e1 enfocado a la articulaci\u00f3n de bienes y servicios p\u00fablicos relacionados con la Estrategia Nacional de Desarrollo. La C\u00e1mara Alta declar\u00f3 de urgencia y aprob\u00f3 en dos lecturas consecutivas el Proyecto de Ley de Presupuesto General del Estado correspondiente al a\u00f1o 2026, ascendente a un\u2026","rel":"","context":"En \u00abECONOM\u00cdA\u00bb","block_context":{"text":"ECONOM\u00cdA","link":"https:\/\/lasprimeras.com.do\/index.php\/category\/economia\/"},"img":{"alt_text":"Senado aprueba Presupuesto General del Estado para el a\u00f1o 2026","src":"https:\/\/i0.wp.com\/lasprimeras.com.do\/wp-content\/uploads\/2025\/12\/Senado-aprueba-Presupuesto-General-del-Estado-para-el-ano-2026.jpg?resize=350%2C200&ssl=1","width":350,"height":200,"srcset":"https:\/\/i0.wp.com\/lasprimeras.com.do\/wp-content\/uploads\/2025\/12\/Senado-aprueba-Presupuesto-General-del-Estado-para-el-ano-2026.jpg?resize=350%2C200&ssl=1 1x, https:\/\/i0.wp.com\/lasprimeras.com.do\/wp-content\/uploads\/2025\/12\/Senado-aprueba-Presupuesto-General-del-Estado-para-el-ano-2026.jpg?resize=525%2C300&ssl=1 1.5x, https:\/\/i0.wp.com\/lasprimeras.com.do\/wp-content\/uploads\/2025\/12\/Senado-aprueba-Presupuesto-General-del-Estado-para-el-ano-2026.jpg?resize=700%2C400&ssl=1 2x"},"classes":[]}],"jetpack_sharing_enabled":true,"_links":{"self":[{"href":"https:\/\/lasprimeras.com.do\/index.php\/wp-json\/wp\/v2\/posts\/92839","targetHints":{"allow":["GET"]}}],"collection":[{"href":"https:\/\/lasprimeras.com.do\/index.php\/wp-json\/wp\/v2\/posts"}],"about":[{"href":"https:\/\/lasprimeras.com.do\/index.php\/wp-json\/wp\/v2\/types\/post"}],"author":[{"embeddable":true,"href":"https:\/\/lasprimeras.com.do\/index.php\/wp-json\/wp\/v2\/users\/2"}],"replies":[{"embeddable":true,"href":"https:\/\/lasprimeras.com.do\/index.php\/wp-json\/wp\/v2\/comments?post=92839"}],"version-history":[{"count":1,"href":"https:\/\/lasprimeras.com.do\/index.php\/wp-json\/wp\/v2\/posts\/92839\/revisions"}],"predecessor-version":[{"id":92841,"href":"https:\/\/lasprimeras.com.do\/index.php\/wp-json\/wp\/v2\/posts\/92839\/revisions\/92841"}],"wp:featuredmedia":[{"embeddable":true,"href":"https:\/\/lasprimeras.com.do\/index.php\/wp-json\/wp\/v2\/media\/92840"}],"wp:attachment":[{"href":"https:\/\/lasprimeras.com.do\/index.php\/wp-json\/wp\/v2\/media?parent=92839"}],"wp:term":[{"taxonomy":"category","embeddable":true,"href":"https:\/\/lasprimeras.com.do\/index.php\/wp-json\/wp\/v2\/categories?post=92839"},{"taxonomy":"post_tag","embeddable":true,"href":"https:\/\/lasprimeras.com.do\/index.php\/wp-json\/wp\/v2\/tags?post=92839"}],"curies":[{"name":"wp","href":"https:\/\/api.w.org\/{rel}","templated":true}]}}