{"id":92848,"date":"2025-01-17T22:39:21","date_gmt":"2025-01-18T02:39:21","guid":{"rendered":"https:\/\/lasprimeras.com.do\/?p=92848"},"modified":"2025-01-17T22:39:25","modified_gmt":"2025-01-18T02:39:25","slug":"pld-denuncia-que-la-basura-arropa-el-municipio-de-haina","status":"publish","type":"post","link":"https:\/\/lasprimeras.com.do\/index.php\/2025\/01\/17\/pld-denuncia-que-la-basura-arropa-el-municipio-de-haina\/","title":{"rendered":"PLD denuncia que la basura arropa el municipio de Haina"},"content":{"rendered":"\n<p><strong>El PLD en el municipio de Haina emplaza a la Alcald\u00eda para que se resuelva en lo inmediato el alarmante c\u00famulo de basura all\u00ed.<\/strong><\/p>\n\n\n\n<p>El Partido de la Liberaci\u00f3n Dominicana (PLD) en Haina denunci\u00f3 la situaci\u00f3n de abandono y suciedad predominante en el municipio caracterizado por vertederos improvisados y la indiferencia de la alcald\u00eda para atender los reclamos de los mun\u00edcipes.<\/p>\n\n\n\n<p>\u201cEsta situaci\u00f3n que se viene dando desde hace meses, pero que se recrudece a partir de diciembre y en lo que va de enero sin que se vislumbre ninguna soluci\u00f3n en lo inmediato, ni que se vea la voluntad de hacerlo por parte del alcalde\u201d, denunci\u00f3 la Direcci\u00f3n Municipal del Partido de la Liberaci\u00f3n Dominicana (PLD) en el Municipio de Bajos de Haina y su Bloque de Regidores.<\/p>\n\n\n\n<p>Afirman que, pese a los montones de basura en la localidad, no se identifica un orden en las rutas y frecuencias de las recogidas y cada d\u00eda, se puede observar en cada esquina de la principal calle del centro de la ciudad, y en los barrios perif\u00e9ricos el problema es mayor.<\/p>\n\n\n\n<p>\u201cY lo que es peor que, a pesar de las decisiones de gastos en nuevos equipos para asumir desde el ayuntamiento, no se vislumbra la suficiente capacidad para de manera organizada y planificada resolver el tema de la limpieza p\u00fablica. Con todo esto, corremos el riesgo de que se desaten problemas sanitarios, afectando la salud de los mun\u00edcipes, muy especialmente a la poblaci\u00f3n infantil\u201d, advierte en el Comit\u00e9 Municipal del PLD en los Bajos de Haina.<\/p>\n\n\n\n<p>Denuncian tambi\u00e9n que junto a la incapacidad para la recogida de los desperdicios s\u00f3lidos otros servicios del cabildo han colapsado otros reflej\u00e1ndose en calles en mal estado, deterioro de aceras y contenes, caos en el tr\u00e1nsito y el desorden urbano, etc.<\/p>\n\n\n\n<p>\u201cDenunciamos que durante todo este tiempo se ha pagado una gran cantidad de fondos del municipio a una compa\u00f1\u00eda que no ha cumplido con los compromisos para la que fue contratada, mientras el ejecutivo, no supervis\u00f3 y corrigi\u00f3 los desaciertos de la misma\u201d manifiesta el PLD en Haina en rueda de prensa<\/p>\n\n\n\n<p>Denuncian tambi\u00e9n que la zona de Urbanizaci\u00f3n Caribe, el alcalde adquiri\u00f3 un terreno el a\u00f1o pasado, destinado para la construcci\u00f3n de una cancha donde la juventud de ese lugar pudiera practicar deporte. Y hasta ahora lo \u00fanico que hay en ese lugar es un vertedero improvisado y lleno de escombros.<\/p>\n\n\n\n<p>\u201cReiteramos el emplazamiento a la alcald\u00eda de Haina para que se desarrolle un verdadero plan de ordenamiento de todas las actividades que deben realizarse desde el ayuntamiento municipal. Estaremos vigilantes y en pie de lucha constante por el bienestar de nuestra comunidad de Haina\u201d, concluye el Comit\u00e9 Municipal del PLD.<\/p>\n","protected":false},"excerpt":{"rendered":"<p>El PLD en el municipio de Haina emplaza a la Alcald\u00eda para que se resuelva en lo inmediato el alarmante c\u00famulo de basura all\u00ed. El Partido de la Liberaci\u00f3n Dominicana&hellip;<\/p>\n","protected":false},"author":2,"featured_media":92849,"comment_status":"open","ping_status":"open","sticky":false,"template":"","format":"standard","meta":{"content-type":"","jetpack_post_was_ever_published":false,"_jetpack_newsletter_access":"","_jetpack_dont_email_post_to_subs":false,"_jetpack_newsletter_tier_id":0,"_jetpack_memberships_contains_paywalled_content":false,"_jetpack_memberships_contains_paid_content":false,"footnotes":""},"categories":[16559],"tags":[16990,3045,16991,269],"class_list":["post-92848","post","type-post","status-publish","format-standard","has-post-thumbnail","hentry","category-politica","tag-arropa","tag-basura","tag-municipio-de-haina","tag-pld"],"jetpack_featured_media_url":"https:\/\/lasprimeras.com.do\/wp-content\/uploads\/2025\/01\/PLD.jpg","jetpack-related-posts":[{"id":103989,"url":"https:\/\/lasprimeras.com.do\/index.php\/2025\/07\/21\/leonel-juramenta-2-regidores-y-mas-dirigentes-del-pld-prm-y-otras-organizaciones-en-san-cristobal\/","url_meta":{"origin":92848,"position":0},"title":"Leonel juramenta 2 regidores y m\u00e1s dirigentes del PLD, PRM y otras organizaciones en San Crist\u00f3bal","author":"Nelson Feliz","date":"21 de julio de 2025","format":false,"excerpt":"En un acto multitudinario celebrado este domingo 20 de julio en el Club Deportivo Ciro P\u00e9rez, el presidente de la Fuerza del Pueblo (FP), Leonel Fern\u00e1ndez, jurament\u00f3 a dos regidores y decenas de dirigentes provenientes del Partido de la Liberaci\u00f3n Dominicana (PLD), del Partido Revolucionario Moderno (PRM) y de otras\u2026","rel":"","context":"En \u00abPOLITICA\u00bb","block_context":{"text":"POLITICA","link":"https:\/\/lasprimeras.com.do\/index.php\/category\/politica\/"},"img":{"alt_text":"Leonel Fern\u00e1ndez","src":"https:\/\/i0.wp.com\/lasprimeras.com.do\/wp-content\/uploads\/2025\/07\/Leonel-Fernandez-4.jpg?resize=350%2C200&ssl=1","width":350,"height":200,"srcset":"https:\/\/i0.wp.com\/lasprimeras.com.do\/wp-content\/uploads\/2025\/07\/Leonel-Fernandez-4.jpg?resize=350%2C200&ssl=1 1x, https:\/\/i0.wp.com\/lasprimeras.com.do\/wp-content\/uploads\/2025\/07\/Leonel-Fernandez-4.jpg?resize=525%2C300&ssl=1 1.5x, https:\/\/i0.wp.com\/lasprimeras.com.do\/wp-content\/uploads\/2025\/07\/Leonel-Fernandez-4.jpg?resize=700%2C400&ssl=1 2x"},"classes":[]},{"id":86018,"url":"https:\/\/lasprimeras.com.do\/index.php\/2024\/07\/14\/pld-lamenta-fallecimiento-de-rafael-de-jesus-pepito\/","url_meta":{"origin":92848,"position":1},"title":"PLD lamenta fallecimiento de Rafael de Jes\u00fas (Pepito)","author":"Nelson Feliz","date":"14 de julio de 2024","format":false,"excerpt":"El Partido de la Liberaci\u00f3n Dominicana (PLD) lament\u00f3 el fallecimiento\u00a0\u00a0de Rafael de Jes\u00fas Rafael (Pepito), presidente ad vitam de la organizaci\u00f3n en el municipio de Haina, provincia San Crist\u00f3bal. \u00a0Jos\u00e9 Lozano, quien es\u00a0\u00a0el enlace del PLD en Haina, resalt\u00f3 los aportes de Pepito a la consolidaci\u00f3n del PLD como fuerza\u2026","rel":"","context":"En \u00abNACIONALES\u00bb","block_context":{"text":"NACIONALES","link":"https:\/\/lasprimeras.com.do\/index.php\/category\/nacionales\/"},"img":{"alt_text":"","src":"https:\/\/i0.wp.com\/lasprimeras.com.do\/wp-content\/uploads\/2024\/07\/pEPITO-hAINA-epd.jpg?resize=350%2C200&ssl=1","width":350,"height":200,"srcset":"https:\/\/i0.wp.com\/lasprimeras.com.do\/wp-content\/uploads\/2024\/07\/pEPITO-hAINA-epd.jpg?resize=350%2C200&ssl=1 1x, https:\/\/i0.wp.com\/lasprimeras.com.do\/wp-content\/uploads\/2024\/07\/pEPITO-hAINA-epd.jpg?resize=525%2C300&ssl=1 1.5x, https:\/\/i0.wp.com\/lasprimeras.com.do\/wp-content\/uploads\/2024\/07\/pEPITO-hAINA-epd.jpg?resize=700%2C400&ssl=1 2x"},"classes":[]},{"id":76622,"url":"https:\/\/lasprimeras.com.do\/index.php\/2024\/02\/13\/el-carril-haina-y-nigua-estan-con-el-pld-y-sus-candidatos\/","url_meta":{"origin":92848,"position":2},"title":"El Carril, Haina y Nigua est\u00e1n con el PLD y sus candidatos","author":"Nelson Feliz","date":"13 de febrero de 2024","format":false,"excerpt":"Radham\u00e9s Camacho, proyecta contundente triunfo del PLD en los municipios de la provincia San Crist\u00f3bal. El miembro del Comit\u00e9 Pol\u00edtico del Partido de la Liberaci\u00f3n Dominicana (PLD), Radham\u00e9s Camacho,calific\u00f3 de plebiscitario el recorrido que encabez\u00f3 el candidato presidencial del PLD, Abel Mart\u00ednez, en la Circunscripci\u00f3n 3 de San Crist\u00f3bal. \u201cEL\u2026","rel":"","context":"En \u00abPORTADA\u00bb","block_context":{"text":"PORTADA","link":"https:\/\/lasprimeras.com.do\/index.php\/category\/portada\/"},"img":{"alt_text":"","src":"https:\/\/i0.wp.com\/lasprimeras.com.do\/wp-content\/uploads\/2024\/02\/CamachoSan-Cristobal-2.jpg?resize=350%2C200&ssl=1","width":350,"height":200,"srcset":"https:\/\/i0.wp.com\/lasprimeras.com.do\/wp-content\/uploads\/2024\/02\/CamachoSan-Cristobal-2.jpg?resize=350%2C200&ssl=1 1x, https:\/\/i0.wp.com\/lasprimeras.com.do\/wp-content\/uploads\/2024\/02\/CamachoSan-Cristobal-2.jpg?resize=525%2C300&ssl=1 1.5x, https:\/\/i0.wp.com\/lasprimeras.com.do\/wp-content\/uploads\/2024\/02\/CamachoSan-Cristobal-2.jpg?resize=700%2C400&ssl=1 2x, https:\/\/i0.wp.com\/lasprimeras.com.do\/wp-content\/uploads\/2024\/02\/CamachoSan-Cristobal-2.jpg?resize=1050%2C600&ssl=1 3x"},"classes":[]},{"id":120188,"url":"https:\/\/lasprimeras.com.do\/index.php\/2026\/01\/21\/ege-haina-entrega-remozamiento-de-la-escuela-vocacional-de-las-ff-aa-y-de-la-pn-de-yaguate\/","url_meta":{"origin":92848,"position":3},"title":"EGE Haina entrega remozamiento de la Escuela Vocacional de las FF.AA. y de la PN de Yaguate","author":"Nelson Feliz","date":"21 de enero de 2026","format":false,"excerpt":"EGE Haina","rel":"","context":"En \u00abNACIONALES\u00bb","block_context":{"text":"NACIONALES","link":"https:\/\/lasprimeras.com.do\/index.php\/category\/nacionales\/"},"img":{"alt_text":"EGE Haina","src":"https:\/\/i0.wp.com\/lasprimeras.com.do\/wp-content\/uploads\/2026\/01\/EGE-Haina.jpg?resize=350%2C200&ssl=1","width":350,"height":200,"srcset":"https:\/\/i0.wp.com\/lasprimeras.com.do\/wp-content\/uploads\/2026\/01\/EGE-Haina.jpg?resize=350%2C200&ssl=1 1x, https:\/\/i0.wp.com\/lasprimeras.com.do\/wp-content\/uploads\/2026\/01\/EGE-Haina.jpg?resize=525%2C300&ssl=1 1.5x, https:\/\/i0.wp.com\/lasprimeras.com.do\/wp-content\/uploads\/2026\/01\/EGE-Haina.jpg?resize=700%2C400&ssl=1 2x"},"classes":[]},{"id":129034,"url":"https:\/\/lasprimeras.com.do\/index.php\/2026\/04\/28\/pld-califica-de-fantasia-y-retroceso-la-rendicion-de-cuentas-del-alcalde-de-sabaneta\/","url_meta":{"origin":92848,"position":4},"title":"PLD califica de fantas\u00eda y retroceso la rendici\u00f3n de cuentas del alcalde de Sabaneta","author":"Nelson Feliz","date":"28 de abril de 2026","format":false,"excerpt":"La direcci\u00f3n municipal del Partido de la Liberaci\u00f3n Dominicana en Sabaneta, Santiago Rodr\u00edguez, considera como una burla a los mun\u00edcipes la rendici\u00f3n de cuentas presentada por el alcalde de ese municipio correspondiente al per\u00edodo 2025-2026 donde menciona obras inexistentes y cifras maquilladas. El presidente municipal del PLD, \u00c1ngel Cuello, calific\u00f3\u2026","rel":"","context":"En \u00abPOLITICA\u00bb","block_context":{"text":"POLITICA","link":"https:\/\/lasprimeras.com.do\/index.php\/category\/politica\/"},"img":{"alt_text":"","src":"https:\/\/i0.wp.com\/lasprimeras.com.do\/wp-content\/uploads\/2026\/04\/Sabaneta-2.jpg?resize=350%2C200&ssl=1","width":350,"height":200,"srcset":"https:\/\/i0.wp.com\/lasprimeras.com.do\/wp-content\/uploads\/2026\/04\/Sabaneta-2.jpg?resize=350%2C200&ssl=1 1x, https:\/\/i0.wp.com\/lasprimeras.com.do\/wp-content\/uploads\/2026\/04\/Sabaneta-2.jpg?resize=525%2C300&ssl=1 1.5x, https:\/\/i0.wp.com\/lasprimeras.com.do\/wp-content\/uploads\/2026\/04\/Sabaneta-2.jpg?resize=700%2C400&ssl=1 2x"},"classes":[]},{"id":61261,"url":"https:\/\/lasprimeras.com.do\/index.php\/2023\/09\/24\/abel-proclama-a-tulio-jimenez-como-candidato-a-alcalde-en-haina\/","url_meta":{"origin":92848,"position":5},"title":"Abel proclama a Tulio Jim\u00e9nez como candidato a alcalde en Haina","author":"Nelson Feliz","date":"24 de septiembre de 2023","format":false,"excerpt":"El candidato presidencial del Partido de la Liberaci\u00f3n Dominicano (PLD), Abel Mart\u00ednez, proclam\u00f3 a Tulio Jim\u00e9nez como candidato a alcalde de Haina, San Crist\u00f3bal. Tulio Jim\u00e9nez es actual diputado y propone ordenar el municipio, que actualmente sucumbe ante los vertederos improvisados y calles en mal estado. \u00abTrabajemos unidos, porque hay\u2026","rel":"","context":"En \u00abPORTADA\u00bb","block_context":{"text":"PORTADA","link":"https:\/\/lasprimeras.com.do\/index.php\/category\/portada\/"},"img":{"alt_text":"Abel Martinez juramenta a Tulio Jimenez","src":"https:\/\/i0.wp.com\/lasprimeras.com.do\/wp-content\/uploads\/2023\/09\/Abel-Martinez-juramenta-a-Tulio-Jimenez.jpeg?resize=350%2C200&ssl=1","width":350,"height":200,"srcset":"https:\/\/i0.wp.com\/lasprimeras.com.do\/wp-content\/uploads\/2023\/09\/Abel-Martinez-juramenta-a-Tulio-Jimenez.jpeg?resize=350%2C200&ssl=1 1x, https:\/\/i0.wp.com\/lasprimeras.com.do\/wp-content\/uploads\/2023\/09\/Abel-Martinez-juramenta-a-Tulio-Jimenez.jpeg?resize=525%2C300&ssl=1 1.5x, https:\/\/i0.wp.com\/lasprimeras.com.do\/wp-content\/uploads\/2023\/09\/Abel-Martinez-juramenta-a-Tulio-Jimenez.jpeg?resize=700%2C400&ssl=1 2x, https:\/\/i0.wp.com\/lasprimeras.com.do\/wp-content\/uploads\/2023\/09\/Abel-Martinez-juramenta-a-Tulio-Jimenez.jpeg?resize=1050%2C600&ssl=1 3x"},"classes":[]}],"jetpack_sharing_enabled":true,"_links":{"self":[{"href":"https:\/\/lasprimeras.com.do\/index.php\/wp-json\/wp\/v2\/posts\/92848","targetHints":{"allow":["GET"]}}],"collection":[{"href":"https:\/\/lasprimeras.com.do\/index.php\/wp-json\/wp\/v2\/posts"}],"about":[{"href":"https:\/\/lasprimeras.com.do\/index.php\/wp-json\/wp\/v2\/types\/post"}],"author":[{"embeddable":true,"href":"https:\/\/lasprimeras.com.do\/index.php\/wp-json\/wp\/v2\/users\/2"}],"replies":[{"embeddable":true,"href":"https:\/\/lasprimeras.com.do\/index.php\/wp-json\/wp\/v2\/comments?post=92848"}],"version-history":[{"count":1,"href":"https:\/\/lasprimeras.com.do\/index.php\/wp-json\/wp\/v2\/posts\/92848\/revisions"}],"predecessor-version":[{"id":92850,"href":"https:\/\/lasprimeras.com.do\/index.php\/wp-json\/wp\/v2\/posts\/92848\/revisions\/92850"}],"wp:featuredmedia":[{"embeddable":true,"href":"https:\/\/lasprimeras.com.do\/index.php\/wp-json\/wp\/v2\/media\/92849"}],"wp:attachment":[{"href":"https:\/\/lasprimeras.com.do\/index.php\/wp-json\/wp\/v2\/media?parent=92848"}],"wp:term":[{"taxonomy":"category","embeddable":true,"href":"https:\/\/lasprimeras.com.do\/index.php\/wp-json\/wp\/v2\/categories?post=92848"},{"taxonomy":"post_tag","embeddable":true,"href":"https:\/\/lasprimeras.com.do\/index.php\/wp-json\/wp\/v2\/tags?post=92848"}],"curies":[{"name":"wp","href":"https:\/\/api.w.org\/{rel}","templated":true}]}}