{"id":92863,"date":"2025-01-18T20:29:19","date_gmt":"2025-01-19T00:29:19","guid":{"rendered":"https:\/\/lasprimeras.com.do\/?p=92863"},"modified":"2025-01-18T20:29:24","modified_gmt":"2025-01-19T00:29:24","slug":"donald-trump-tomara-posesion-como-presidente-en-el-capitolio-por-ola-de-frio-extremo","status":"publish","type":"post","link":"https:\/\/lasprimeras.com.do\/index.php\/2025\/01\/18\/donald-trump-tomara-posesion-como-presidente-en-el-capitolio-por-ola-de-frio-extremo\/","title":{"rendered":"Donald Trump tomar\u00e1 posesi\u00f3n como presidente en el Capitolio por ola de fr\u00edo extremo"},"content":{"rendered":"\n<p>Historia de Diego Cabral<br>www.msn.com<\/p>\n\n\n\n<p>Donald Trump inform\u00f3 que su ceremonia de investidura como presidente de Estados Unidos, programada para el lunes, se llevar\u00e1 a cabo en el interior del Capitolio debido a las bajas temperaturas pronosticadas.<\/p>\n\n\n\n<p>\u201cUna masa de aire \u00e1rtico est\u00e1 atravesando el pa\u00eds\u201d, expres\u00f3 Trump en su red social Truth Social. \u201cPor esta raz\u00f3n, he dispuesto que el discurso inaugural, junto con las oraciones y otras intervenciones, se realicen en la rotonda del Capitolio\u201d, agreg\u00f3.<\/p>\n\n\n\n<p>Con 78 a\u00f1os, Trump se alista para asumir su segundo mandato presidencial, ocho a\u00f1os despu\u00e9s de haber ocupado el cargo por primera vez.<\/p>\n\n\n\n<p>Para el lunes, se pronostican temperaturas inferiores a los -10 \u00b0C en la capital federal, acompa\u00f1adas de un viento helado.<\/p>\n\n\n\n<p>Estas son \u201ccondiciones riesgosas tanto para las decenas de miles de polic\u00edas y fuerzas de seguridad, como para los caballos\u201d, advirti\u00f3 el presidente electo.<\/p>\n\n\n\n<p>Adem\u00e1s, expres\u00f3 preocupaci\u00f3n por los \u201ccientos de miles de espectadores que permanecer\u00e1n al aire libre durante largas horas\u201d<\/p>\n\n\n\n<p>Como medida compensatoria, Trump inform\u00f3 que el Capital One Arena, donde se llevar\u00e1 a cabo su mitin el domingo por la tarde en el centro de Washington, permanecer\u00e1 abierto el lunes para que el p\u00fablico pueda seguir en vivo \u201ceste momento hist\u00f3rico\u201d.<\/p>\n\n\n\n<p>Adem\u00e1s, anunci\u00f3 que el desfile tradicional, que usualmente recorre la explanada del Mall, tambi\u00e9n se realizar\u00e1 en este recinto.<\/p>\n\n\n\n<p>\u201cMe reunir\u00e9 all\u00ed con el p\u00fablico despu\u00e9s de jurar el cargo\u201d, asegur\u00f3 el presidente electo.<\/p>\n\n\n\n<p>Trump destac\u00f3 que la ceremonia trasladada al interior del Capitolio ser\u00e1 \u201cuna experiencia memorable para todos, especialmente para los millones de telespectadores\u201d.<\/p>\n","protected":false},"excerpt":{"rendered":"<p>Historia de Diego Cabralwww.msn.com Donald Trump inform\u00f3 que su ceremonia de investidura como presidente de Estados Unidos, programada para el lunes, se llevar\u00e1 a cabo en el interior del Capitolio&hellip;<\/p>\n","protected":false},"author":2,"featured_media":92864,"comment_status":"open","ping_status":"open","sticky":false,"template":"","format":"standard","meta":{"content-type":"","jetpack_post_was_ever_published":false,"_jetpack_newsletter_access":"","_jetpack_dont_email_post_to_subs":false,"_jetpack_newsletter_tier_id":0,"_jetpack_memberships_contains_paywalled_content":false,"_jetpack_memberships_contains_paid_content":false,"footnotes":""},"categories":[16289],"tags":[6998,978,98,16998,10143,935],"class_list":["post-92863","post","type-post","status-publish","format-standard","has-post-thumbnail","hentry","category-internacionales","tag-capitolio","tag-donald-trump","tag-estados-unidos","tag-frio-extremo","tag-posesion","tag-presidente"],"jetpack_featured_media_url":"https:\/\/lasprimeras.com.do\/wp-content\/uploads\/2025\/01\/Donald-Trump-1.jpg","jetpack-related-posts":[{"id":92969,"url":"https:\/\/lasprimeras.com.do\/index.php\/2025\/01\/20\/donald-trump-toma-posesion-como-nuevo-presidente-de-estados-unidos\/","url_meta":{"origin":92863,"position":0},"title":"Donald Trump toma posesi\u00f3n como nuevo presidente de Estados Unidos","author":"Nelson Feliz","date":"20 de enero de 2025","format":false,"excerpt":"Washington, EFE.- Donald Trump tom\u00f3 este lunes posesi\u00f3n como presidente n\u00famero 47 de Estados Unidos, en una ceremonia de investidura que se celebra en el interior del Capitolio por el fr\u00edo. Trump prest\u00f3 juramento con la mano derecha en alto y la izquierda sobre las mismas dos biblias que utiliz\u00f3\u2026","rel":"","context":"En \u00abINTERNACIONALES\u00bb","block_context":{"text":"INTERNACIONALES","link":"https:\/\/lasprimeras.com.do\/index.php\/category\/sin-categoria\/internacionales\/"},"img":{"alt_text":"","src":"https:\/\/i0.wp.com\/lasprimeras.com.do\/wp-content\/uploads\/2025\/01\/donald-trump-toma-posesion-como-nuevo-presidente-de-estados-unidos.jpg?resize=350%2C200&ssl=1","width":350,"height":200,"srcset":"https:\/\/i0.wp.com\/lasprimeras.com.do\/wp-content\/uploads\/2025\/01\/donald-trump-toma-posesion-como-nuevo-presidente-de-estados-unidos.jpg?resize=350%2C200&ssl=1 1x, https:\/\/i0.wp.com\/lasprimeras.com.do\/wp-content\/uploads\/2025\/01\/donald-trump-toma-posesion-como-nuevo-presidente-de-estados-unidos.jpg?resize=525%2C300&ssl=1 1.5x, https:\/\/i0.wp.com\/lasprimeras.com.do\/wp-content\/uploads\/2025\/01\/donald-trump-toma-posesion-como-nuevo-presidente-de-estados-unidos.jpg?resize=700%2C400&ssl=1 2x, https:\/\/i0.wp.com\/lasprimeras.com.do\/wp-content\/uploads\/2025\/01\/donald-trump-toma-posesion-como-nuevo-presidente-de-estados-unidos.jpg?resize=1050%2C600&ssl=1 3x"},"classes":[]},{"id":92875,"url":"https:\/\/lasprimeras.com.do\/index.php\/2025\/01\/18\/christopher-macchio-el-tenor-de-opera-que-cantara-el-himno-nacional-en-la-investidura-de-trump\/","url_meta":{"origin":92863,"position":1},"title":"Christopher Macchio: el tenor de \u00f3pera que cantar\u00e1 el himno nacional en la investidura de Trump","author":"Nelson Feliz","date":"18 de enero de 2025","format":false,"excerpt":"POR LINDSEY BAHR WASHINGTON (AP) \u2014 El tenor de \u00f3pera Christopher Macchio cantar\u00e1 el himno nacional en la investidura del presidente electo Donald Trump ante una multitud mucho menor de la que esperaba, una decepci\u00f3n con un lado positivo. La ceremonia del lunes se ha trasladado al interior debido a\u2026","rel":"","context":"En \u00abINTERNACIONALES\u00bb","block_context":{"text":"INTERNACIONALES","link":"https:\/\/lasprimeras.com.do\/index.php\/category\/sin-categoria\/internacionales\/"},"img":{"alt_text":"","src":"https:\/\/i0.wp.com\/lasprimeras.com.do\/wp-content\/uploads\/2025\/01\/Christopher-Macchio.jpg?resize=350%2C200&ssl=1","width":350,"height":200,"srcset":"https:\/\/i0.wp.com\/lasprimeras.com.do\/wp-content\/uploads\/2025\/01\/Christopher-Macchio.jpg?resize=350%2C200&ssl=1 1x, https:\/\/i0.wp.com\/lasprimeras.com.do\/wp-content\/uploads\/2025\/01\/Christopher-Macchio.jpg?resize=525%2C300&ssl=1 1.5x, https:\/\/i0.wp.com\/lasprimeras.com.do\/wp-content\/uploads\/2025\/01\/Christopher-Macchio.jpg?resize=700%2C400&ssl=1 2x"},"classes":[]},{"id":85956,"url":"https:\/\/lasprimeras.com.do\/index.php\/2024\/07\/13\/facebook-retira-restricciones-a-trump-dandole-igualdad-de-condiciones-que-a-biden-en-la-red-social\/","url_meta":{"origin":92863,"position":2},"title":"Facebook retira restricciones a Trump, d\u00e1ndole igualdad de condiciones que a Biden en la red social","author":"Nelson Feliz","date":"13 de julio de 2024","format":false,"excerpt":"WASHINGTON (AP) \u2014 Facebook retir\u00f3 las restricciones impuestas a Donald Trump tras el asalto al Capitolio del 6 de enero, poniendo al expresidente en igualdad de condiciones con el presidente Joe Biden, a pocos d\u00edas de la Convenci\u00f3n Nacional Republicana. En 2021, el gigante de las redes sociales le prohibi\u00f3\u2026","rel":"","context":"En \u00abSin categor\u00eda\u00bb","block_context":{"text":"Sin categor\u00eda","link":"https:\/\/lasprimeras.com.do\/index.php\/category\/sin-categoria\/"},"img":{"alt_text":"","src":"https:\/\/i0.wp.com\/lasprimeras.com.do\/wp-content\/uploads\/2024\/07\/Donald-Trump-2.jpg?resize=350%2C200&ssl=1","width":350,"height":200,"srcset":"https:\/\/i0.wp.com\/lasprimeras.com.do\/wp-content\/uploads\/2024\/07\/Donald-Trump-2.jpg?resize=350%2C200&ssl=1 1x, https:\/\/i0.wp.com\/lasprimeras.com.do\/wp-content\/uploads\/2024\/07\/Donald-Trump-2.jpg?resize=525%2C300&ssl=1 1.5x, https:\/\/i0.wp.com\/lasprimeras.com.do\/wp-content\/uploads\/2024\/07\/Donald-Trump-2.jpg?resize=700%2C400&ssl=1 2x"},"classes":[]},{"id":76213,"url":"https:\/\/lasprimeras.com.do\/index.php\/2024\/02\/08\/la-corte-suprema-de-colorado-busca-expulsar-a-trump-de-las-elecciones-por-el-ataque-al-capitolio\/","url_meta":{"origin":92863,"position":3},"title":"La Corte Suprema de Colorado busca expulsar a Trump de las elecciones por el ataque al Capitolio","author":"Nelson Feliz","date":"8 de febrero de 2024","format":false,"excerpt":"POR MARK SHERMAN WASHINGTON (AP) \u2014 La Corte Suprema escuchar\u00e1 el jueves la apelaci\u00f3n del expresidente Donald Trump para permanecer en la boleta electoral de 2024 , el caso electoral de mayor trascendencia de los magistrados desde Bush contra Gore en 2000. El tribunal sopesar\u00e1 los argumentos sobre si Trump\u2026","rel":"","context":"En \u00abSin categor\u00eda\u00bb","block_context":{"text":"Sin categor\u00eda","link":"https:\/\/lasprimeras.com.do\/index.php\/category\/sin-categoria\/"},"img":{"alt_text":"colorado","src":"https:\/\/i0.wp.com\/lasprimeras.com.do\/wp-content\/uploads\/2024\/02\/colorado.jpg?resize=350%2C200&ssl=1","width":350,"height":200,"srcset":"https:\/\/i0.wp.com\/lasprimeras.com.do\/wp-content\/uploads\/2024\/02\/colorado.jpg?resize=350%2C200&ssl=1 1x, https:\/\/i0.wp.com\/lasprimeras.com.do\/wp-content\/uploads\/2024\/02\/colorado.jpg?resize=525%2C300&ssl=1 1.5x, https:\/\/i0.wp.com\/lasprimeras.com.do\/wp-content\/uploads\/2024\/02\/colorado.jpg?resize=700%2C400&ssl=1 2x"},"classes":[]},{"id":88330,"url":"https:\/\/lasprimeras.com.do\/index.php\/2024\/08\/26\/el-club-de-golf-de-trump-acogera-gala-que-recogera-fondos-para-acusados-del-asalto-al-capitolio\/","url_meta":{"origin":92863,"position":4},"title":"El club de golf de Trump acoger\u00e1 gala que recoger\u00e1 fondos para acusados del asalto al Capitolio","author":"Nelson Feliz","date":"26 de agosto de 2024","format":false,"excerpt":"Nueva York (EFE).- El club de golf del expresidente Donald Trump en Bedminster (Nueva Jersey) acoger\u00e1 el 5 de septiembre una gala en beneficio de los acusados por el asalto al Capitolio de 2021, en el que una turba de seguidores del pol\u00edtico intent\u00f3 impedir que se certificara la victoria\u2026","rel":"","context":"En \u00abSin categor\u00eda\u00bb","block_context":{"text":"Sin categor\u00eda","link":"https:\/\/lasprimeras.com.do\/index.php\/category\/sin-categoria\/"},"img":{"alt_text":"Donald Trump","src":"https:\/\/i0.wp.com\/lasprimeras.com.do\/wp-content\/uploads\/2024\/08\/Donald-Trump-1-1.jpg?resize=350%2C200&ssl=1","width":350,"height":200,"srcset":"https:\/\/i0.wp.com\/lasprimeras.com.do\/wp-content\/uploads\/2024\/08\/Donald-Trump-1-1.jpg?resize=350%2C200&ssl=1 1x, https:\/\/i0.wp.com\/lasprimeras.com.do\/wp-content\/uploads\/2024\/08\/Donald-Trump-1-1.jpg?resize=525%2C300&ssl=1 1.5x"},"classes":[]},{"id":72018,"url":"https:\/\/lasprimeras.com.do\/index.php\/2023\/12\/26\/fbi-investiga-amenazas-a-jueces-excluyeron-a-trump-de-elecciones\/","url_meta":{"origin":92863,"position":5},"title":"FBI investiga amenazas a jueces excluyeron a Trump de elecciones","author":"BIMARY DE JES\u00daS Matos","date":"26 de diciembre de 2023","format":false,"excerpt":"WASHINGTON.- La Oficina Federal de Investigaci\u00f3n (FBI) de Estados Unidos ha anunciado que est\u00e1 investigando denuncias sobre amenazas violentas contra jueces del Tribunal Supremo de Colorado, que fallaron la semana pasada que el expresidente Donald Trump no pod\u00eda ser candidato presidencial debido a su papel en el asalto al Capitolio.\u2026","rel":"","context":"En \u00abSin categor\u00eda\u00bb","block_context":{"text":"Sin categor\u00eda","link":"https:\/\/lasprimeras.com.do\/index.php\/category\/sin-categoria\/"},"img":{"alt_text":"","src":"https:\/\/i0.wp.com\/lasprimeras.com.do\/wp-content\/uploads\/2023\/12\/WhatsApp-Image-2023-12-25-at-12.45.01-PM-9.jpeg?resize=350%2C200&ssl=1","width":350,"height":200,"srcset":"https:\/\/i0.wp.com\/lasprimeras.com.do\/wp-content\/uploads\/2023\/12\/WhatsApp-Image-2023-12-25-at-12.45.01-PM-9.jpeg?resize=350%2C200&ssl=1 1x, https:\/\/i0.wp.com\/lasprimeras.com.do\/wp-content\/uploads\/2023\/12\/WhatsApp-Image-2023-12-25-at-12.45.01-PM-9.jpeg?resize=525%2C300&ssl=1 1.5x"},"classes":[]}],"jetpack_sharing_enabled":true,"_links":{"self":[{"href":"https:\/\/lasprimeras.com.do\/index.php\/wp-json\/wp\/v2\/posts\/92863","targetHints":{"allow":["GET"]}}],"collection":[{"href":"https:\/\/lasprimeras.com.do\/index.php\/wp-json\/wp\/v2\/posts"}],"about":[{"href":"https:\/\/lasprimeras.com.do\/index.php\/wp-json\/wp\/v2\/types\/post"}],"author":[{"embeddable":true,"href":"https:\/\/lasprimeras.com.do\/index.php\/wp-json\/wp\/v2\/users\/2"}],"replies":[{"embeddable":true,"href":"https:\/\/lasprimeras.com.do\/index.php\/wp-json\/wp\/v2\/comments?post=92863"}],"version-history":[{"count":1,"href":"https:\/\/lasprimeras.com.do\/index.php\/wp-json\/wp\/v2\/posts\/92863\/revisions"}],"predecessor-version":[{"id":92865,"href":"https:\/\/lasprimeras.com.do\/index.php\/wp-json\/wp\/v2\/posts\/92863\/revisions\/92865"}],"wp:featuredmedia":[{"embeddable":true,"href":"https:\/\/lasprimeras.com.do\/index.php\/wp-json\/wp\/v2\/media\/92864"}],"wp:attachment":[{"href":"https:\/\/lasprimeras.com.do\/index.php\/wp-json\/wp\/v2\/media?parent=92863"}],"wp:term":[{"taxonomy":"category","embeddable":true,"href":"https:\/\/lasprimeras.com.do\/index.php\/wp-json\/wp\/v2\/categories?post=92863"},{"taxonomy":"post_tag","embeddable":true,"href":"https:\/\/lasprimeras.com.do\/index.php\/wp-json\/wp\/v2\/tags?post=92863"}],"curies":[{"name":"wp","href":"https:\/\/api.w.org\/{rel}","templated":true}]}}