{"id":92866,"date":"2025-01-18T20:37:20","date_gmt":"2025-01-19T00:37:20","guid":{"rendered":"https:\/\/lasprimeras.com.do\/?p=92866"},"modified":"2025-01-18T20:37:24","modified_gmt":"2025-01-19T00:37:24","slug":"cese-del-fuego-entre-israel-y-hamas-entrara-en-vigor-el-domingo-por-la-manana-segun-funcionarios","status":"publish","type":"post","link":"https:\/\/lasprimeras.com.do\/index.php\/2025\/01\/18\/cese-del-fuego-entre-israel-y-hamas-entrara-en-vigor-el-domingo-por-la-manana-segun-funcionarios\/","title":{"rendered":"Cese del fuego entre Israel y Ham\u00e1s entrar\u00e1 en vigor el domingo por la ma\u00f1ana, seg\u00fan funcionarios"},"content":{"rendered":"\n<p>POR SAMY MAGDY, SAM MEDNICK and MELANIE LIDMAN<\/p>\n\n\n\n<p>EL CAIRO (AP) \u2014 El cese del fuego entre Ham\u00e1s e Israel entrar\u00e1 en vigor el domingo a las 8:30 de la ma\u00f1ana, hora local (0630 GMT), anunci\u00f3 el s\u00e1bado el mediador Qatar<\/p>\n\n\n\n<p>Al tiempo que las familias de los rehenes retenidos en la Franja de Gaza se preparaban para recibir noticias de sus seres queridos, los palestinos se alistaban para recibir a los detenidos liberados y los grupos humanitarios se apresuraban a organizar una mayor entrega de ayuda.<\/p>\n\n\n\n<p>Sin embargo, en un discurso a la naci\u00f3n 12 horas antes que comience el cese del fuego, el primer ministro israel\u00ed Benjamin Netanyahu aclar\u00f3 que el pa\u00eds estaba tratando el cese del fuego como temporal y retiene el derecho de continuar combatiendo si es necesario.<\/p>\n\n\n\n<p>Afirm\u00f3 que contaba con el apoyo del presidente electo de Estados Unidos, Donald Trump, quien revel\u00f3 a NBC News que le indic\u00f3 al primer ministro que \u201csiga haciendo lo que tenga que hacer\u201d.<\/p>\n\n\n\n<p>Netanyahu subray\u00f3 que hab\u00eda negociado el mejor acuerdo posible, incluso cuando el ministro de Seguridad P\u00fablica de ultraderecha de Israel, Itamar Ben-Gvir, sostuvo que \u00e9l y la mayor\u00eda de su partido renunciar\u00e1n al gobierno en rechazo al pacto.<\/p>\n\n\n\n<p>El primer ministro advirti\u00f3 m\u00e1s tarde que el cese del fuego no avanzar\u00e1 a menos que Israel reciba los nombres de los rehenes a ser liberados, tal como se hab\u00eda acordado.<\/p>\n\n\n\n<p>Su declaraci\u00f3n lleg\u00f3 casi tres horas despu\u00e9s que Israel esperara recibir los nombres, que Ham\u00e1s deb\u00eda entregar al mediador Qatar. No ha habido respuesta de Ham\u00e1s ni de Qatar.<\/p>\n\n\n\n<p>La aprobaci\u00f3n del acuerdo de cese del fuego por parte del gabinete de Israel, en una inusual reuni\u00f3n durante el Sabbath jud\u00edo, desat\u00f3 una oleada de actividad y una nueva ola de emociones cuando que los familiares se preguntaban si los rehenes ser\u00e1n devueltos vivos o muertos.<\/p>\n\n\n\n<p>Familias y miles de personas m\u00e1s se manifestaron una vez m\u00e1s el s\u00e1bado por la noche en Tel Aviv.<\/p>\n\n\n\n<p>\u201cPor favor, sigan adelante y salvando vidas\u201d, dijo Anat Angrest, cuyo hijo Matan Angrest sigue retenido en Gaza.<\/p>\n\n\n\n<p>La pausa en 15 meses de guerra es un paso hacia el fin de los combates m\u00e1s mortales y destructivos jam\u00e1s registrados entre Israel y el grupo miliciano Ham\u00e1s.<\/p>\n\n\n\n<p>El acuerdo se logr\u00f3 bajo la presi\u00f3n conjunta de Trump y el gobierno saliente del presidente Joe Biden antes de la inauguraci\u00f3n del lunes.<\/p>\n\n\n\n<p>La primera fase del cese del fuego durar\u00e1 42 d\u00edas, y las negociaciones sobre la segunda fase, que es mucho m\u00e1s dif\u00edcil, est\u00e1n previstas para comenzar poco m\u00e1s de dos semanas despu\u00e9s. Tras esas seis semanas, el gabinete de seguridad de Israel decidir\u00e1 c\u00f3mo proceder.<\/p>\n\n\n\n<p>Los ataques a\u00e9reos israel\u00edes continuaron el s\u00e1bado, y el Ministerio de Salud de Gaza indic\u00f3 que 23 cad\u00e1veres hab\u00edan sido llevados a hospitales en las \u00faltimas 24 horas.<\/p>\n\n\n\n<p>\u201d\u00bfQu\u00e9 es esta tregua que nos mata horas antes de que comience?\u201d, pregunt\u00f3 Abdallah Al-Aqad, hermano de una mujer asesinada por un ataque a\u00e9reo en la ciudad sure\u00f1a de Jan Yunis.<\/p>\n\n\n\n<p>Las sirenas se activaron en todo el centro y sur de Israel. El ej\u00e9rcito inform\u00f3 que intercept\u00f3 proyectiles lanzados desde Yemen. Los rebeldes hut\u00edes de Yemen respaldados por Ir\u00e1n han intensificado los ataques en las \u00faltimas semanas, se\u00f1alando que es una muestra de solidaridad con los palestinos de Gaza.<\/p>\n\n\n\n<p>Cuando cesen los combates<\/p>\n\n\n\n<p>En la primera fase del alto el fuego, las tropas israel\u00edes se retirar\u00e1n a una zona de amortiguaci\u00f3n de aproximadamente un kil\u00f3metro (0,6 millas) de ancho dentro de Gaza a lo largo de sus fronteras con Israel.<\/p>\n\n\n\n<p>Con la mayor parte de la poblaci\u00f3n de Gaza en enormes y miserables campamentos de tiendas de campa\u00f1a, los palestinos est\u00e1n desesperados por regresar a sus hogares, a pesar de que muchos fueron destruidos o gravemente da\u00f1ados.<\/p>\n\n\n\n<p>En una publicaci\u00f3n en X, el ministro de Relaciones Exteriores de Qatar aconsej\u00f3 a la poblaci\u00f3n palestina y a otros tener precauci\u00f3n cuando el cese del fuego entre en vigor y esperen las instrucciones de las autoridades.<\/p>\n\n\n\n<p>El ej\u00e9rcito de Israel indic\u00f3 m\u00e1s tarde que los palestinos no podr\u00e1n cruzar el corredor de Netzarim que atraviesa el centro de Gaza durante los primeros siete d\u00edas del alto al fuego, y advirti\u00f3 a los palestinos que no se acerquen a las fuerzas israel\u00edes.<\/p>\n\n\n\n<p>Sin embargo, la gente esperaba ansiosamente volver a casa.<\/p>\n\n\n\n<p>\u201cLo primero que har\u00e9 es ir a revisar mi casa\u201d, dijo Mohamed Mahdi, padre de dos hijos que fue desplazado del barrio de Zaytoun en la Ciudad de Gaza. Tambi\u00e9n esperaba ver a su familia en el sur de Gaza, pero est\u00e1 \u201ca\u00fan preocupado de que uno de nosotros pueda ser martirizado antes de que podamos encontrarnos\u201d.<\/p>\n\n\n\n<p>Majida Abu Jarad coment\u00f3 que se hab\u00eda mudado siete veces con su esposo y sus seis hijas durante la guerra, obedeciendo las \u00f3rdenes de evacuaci\u00f3n israel\u00edes y aloj\u00e1ndose en tiendas de campa\u00f1a, aulas abandonadas o en la calle.<\/p>\n\n\n\n<p>\u201cSeguiremos en una tienda, pero la diferencia es que el derramamiento de sangre se detendr\u00e1, el miedo se detendr\u00e1 y dormiremos tranquilos\u201d, se\u00f1al\u00f3 mientras empacaba.<\/p>\n\n\n\n<p>Proceso de liberaci\u00f3n de rehenes y prisioneros<\/p>\n\n\n\n<p>En la primera fase del cese del fuego, se liberar\u00e1 a 33 rehenes en Gaza durante seis semanas a cambio de 737 prisioneros palestinos retenidos por Israel.<\/p>\n\n\n\n<p>El Ministerio de Justicia de Israel ha publicado una lista de los prisioneros, todos j\u00f3venes o mujeres. Una organizaci\u00f3n que representa a v\u00edctimas de ataques palestinos prometi\u00f3 presentar una petici\u00f3n ante la Corte Suprema de Israel para detener la liberaci\u00f3n.<\/p>\n\n\n\n<p>Seg\u00fan el plan de alto al fuego aprobado por el gabinete de Israel, el intercambio comenzar\u00e1 a las 4:00 de la tarde (1400 GMT) del domingo.<\/p>\n\n\n\n<p>El plan indica que tres rehenes femeninas vivas ser\u00e1n devueltas el primer d\u00eda, cuatro el s\u00e9ptimo d\u00eda y las 26 restantes en las cinco semanas siguientes. Durante cada intercambio, los prisioneros palestinos ser\u00e1n liberados por Israel despu\u00e9s que los rehenes hayan llegado a salvo.<\/p>\n\n\n\n<p>Entre los que se espera que sean liberados se encuentra el reh\u00e9n m\u00e1s joven, Kfir Bibas, cuya familia celebr\u00f3 su segundo cumplea\u00f1os el s\u00e1bado. El ni\u00f1o se ha convertido en un s\u00edmbolo en todo Israel de la impotencia ante la dif\u00edcil situaci\u00f3n de los rehenes.<\/p>\n\n\n\n<p>Tambi\u00e9n se liberar\u00e1n 1.167 residentes de Gaza que no estuvieron involucrados en el ataque liderado por Ham\u00e1s del 7 de octubre de 2023, que desat\u00f3 la guerra. Todas las mujeres y ni\u00f1os menores de 19 a\u00f1os de Gaza retenidos por Israel ser\u00e1n liberados durante esta fase.<\/p>\n\n\n\n<p>Todos los prisioneros palestinos que fueron condenados por ataques mortales ser\u00e1n exiliados a Gaza o al extranjero, algunos por tres a\u00f1os y otros de manera permanente, y se les prohibir\u00e1 regresar a Israel o a Cisjordania.<\/p>\n\n\n\n<p>Los rehenes restantes en Gaza, incluidos los soldados varones, ser\u00e1n liberados en una segunda fase que se negociar\u00e1 durante la primera. Ham\u00e1s ha dicho que no liberar\u00e1 a los cautivos restantes sin un alto al fuego duradero y una retirada completa de Israel.<\/p>\n\n\n\n<p>Cientos de camiones de ayuda diariamente<\/p>\n\n\n\n<p>Gaza tambi\u00e9n deber\u00eda ver un aumento en las entregas de alimentos, suministros m\u00e9dicos y otra ayuda humanitaria.<\/p>\n\n\n\n<p>El Ministerio de Relaciones Exteriores de Egipto se\u00f1al\u00f3 que el cruce de Rafah, la principal puerta de entrada de Gaza al mundo exterior, comenzar\u00e1 a operar \u201cpronto\u201d.<\/p>\n\n\n\n<p>El cruce ha estado cerrado desde que el ej\u00e9rcito de Israel tom\u00f3 el control de la zona en mayo del a\u00f1o pasado. De acuerdo con el Ministerio, 600 camiones de ayuda, incluidos 50 camiones de combustible, deber\u00edan estar entrando diariamente en Gaza durante el alto al fuego.<\/p>\n\n\n\n<p>El plan de cese del fuego aprobado por el gabinete de Israel indica que todos los camiones que entren en Gaza estar\u00e1n sujetos a inspecciones israel\u00edes.<\/p>\n\n\n\n<p>\u201cEst\u00e1 claro que la situaci\u00f3n en Gaza sigue siendo extremadamente compleja y a\u00fan quedan muchas dificultades para una distribuci\u00f3n efectiva\u201d, dijo el s\u00e1bado el secretario general de la ONU, Antonio Guterres.<\/p>\n\n\n\n<p>El ataque liderado por Ham\u00e1s del 7 de octubre mat\u00f3 a unas 1.200 personas y dej\u00f3 unos 250 otros cautivos. Quedan casi 100 rehenes en Gaza.<\/p>\n\n\n\n<p>Israel respondi\u00f3 con una ofensiva que ha matado a m\u00e1s de 46,000 palestinos, seg\u00fan funcionarios locales de salud, quienes no distinguen entre civiles y milicianos pero dicen que mujeres y ni\u00f1os constituyen m\u00e1s de la mitad de los muertos.<\/p>\n","protected":false},"excerpt":{"rendered":"<p>POR SAMY MAGDY, SAM MEDNICK and MELANIE LIDMAN EL CAIRO (AP) \u2014 El cese del fuego entre Ham\u00e1s e Israel entrar\u00e1 en vigor el domingo a las 8:30 de la&hellip;<\/p>\n","protected":false},"author":2,"featured_media":92867,"comment_status":"open","ping_status":"open","sticky":false,"template":"","format":"standard","meta":{"content-type":"","jetpack_post_was_ever_published":false,"_jetpack_newsletter_access":"","_jetpack_dont_email_post_to_subs":false,"_jetpack_newsletter_tier_id":0,"_jetpack_memberships_contains_paywalled_content":false,"_jetpack_memberships_contains_paid_content":false,"footnotes":""},"categories":[16289],"tags":[16999,170,8296,3499,13035],"class_list":["post-92866","post","type-post","status-publish","format-standard","has-post-thumbnail","hentry","category-internacionales","tag-cese-del-fuego","tag-funcionarios","tag-hamas","tag-israel","tag-vigor"],"jetpack_featured_media_url":"https:\/\/lasprimeras.com.do\/wp-content\/uploads\/2025\/01\/fuego.jpg","jetpack-related-posts":[{"id":94591,"url":"https:\/\/lasprimeras.com.do\/index.php\/2025\/03\/03\/israel-corta-ayuda-a-gaza-para-presionar-a-hamas-para-que-acepte-nuevo-plan-de-cese-el-fuego\/","url_meta":{"origin":92866,"position":0},"title":"Israel corta ayuda a Gaza para presionar a Ham\u00e1s para que acepte nuevo plan de cese el fuego","author":"Nelson Feliz","date":"3 de marzo de 2025","format":false,"excerpt":"POR TIA GOLDENBERG and SAMY MAGDY TEL AVIV, Israel (AP) \u2014 Israel enfrenta fuertes cr\u00edticas despu\u00e9s de que el domingo detuvo la entrada de todos los bienes y suministros hacia la Franja de Gaza y advirti\u00f3 sobre \u201cconsecuencias adicionales\u201d si Ham\u00e1s no acepta una nueva propuesta para una extensi\u00f3n de\u2026","rel":"","context":"En \u00abINTERNACIONALES\u00bb","block_context":{"text":"INTERNACIONALES","link":"https:\/\/lasprimeras.com.do\/index.php\/category\/sin-categoria\/internacionales\/"},"img":{"alt_text":"","src":"https:\/\/i0.wp.com\/lasprimeras.com.do\/wp-content\/uploads\/2025\/03\/cese.png?resize=350%2C200&ssl=1","width":350,"height":200,"srcset":"https:\/\/i0.wp.com\/lasprimeras.com.do\/wp-content\/uploads\/2025\/03\/cese.png?resize=350%2C200&ssl=1 1x, https:\/\/i0.wp.com\/lasprimeras.com.do\/wp-content\/uploads\/2025\/03\/cese.png?resize=525%2C300&ssl=1 1.5x, https:\/\/i0.wp.com\/lasprimeras.com.do\/wp-content\/uploads\/2025\/03\/cese.png?resize=700%2C400&ssl=1 2x"},"classes":[]},{"id":93135,"url":"https:\/\/lasprimeras.com.do\/index.php\/2025\/01\/26\/un-muerto-por-fuego-israeli-disputa-sobre-cese-el-fuego-impide-a-palestinos-ir-al-norte-de-gaza\/","url_meta":{"origin":92866,"position":1},"title":"Un muerto por fuego israel\u00ed, disputa sobre cese el fuego impide a palestinos ir al norte de Gaza","author":"Nelson Feliz","date":"26 de enero de 2025","format":false,"excerpt":"POR WAFAA SHURAFA, SAMY MAGDY and JOSEPH KRAUSS DEIR AL-BALAH, Franja de Gaza (AP) \u2014 Israel impidi\u00f3 el domingo que miles de palestinos regresaran a sus casas en el norte de la Franja de Gaza, mientras acusaba a Ham\u00e1s de incumplir un fr\u00e1gil cese el fuego cambiando el orden de\u2026","rel":"","context":"En \u00abINTERNACIONALES\u00bb","block_context":{"text":"INTERNACIONALES","link":"https:\/\/lasprimeras.com.do\/index.php\/category\/sin-categoria\/internacionales\/"},"img":{"alt_text":"","src":"https:\/\/i0.wp.com\/lasprimeras.com.do\/wp-content\/uploads\/2025\/01\/FUEGO-1.jpg?resize=350%2C200&ssl=1","width":350,"height":200,"srcset":"https:\/\/i0.wp.com\/lasprimeras.com.do\/wp-content\/uploads\/2025\/01\/FUEGO-1.jpg?resize=350%2C200&ssl=1 1x, https:\/\/i0.wp.com\/lasprimeras.com.do\/wp-content\/uploads\/2025\/01\/FUEGO-1.jpg?resize=525%2C300&ssl=1 1.5x, https:\/\/i0.wp.com\/lasprimeras.com.do\/wp-content\/uploads\/2025\/01\/FUEGO-1.jpg?resize=700%2C400&ssl=1 2x"},"classes":[]},{"id":92926,"url":"https:\/\/lasprimeras.com.do\/index.php\/2025\/01\/19\/comienza-alto-al-fuego-en-gaza-tras-mas-de-quince-meses-de-guerra\/","url_meta":{"origin":92866,"position":2},"title":"Comienza alto al fuego en Gaza tras m\u00e1s de quince meses de guerra","author":"Nelson Feliz","date":"19 de enero de 2025","format":false,"excerpt":"La tregua empez\u00f3 casi tres horas despu\u00e9s de lo acordado porque Ham\u00e1s comunic\u00f3 con retraso la lista de rehenes que preve\u00eda liberar este domingo. Gaza, AFP.-. Miles de palestinos se echaron a la carretera este domingo para regresar a sus casas en la Franja de Gaza, donde entr\u00f3 en vigor\u2026","rel":"","context":"En \u00abINTERNACIONALES\u00bb","block_context":{"text":"INTERNACIONALES","link":"https:\/\/lasprimeras.com.do\/index.php\/category\/sin-categoria\/internacionales\/"},"img":{"alt_text":"","src":"https:\/\/i0.wp.com\/lasprimeras.com.do\/wp-content\/uploads\/2025\/01\/GUERRA.jpeg?resize=350%2C200&ssl=1","width":350,"height":200,"srcset":"https:\/\/i0.wp.com\/lasprimeras.com.do\/wp-content\/uploads\/2025\/01\/GUERRA.jpeg?resize=350%2C200&ssl=1 1x, https:\/\/i0.wp.com\/lasprimeras.com.do\/wp-content\/uploads\/2025\/01\/GUERRA.jpeg?resize=525%2C300&ssl=1 1.5x, https:\/\/i0.wp.com\/lasprimeras.com.do\/wp-content\/uploads\/2025\/01\/GUERRA.jpeg?resize=700%2C400&ssl=1 2x"},"classes":[]},{"id":68427,"url":"https:\/\/lasprimeras.com.do\/index.php\/2023\/11\/24\/entra-en-vigor-el-alto-el-fuego-de-cuatro-dias-entre-israel-y-hamas\/","url_meta":{"origin":92866,"position":3},"title":"Entra en vigor el alto el fuego de cuatro d\u00edas entre Israel y Ham\u00e1s","author":"BIMARY DE JES\u00daS Matos","date":"24 de noviembre de 2023","format":false,"excerpt":"Israel.-El alto el fuego temporal entre el Ej\u00e9rcito de Israel y el Movimiento de Resistencia Isl\u00e1mica (Ham\u00e1s) en la Franja de Gaza ha entrado en vigor este viernes a las 7.00 (hora local, 6.00 hora peninsular espa\u00f1ola), mientras que los primeros rehenes ser\u00e1n liberados nueve horas despu\u00e9s. En las pr\u00f3ximas\u2026","rel":"","context":"En \u00abSin categor\u00eda\u00bb","block_context":{"text":"Sin categor\u00eda","link":"https:\/\/lasprimeras.com.do\/index.php\/category\/sin-categoria\/"},"img":{"alt_text":"","src":"","width":0,"height":0},"classes":[]},{"id":95770,"url":"https:\/\/lasprimeras.com.do\/index.php\/2025\/03\/19\/bombardeos-en-gaza-que-mataron-a-mas-de-400-palestinos-son-solo-el-comienzo-dice-netanyahu\/","url_meta":{"origin":92866,"position":4},"title":"Bombardeos en Gaza que mataron a m\u00e1s de 400 palestinos son \u201cs\u00f3lo el comienzo\u201d, dice Netanyahu","author":"Nelson Feliz","date":"19 de marzo de 2025","format":false,"excerpt":"POR WAFAA SHURAFA, JOSEF FEDERMAN and SAMY MAGDY una oleada de bombardeos en toda la Franja de Gaza la madrugada del martes que mat\u00f3 a m\u00e1s de 400 palestinos, seg\u00fan funcionarios de salud, con lo que puso fin a una tregua que estaba en vigor desde enero mientras promet\u00eda que\u2026","rel":"","context":"En \u00abINTERNACIONALES\u00bb","block_context":{"text":"INTERNACIONALES","link":"https:\/\/lasprimeras.com.do\/index.php\/category\/sin-categoria\/internacionales\/"},"img":{"alt_text":"","src":"https:\/\/i0.wp.com\/lasprimeras.com.do\/wp-content\/uploads\/2025\/03\/BOMBARDEOS.jpg?resize=350%2C200&ssl=1","width":350,"height":200,"srcset":"https:\/\/i0.wp.com\/lasprimeras.com.do\/wp-content\/uploads\/2025\/03\/BOMBARDEOS.jpg?resize=350%2C200&ssl=1 1x, https:\/\/i0.wp.com\/lasprimeras.com.do\/wp-content\/uploads\/2025\/03\/BOMBARDEOS.jpg?resize=525%2C300&ssl=1 1.5x, https:\/\/i0.wp.com\/lasprimeras.com.do\/wp-content\/uploads\/2025\/03\/BOMBARDEOS.jpg?resize=700%2C400&ssl=1 2x"},"classes":[]},{"id":85682,"url":"https:\/\/lasprimeras.com.do\/index.php\/2024\/07\/07\/manifestantes-israelies-cortan-autopistas-y-piden-un-alto-al-fuego-para-recuperar-a-los-rehenes\/","url_meta":{"origin":92866,"position":5},"title":"Manifestantes israel\u00edes cortan autopistas y piden un alto al fuego para recuperar a los rehenes","author":"Nelson Feliz","date":"7 de julio de 2024","format":false,"excerpt":"BY MELANIE LIDMAN AND SAMY MAGDY TEL AVIV, Israel (AP) \u2014 Cuando se cumpl\u00edan nueve meses del inicio de la guerra en Gaza, manifestantes israel\u00edes cortaron carreteras en todo el pa\u00eds el domingo y pidieron la renuncia del primer ministro, Benjamin Netanyahu, as\u00ed como un cese el fuego que pueda\u2026","rel":"","context":"En \u00abSin categor\u00eda\u00bb","block_context":{"text":"Sin categor\u00eda","link":"https:\/\/lasprimeras.com.do\/index.php\/category\/sin-categoria\/"},"img":{"alt_text":"","src":"https:\/\/i0.wp.com\/lasprimeras.com.do\/wp-content\/uploads\/2024\/07\/Israelies.jpg?resize=350%2C200&ssl=1","width":350,"height":200,"srcset":"https:\/\/i0.wp.com\/lasprimeras.com.do\/wp-content\/uploads\/2024\/07\/Israelies.jpg?resize=350%2C200&ssl=1 1x, https:\/\/i0.wp.com\/lasprimeras.com.do\/wp-content\/uploads\/2024\/07\/Israelies.jpg?resize=525%2C300&ssl=1 1.5x, https:\/\/i0.wp.com\/lasprimeras.com.do\/wp-content\/uploads\/2024\/07\/Israelies.jpg?resize=700%2C400&ssl=1 2x"},"classes":[]}],"jetpack_sharing_enabled":true,"_links":{"self":[{"href":"https:\/\/lasprimeras.com.do\/index.php\/wp-json\/wp\/v2\/posts\/92866","targetHints":{"allow":["GET"]}}],"collection":[{"href":"https:\/\/lasprimeras.com.do\/index.php\/wp-json\/wp\/v2\/posts"}],"about":[{"href":"https:\/\/lasprimeras.com.do\/index.php\/wp-json\/wp\/v2\/types\/post"}],"author":[{"embeddable":true,"href":"https:\/\/lasprimeras.com.do\/index.php\/wp-json\/wp\/v2\/users\/2"}],"replies":[{"embeddable":true,"href":"https:\/\/lasprimeras.com.do\/index.php\/wp-json\/wp\/v2\/comments?post=92866"}],"version-history":[{"count":1,"href":"https:\/\/lasprimeras.com.do\/index.php\/wp-json\/wp\/v2\/posts\/92866\/revisions"}],"predecessor-version":[{"id":92868,"href":"https:\/\/lasprimeras.com.do\/index.php\/wp-json\/wp\/v2\/posts\/92866\/revisions\/92868"}],"wp:featuredmedia":[{"embeddable":true,"href":"https:\/\/lasprimeras.com.do\/index.php\/wp-json\/wp\/v2\/media\/92867"}],"wp:attachment":[{"href":"https:\/\/lasprimeras.com.do\/index.php\/wp-json\/wp\/v2\/media?parent=92866"}],"wp:term":[{"taxonomy":"category","embeddable":true,"href":"https:\/\/lasprimeras.com.do\/index.php\/wp-json\/wp\/v2\/categories?post=92866"},{"taxonomy":"post_tag","embeddable":true,"href":"https:\/\/lasprimeras.com.do\/index.php\/wp-json\/wp\/v2\/tags?post=92866"}],"curies":[{"name":"wp","href":"https:\/\/api.w.org\/{rel}","templated":true}]}}