{"id":92869,"date":"2025-01-18T21:08:55","date_gmt":"2025-01-19T01:08:55","guid":{"rendered":"https:\/\/lasprimeras.com.do\/?p=92869"},"modified":"2025-01-18T21:08:59","modified_gmt":"2025-01-19T01:08:59","slug":"alcalde-de-nyc-defiende-reunion-privada-con-el-presidente-electo-trump","status":"publish","type":"post","link":"https:\/\/lasprimeras.com.do\/index.php\/2025\/01\/18\/alcalde-de-nyc-defiende-reunion-privada-con-el-presidente-electo-trump\/","title":{"rendered":"Alcalde de NYC defiende reuni\u00f3n privada con el presidente electo Trump"},"content":{"rendered":"\n<p>POR PHILIP MARCELO<\/p>\n\n\n\n<p>NUEVA YORK (AP) \u2014 El alcalde dem\u00f3crata de la ciudad de Nueva York, quien enfrenta cargos federales de soborno, est\u00e1 defendiendo su reuni\u00f3n privada con el presidente electo Donald Trump mientras el republicano se prepara para retomar la Casa Blanca el lunes.<\/p>\n\n\n\n<p>El alcalde Eric Adams el s\u00e1bado desestim\u00f3 preguntas sobre si su caso penal \u2014o la posibilidad de un indulto presidencial si es condenado\u2014 surgieron durante el encuentro del viernes cerca de la propiedad de Trump en Florida, diciendo que el caso es algo que su equipo legal est\u00e1 manejando.<\/p>\n\n\n\n<p>\u201cDej\u00e9 claro hace unos d\u00edas que buscaba sentarme y hablar con el presidente sobre los problemas relacionados con la infraestructura de la ciudad, el asunto de los migrantes solicitantes de asilo, la resoluci\u00f3n de la crisis en Medio Oriente\u201d, dijo.<\/p>\n\n\n\n<p>\u201cSoy el alcalde de la ciudad m\u00e1s grande de Estados Unidos\u201d, agreg\u00f3 Adams, tras comentarios sobre los preparativos de la ciudad para una tormenta de nieve durante el fin de semana. \u201cSe supone que debo hablar con el presidente, como habl\u00e9 con el presidente Biden\u201d.<\/p>\n\n\n\n<p>Adams emiti\u00f3 un comunicado el viernes por la noche en el que afirm\u00f3 que los dos \u201cno discutieron mi caso legal\u201d sino que se centraron en temas como traer empleos de manufactura de vuelta a la ciudad y el acuerdo de cese al fuego en Gaza.<\/p>\n\n\n\n<p>Trump ha criticado el caso contra Adams y ha dicho que est\u00e1 abierto a conceder el indulto al alcalde, que se hab\u00eda registrado como republicano en la d\u00e9cada de 1990.<\/p>\n\n\n\n<p>Est\u00e1 previsto que Adams sea juzgado en abril acusado de haber aceptado lujosos viajes y contribuciones ilegales a la campa\u00f1a de ciudadanos extranjeros a cambio de favores pol\u00edticos, entre ellos ayudar a los funcionarios turcos a obtener la aprobaci\u00f3n municipal para un edificio diplom\u00e1tico en Manhattan.<\/p>\n\n\n\n<p>Adams enfatiz\u00f3 el s\u00e1bado que no tiene la intenci\u00f3n de estar \u201cen guerra\u201d con el gobierno de Trump en inmigraci\u00f3n y otros temas cr\u00edticos.<\/p>\n\n\n\n<p>\u201cDonald Trump recibi\u00f3 el voto popular. Donald Trump recibi\u00f3 el voto del Colegio Electoral\u201d, afirm\u00f3. \u201cEstados Unidos ha comunicado de manera muy clara y fuerte que necesitamos hacer algo sobre nuestras fronteras. Estados Unidos ha comunicado c\u00f3mo necesitamos construir nuestra econom\u00eda y asegurarnos de que los empleos se queden aqu\u00ed. Han comunicado sobre la asequibilidad\u201d.<\/p>\n\n\n\n<p>Tambi\u00e9n se neg\u00f3 a decir qu\u00e9 papel, si alguno, tendr\u00edan la polic\u00eda y otras agencias de la ciudad ya que se espera que el gobierno de Trump comience deportaciones a gran escala, incluidas redadas de control migratorio dirigidas al \u00e1rea de Chicago tan pronto como el martes.<\/p>\n\n\n\n<p>\u201cNo voy a seguir respondiendo las mismas preguntas una y otra vez sobre la cooperaci\u00f3n de las agencias de la ciudad\u201d, dijo Adams. \u201cLa ley es la ley. Siguiente pregunta\u201d.<\/p>\n\n\n\n<p>El dem\u00f3crata de Brooklyn y exjefe de polic\u00eda tambi\u00e9n lanz\u00f3 cr\u00edticas a su propio partido y al gobierno saliente de Biden, al que ha criticado por sus medidas al aumento de migrantes en los \u00faltimos a\u00f1os.<\/p>\n\n\n\n<p>\u201cEl partido que gobierna se llev\u00f3 6.900 millones de d\u00f3lares de nuestra ciudad\u201d, afirm\u00f3, refiri\u00e9ndose a la cantidad de dinero que su gobierno dice haber gastado para atender a los cerca de 250.000 solicitantes de asilo que han llegado a la ciudad desde la primavera de 2022. \u201cEso se fue de nuestros ni\u00f1os, nuestras familias, nuestras calles, nuestra seguridad\u201d.<\/p>\n\n\n\n<p>Adams dijo que su cara a cara con Trump fue sobre \u201casegurar que esta ciudad obtenga lo que se merece\u201d, un llamado que cree ser\u00e1 escuchado dado los or\u00edgenes neoyorquinos del presidente entrante.<\/p>\n\n\n\n<p>\u201cEstoy deseando que lleguen los pr\u00f3ximos cuatro a\u00f1os para tener un presidente que ame la ciudad como yo amo esta ciudad\u201d, afirm\u00f3. \u201cVamos a hacer lo necesario para que la ciudad avance para los neoyorquinos de a pie\u201d.<\/p>\n","protected":false},"excerpt":{"rendered":"<p>POR PHILIP MARCELO NUEVA YORK (AP) \u2014 El alcalde dem\u00f3crata de la ciudad de Nueva York, quien enfrenta cargos federales de soborno, est\u00e1 defendiendo su reuni\u00f3n privada con el presidente&hellip;<\/p>\n","protected":false},"author":2,"featured_media":92870,"comment_status":"open","ping_status":"open","sticky":false,"template":"","format":"standard","meta":{"content-type":"","jetpack_post_was_ever_published":false,"_jetpack_newsletter_access":"","_jetpack_dont_email_post_to_subs":false,"_jetpack_newsletter_tier_id":0,"_jetpack_memberships_contains_paywalled_content":false,"_jetpack_memberships_contains_paid_content":false,"footnotes":""},"categories":[16289],"tags":[17000,978,5318,9636,17001],"class_list":["post-92869","post","type-post","status-publish","format-standard","has-post-thumbnail","hentry","category-internacionales","tag-alcalde-de-nyc","tag-donald-trump","tag-eric-adams","tag-presidente-electo","tag-reunion-privada"],"jetpack_featured_media_url":"https:\/\/lasprimeras.com.do\/wp-content\/uploads\/2025\/01\/Eric-Adams.jpg","jetpack-related-posts":[{"id":98779,"url":"https:\/\/lasprimeras.com.do\/index.php\/2025\/05\/12\/encuentro-entre-trump-y-adams-en-la-casa-blanca-ambos-divulgan-lo-tratado\/","url_meta":{"origin":92869,"position":0},"title":"Encuentro entre Trump y Adams en la Casa Blanca; ambos divulgan lo tratado","author":"Nelson Feliz","date":"12 de mayo de 2025","format":false,"excerpt":"Por Ram\u00f3n Mercedes NUEVA YORK.- La prensa anglosajona public\u00f3 este fin de semana el encuentro en la Casa Blanca entre el presidente Donald Trump y el alcalde de esta ciudad, Eric Adams; dominicanos en la urbe han prestado sumo inter\u00e9s a la misma. El alcalde declar\u00f3 que visit\u00f3 al presidente\u2026","rel":"","context":"En \u00abINTERNACIONALES\u00bb","block_context":{"text":"INTERNACIONALES","link":"https:\/\/lasprimeras.com.do\/index.php\/category\/sin-categoria\/internacionales\/"},"img":{"alt_text":"","src":"https:\/\/i0.wp.com\/lasprimeras.com.do\/wp-content\/uploads\/2025\/05\/WhatsApp-Image-2025-05-12-at-6.33.00-AM-3.jpeg?resize=350%2C200&ssl=1","width":350,"height":200,"srcset":"https:\/\/i0.wp.com\/lasprimeras.com.do\/wp-content\/uploads\/2025\/05\/WhatsApp-Image-2025-05-12-at-6.33.00-AM-3.jpeg?resize=350%2C200&ssl=1 1x, https:\/\/i0.wp.com\/lasprimeras.com.do\/wp-content\/uploads\/2025\/05\/WhatsApp-Image-2025-05-12-at-6.33.00-AM-3.jpeg?resize=525%2C300&ssl=1 1.5x"},"classes":[]},{"id":92872,"url":"https:\/\/lasprimeras.com.do\/index.php\/2025\/01\/18\/alcalde-de-ny-se-reune-con-zar-de-la-frontera-de-trump-para-discutir-como-ir-tras-criminales\/","url_meta":{"origin":92869,"position":1},"title":"Alcalde de NY se re\u00fane con \u201czar de la frontera\u201d de Trump para discutir c\u00f3mo ir tras criminales","author":"Nelson Feliz","date":"18 de enero de 2025","format":false,"excerpt":"POR ANTHONY IZAGUIRRE and CEDAR ATTANASIO NUEVA YORK (AP) \u2014 El alcalde de la ciudad de Nueva York, Eric Adams, se reuni\u00f3 el jueves con el \u201czar de la frontera\u201d del presidente electo Donald Trump, Tom Homan, y el alcalde dem\u00f3crata expres\u00f3 entusiasmo por trabajar con el gobierno entrante para\u2026","rel":"","context":"En \u00abINTERNACIONALES\u00bb","block_context":{"text":"INTERNACIONALES","link":"https:\/\/lasprimeras.com.do\/index.php\/category\/sin-categoria\/internacionales\/"},"img":{"alt_text":"","src":"https:\/\/i0.wp.com\/lasprimeras.com.do\/wp-content\/uploads\/2025\/01\/Eric-Adams-1.jpg?resize=350%2C200&ssl=1","width":350,"height":200,"srcset":"https:\/\/i0.wp.com\/lasprimeras.com.do\/wp-content\/uploads\/2025\/01\/Eric-Adams-1.jpg?resize=350%2C200&ssl=1 1x, https:\/\/i0.wp.com\/lasprimeras.com.do\/wp-content\/uploads\/2025\/01\/Eric-Adams-1.jpg?resize=525%2C300&ssl=1 1.5x, https:\/\/i0.wp.com\/lasprimeras.com.do\/wp-content\/uploads\/2025\/01\/Eric-Adams-1.jpg?resize=700%2C400&ssl=1 2x"},"classes":[]},{"id":96230,"url":"https:\/\/lasprimeras.com.do\/index.php\/2025\/03\/28\/alcalde-nyc-asiste-encuentro-en-alto-manhattan-con-poca-asistencia-de-dominicanos\/","url_meta":{"origin":92869,"position":2},"title":"Alcalde NYC asiste encuentro en Alto Manhattan con poca asistencia de dominicanos","author":"Nelson Feliz","date":"28 de marzo de 2025","format":false,"excerpt":"Por Ram\u00f3n Mercedes NUEVA YORK.- El alcalde de esta ciudad, Eric Adams, asisti\u00f3 la noche de este lunes a un encuentro en el Alto Manhattan, que convocara su comisionado de Transporte de NYC (DOT), Ydanis Rodr\u00edguez, con la comunidad dominicana. Contrario a las convocatorias que con frecuencia efectuaba Rodr\u00edguez cuando\u2026","rel":"","context":"En \u00abINTERNACIONALES\u00bb","block_context":{"text":"INTERNACIONALES","link":"https:\/\/lasprimeras.com.do\/index.php\/category\/sin-categoria\/internacionales\/"},"img":{"alt_text":"Alcalde NYC asiste encuentro en Alto Manhattan con poca asistencia de dominicanos","src":"https:\/\/i0.wp.com\/lasprimeras.com.do\/wp-content\/uploads\/2025\/03\/WhatsApp-Image-2025-03-27-at-6.14.59-AM.jpeg?resize=350%2C200&ssl=1","width":350,"height":200,"srcset":"https:\/\/i0.wp.com\/lasprimeras.com.do\/wp-content\/uploads\/2025\/03\/WhatsApp-Image-2025-03-27-at-6.14.59-AM.jpeg?resize=350%2C200&ssl=1 1x, https:\/\/i0.wp.com\/lasprimeras.com.do\/wp-content\/uploads\/2025\/03\/WhatsApp-Image-2025-03-27-at-6.14.59-AM.jpeg?resize=525%2C300&ssl=1 1.5x"},"classes":[]},{"id":94929,"url":"https:\/\/lasprimeras.com.do\/index.php\/2025\/03\/07\/solo-20-apoya-al-alcalde-de-nueva-york-trump-es-mas-popular-que-adams-tras-pacto-entre-ambos\/","url_meta":{"origin":92869,"position":3},"title":"S\u00f3lo 20% apoya al alcalde de Nueva York: Trump es m\u00e1s popular que Adams tras \u201cpacto\u201d entre ambos","author":"Nelson Feliz","date":"7 de marzo de 2025","format":false,"excerpt":"En un m\u00ednimo hist\u00f3rico, s\u00f3lo 20% de los votantes de NYC apoyan al alcalde, incluso por debajo de Trump (30%), seg\u00fan una encuesta tras el supuesto pacto de ambos. Por Andr\u00e9s Correa Apenas 20% de los votantes de la ciudad de Nueva York aprueba el trabajo que est\u00e1 haciendo el\u2026","rel":"","context":"En \u00abINTERNACIONALES\u00bb","block_context":{"text":"INTERNACIONALES","link":"https:\/\/lasprimeras.com.do\/index.php\/category\/sin-categoria\/internacionales\/"},"img":{"alt_text":"Eric Adams","src":"https:\/\/i0.wp.com\/lasprimeras.com.do\/wp-content\/uploads\/2025\/03\/Eric-Adams.png?resize=350%2C200&ssl=1","width":350,"height":200,"srcset":"https:\/\/i0.wp.com\/lasprimeras.com.do\/wp-content\/uploads\/2025\/03\/Eric-Adams.png?resize=350%2C200&ssl=1 1x, https:\/\/i0.wp.com\/lasprimeras.com.do\/wp-content\/uploads\/2025\/03\/Eric-Adams.png?resize=525%2C300&ssl=1 1.5x, https:\/\/i0.wp.com\/lasprimeras.com.do\/wp-content\/uploads\/2025\/03\/Eric-Adams.png?resize=700%2C400&ssl=1 2x"},"classes":[]},{"id":93817,"url":"https:\/\/lasprimeras.com.do\/index.php\/2025\/02\/21\/en-pausa-futuro-penal-del-alcalde-adams-mientras-crece-llamado-a-que-renuncie\/","url_meta":{"origin":92869,"position":4},"title":"En pausa futuro penal del alcalde Adams mientras crece llamado a que renuncie","author":"Nelson Feliz","date":"21 de febrero de 2025","format":false,"excerpt":"Este mi\u00e9rcoles un juez federal no decidi\u00f3 todav\u00eda si desestima o no los cargos de corrupci\u00f3n contra el mandatario Por Edwin Mart\u00ednez Este mi\u00e9rcoles 19 de febrero marc\u00f3 un nuevo episodio en la batalla que el alcalde de Nueva York, Eric Adams, lleva meses librando tras un proceso penal en\u2026","rel":"","context":"En \u00abINTERNACIONALES\u00bb","block_context":{"text":"INTERNACIONALES","link":"https:\/\/lasprimeras.com.do\/index.php\/category\/sin-categoria\/internacionales\/"},"img":{"alt_text":"","src":"https:\/\/i0.wp.com\/lasprimeras.com.do\/wp-content\/uploads\/2025\/02\/Eric-Adams.png?resize=350%2C200&ssl=1","width":350,"height":200,"srcset":"https:\/\/i0.wp.com\/lasprimeras.com.do\/wp-content\/uploads\/2025\/02\/Eric-Adams.png?resize=350%2C200&ssl=1 1x, https:\/\/i0.wp.com\/lasprimeras.com.do\/wp-content\/uploads\/2025\/02\/Eric-Adams.png?resize=525%2C300&ssl=1 1.5x, https:\/\/i0.wp.com\/lasprimeras.com.do\/wp-content\/uploads\/2025\/02\/Eric-Adams.png?resize=700%2C400&ssl=1 2x"},"classes":[]},{"id":101337,"url":"https:\/\/lasprimeras.com.do\/index.php\/2025\/06\/20\/andrew-cuomo-cuando-gane-alcaldia-nyc-anularia-orden-ejecutiva-alcalde-adams\/","url_meta":{"origin":92869,"position":5},"title":"Andrew Cuomo: Cuando gane alcald\u00eda NYC anular\u00eda orden ejecutiva alcalde Adams","author":"Nelson Feliz","date":"20 de junio de 2025","format":false,"excerpt":"Por Ram\u00f3n Mercedes NUEVA YORK.- Dominicanos residentes en El Bronx manifestaron valorar lo planteado por el ex gobernador de NY, Andrew Cuomo, de que cuando gane las elecciones del pr\u00f3ximo 4 de noviembre anular\u00eda la orden ejecutiva del alcalde Eric Adams. Los quisqueyanos en El Bronx, lugar donde residen m\u00e1s\u2026","rel":"","context":"En \u00abINTERNACIONALES\u00bb","block_context":{"text":"INTERNACIONALES","link":"https:\/\/lasprimeras.com.do\/index.php\/category\/sin-categoria\/internacionales\/"},"img":{"alt_text":"Cuomo Cuando gane alcald\u00eda NYC anular\u00eda orden ejecutiva alcalde Adams","src":"https:\/\/i0.wp.com\/lasprimeras.com.do\/wp-content\/uploads\/2025\/06\/WhatsApp-Image-2025-06-20-at-4.53.50-AM-1.jpeg?resize=350%2C200&ssl=1","width":350,"height":200,"srcset":"https:\/\/i0.wp.com\/lasprimeras.com.do\/wp-content\/uploads\/2025\/06\/WhatsApp-Image-2025-06-20-at-4.53.50-AM-1.jpeg?resize=350%2C200&ssl=1 1x, https:\/\/i0.wp.com\/lasprimeras.com.do\/wp-content\/uploads\/2025\/06\/WhatsApp-Image-2025-06-20-at-4.53.50-AM-1.jpeg?resize=525%2C300&ssl=1 1.5x"},"classes":[]}],"jetpack_sharing_enabled":true,"_links":{"self":[{"href":"https:\/\/lasprimeras.com.do\/index.php\/wp-json\/wp\/v2\/posts\/92869","targetHints":{"allow":["GET"]}}],"collection":[{"href":"https:\/\/lasprimeras.com.do\/index.php\/wp-json\/wp\/v2\/posts"}],"about":[{"href":"https:\/\/lasprimeras.com.do\/index.php\/wp-json\/wp\/v2\/types\/post"}],"author":[{"embeddable":true,"href":"https:\/\/lasprimeras.com.do\/index.php\/wp-json\/wp\/v2\/users\/2"}],"replies":[{"embeddable":true,"href":"https:\/\/lasprimeras.com.do\/index.php\/wp-json\/wp\/v2\/comments?post=92869"}],"version-history":[{"count":1,"href":"https:\/\/lasprimeras.com.do\/index.php\/wp-json\/wp\/v2\/posts\/92869\/revisions"}],"predecessor-version":[{"id":92871,"href":"https:\/\/lasprimeras.com.do\/index.php\/wp-json\/wp\/v2\/posts\/92869\/revisions\/92871"}],"wp:featuredmedia":[{"embeddable":true,"href":"https:\/\/lasprimeras.com.do\/index.php\/wp-json\/wp\/v2\/media\/92870"}],"wp:attachment":[{"href":"https:\/\/lasprimeras.com.do\/index.php\/wp-json\/wp\/v2\/media?parent=92869"}],"wp:term":[{"taxonomy":"category","embeddable":true,"href":"https:\/\/lasprimeras.com.do\/index.php\/wp-json\/wp\/v2\/categories?post=92869"},{"taxonomy":"post_tag","embeddable":true,"href":"https:\/\/lasprimeras.com.do\/index.php\/wp-json\/wp\/v2\/tags?post=92869"}],"curies":[{"name":"wp","href":"https:\/\/api.w.org\/{rel}","templated":true}]}}