{"id":92872,"date":"2025-01-18T21:15:41","date_gmt":"2025-01-19T01:15:41","guid":{"rendered":"https:\/\/lasprimeras.com.do\/?p=92872"},"modified":"2025-01-18T21:15:46","modified_gmt":"2025-01-19T01:15:46","slug":"alcalde-de-ny-se-reune-con-zar-de-la-frontera-de-trump-para-discutir-como-ir-tras-criminales","status":"publish","type":"post","link":"https:\/\/lasprimeras.com.do\/index.php\/2025\/01\/18\/alcalde-de-ny-se-reune-con-zar-de-la-frontera-de-trump-para-discutir-como-ir-tras-criminales\/","title":{"rendered":"Alcalde de NY se re\u00fane con \u201czar de la frontera\u201d de Trump para discutir c\u00f3mo ir tras criminales"},"content":{"rendered":"\n<p>POR ANTHONY IZAGUIRRE and CEDAR ATTANASIO<\/p>\n\n\n\n<p>NUEVA YORK (AP) \u2014 El alcalde de la ciudad de Nueva York, Eric Adams, se reuni\u00f3 el jueves con el \u201czar de la frontera\u201d del presidente electo Donald Trump, Tom Homan, y el alcalde dem\u00f3crata expres\u00f3 entusiasmo por trabajar con el gobierno entrante para perseguir a los criminales violentos en la ciudad mientras Trump promete una estrategia de deportaci\u00f3n masiva.<\/p>\n\n\n\n<p>La reuni\u00f3n del alcalde con Homan, quien supervisar\u00e1 las fronteras sur y norte de Estados Unidos y ser\u00e1 responsable de las labores de deportaci\u00f3n en el gobierno de Trump, se llev\u00f3 a cabo en un momento en que Adams ha acogido partes de la pol\u00edtica migratoria de l\u00ednea dura del presidente electo.<\/p>\n\n\n\n<p>Adams dijo a los periodistas en una breve conferencia de prensa que \u00e9l y Homan acordaron ir tras las personas que cometen cr\u00edmenes violentos en la ciudad, pero no revel\u00f3 detalles ni planes.<\/p>\n\n\n\n<p>\u201cNo vamos a ser un refugio seguro para aquellos que repetidamente cometen cr\u00edmenes violentos contra inmigrantes inocentes, inmigrantes y neoyorquinos de larga data. Eso fue lo que habl\u00e9 hoy con el zar de la frontera, para averiguar c\u00f3mo ir tras esos individuos que repetidamente est\u00e1n cometiendo cr\u00edmenes en nuestra ciudad\u201d, dijo Adams a reporteros.<\/p>\n\n\n\n<p>Desde la victoria electoral de Trump, Adams ha considerado la posibilidad de reducir las llamadas pol\u00edticas santuario de la ciudad y de coordinarse con el gobierno entrante en materia de inmigraci\u00f3n. Tambi\u00e9n ha dicho que los inmigrantes acusados de cr\u00edmenes no deber\u00edan tener derechos de debido proceso bajo la Constituci\u00f3n, aunque posteriormente se retract\u00f3.<\/p>\n\n\n\n<p>El alcalde sorprendi\u00f3 a\u00fan m\u00e1s a los dem\u00f3cratas de la ciudad cuando evit\u00f3 preguntas en dos entrevistas televisadas la semana pasada sobre si considerar\u00eda cambiarse al Partido Republicano, y les dijo a los periodistas que era parte del \u201cpartido estadounidense\u201d. Adams m\u00e1s tarde aclar\u00f3 que seguir\u00eda siendo dem\u00f3crata.<\/p>\n\n\n\n<p>Para Adams, un dem\u00f3crata centrista conocido por sus desacuerdos con la izquierda progresista de la ciudad, los comentarios recientes sobre inmigraci\u00f3n se deben a la frustraci\u00f3n con el gobierno federal por sus pol\u00edticas migratorios y el aumento de inmigrantes en la ciudad.<\/p>\n\n\n\n<p>Adams insiste en que sus posturas no han cambiado y argumenta que est\u00e1 tratando de proteger a los neoyorquinos, se\u00f1alando la plataforma policial que ha defendido a lo largo de su carrera pol\u00edtica y durante su exitosa campa\u00f1a para alcalde.<\/p>\n\n\n\n<p>En su conferencia de prensa del jueves, Adams reiter\u00f3 su compromiso con la generosa red de seguridad social de Nueva York.<\/p>\n\n\n\n<p>\u201cVamos a decirles a aquellos que est\u00e1n aqu\u00ed, que respetan la ley, que contin\u00faen utilizando los servicios que est\u00e1n disponibles en la ciudad, los servicios a los que tienen derecho, educaci\u00f3n para sus hijos, atenci\u00f3n m\u00e9dica, protecci\u00f3n p\u00fablica\u201d, dijo. \u201cPero no seremos un refugio seguro para aquellos que cometen actos violentos\u201d.<\/p>\n\n\n\n<p>Si bien la educaci\u00f3n de todos los ni\u00f1os en Estados Unidos ya est\u00e1 garantizada por una sentencia de la Corte Suprema, Nueva York tambi\u00e9n ofrece servicios sociales como atenci\u00f3n m\u00e9dica y hospedaje de emergencia para residentes de bajos ingresos, incluidos aquellos que se encuentran en el pa\u00eds sin autorizaci\u00f3n.<\/p>\n\n\n\n<p>Las subvenciones de la ciudad y del estado tambi\u00e9n proporcionan un acceso significativo a abogados, lo cual no est\u00e1 garantizado en los tribunales migratorios, a diferencia de los penales.<\/p>\n\n\n\n<p>Sin embargo, la ret\u00f3rica reciente de Adams ha sido considerada por algunos cr\u00edticos como un intento de congraciarse con Trump, quien podr\u00eda ofrecerle a Adams un indulto presidencial en el proceso que enfrenta por corrupci\u00f3n.<\/p>\n\n\n\n<p>Adams ha sido acusado de aceptar lujosos viajes y financiamiento de campa\u00f1a il\u00edcito de un funcionario turco y otros extranjeros que buscan comprar su influencia. Se ha declarado inocente.<\/p>\n\n\n\n<p>Homan, quien fungi\u00f3 como director en funciones del Servicio de Control de Inmigraci\u00f3n y Aduanas (ICE, por sus siglas en ingl\u00e9s) en el gobierno de Trump, tambi\u00e9n se reuni\u00f3 esta semana con republicanos en Illinois, donde inst\u00f3 al gobernador J.B. Pritzker y al alcalde de Chicago, Brandon Johnson, ambos dem\u00f3cratas, a iniciar negociaciones sobre c\u00f3mo llevar a cabo los planes de deportaci\u00f3n masiva de Trump, seg\u00fan medios locales.<\/p>\n\n\n\n<p>Por separado, funcionarios de la ciudad de Nueva York anunciaron esta semana planes para reducir un sistema de albergues de emergencia para inmigrantes debido al descenso en el n\u00famero de nuevas llegadas.<\/p>\n\n\n\n<p>Entre los albergues que se cerrar\u00edan se encuentra un enorme complejo de tiendas construido en un antiguo aeropuerto, propiedad del gobierno federal, en Brooklyn, el cual, seg\u00fan los defensores de los inmigrantes, podr\u00eda convertirse en el blanco principal del plan de deportaci\u00f3n masiva de Trump.<\/p>\n","protected":false},"excerpt":{"rendered":"<p>POR ANTHONY IZAGUIRRE and CEDAR ATTANASIO NUEVA YORK (AP) \u2014 El alcalde de la ciudad de Nueva York, Eric Adams, se reuni\u00f3 el jueves con el \u201czar de la frontera\u201d&hellip;<\/p>\n","protected":false},"author":2,"featured_media":92873,"comment_status":"open","ping_status":"open","sticky":false,"template":"","format":"standard","meta":{"content-type":"","jetpack_post_was_ever_published":false,"_jetpack_newsletter_access":"","_jetpack_dont_email_post_to_subs":false,"_jetpack_newsletter_tier_id":0,"_jetpack_memberships_contains_paywalled_content":false,"_jetpack_memberships_contains_paid_content":false,"footnotes":""},"categories":[16289],"tags":[8356,13521,978,17002],"class_list":["post-92872","post","type-post","status-publish","format-standard","has-post-thumbnail","hentry","category-internacionales","tag-alcalde-de-ny","tag-criminales","tag-donald-trump","tag-zar-de-la-frontera"],"jetpack_featured_media_url":"https:\/\/lasprimeras.com.do\/wp-content\/uploads\/2025\/01\/Eric-Adams-1.jpg","jetpack-related-posts":[{"id":92869,"url":"https:\/\/lasprimeras.com.do\/index.php\/2025\/01\/18\/alcalde-de-nyc-defiende-reunion-privada-con-el-presidente-electo-trump\/","url_meta":{"origin":92872,"position":0},"title":"Alcalde de NYC defiende reuni\u00f3n privada con el presidente electo Trump","author":"Nelson Feliz","date":"18 de enero de 2025","format":false,"excerpt":"POR PHILIP MARCELO NUEVA YORK (AP) \u2014 El alcalde dem\u00f3crata de la ciudad de Nueva York, quien enfrenta cargos federales de soborno, est\u00e1 defendiendo su reuni\u00f3n privada con el presidente electo Donald Trump mientras el republicano se prepara para retomar la Casa Blanca el lunes. El alcalde Eric Adams el\u2026","rel":"","context":"En \u00abINTERNACIONALES\u00bb","block_context":{"text":"INTERNACIONALES","link":"https:\/\/lasprimeras.com.do\/index.php\/category\/sin-categoria\/internacionales\/"},"img":{"alt_text":"","src":"https:\/\/i0.wp.com\/lasprimeras.com.do\/wp-content\/uploads\/2025\/01\/Eric-Adams.jpg?resize=350%2C200&ssl=1","width":350,"height":200,"srcset":"https:\/\/i0.wp.com\/lasprimeras.com.do\/wp-content\/uploads\/2025\/01\/Eric-Adams.jpg?resize=350%2C200&ssl=1 1x, https:\/\/i0.wp.com\/lasprimeras.com.do\/wp-content\/uploads\/2025\/01\/Eric-Adams.jpg?resize=525%2C300&ssl=1 1.5x, https:\/\/i0.wp.com\/lasprimeras.com.do\/wp-content\/uploads\/2025\/01\/Eric-Adams.jpg?resize=700%2C400&ssl=1 2x"},"classes":[]},{"id":94929,"url":"https:\/\/lasprimeras.com.do\/index.php\/2025\/03\/07\/solo-20-apoya-al-alcalde-de-nueva-york-trump-es-mas-popular-que-adams-tras-pacto-entre-ambos\/","url_meta":{"origin":92872,"position":1},"title":"S\u00f3lo 20% apoya al alcalde de Nueva York: Trump es m\u00e1s popular que Adams tras \u201cpacto\u201d entre ambos","author":"Nelson Feliz","date":"7 de marzo de 2025","format":false,"excerpt":"En un m\u00ednimo hist\u00f3rico, s\u00f3lo 20% de los votantes de NYC apoyan al alcalde, incluso por debajo de Trump (30%), seg\u00fan una encuesta tras el supuesto pacto de ambos. Por Andr\u00e9s Correa Apenas 20% de los votantes de la ciudad de Nueva York aprueba el trabajo que est\u00e1 haciendo el\u2026","rel":"","context":"En \u00abINTERNACIONALES\u00bb","block_context":{"text":"INTERNACIONALES","link":"https:\/\/lasprimeras.com.do\/index.php\/category\/sin-categoria\/internacionales\/"},"img":{"alt_text":"Eric Adams","src":"https:\/\/i0.wp.com\/lasprimeras.com.do\/wp-content\/uploads\/2025\/03\/Eric-Adams.png?resize=350%2C200&ssl=1","width":350,"height":200,"srcset":"https:\/\/i0.wp.com\/lasprimeras.com.do\/wp-content\/uploads\/2025\/03\/Eric-Adams.png?resize=350%2C200&ssl=1 1x, https:\/\/i0.wp.com\/lasprimeras.com.do\/wp-content\/uploads\/2025\/03\/Eric-Adams.png?resize=525%2C300&ssl=1 1.5x, https:\/\/i0.wp.com\/lasprimeras.com.do\/wp-content\/uploads\/2025\/03\/Eric-Adams.png?resize=700%2C400&ssl=1 2x"},"classes":[]},{"id":98779,"url":"https:\/\/lasprimeras.com.do\/index.php\/2025\/05\/12\/encuentro-entre-trump-y-adams-en-la-casa-blanca-ambos-divulgan-lo-tratado\/","url_meta":{"origin":92872,"position":2},"title":"Encuentro entre Trump y Adams en la Casa Blanca; ambos divulgan lo tratado","author":"Nelson Feliz","date":"12 de mayo de 2025","format":false,"excerpt":"Por Ram\u00f3n Mercedes NUEVA YORK.- La prensa anglosajona public\u00f3 este fin de semana el encuentro en la Casa Blanca entre el presidente Donald Trump y el alcalde de esta ciudad, Eric Adams; dominicanos en la urbe han prestado sumo inter\u00e9s a la misma. El alcalde declar\u00f3 que visit\u00f3 al presidente\u2026","rel":"","context":"En \u00abINTERNACIONALES\u00bb","block_context":{"text":"INTERNACIONALES","link":"https:\/\/lasprimeras.com.do\/index.php\/category\/sin-categoria\/internacionales\/"},"img":{"alt_text":"","src":"https:\/\/i0.wp.com\/lasprimeras.com.do\/wp-content\/uploads\/2025\/05\/WhatsApp-Image-2025-05-12-at-6.33.00-AM-3.jpeg?resize=350%2C200&ssl=1","width":350,"height":200,"srcset":"https:\/\/i0.wp.com\/lasprimeras.com.do\/wp-content\/uploads\/2025\/05\/WhatsApp-Image-2025-05-12-at-6.33.00-AM-3.jpeg?resize=350%2C200&ssl=1 1x, https:\/\/i0.wp.com\/lasprimeras.com.do\/wp-content\/uploads\/2025\/05\/WhatsApp-Image-2025-05-12-at-6.33.00-AM-3.jpeg?resize=525%2C300&ssl=1 1.5x"},"classes":[]},{"id":92878,"url":"https:\/\/lasprimeras.com.do\/index.php\/2025\/01\/19\/chicago-se-prepara-para-cientos-de-arrestos-por-deportacion-tras-investidura-de-trump\/","url_meta":{"origin":92872,"position":3},"title":"Chicago se prepara para cientos de arrestos por deportaci\u00f3n tras investidura de Trump","author":"Nelson Feliz","date":"19 de enero de 2025","format":false,"excerpt":"POR TODD RICHMOND and ELLIOT SPAGAT Chicago , AP.-. Los funcionarios federales de inmigraci\u00f3n se centrar\u00e1n en m\u00e1s de 300 personas con antecedentes de delitos graves y violentos despu\u00e9s de que el presidente electo Donald Trump asuma el cargo el lunes, dijo un funcionario, lo que supone el primer intento\u2026","rel":"","context":"En \u00abINTERNACIONALES\u00bb","block_context":{"text":"INTERNACIONALES","link":"https:\/\/lasprimeras.com.do\/index.php\/category\/sin-categoria\/internacionales\/"},"img":{"alt_text":"","src":"https:\/\/i0.wp.com\/lasprimeras.com.do\/wp-content\/uploads\/2025\/01\/Tom-Homan.jpg?resize=350%2C200&ssl=1","width":350,"height":200,"srcset":"https:\/\/i0.wp.com\/lasprimeras.com.do\/wp-content\/uploads\/2025\/01\/Tom-Homan.jpg?resize=350%2C200&ssl=1 1x, https:\/\/i0.wp.com\/lasprimeras.com.do\/wp-content\/uploads\/2025\/01\/Tom-Homan.jpg?resize=525%2C300&ssl=1 1.5x, https:\/\/i0.wp.com\/lasprimeras.com.do\/wp-content\/uploads\/2025\/01\/Tom-Homan.jpg?resize=700%2C400&ssl=1 2x"},"classes":[]},{"id":93817,"url":"https:\/\/lasprimeras.com.do\/index.php\/2025\/02\/21\/en-pausa-futuro-penal-del-alcalde-adams-mientras-crece-llamado-a-que-renuncie\/","url_meta":{"origin":92872,"position":4},"title":"En pausa futuro penal del alcalde Adams mientras crece llamado a que renuncie","author":"Nelson Feliz","date":"21 de febrero de 2025","format":false,"excerpt":"Este mi\u00e9rcoles un juez federal no decidi\u00f3 todav\u00eda si desestima o no los cargos de corrupci\u00f3n contra el mandatario Por Edwin Mart\u00ednez Este mi\u00e9rcoles 19 de febrero marc\u00f3 un nuevo episodio en la batalla que el alcalde de Nueva York, Eric Adams, lleva meses librando tras un proceso penal en\u2026","rel":"","context":"En \u00abINTERNACIONALES\u00bb","block_context":{"text":"INTERNACIONALES","link":"https:\/\/lasprimeras.com.do\/index.php\/category\/sin-categoria\/internacionales\/"},"img":{"alt_text":"","src":"https:\/\/i0.wp.com\/lasprimeras.com.do\/wp-content\/uploads\/2025\/02\/Eric-Adams.png?resize=350%2C200&ssl=1","width":350,"height":200,"srcset":"https:\/\/i0.wp.com\/lasprimeras.com.do\/wp-content\/uploads\/2025\/02\/Eric-Adams.png?resize=350%2C200&ssl=1 1x, https:\/\/i0.wp.com\/lasprimeras.com.do\/wp-content\/uploads\/2025\/02\/Eric-Adams.png?resize=525%2C300&ssl=1 1.5x, https:\/\/i0.wp.com\/lasprimeras.com.do\/wp-content\/uploads\/2025\/02\/Eric-Adams.png?resize=700%2C400&ssl=1 2x"},"classes":[]},{"id":110459,"url":"https:\/\/lasprimeras.com.do\/index.php\/2025\/09\/29\/alcalde-de-nueva-york-eric-adams-abandona-su-campana-de-reeleccion\/","url_meta":{"origin":92872,"position":5},"title":"Alcalde de Nueva York Eric Adams abandona su campa\u00f1a de reelecci\u00f3n","author":"Nelson Feliz","date":"29 de septiembre de 2025","format":false,"excerpt":"POR JAKE OFFENHARTZ and ANTHONY IZAGUIRRE NUEVA YORK (AP) \u2014 El alcalde de la ciudad de Nueva York, Eric Adams, termin\u00f3 su campa\u00f1a de reelecci\u00f3n el domingo, reconociendo que ya no era un contendiente serio en la contienda despu\u00e9s de un a\u00f1o de esc\u00e1ndalos y agitaci\u00f3n pol\u00edtica. En un video\u2026","rel":"","context":"En \u00abINTERNACIONALES\u00bb","block_context":{"text":"INTERNACIONALES","link":"https:\/\/lasprimeras.com.do\/index.php\/category\/sin-categoria\/internacionales\/"},"img":{"alt_text":"","src":"https:\/\/i0.wp.com\/lasprimeras.com.do\/wp-content\/uploads\/2025\/09\/Eric-Adams.jpg?resize=350%2C200&ssl=1","width":350,"height":200,"srcset":"https:\/\/i0.wp.com\/lasprimeras.com.do\/wp-content\/uploads\/2025\/09\/Eric-Adams.jpg?resize=350%2C200&ssl=1 1x, https:\/\/i0.wp.com\/lasprimeras.com.do\/wp-content\/uploads\/2025\/09\/Eric-Adams.jpg?resize=525%2C300&ssl=1 1.5x, https:\/\/i0.wp.com\/lasprimeras.com.do\/wp-content\/uploads\/2025\/09\/Eric-Adams.jpg?resize=700%2C400&ssl=1 2x"},"classes":[]}],"jetpack_sharing_enabled":true,"_links":{"self":[{"href":"https:\/\/lasprimeras.com.do\/index.php\/wp-json\/wp\/v2\/posts\/92872","targetHints":{"allow":["GET"]}}],"collection":[{"href":"https:\/\/lasprimeras.com.do\/index.php\/wp-json\/wp\/v2\/posts"}],"about":[{"href":"https:\/\/lasprimeras.com.do\/index.php\/wp-json\/wp\/v2\/types\/post"}],"author":[{"embeddable":true,"href":"https:\/\/lasprimeras.com.do\/index.php\/wp-json\/wp\/v2\/users\/2"}],"replies":[{"embeddable":true,"href":"https:\/\/lasprimeras.com.do\/index.php\/wp-json\/wp\/v2\/comments?post=92872"}],"version-history":[{"count":1,"href":"https:\/\/lasprimeras.com.do\/index.php\/wp-json\/wp\/v2\/posts\/92872\/revisions"}],"predecessor-version":[{"id":92874,"href":"https:\/\/lasprimeras.com.do\/index.php\/wp-json\/wp\/v2\/posts\/92872\/revisions\/92874"}],"wp:featuredmedia":[{"embeddable":true,"href":"https:\/\/lasprimeras.com.do\/index.php\/wp-json\/wp\/v2\/media\/92873"}],"wp:attachment":[{"href":"https:\/\/lasprimeras.com.do\/index.php\/wp-json\/wp\/v2\/media?parent=92872"}],"wp:term":[{"taxonomy":"category","embeddable":true,"href":"https:\/\/lasprimeras.com.do\/index.php\/wp-json\/wp\/v2\/categories?post=92872"},{"taxonomy":"post_tag","embeddable":true,"href":"https:\/\/lasprimeras.com.do\/index.php\/wp-json\/wp\/v2\/tags?post=92872"}],"curies":[{"name":"wp","href":"https:\/\/api.w.org\/{rel}","templated":true}]}}