{"id":92875,"date":"2025-01-18T21:19:56","date_gmt":"2025-01-19T01:19:56","guid":{"rendered":"https:\/\/lasprimeras.com.do\/?p=92875"},"modified":"2025-01-18T21:20:01","modified_gmt":"2025-01-19T01:20:01","slug":"christopher-macchio-el-tenor-de-opera-que-cantara-el-himno-nacional-en-la-investidura-de-trump","status":"publish","type":"post","link":"https:\/\/lasprimeras.com.do\/index.php\/2025\/01\/18\/christopher-macchio-el-tenor-de-opera-que-cantara-el-himno-nacional-en-la-investidura-de-trump\/","title":{"rendered":"Christopher Macchio: el tenor de \u00f3pera que cantar\u00e1 el himno nacional en la investidura de Trump"},"content":{"rendered":"\n<p>POR LINDSEY BAHR<\/p>\n\n\n\n<p>WASHINGTON (AP) \u2014 El tenor de \u00f3pera Christopher Macchio cantar\u00e1 el himno nacional en la investidura del presidente electo Donald Trump ante una multitud mucho menor de la que esperaba, una decepci\u00f3n con un lado positivo.<\/p>\n\n\n\n<p>La ceremonia del lunes se ha trasladado al interior debido a que las temperaturas est\u00e1n previstas para desplomarse y convertirla en el d\u00eda de investidura m\u00e1s fr\u00edo en 40 a\u00f1os. La Rotonda del Capitolio solo alberga a 600 personas, mientras que m\u00e1s de 250.000 invitados ten\u00edan entradas para ver la investidura desde los alrededores del Capitolio.<\/p>\n\n\n\n<p>\u201cTen\u00eda muchas ganas de ver a 100.000 personas regadas a lo largo del National Mall\u201d, dijo Macchio, de 46 a\u00f1os, el s\u00e1bado en una entrevista con The Associated Press. \u201cDesafortunadamente, no tendr\u00e9 esa visual mientras act\u00fao, pero a\u00fan ser\u00e1 un tremendo honor\u201d.<\/p>\n\n\n\n<p>De hecho, dijo, \u201cdesde una perspectiva musical y vocal, en realidad es algo bueno\u201d y que la presentaci\u00f3n permanecer\u00e1 en gran medida igual. Las condiciones clim\u00e1ticas extremas son insalubres e inc\u00f3modas para los vocalistas.<\/p>\n\n\n\n<p>Macchio entr\u00f3 por primera vez en la \u00f3rbita de Trump hace unos nueve a\u00f1os, cuando se le pidi\u00f3 que sustituyera a \u00faltima hora a un cantante en una celebraci\u00f3n de A\u00f1o Nuevo. Tuvo tanto \u00e9xito que Trump le pidi\u00f3 esa misma noche que actuara en su 70 cumplea\u00f1os. Macchio cant\u00f3 en el funeral del hermano de Trump, Robert, en la Casa Blanca en 2020, y ah\u00ed se afianz\u00f3 su amistad.<\/p>\n\n\n\n<p>Macchio actu\u00f3 en la Convenci\u00f3n Nacional Republicana en julio, en el mitin de Trump en Butler, Pensilvania, en octubre, unos meses despu\u00e9s del intento de asesinato en ese sitio, y durante su mitin en el Madison Square Garden cerca de las elecciones. Fue despu\u00e9s del mitin en Butler que Trump le dijo a Macchio: \u201cNos veremos en la investidura\u201d.<\/p>\n\n\n\n<p>\u201cNo especific\u00f3 realmente qu\u00e9 significaba eso\u201d, le dijo Macchio a la AP. Pero unas semanas despu\u00e9s, Macchio recibi\u00f3 la llamada de un miembro del personal de Trump diciendo que el tenor era la \u201cprimera y \u00fanica opci\u00f3n\u201d para interpretar el himno nacional.<\/p>\n\n\n\n<p>Lady Gaga cant\u00f3 el himno en la investidura de Joe Biden. Beyonc\u00e9 actu\u00f3 en la segunda toma de posesi\u00f3n de Barack Obama. La estrella de \u201cAmerica\u2019s Got Talent\u201d Jackie Evancho lo cant\u00f3 en la primera investidura de Trump.<\/p>\n\n\n\n<p>Macchio sabe que algunas personas tienen opiniones negativas sobre su larga asociaci\u00f3n con y apoyo a Trump. Pero espera que incluso aquellos que no est\u00e1n de acuerdo con Trump pol\u00edticamente puedan apreciar la m\u00fasica.<\/p>\n\n\n\n<p>\u201cPara aquellas personas que quiz\u00e1s no votaron por el presidente Trump, espero que me den esa oportunidad de simplemente escuchar y realmente conectar con la m\u00fasica\u201d, dijo. \u201cVoy a interpretar el himno nacional y est\u00e1 destinado a honrar a nuestro gran pa\u00eds\u201d.<\/p>\n\n\n\n<p>Macchio espera ser un defensor de la ense\u00f1anza de la m\u00fasica cl\u00e1sica y est\u00e1 estudiando con el gobierno c\u00f3mo podr\u00eda ayudar de forma m\u00e1s oficial.<\/p>\n\n\n\n<p>Pero por ahora, est\u00e1 enfocado en el lunes y planea reunirse este fin de semana con sus compa\u00f1eros artistas Carrie Underwood y Lee Greenwood y ensayar en la Rotonda del Capitolio.<\/p>\n\n\n\n<p>\u201cSoy un tradicionalista\u201d, dijo. \u201cEstar\u00e9 entregando esencialmente una interpretaci\u00f3n directa. Y la \u00fanica licencia que me tomo es cuando se trata de las notas altas. Tiendo a complacerme un poco y estirar esas notas altas\u201d.<\/p>\n","protected":false},"excerpt":{"rendered":"<p>POR LINDSEY BAHR WASHINGTON (AP) \u2014 El tenor de \u00f3pera Christopher Macchio cantar\u00e1 el himno nacional en la investidura del presidente electo Donald Trump ante una multitud mucho menor de&hellip;<\/p>\n","protected":false},"author":2,"featured_media":92876,"comment_status":"open","ping_status":"open","sticky":false,"template":"","format":"standard","meta":{"content-type":"","jetpack_post_was_ever_published":false,"_jetpack_newsletter_access":"","_jetpack_dont_email_post_to_subs":false,"_jetpack_newsletter_tier_id":0,"_jetpack_memberships_contains_paywalled_content":false,"_jetpack_memberships_contains_paid_content":false,"footnotes":""},"categories":[16289],"tags":[17005,17004,978,17003,17006,10174],"class_list":["post-92875","post","type-post","status-publish","format-standard","has-post-thumbnail","hentry","category-internacionales","tag-cantara","tag-christopher-macchio","tag-donald-trump","tag-el-tenor-de-opera","tag-himno-nacional","tag-investidura"],"jetpack_featured_media_url":"https:\/\/lasprimeras.com.do\/wp-content\/uploads\/2025\/01\/Christopher-Macchio.jpg","jetpack-related-posts":[{"id":92969,"url":"https:\/\/lasprimeras.com.do\/index.php\/2025\/01\/20\/donald-trump-toma-posesion-como-nuevo-presidente-de-estados-unidos\/","url_meta":{"origin":92875,"position":0},"title":"Donald Trump toma posesi\u00f3n como nuevo presidente de Estados Unidos","author":"Nelson Feliz","date":"20 de enero de 2025","format":false,"excerpt":"Washington, EFE.- Donald Trump tom\u00f3 este lunes posesi\u00f3n como presidente n\u00famero 47 de Estados Unidos, en una ceremonia de investidura que se celebra en el interior del Capitolio por el fr\u00edo. Trump prest\u00f3 juramento con la mano derecha en alto y la izquierda sobre las mismas dos biblias que utiliz\u00f3\u2026","rel":"","context":"En \u00abINTERNACIONALES\u00bb","block_context":{"text":"INTERNACIONALES","link":"https:\/\/lasprimeras.com.do\/index.php\/category\/sin-categoria\/internacionales\/"},"img":{"alt_text":"","src":"https:\/\/i0.wp.com\/lasprimeras.com.do\/wp-content\/uploads\/2025\/01\/donald-trump-toma-posesion-como-nuevo-presidente-de-estados-unidos.jpg?resize=350%2C200&ssl=1","width":350,"height":200,"srcset":"https:\/\/i0.wp.com\/lasprimeras.com.do\/wp-content\/uploads\/2025\/01\/donald-trump-toma-posesion-como-nuevo-presidente-de-estados-unidos.jpg?resize=350%2C200&ssl=1 1x, https:\/\/i0.wp.com\/lasprimeras.com.do\/wp-content\/uploads\/2025\/01\/donald-trump-toma-posesion-como-nuevo-presidente-de-estados-unidos.jpg?resize=525%2C300&ssl=1 1.5x, https:\/\/i0.wp.com\/lasprimeras.com.do\/wp-content\/uploads\/2025\/01\/donald-trump-toma-posesion-como-nuevo-presidente-de-estados-unidos.jpg?resize=700%2C400&ssl=1 2x, https:\/\/i0.wp.com\/lasprimeras.com.do\/wp-content\/uploads\/2025\/01\/donald-trump-toma-posesion-como-nuevo-presidente-de-estados-unidos.jpg?resize=1050%2C600&ssl=1 3x"},"classes":[]},{"id":92863,"url":"https:\/\/lasprimeras.com.do\/index.php\/2025\/01\/18\/donald-trump-tomara-posesion-como-presidente-en-el-capitolio-por-ola-de-frio-extremo\/","url_meta":{"origin":92875,"position":1},"title":"Donald Trump tomar\u00e1 posesi\u00f3n como presidente en el Capitolio por ola de fr\u00edo extremo","author":"Nelson Feliz","date":"18 de enero de 2025","format":false,"excerpt":"Historia de Diego Cabralwww.msn.com Donald Trump inform\u00f3 que su ceremonia de investidura como presidente de Estados Unidos, programada para el lunes, se llevar\u00e1 a cabo en el interior del Capitolio debido a las bajas temperaturas pronosticadas. \u201cUna masa de aire \u00e1rtico est\u00e1 atravesando el pa\u00eds\u201d, expres\u00f3 Trump en su red\u2026","rel":"","context":"En \u00abINTERNACIONALES\u00bb","block_context":{"text":"INTERNACIONALES","link":"https:\/\/lasprimeras.com.do\/index.php\/category\/sin-categoria\/internacionales\/"},"img":{"alt_text":"Donald Trump","src":"https:\/\/i0.wp.com\/lasprimeras.com.do\/wp-content\/uploads\/2025\/01\/Donald-Trump-1.jpg?resize=350%2C200&ssl=1","width":350,"height":200,"srcset":"https:\/\/i0.wp.com\/lasprimeras.com.do\/wp-content\/uploads\/2025\/01\/Donald-Trump-1.jpg?resize=350%2C200&ssl=1 1x, https:\/\/i0.wp.com\/lasprimeras.com.do\/wp-content\/uploads\/2025\/01\/Donald-Trump-1.jpg?resize=525%2C300&ssl=1 1.5x"},"classes":[]},{"id":92878,"url":"https:\/\/lasprimeras.com.do\/index.php\/2025\/01\/19\/chicago-se-prepara-para-cientos-de-arrestos-por-deportacion-tras-investidura-de-trump\/","url_meta":{"origin":92875,"position":2},"title":"Chicago se prepara para cientos de arrestos por deportaci\u00f3n tras investidura de Trump","author":"Nelson Feliz","date":"19 de enero de 2025","format":false,"excerpt":"POR TODD RICHMOND and ELLIOT SPAGAT Chicago , AP.-. Los funcionarios federales de inmigraci\u00f3n se centrar\u00e1n en m\u00e1s de 300 personas con antecedentes de delitos graves y violentos despu\u00e9s de que el presidente electo Donald Trump asuma el cargo el lunes, dijo un funcionario, lo que supone el primer intento\u2026","rel":"","context":"En \u00abINTERNACIONALES\u00bb","block_context":{"text":"INTERNACIONALES","link":"https:\/\/lasprimeras.com.do\/index.php\/category\/sin-categoria\/internacionales\/"},"img":{"alt_text":"","src":"https:\/\/i0.wp.com\/lasprimeras.com.do\/wp-content\/uploads\/2025\/01\/Tom-Homan.jpg?resize=350%2C200&ssl=1","width":350,"height":200,"srcset":"https:\/\/i0.wp.com\/lasprimeras.com.do\/wp-content\/uploads\/2025\/01\/Tom-Homan.jpg?resize=350%2C200&ssl=1 1x, https:\/\/i0.wp.com\/lasprimeras.com.do\/wp-content\/uploads\/2025\/01\/Tom-Homan.jpg?resize=525%2C300&ssl=1 1.5x, https:\/\/i0.wp.com\/lasprimeras.com.do\/wp-content\/uploads\/2025\/01\/Tom-Homan.jpg?resize=700%2C400&ssl=1 2x"},"classes":[]},{"id":65139,"url":"https:\/\/lasprimeras.com.do\/index.php\/2023\/10\/26\/eu-johnson-nombrado-presidente-de-la-camara-de-representantes\/","url_meta":{"origin":92875,"position":3},"title":"EU: Johnson nombrado presidente de la C\u00e1mara de Representantes","author":"BIMARY DE JES\u00daS Matos","date":"26 de octubre de 2023","format":false,"excerpt":"WASHINGTON.-El congresista republicano por Louisiana Mike Johnson ha sido nombrado como presidente de la C\u00e1mara de Representantes de Estados Unidos tras conseguir aunar al Partido Republicano en torno a su figura y deshaciendo el bloqueo institucional en el que estaba sumido el Capitolio desde comienzos de octubre tras el cese\u2026","rel":"","context":"En \u00abSin categor\u00eda\u00bb","block_context":{"text":"Sin categor\u00eda","link":"https:\/\/lasprimeras.com.do\/index.php\/category\/sin-categoria\/"},"img":{"alt_text":"","src":"","width":0,"height":0},"classes":[]},{"id":88917,"url":"https:\/\/lasprimeras.com.do\/index.php\/2024\/09\/10\/harris-provoca-la-ira-de-trump-al-decir-que-la-gente-se-va-de-sus-mitines-por-agotamiento\/","url_meta":{"origin":92875,"position":4},"title":"Harris provoca la ira de Trump al decir que la gente se va de sus m\u00edtines por agotamiento","author":"Nelson Feliz","date":"10 de septiembre de 2024","format":false,"excerpt":"Filadelfia (EE.UU.), (EFE).- La vicepresidenta de Estados Unidos, Kamala Harris, provoc\u00f3 este martes durante el debate la ira del expresidente Donald Trump (2017-2021) al afirmar que la gente se va de sus m\u00edtines \"por agotamiento y aburrimiento\". Dirigi\u00e9ndose directamente a la c\u00e1mara, Harris invit\u00f3 a los televidentes a asistir a\u2026","rel":"","context":"En \u00abSin categor\u00eda\u00bb","block_context":{"text":"Sin categor\u00eda","link":"https:\/\/lasprimeras.com.do\/index.php\/category\/sin-categoria\/"},"img":{"alt_text":"Donald Trump y Kamala Harris","src":"https:\/\/i0.wp.com\/lasprimeras.com.do\/wp-content\/uploads\/2024\/09\/Donald-Trump-y-Kamala-Harris.jpg?resize=350%2C200&ssl=1","width":350,"height":200,"srcset":"https:\/\/i0.wp.com\/lasprimeras.com.do\/wp-content\/uploads\/2024\/09\/Donald-Trump-y-Kamala-Harris.jpg?resize=350%2C200&ssl=1 1x, https:\/\/i0.wp.com\/lasprimeras.com.do\/wp-content\/uploads\/2024\/09\/Donald-Trump-y-Kamala-Harris.jpg?resize=525%2C300&ssl=1 1.5x"},"classes":[]},{"id":69748,"url":"https:\/\/lasprimeras.com.do\/index.php\/2023\/12\/05\/javier-milei-y-elon-musk-en-sintonia-a-cinco-dias-de-la-investidura-en-argentina\/","url_meta":{"origin":92875,"position":5},"title":"Javier Milei y Elon Musk &#8220;en sinton\u00eda&#8221; a cinco d\u00edas de la investidura en Argentina","author":"Nelson Feliz","date":"5 de diciembre de 2023","format":false,"excerpt":"La buena relaci\u00f3n entre Milei y Musk no es nueva, ya que el fundador y directivo de SpaceX y Tesla hab\u00eda manifestado su apoyo al ultraliberal el pasado 19 de noviembre. El presidente electo de Argentina, Javier Milei, y el magnate y empresario sudafricano Elon Musk intercambiaron este martes varios\u2026","rel":"","context":"En \u00abSin categor\u00eda\u00bb","block_context":{"text":"Sin categor\u00eda","link":"https:\/\/lasprimeras.com.do\/index.php\/category\/sin-categoria\/"},"img":{"alt_text":"Magnate Elon Musk y el presidente electo de Argentina, Javier Milei","src":"https:\/\/i0.wp.com\/lasprimeras.com.do\/wp-content\/uploads\/2023\/12\/Elon-Musk-y-Javier-Milei.jpeg?resize=350%2C200&ssl=1","width":350,"height":200,"srcset":"https:\/\/i0.wp.com\/lasprimeras.com.do\/wp-content\/uploads\/2023\/12\/Elon-Musk-y-Javier-Milei.jpeg?resize=350%2C200&ssl=1 1x, https:\/\/i0.wp.com\/lasprimeras.com.do\/wp-content\/uploads\/2023\/12\/Elon-Musk-y-Javier-Milei.jpeg?resize=525%2C300&ssl=1 1.5x, https:\/\/i0.wp.com\/lasprimeras.com.do\/wp-content\/uploads\/2023\/12\/Elon-Musk-y-Javier-Milei.jpeg?resize=700%2C400&ssl=1 2x"},"classes":[]}],"jetpack_sharing_enabled":true,"_links":{"self":[{"href":"https:\/\/lasprimeras.com.do\/index.php\/wp-json\/wp\/v2\/posts\/92875","targetHints":{"allow":["GET"]}}],"collection":[{"href":"https:\/\/lasprimeras.com.do\/index.php\/wp-json\/wp\/v2\/posts"}],"about":[{"href":"https:\/\/lasprimeras.com.do\/index.php\/wp-json\/wp\/v2\/types\/post"}],"author":[{"embeddable":true,"href":"https:\/\/lasprimeras.com.do\/index.php\/wp-json\/wp\/v2\/users\/2"}],"replies":[{"embeddable":true,"href":"https:\/\/lasprimeras.com.do\/index.php\/wp-json\/wp\/v2\/comments?post=92875"}],"version-history":[{"count":1,"href":"https:\/\/lasprimeras.com.do\/index.php\/wp-json\/wp\/v2\/posts\/92875\/revisions"}],"predecessor-version":[{"id":92877,"href":"https:\/\/lasprimeras.com.do\/index.php\/wp-json\/wp\/v2\/posts\/92875\/revisions\/92877"}],"wp:featuredmedia":[{"embeddable":true,"href":"https:\/\/lasprimeras.com.do\/index.php\/wp-json\/wp\/v2\/media\/92876"}],"wp:attachment":[{"href":"https:\/\/lasprimeras.com.do\/index.php\/wp-json\/wp\/v2\/media?parent=92875"}],"wp:term":[{"taxonomy":"category","embeddable":true,"href":"https:\/\/lasprimeras.com.do\/index.php\/wp-json\/wp\/v2\/categories?post=92875"},{"taxonomy":"post_tag","embeddable":true,"href":"https:\/\/lasprimeras.com.do\/index.php\/wp-json\/wp\/v2\/tags?post=92875"}],"curies":[{"name":"wp","href":"https:\/\/api.w.org\/{rel}","templated":true}]}}