{"id":92878,"date":"2025-01-19T00:03:43","date_gmt":"2025-01-19T04:03:43","guid":{"rendered":"https:\/\/lasprimeras.com.do\/?p=92878"},"modified":"2025-01-19T00:03:47","modified_gmt":"2025-01-19T04:03:47","slug":"chicago-se-prepara-para-cientos-de-arrestos-por-deportacion-tras-investidura-de-trump","status":"publish","type":"post","link":"https:\/\/lasprimeras.com.do\/index.php\/2025\/01\/19\/chicago-se-prepara-para-cientos-de-arrestos-por-deportacion-tras-investidura-de-trump\/","title":{"rendered":"Chicago se prepara para cientos de arrestos por deportaci\u00f3n tras investidura de Trump"},"content":{"rendered":"\n<p>POR TODD RICHMOND and ELLIOT SPAGAT<\/p>\n\n\n\n<p>Chicago , AP.-. Los funcionarios federales de inmigraci\u00f3n se centrar\u00e1n en m\u00e1s de 300 personas con antecedentes de delitos graves y violentos despu\u00e9s de que el presidente electo Donald Trump asuma el cargo el lunes, dijo un funcionario, lo que supone el primer intento de su gobierno hacia el cumplimiento de su promesa de deportaciones a gran escala.<\/p>\n\n\n\n<p>La operaci\u00f3n se concentrar\u00e1 en el \u00e1rea de Chicago, seg\u00fan el funcionario, quien habl\u00f3 bajo condici\u00f3n de anonimato porque los planes a\u00fan no se han hecho p\u00fablicos. Se esperan arrestos durante toda la semana.<\/p>\n\n\n\n<p>El Servicio de Control de Inmigraci\u00f3n y Aduanas de Estados Unidos (ICE, por sus siglas en ingl\u00e9s) arresta solo una fracci\u00f3n de sus objetivos en tales operaciones, aunque se espera que Trump extienda m\u00e1s la red que el presidente Joe Biden, cuyo enfoque en detener a personas lejos de la frontera se limitaba en gran medida a aquellos con historiales criminales graves y amenazas a la seguridad nacional.<\/p>\n\n\n\n<p>Los colaboradores de Trump han dicho que arrestar\u00e1n a otros, como c\u00f3nyuges o compa\u00f1eros de cuarto, que no son objetivos pero que se encuentran en el pa\u00eds ilegalmente.<\/p>\n\n\n\n<p>ICE y el equipo de transici\u00f3n de Trump no ha respondido de momento a una solicitud de comentarios enviada el s\u00e1bado. El plan fue informado anteriormente por The Wall Street Journal, que dijo que se espera que la operaci\u00f3n comience el martes.<\/p>\n\n\n\n<p>El pr\u00f3ximo zar de la frontera de Trump, Tom Homan, le dijo a Fox News que Chicago ser\u00e1 uno de los muchos lugares en todo el pa\u00eds donde las autoridades federales planean hacer arrestos.<\/p>\n\n\n\n<p>\u201cVamos a quitar las esposas a ICE y dejar que vayan a arrestar a extranjeros criminales, eso es lo que va a suceder\u201d, afirm\u00f3 Homan el viernes. \u201cLo que le estamos diciendo a ICE, vas a hacer cumplir la ley de inmigraci\u00f3n sin disculpas. Te vas a concentrar primero en los peores, primero en las amenazas a la seguridad p\u00fablica, pero nadie est\u00e1 a salvo. Si est\u00e1n en el pa\u00eds ilegalmente, tienen un problema\u201d.<\/p>\n\n\n\n<p>Trump le dijo a NBC News el s\u00e1bado que las deportaciones masivas siguen siendo una prioridad principal. No dio una fecha exacta ni una ciudad donde comenzar\u00e1n, pero indic\u00f3 que comenzar\u00edan pronto.<\/p>\n\n\n\n<p>\u201cComenzar\u00e1 muy temprano, muy r\u00e1pido\u201d, afirm\u00f3. Y agreg\u00f3: \u201cNo puedo decir qu\u00e9 ciudades porque las cosas est\u00e1n evolucionando. Y no creo que queramos decir qu\u00e9 ciudad. Lo ver\u00e1n de primera mano\u201d.<\/p>\n\n\n\n<p>\u201cTenemos que sacar a los criminales de nuestro pa\u00eds. Y creo que estar\u00edan de acuerdo con eso. No s\u00e9 c\u00f3mo alguien podr\u00eda no estar de acuerdo\u201d.<\/p>\n\n\n\n<p>Las operaciones de la pr\u00f3xima semana est\u00e1n sujetas a posibles retrasos por el clima, dijo el funcionario. Los meteor\u00f3logos han advertido que el \u00e1rea de Chicago enfrenta temperaturas extremadamente fr\u00edas a partir del domingo que podr\u00edan extenderse durante la semana.<\/p>\n\n\n\n<p>Los migrantes y los grupos que abogan por ellos se han estado preparando desde que Trump hizo de las deportaciones masivas una promesa clave de su campa\u00f1a. Trump a menudo ha criticado a Chicago, que tiene algunas de las protecciones m\u00e1s fuertes del pa\u00eds para las personas en el pa\u00eds sin estatus legal.<\/p>\n\n\n\n<p>La tercera ciudad m\u00e1s grande de la naci\u00f3n se convirti\u00f3 en una ciudad santuario en la d\u00e9cada de 1980, limitando c\u00f3mo la polic\u00eda puede cooperar con los agentes federales de inmigraci\u00f3n. Ha fortalecido esas pol\u00edticas varias veces desde entonces, incluido despu\u00e9s de que Trump asumiera el cargo hace ocho a\u00f1os.<\/p>\n\n\n\n<p>El gobernador de Illinois, JB Pritzker, y el alcalde de Chicago en su primer mandato, Brandon Johnson, han dicho que no renunciar\u00e1n a esos compromisos. Johnson en noviembre calific\u00f3 los planes de deportaci\u00f3n de Trump como \u201cpeque\u00f1os y d\u00e9biles\u201d.<\/p>\n\n\n\n<p>Homan critic\u00f3 a los principales l\u00edderes dem\u00f3cratas del estado durante una visita al \u00e1rea de Chicago el mes pasado donde indic\u00f3 que la aplicaci\u00f3n del plan comenzar\u00eda en Chicago.<\/p>\n\n\n\n<p>\u201cLa realidad es que, creo que ha habido un nivel de miedo desde el d\u00eda de las elecciones\u201d, dijo el s\u00e1bado Brandon Lee, portavoz de la Coalici\u00f3n de Illinois para los Derechos de Inmigrantes y Refugiados. \u201cSiempre estuvimos operando como si Trump fuera a apuntar a Chicago e Illinois desde el principio de su gobierno\u201d.<\/p>\n\n\n\n<p>Los activistas han estado trabajando para informar a los migrantes de sus derechos, creando cadenas telef\u00f3nicas para notificarles d\u00f3nde est\u00e1n efectuando detenciones los agentes y advirti\u00e9ndoles de que los agentes suelen trabajar a primera hora de la ma\u00f1ana.<\/p>\n\n\n\n<p>Los agentes suelen trabajar sin \u00f3rdenes judiciales que les autoricen a entrar por la fuerza en un domicilio.<\/p>\n\n\n\n<p>\u201cSimplemente estamos tratando de estar lo m\u00e1s preparados posible\u201d, dijo Lee. \u201cNunca vamos a conocer todos los detalles (de las operaciones de ICE). Pero para los miembros de la comunidad, conocer sus derechos es empoderador\u201d.<\/p>\n\n\n\n<p>En una conferencia de prensa el s\u00e1bado, los representantes dem\u00f3cratas de Estados Unidos, Jes\u00fas Garc\u00eda y Delia Ram\u00edrez, instaron a los migrantes en Chicago a mantener la calma y ejercer sus derechos, particularmente a permanecer en silencio y negarse a permitir que los agentes entren en sus hogares sin \u00f3rdenes.<\/p>\n\n\n\n<p>\u201cSe nos pone a prueba una vez m\u00e1s\u201d, coment\u00f3 Garc\u00eda. \u201cTenemos experiencia en la defensa de nuestra comunidad\u201d.<\/p>\n","protected":false},"excerpt":{"rendered":"<p>POR TODD RICHMOND and ELLIOT SPAGAT Chicago , AP.-. Los funcionarios federales de inmigraci\u00f3n se centrar\u00e1n en m\u00e1s de 300 personas con antecedentes de delitos graves y violentos despu\u00e9s de&hellip;<\/p>\n","protected":false},"author":2,"featured_media":92879,"comment_status":"open","ping_status":"open","sticky":false,"template":"","format":"standard","meta":{"content-type":"","jetpack_post_was_ever_published":false,"_jetpack_newsletter_access":"","_jetpack_dont_email_post_to_subs":false,"_jetpack_newsletter_tier_id":0,"_jetpack_memberships_contains_paywalled_content":false,"_jetpack_memberships_contains_paid_content":false,"footnotes":""},"categories":[16289],"tags":[17008,3112,551,4402,978,10174,17007],"class_list":["post-92878","post","type-post","status-publish","format-standard","has-post-thumbnail","hentry","category-internacionales","tag-arrestos","tag-chicago","tag-cientos","tag-deportacion","tag-donald-trump","tag-investidura","tag-tom-homan"],"jetpack_featured_media_url":"https:\/\/lasprimeras.com.do\/wp-content\/uploads\/2025\/01\/Tom-Homan.jpg","jetpack-related-posts":[{"id":95481,"url":"https:\/\/lasprimeras.com.do\/index.php\/2025\/03\/14\/en-primeros-50-dias-inmigracion-gobierno-trump-arresta-32809-incluidos-cientos-de-dominicanos\/","url_meta":{"origin":92878,"position":0},"title":"En primeros 50 d\u00edas Inmigraci\u00f3n gobierno Trump arresta 32,809, incluidos cientos de dominicanos","author":"Nelson Feliz","date":"14 de marzo de 2025","format":false,"excerpt":"Por Ram\u00f3n Mercedes NUEVA YORK.- En los primeros 50 d\u00edas del Gobierno del presidente Donald Trump, del 20 de enero al 10 de marzo, el Servicio de Control de Inmigraci\u00f3n y Aduanas de los Estados Unidos (ICE) ha efectuado 32.809 arrestos en territorio estadounidense, entre ellos cientos de dominicanos, seg\u00fan\u2026","rel":"","context":"En \u00abINTERNACIONALES\u00bb","block_context":{"text":"INTERNACIONALES","link":"https:\/\/lasprimeras.com.do\/index.php\/category\/sin-categoria\/internacionales\/"},"img":{"alt_text":"En primeros 50 d\u00edas Inmigraci\u00f3n gobierno Trump arresta 32,809, incluidos cientos de dominicanos","src":"https:\/\/i0.wp.com\/lasprimeras.com.do\/wp-content\/uploads\/2025\/03\/WhatsApp-Image-2025-03-13-at-6.35.32-AM-1.jpeg?resize=350%2C200&ssl=1","width":350,"height":200,"srcset":"https:\/\/i0.wp.com\/lasprimeras.com.do\/wp-content\/uploads\/2025\/03\/WhatsApp-Image-2025-03-13-at-6.35.32-AM-1.jpeg?resize=350%2C200&ssl=1 1x, https:\/\/i0.wp.com\/lasprimeras.com.do\/wp-content\/uploads\/2025\/03\/WhatsApp-Image-2025-03-13-at-6.35.32-AM-1.jpeg?resize=525%2C300&ssl=1 1.5x"},"classes":[]},{"id":93085,"url":"https:\/\/lasprimeras.com.do\/index.php\/2025\/01\/24\/crecen-los-temores-tras-demostracion-de-fuerza-de-trump-sobre-la-inmigracion\/","url_meta":{"origin":92878,"position":1},"title":"Crecen los temores tras demostraci\u00f3n de fuerza de Trump sobre la inmigraci\u00f3n","author":"Nelson Feliz","date":"24 de enero de 2025","format":false,"excerpt":"POR MIKE CATALINI and REBECCA SANTANA NEWARK, Nueva Jersey, EE.UU. (AP) \u2014 Menos de una semana despu\u00e9s de haber iniciado su presidencia, el gobierno de Donald Trump pregon\u00f3 el viernes sus labores de deportaci\u00f3n y public\u00f3 nuevas reglas que facilitan la expulsi\u00f3n de personas de Estados Unidos, parte de una\u2026","rel":"","context":"En \u00abINTERNACIONALES\u00bb","block_context":{"text":"INTERNACIONALES","link":"https:\/\/lasprimeras.com.do\/index.php\/category\/sin-categoria\/internacionales\/"},"img":{"alt_text":"","src":"https:\/\/i0.wp.com\/lasprimeras.com.do\/wp-content\/uploads\/2025\/01\/Inmigracion.jpg?resize=350%2C200&ssl=1","width":350,"height":200,"srcset":"https:\/\/i0.wp.com\/lasprimeras.com.do\/wp-content\/uploads\/2025\/01\/Inmigracion.jpg?resize=350%2C200&ssl=1 1x, https:\/\/i0.wp.com\/lasprimeras.com.do\/wp-content\/uploads\/2025\/01\/Inmigracion.jpg?resize=525%2C300&ssl=1 1.5x, https:\/\/i0.wp.com\/lasprimeras.com.do\/wp-content\/uploads\/2025\/01\/Inmigracion.jpg?resize=700%2C400&ssl=1 2x"},"classes":[]},{"id":98064,"url":"https:\/\/lasprimeras.com.do\/index.php\/2025\/05\/01\/con-florida-a-la-cabeza-gobiernos-estatales-y-locales-se-suman-a-las-deportaciones-masivas-de-trump\/","url_meta":{"origin":92878,"position":2},"title":"Con Florida a la cabeza, gobiernos estatales y locales se suman a las deportaciones masivas de Trump","author":"Nelson Feliz","date":"1 de mayo de 2025","format":false,"excerpt":"POR GISELA SALOMON and KATE PAYNE MIAMI (AP) \u2014 El listado de departamentos de polic\u00eda local y agencias estatales que se han unido a la campa\u00f1a del presidente Donald Trump para llevar a cabo deportaciones masivas ha aumentado a m\u00e1s de 500, y casi la mitad est\u00e1n en Florida. Esa\u2026","rel":"","context":"En \u00abINTERNACIONALES\u00bb","block_context":{"text":"INTERNACIONALES","link":"https:\/\/lasprimeras.com.do\/index.php\/category\/sin-categoria\/internacionales\/"},"img":{"alt_text":"","src":"https:\/\/i0.wp.com\/lasprimeras.com.do\/wp-content\/uploads\/2025\/05\/Ron-De-Santis.jpg?resize=350%2C200&ssl=1","width":350,"height":200,"srcset":"https:\/\/i0.wp.com\/lasprimeras.com.do\/wp-content\/uploads\/2025\/05\/Ron-De-Santis.jpg?resize=350%2C200&ssl=1 1x, https:\/\/i0.wp.com\/lasprimeras.com.do\/wp-content\/uploads\/2025\/05\/Ron-De-Santis.jpg?resize=525%2C300&ssl=1 1.5x, https:\/\/i0.wp.com\/lasprimeras.com.do\/wp-content\/uploads\/2025\/05\/Ron-De-Santis.jpg?resize=700%2C400&ssl=1 2x"},"classes":[]},{"id":99480,"url":"https:\/\/lasprimeras.com.do\/index.php\/2025\/05\/22\/gobierno-de-eeuu-utiliza-varias-tecnicas-para-fomentar-y-forzar-deportaciones\/","url_meta":{"origin":92878,"position":3},"title":"Gobierno de EEUU utiliza varias t\u00e9cnicas para fomentar y forzar deportaciones","author":"Nelson Feliz","date":"22 de mayo de 2025","format":false,"excerpt":"POR REBECCA SANTANA WASHINGTON (AP) \u2014 Llevar a cabo deportaciones masivas fue un grito de guerra clave durante la campa\u00f1a de Donald Trump para la presidencia de Estados Unidos. Desde el d\u00eda en que asumi\u00f3 el cargo, su gobierno se ha enfocado en c\u00f3mo hacerlo realidad. Han promocionado su pol\u00edtica\u2026","rel":"","context":"En \u00abINTERNACIONALES\u00bb","block_context":{"text":"INTERNACIONALES","link":"https:\/\/lasprimeras.com.do\/index.php\/category\/sin-categoria\/internacionales\/"},"img":{"alt_text":"","src":"https:\/\/i0.wp.com\/lasprimeras.com.do\/wp-content\/uploads\/2025\/05\/Madison-Sheahan.jpg?resize=350%2C200&ssl=1","width":350,"height":200,"srcset":"https:\/\/i0.wp.com\/lasprimeras.com.do\/wp-content\/uploads\/2025\/05\/Madison-Sheahan.jpg?resize=350%2C200&ssl=1 1x, https:\/\/i0.wp.com\/lasprimeras.com.do\/wp-content\/uploads\/2025\/05\/Madison-Sheahan.jpg?resize=525%2C300&ssl=1 1.5x, https:\/\/i0.wp.com\/lasprimeras.com.do\/wp-content\/uploads\/2025\/05\/Madison-Sheahan.jpg?resize=700%2C400&ssl=1 2x"},"classes":[]},{"id":92872,"url":"https:\/\/lasprimeras.com.do\/index.php\/2025\/01\/18\/alcalde-de-ny-se-reune-con-zar-de-la-frontera-de-trump-para-discutir-como-ir-tras-criminales\/","url_meta":{"origin":92878,"position":4},"title":"Alcalde de NY se re\u00fane con \u201czar de la frontera\u201d de Trump para discutir c\u00f3mo ir tras criminales","author":"Nelson Feliz","date":"18 de enero de 2025","format":false,"excerpt":"POR ANTHONY IZAGUIRRE and CEDAR ATTANASIO NUEVA YORK (AP) \u2014 El alcalde de la ciudad de Nueva York, Eric Adams, se reuni\u00f3 el jueves con el \u201czar de la frontera\u201d del presidente electo Donald Trump, Tom Homan, y el alcalde dem\u00f3crata expres\u00f3 entusiasmo por trabajar con el gobierno entrante para\u2026","rel":"","context":"En \u00abINTERNACIONALES\u00bb","block_context":{"text":"INTERNACIONALES","link":"https:\/\/lasprimeras.com.do\/index.php\/category\/sin-categoria\/internacionales\/"},"img":{"alt_text":"","src":"https:\/\/i0.wp.com\/lasprimeras.com.do\/wp-content\/uploads\/2025\/01\/Eric-Adams-1.jpg?resize=350%2C200&ssl=1","width":350,"height":200,"srcset":"https:\/\/i0.wp.com\/lasprimeras.com.do\/wp-content\/uploads\/2025\/01\/Eric-Adams-1.jpg?resize=350%2C200&ssl=1 1x, https:\/\/i0.wp.com\/lasprimeras.com.do\/wp-content\/uploads\/2025\/01\/Eric-Adams-1.jpg?resize=525%2C300&ssl=1 1.5x, https:\/\/i0.wp.com\/lasprimeras.com.do\/wp-content\/uploads\/2025\/01\/Eric-Adams-1.jpg?resize=700%2C400&ssl=1 2x"},"classes":[]},{"id":93558,"url":"https:\/\/lasprimeras.com.do\/index.php\/2025\/02\/14\/respuestas-a-sus-preguntas-sobre-inmigracion-que-ha-cambiado-bajo-trump-que-no-y-que-sigue\/","url_meta":{"origin":92878,"position":5},"title":"Respuestas a sus preguntas sobre inmigraci\u00f3n: Qu\u00e9 ha cambiado bajo Trump, qu\u00e9 no y qu\u00e9 sigue","author":"Nelson Feliz","date":"14 de febrero de 2025","format":false,"excerpt":"POR THE ASSOCIATED PRESS Durante la primera semana del presidente estadounidense Donald Trump en el cargo, firm\u00f3 10 \u00f3rdenes ejecutivas sobre inmigraci\u00f3n y emiti\u00f3 una serie de edictos para cumplir promesas de deportaciones masivas y seguridad fronteriza. Algunas acciones se sintieron de inmediato y otras est\u00e1n siendo impugnadas en los\u2026","rel":"","context":"En \u00abINTERNACIONALES\u00bb","block_context":{"text":"INTERNACIONALES","link":"https:\/\/lasprimeras.com.do\/index.php\/category\/sin-categoria\/internacionales\/"},"img":{"alt_text":"","src":"https:\/\/i0.wp.com\/lasprimeras.com.do\/wp-content\/uploads\/2025\/02\/inmigracion.jpg?resize=350%2C200&ssl=1","width":350,"height":200,"srcset":"https:\/\/i0.wp.com\/lasprimeras.com.do\/wp-content\/uploads\/2025\/02\/inmigracion.jpg?resize=350%2C200&ssl=1 1x, https:\/\/i0.wp.com\/lasprimeras.com.do\/wp-content\/uploads\/2025\/02\/inmigracion.jpg?resize=525%2C300&ssl=1 1.5x, https:\/\/i0.wp.com\/lasprimeras.com.do\/wp-content\/uploads\/2025\/02\/inmigracion.jpg?resize=700%2C400&ssl=1 2x"},"classes":[]}],"jetpack_sharing_enabled":true,"_links":{"self":[{"href":"https:\/\/lasprimeras.com.do\/index.php\/wp-json\/wp\/v2\/posts\/92878","targetHints":{"allow":["GET"]}}],"collection":[{"href":"https:\/\/lasprimeras.com.do\/index.php\/wp-json\/wp\/v2\/posts"}],"about":[{"href":"https:\/\/lasprimeras.com.do\/index.php\/wp-json\/wp\/v2\/types\/post"}],"author":[{"embeddable":true,"href":"https:\/\/lasprimeras.com.do\/index.php\/wp-json\/wp\/v2\/users\/2"}],"replies":[{"embeddable":true,"href":"https:\/\/lasprimeras.com.do\/index.php\/wp-json\/wp\/v2\/comments?post=92878"}],"version-history":[{"count":1,"href":"https:\/\/lasprimeras.com.do\/index.php\/wp-json\/wp\/v2\/posts\/92878\/revisions"}],"predecessor-version":[{"id":92880,"href":"https:\/\/lasprimeras.com.do\/index.php\/wp-json\/wp\/v2\/posts\/92878\/revisions\/92880"}],"wp:featuredmedia":[{"embeddable":true,"href":"https:\/\/lasprimeras.com.do\/index.php\/wp-json\/wp\/v2\/media\/92879"}],"wp:attachment":[{"href":"https:\/\/lasprimeras.com.do\/index.php\/wp-json\/wp\/v2\/media?parent=92878"}],"wp:term":[{"taxonomy":"category","embeddable":true,"href":"https:\/\/lasprimeras.com.do\/index.php\/wp-json\/wp\/v2\/categories?post=92878"},{"taxonomy":"post_tag","embeddable":true,"href":"https:\/\/lasprimeras.com.do\/index.php\/wp-json\/wp\/v2\/tags?post=92878"}],"curies":[{"name":"wp","href":"https:\/\/api.w.org\/{rel}","templated":true}]}}