{"id":92881,"date":"2025-01-19T00:10:28","date_gmt":"2025-01-19T04:10:28","guid":{"rendered":"https:\/\/lasprimeras.com.do\/?p=92881"},"modified":"2025-01-19T00:10:33","modified_gmt":"2025-01-19T04:10:33","slug":"francia-recibio-en-2024-el-nacimiento-de-663000-bebes-tasa-mas-baja-desde-la-segunda-guerra-mundial","status":"publish","type":"post","link":"https:\/\/lasprimeras.com.do\/index.php\/2025\/01\/19\/francia-recibio-en-2024-el-nacimiento-de-663000-bebes-tasa-mas-baja-desde-la-segunda-guerra-mundial\/","title":{"rendered":"Francia recibi\u00f3 en 2024 el nacimiento de 663,000 beb\u00e9s; tasa m\u00e1s baja desde la Segunda Guerra Mundial"},"content":{"rendered":"\n<p><strong>Francia registr\u00f3 la menor tasa de nacimientos desde el final de la segunda guerra mundial, seg\u00fan indic\u00f3 la oficina nacional de estad\u00edstica Insee.<\/strong><\/p>\n\n\n\n<p>Radio Francia Internacional<\/p>\n\n\n\n<p>En 2024, nacieron 663.000 beb\u00e9s en Francia, un 2,2% menos que el a\u00f1o anterior. Al primero de enero de 2025 el pa\u00eds europeo contaba con 68,6 millones de habitantes.<\/p>\n\n\n\n<p>La tasa de fertilidad se situ\u00f3 adem\u00e1s en 1,59 ni\u00f1os por mujer en Francia metropolitana, su nivel m\u00e1s bajo desde 1919 y en retroceso desde hace a\u00f1os. En 2010 por ejemplo, era de 2,02 hijos por mujer.<\/p>\n\n\n\n<p>El crecimiento natural de la poblaci\u00f3n -la diferencia entre los nacimientos y los decesos- fue positivo en unas 17.000 personas y el &#8220;m\u00e1s bajo&#8221; desde el a\u00f1o 1945, final de la Segunda Guerra Mundial.<\/p>\n\n\n\n<p>Por su parte, la esperanza de vida se estabiliz\u00f3 en &#8220;un nivel hist\u00f3ricamente alto&#8221;: 85,6 a\u00f1os para las mujeres y 80 a\u00f1os para los hombres.<\/p>\n\n\n\n<p>En 2024, se registr\u00f3 tambi\u00e9n un aumento del 1,1% de los decesos hasta los 646.000, debido a &#8220;la llegada de las numerosas generaciones del &#8216;baby boom&#8217; a edades de alta mortalidad&#8221;.<\/p>\n\n\n\n<p>El mandatario franc\u00e9s Emmanuel Macron, abog\u00f3 el a\u00f1o pasado por un &#8220;rearme demogr\u00e1fico&#8221; de Francia basado en impulsar la tasa de natalidad, mejorando el permiso parental y combatiendo la infertilidad.<\/p>\n","protected":false},"excerpt":{"rendered":"<p>Francia registr\u00f3 la menor tasa de nacimientos desde el final de la segunda guerra mundial, seg\u00fan indic\u00f3 la oficina nacional de estad\u00edstica Insee. Radio Francia Internacional En 2024, nacieron 663.000&hellip;<\/p>\n","protected":false},"author":2,"featured_media":92882,"comment_status":"open","ping_status":"open","sticky":false,"template":"","format":"standard","meta":{"content-type":"","jetpack_post_was_ever_published":false,"_jetpack_newsletter_access":"","_jetpack_dont_email_post_to_subs":false,"_jetpack_newsletter_tier_id":0,"_jetpack_memberships_contains_paywalled_content":false,"_jetpack_memberships_contains_paid_content":false,"footnotes":""},"categories":[16558],"tags":[17009,1482,17010,17011],"class_list":["post-92881","post","type-post","status-publish","format-standard","has-post-thumbnail","hentry","category-salud","tag-663000-bebes","tag-francia","tag-nacimiento","tag-segunda-guerra-mundial"],"jetpack_featured_media_url":"https:\/\/lasprimeras.com.do\/wp-content\/uploads\/2025\/01\/NACIMIENTOS.jpeg","jetpack-related-posts":[{"id":84474,"url":"https:\/\/lasprimeras.com.do\/index.php\/2024\/06\/09\/la-visita-al-cementerio-cerrara-el-viaje-de-biden-a-francia-que-ha-servido-de-reprimenda-a-trump\/","url_meta":{"origin":92881,"position":0},"title":"La visita al cementerio cerrar\u00e1 el viaje de Biden a Francia que ha servido de reprimenda a Trump","author":"Nelson Feliz","date":"9 de junio de 2024","format":false,"excerpt":"POR CHRIS MEGERIAN Y ZEKE MILLER PAR\u00cdS (AP) \u2014 El presidente Joe Biden cerrar\u00e1 su viaje a Francia presentando sus respetos en un cementerio militar estadounidense que Donald Trump no visit\u00f3 cuando era presidente, con la esperanza de que su \u00faltima parada el domingo aclare las apuestas de las elecciones\u2026","rel":"","context":"En \u00abSin categor\u00eda\u00bb","block_context":{"text":"Sin categor\u00eda","link":"https:\/\/lasprimeras.com.do\/index.php\/category\/sin-categoria\/"},"img":{"alt_text":"","src":"https:\/\/i0.wp.com\/lasprimeras.com.do\/wp-content\/uploads\/2024\/06\/biden.jpg?resize=350%2C200&ssl=1","width":350,"height":200,"srcset":"https:\/\/i0.wp.com\/lasprimeras.com.do\/wp-content\/uploads\/2024\/06\/biden.jpg?resize=350%2C200&ssl=1 1x, https:\/\/i0.wp.com\/lasprimeras.com.do\/wp-content\/uploads\/2024\/06\/biden.jpg?resize=525%2C300&ssl=1 1.5x, https:\/\/i0.wp.com\/lasprimeras.com.do\/wp-content\/uploads\/2024\/06\/biden.jpg?resize=700%2C400&ssl=1 2x"},"classes":[]},{"id":67030,"url":"https:\/\/lasprimeras.com.do\/index.php\/2023\/11\/12\/mas-de-180-000-personas-en-francia-marchan-contra-antisemitismo-de-la-guerra-entre-israel-y-hamas\/","url_meta":{"origin":92881,"position":1},"title":"M\u00e1s de 180.000 personas en Francia marchan contra antisemitismo de la guerra entre Israel y Hamas","author":"Nelson Feliz","date":"12 de noviembre de 2023","format":false,"excerpt":"POR SYLVIE CORBET Y BARBARA SURK PAR\u00cdS (AP) \u2014 M\u00e1s de 180.000 personas en toda Francia, incluidas 100.000 en Par\u00eds, marcharon pac\u00edficamente el domingo para protestar contra el creciente antisemitismo a ra\u00edz de la actual guerra de Israel contra Hamas en Gaza . La primera ministra Elisabeth Borne, representantes de\u2026","rel":"","context":"En \u00abSin categor\u00eda\u00bb","block_context":{"text":"Sin categor\u00eda","link":"https:\/\/lasprimeras.com.do\/index.php\/category\/sin-categoria\/"},"img":{"alt_text":"Marcha","src":"https:\/\/i0.wp.com\/lasprimeras.com.do\/wp-content\/uploads\/2023\/11\/Marcha.jpg?resize=350%2C200&ssl=1","width":350,"height":200,"srcset":"https:\/\/i0.wp.com\/lasprimeras.com.do\/wp-content\/uploads\/2023\/11\/Marcha.jpg?resize=350%2C200&ssl=1 1x, https:\/\/i0.wp.com\/lasprimeras.com.do\/wp-content\/uploads\/2023\/11\/Marcha.jpg?resize=525%2C300&ssl=1 1.5x, https:\/\/i0.wp.com\/lasprimeras.com.do\/wp-content\/uploads\/2023\/11\/Marcha.jpg?resize=700%2C400&ssl=1 2x"},"classes":[]},{"id":86451,"url":"https:\/\/lasprimeras.com.do\/index.php\/2024\/07\/25\/argentina-se-queda-sin-opcion-de-medallas-en-rugby-sevens-tras-caer-ante-francia\/","url_meta":{"origin":92881,"position":2},"title":"Argentina se queda sin opci\u00f3n de medallas en rugby sevens tras caer ante Francia","author":"Nelson Feliz","date":"25 de julio de 2024","format":false,"excerpt":"PAR\u00cdS (AP) \u2014 Argentina se qued\u00f3 sin opciones de volver al podio del rugby sevens de los Juegos Ol\u00edmpicos al sucumbir el jueves 26-14 frente a Francia. El equipo anfitri\u00f3n redonde\u00f3 un primer tiempo casi que perfecto, para deleite de los 69.000 espectadores en el Stade de France de Saint-Denis.\u2026","rel":"","context":"En \u00abSin categor\u00eda\u00bb","block_context":{"text":"Sin categor\u00eda","link":"https:\/\/lasprimeras.com.do\/index.php\/category\/sin-categoria\/"},"img":{"alt_text":"Juegos Ol\u00edmpicos","src":"https:\/\/i0.wp.com\/lasprimeras.com.do\/wp-content\/uploads\/2024\/07\/Juegos-Olimpicos-1.png?resize=350%2C200&ssl=1","width":350,"height":200,"srcset":"https:\/\/i0.wp.com\/lasprimeras.com.do\/wp-content\/uploads\/2024\/07\/Juegos-Olimpicos-1.png?resize=350%2C200&ssl=1 1x, https:\/\/i0.wp.com\/lasprimeras.com.do\/wp-content\/uploads\/2024\/07\/Juegos-Olimpicos-1.png?resize=525%2C300&ssl=1 1.5x, https:\/\/i0.wp.com\/lasprimeras.com.do\/wp-content\/uploads\/2024\/07\/Juegos-Olimpicos-1.png?resize=700%2C400&ssl=1 2x"},"classes":[]},{"id":94577,"url":"https:\/\/lasprimeras.com.do\/index.php\/2025\/03\/02\/exclusion-de-ucrania-de-las-negociaciones-entre-estados-unidos-y-rusia\/","url_meta":{"origin":92881,"position":3},"title":"Exclusi\u00f3n de Ucrania de las negociaciones entre Estados Unidos y Rusia","author":"Nelson Feliz","date":"2 de marzo de 2025","format":false,"excerpt":"Por Dr. Ram\u00f3n Ceballo El presidente Donald Trump ha sacudido el mundo, con su iniciativa, pero lo cierto es que a trav\u00e9s de la historia las Grandes potencias han negociado el futuro de pa\u00edses y territorios, generado controversia y diversas interpretaciones. La decisi\u00f3n de excluir a Ucrania y a la\u2026","rel":"","context":"En \u00abPOLITICA\u00bb","block_context":{"text":"POLITICA","link":"https:\/\/lasprimeras.com.do\/index.php\/category\/politica\/"},"img":{"alt_text":"","src":"https:\/\/i0.wp.com\/lasprimeras.com.do\/wp-content\/uploads\/2025\/03\/Ramon-Ceballo.png?resize=350%2C200&ssl=1","width":350,"height":200},"classes":[]},{"id":83880,"url":"https:\/\/lasprimeras.com.do\/index.php\/2024\/05\/26\/francia-levantara-el-estado-de-emergencia-permitira-dialogo-politico-en-nueva-caledonia\/","url_meta":{"origin":92881,"position":4},"title":"Francia levantar\u00e1 el estado de emergencia; permitir\u00e1 di\u00e1logo pol\u00edtico en Nueva Caledonia","author":"Nelson Feliz","date":"26 de mayo de 2024","format":false,"excerpt":"PAR\u00cdS (AP) \u2014 El presidente franc\u00e9s, Emmanuel Macron, decidi\u00f3 el lunes levantar el estado de emergencia en el territorio franc\u00e9s de Nueva Caledonia , en el Pac\u00edfico , en una medida destinada a permitir el di\u00e1logo pol\u00edtico tras los disturbios que dejaron siete muertos y un rastro de destrucci\u00f3n, dijo\u2026","rel":"","context":"En \u00abSin categor\u00eda\u00bb","block_context":{"text":"Sin categor\u00eda","link":"https:\/\/lasprimeras.com.do\/index.php\/category\/sin-categoria\/"},"img":{"alt_text":"","src":"https:\/\/i0.wp.com\/lasprimeras.com.do\/wp-content\/uploads\/2024\/05\/Estsdo-de-Emergencia.jpg?resize=350%2C200&ssl=1","width":350,"height":200,"srcset":"https:\/\/i0.wp.com\/lasprimeras.com.do\/wp-content\/uploads\/2024\/05\/Estsdo-de-Emergencia.jpg?resize=350%2C200&ssl=1 1x, https:\/\/i0.wp.com\/lasprimeras.com.do\/wp-content\/uploads\/2024\/05\/Estsdo-de-Emergencia.jpg?resize=525%2C300&ssl=1 1.5x, https:\/\/i0.wp.com\/lasprimeras.com.do\/wp-content\/uploads\/2024\/05\/Estsdo-de-Emergencia.jpg?resize=700%2C400&ssl=1 2x"},"classes":[]},{"id":52042,"url":"https:\/\/lasprimeras.com.do\/index.php\/2023\/06\/06\/el-banco-mundial-preve-debilitamiento-de-la-economia-mundial-este-ano\/","url_meta":{"origin":92881,"position":5},"title":"El Banco Mundial prev\u00e9 debilitamiento de la econom\u00eda mundial este a\u00f1o","author":"prenxa100","date":"6 de junio de 2023","format":false,"excerpt":"La econom\u00eda mundial probablemente se debilitar\u00e1 este a\u00f1o debido a los aumentos de las tasas de inter\u00e9s, las repercusiones de la invasi\u00f3n rusa a Ucrania y los efectos duraderos de la pandemia del coronavirus, vaticin\u00f3 el Banco Mundial. La entidad, que abarca 189 pa\u00edses y se dedica a la lucha\u2026","rel":"","context":"En \u00abECONOM\u00cdA\u00bb","block_context":{"text":"ECONOM\u00cdA","link":"https:\/\/lasprimeras.com.do\/index.php\/category\/economia\/"},"img":{"alt_text":"","src":"","width":0,"height":0},"classes":[]}],"jetpack_sharing_enabled":true,"_links":{"self":[{"href":"https:\/\/lasprimeras.com.do\/index.php\/wp-json\/wp\/v2\/posts\/92881","targetHints":{"allow":["GET"]}}],"collection":[{"href":"https:\/\/lasprimeras.com.do\/index.php\/wp-json\/wp\/v2\/posts"}],"about":[{"href":"https:\/\/lasprimeras.com.do\/index.php\/wp-json\/wp\/v2\/types\/post"}],"author":[{"embeddable":true,"href":"https:\/\/lasprimeras.com.do\/index.php\/wp-json\/wp\/v2\/users\/2"}],"replies":[{"embeddable":true,"href":"https:\/\/lasprimeras.com.do\/index.php\/wp-json\/wp\/v2\/comments?post=92881"}],"version-history":[{"count":1,"href":"https:\/\/lasprimeras.com.do\/index.php\/wp-json\/wp\/v2\/posts\/92881\/revisions"}],"predecessor-version":[{"id":92883,"href":"https:\/\/lasprimeras.com.do\/index.php\/wp-json\/wp\/v2\/posts\/92881\/revisions\/92883"}],"wp:featuredmedia":[{"embeddable":true,"href":"https:\/\/lasprimeras.com.do\/index.php\/wp-json\/wp\/v2\/media\/92882"}],"wp:attachment":[{"href":"https:\/\/lasprimeras.com.do\/index.php\/wp-json\/wp\/v2\/media?parent=92881"}],"wp:term":[{"taxonomy":"category","embeddable":true,"href":"https:\/\/lasprimeras.com.do\/index.php\/wp-json\/wp\/v2\/categories?post=92881"},{"taxonomy":"post_tag","embeddable":true,"href":"https:\/\/lasprimeras.com.do\/index.php\/wp-json\/wp\/v2\/tags?post=92881"}],"curies":[{"name":"wp","href":"https:\/\/api.w.org\/{rel}","templated":true}]}}