{"id":92884,"date":"2025-01-19T00:30:33","date_gmt":"2025-01-19T04:30:33","guid":{"rendered":"https:\/\/lasprimeras.com.do\/?p=92884"},"modified":"2025-01-19T00:30:39","modified_gmt":"2025-01-19T04:30:39","slug":"abinader-inaugura-techado-del-instituto-union-panamericana","status":"publish","type":"post","link":"https:\/\/lasprimeras.com.do\/index.php\/2025\/01\/19\/abinader-inaugura-techado-del-instituto-union-panamericana\/","title":{"rendered":"Abinader inaugura techado del Instituto Uni\u00f3n Panamericana"},"content":{"rendered":"\n<p><strong>Presidente entrega remozado del Club Deportivo Renacer.<\/strong><\/p>\n\n\n\n<p>El presidente Luis Abinader encabez\u00f3 la inauguraci\u00f3n del techado del Instituto Uni\u00f3n Panamericana con el cual se garantiza un espacio m\u00e1s seguro y adecuado para las actividades deportivas, culturales y acad\u00e9micas de los estudiantes.<\/p>\n\n\n\n<p>Esta obra, que tuvo una inversi\u00f3n de m\u00e1s de RD$24 millones de pesos, forma parte del \u201cPlan Nacional de Techados de Canchas Escolares\u201d, a trav\u00e9s del cual ser\u00e1n intervenidos casi doscientos espacios deportivos en las escuelas de 158 municipios del pa\u00eds, con una inversi\u00f3n de 4 mil 116 millones de pesos.<\/p>\n\n\n\n<p>En representaci\u00f3n del ministro de Educaci\u00f3n, \u00c1ngel Hern\u00e1ndez, el viceministro de Acreditaci\u00f3n y Certificaci\u00f3n Docente del Ministerio de Educaci\u00f3n, Francisco D\u2019\u00d3leo, dijo que hoy con la inauguraci\u00f3n de esta majestuosa cancha, centro deportivo, los j\u00f3venes estudiantes y futuros profesionales podr\u00e1n desarrollar y conjugar sus competencias deportivas conjuntamente con sus competencias human\u00edsticas, acad\u00e9micas y \u00e9ticas.<\/p>\n\n\n\n<p>&#8220;El presidente de la Rep\u00fablica y todo su equipo haciendo un uso efectivo de los recursos del 4% de la educaci\u00f3n, propician con esta entrega a toda la comunidad la formaci\u00f3n integral de cada uno de los estudiantes de este prestigioso centro educativo&#8221;, manifest\u00f3 D\u2019\u00d3leo.<\/p>\n\n\n\n<p>De su lado, la directora del Raiza Pineda reyes directora del Instituto Uni\u00f3n Panamericana destac\u00f3 el compromiso del presidente Abinader con la educaci\u00f3n y el deporte y valor\u00f3 el apoyo incondicional a qu\u00e9 ha brindado a este centro educativo.<\/p>\n\n\n\n<p>Samelia Alexandra Acosta, estudiante de 6to. grado, en representaci\u00f3n de los alumnos expres\u00f3 su agradecimiento por esta cancha, que dijo, representa mucho m\u00e1s que un simple espacio para la pr\u00e1ctica de deportes, es un s\u00edmbolo del compromiso del presidente Abinader con la educaci\u00f3n integral de cada uno de los j\u00f3venes que necesitan un espacio donde fomentar el compa\u00f1erismo, trabajo en equipo y la sana competencia.<\/p>\n\n\n\n<p><strong>Inaugura el Club Deportivo Renacer en Guachupita<\/strong><\/p>\n\n\n\n<p>Cumpliendo con su compromiso de fomentar el deporte y mejorar la calidad de vida de las comunidades, el presidente Abinader inaugur\u00f3, adem\u00e1s, el Club Deportivo Renacer en el sector Guachupita, Distrito Nacional.<\/p>\n\n\n\n<p>Esta moderna infraestructura beneficiar\u00e1 a m\u00e1s de 50,000 habitantes, ofreciendo un espacio digno para la pr\u00e1ctica deportiva y las actividades recreativas.<\/p>\n\n\n\n<p>El Club Deportivo Renacer se encontraba en condiciones criticas y ha sido transformado en una instalaci\u00f3n deportiva de primer nivel. La obra, de 814 metros cuadrados incluye un \u00e1rea de juego con piso de tabloncillo de madera, gradas, oficinas administrativas, sala de conferencias, sala de juegos, tableros port\u00e1tiles FIBA, pizarra digital de anotaci\u00f3n, techado de aluzinc, cafeteria, vestidores, ba\u00f1os y una verja perimetral para mayor seguridad.<\/p>\n\n\n\n<p>En las actividades estuvieron presentes Faride Raful; ministra de Interior y Polic\u00eda; Fernando Taveras, director de Infraestructura Escolar del Ministerio de Educaci\u00f3n; Alberto Rodr\u00edguez, director del Instituto Nacional de Educaci\u00f3n F\u00edsica (Inefi) y Angel de La Cruz, presidente de la Comisi\u00f3n Presidencial de Apoyo al Desarrollo Provincial.<\/p>\n","protected":false},"excerpt":{"rendered":"<p>Presidente entrega remozado del Club Deportivo Renacer. El presidente Luis Abinader encabez\u00f3 la inauguraci\u00f3n del techado del Instituto Uni\u00f3n Panamericana con el cual se garantiza un espacio m\u00e1s seguro y&hellip;<\/p>\n","protected":false},"author":2,"featured_media":92885,"comment_status":"open","ping_status":"open","sticky":false,"template":"","format":"standard","meta":{"content-type":"","jetpack_post_was_ever_published":false,"_jetpack_newsletter_access":"","_jetpack_dont_email_post_to_subs":false,"_jetpack_newsletter_tier_id":0,"_jetpack_memberships_contains_paywalled_content":false,"_jetpack_memberships_contains_paid_content":false,"footnotes":""},"categories":[35,25],"tags":[17014,17013,67,17012],"class_list":["post-92884","post","type-post","status-publish","format-standard","has-post-thumbnail","hentry","category-nacionales","category-portada","tag-club-deportivo-renacer","tag-instituto-union-panamericana","tag-luis-abinader","tag-techado"],"jetpack_featured_media_url":"https:\/\/lasprimeras.com.do\/wp-content\/uploads\/2025\/01\/Luis-Abinader-1-1.jpg","jetpack-related-posts":[{"id":121695,"url":"https:\/\/lasprimeras.com.do\/index.php\/2026\/02\/08\/abinader-entrega-dos-modernos-polideportivos-techados-en-puerto-plata\/","url_meta":{"origin":92884,"position":0},"title":"Abinader entrega dos modernos polideportivos techados en Puerto Plata","author":"Nelson Feliz","date":"8 de febrero de 2026","format":false,"excerpt":"Ministro de Deportes afirma que la inversi\u00f3n del mandatario representa una revoluci\u00f3n deportiva en la Novia del Atl\u00e1ntico y refleja su compromiso con la juventud. El presidente Luis Abinader inaugur\u00f3 este domingo dos polideportivos techados en Puerto Plata, con una inversi\u00f3n superior a RD$76 millones, como parte de las acciones\u2026","rel":"","context":"En \u00abDEPORTES\u00bb","block_context":{"text":"DEPORTES","link":"https:\/\/lasprimeras.com.do\/index.php\/category\/deportes\/"},"img":{"alt_text":"","src":"https:\/\/i0.wp.com\/lasprimeras.com.do\/wp-content\/uploads\/2026\/02\/poli-1.jpg?resize=350%2C200&ssl=1","width":350,"height":200,"srcset":"https:\/\/i0.wp.com\/lasprimeras.com.do\/wp-content\/uploads\/2026\/02\/poli-1.jpg?resize=350%2C200&ssl=1 1x, https:\/\/i0.wp.com\/lasprimeras.com.do\/wp-content\/uploads\/2026\/02\/poli-1.jpg?resize=525%2C300&ssl=1 1.5x, https:\/\/i0.wp.com\/lasprimeras.com.do\/wp-content\/uploads\/2026\/02\/poli-1.jpg?resize=700%2C400&ssl=1 2x"},"classes":[]},{"id":114419,"url":"https:\/\/lasprimeras.com.do\/index.php\/2025\/11\/13\/ministro-kelvin-cruz-inicia-construccion-de-11-techados-multiusos-en-sde\/","url_meta":{"origin":92884,"position":1},"title":"Ministro Kelvin Cruz inicia construcci\u00f3n de 11 techados multiusos en SDE","author":"Nelson Feliz","date":"13 de noviembre de 2025","format":false,"excerpt":"El ministro de Deportes, Kelvin Cruz, inici\u00f3 este mi\u00e9rcoles los trabajos para la construcci\u00f3n y remozamiento de techados en 11 clubes del municipio Santo Domingo Este, con una inversi\u00f3n total superior a los 300 millones de pesos. La masiva mejora de la infraestructura deportiva del municipio m\u00e1s poblado del pa\u00eds\u2026","rel":"","context":"En \u00abDEPORTES\u00bb","block_context":{"text":"DEPORTES","link":"https:\/\/lasprimeras.com.do\/index.php\/category\/deportes\/"},"img":{"alt_text":"","src":"https:\/\/i0.wp.com\/lasprimeras.com.do\/wp-content\/uploads\/2025\/11\/Kelvin-Cruz-1.jpg?resize=350%2C200&ssl=1","width":350,"height":200,"srcset":"https:\/\/i0.wp.com\/lasprimeras.com.do\/wp-content\/uploads\/2025\/11\/Kelvin-Cruz-1.jpg?resize=350%2C200&ssl=1 1x, https:\/\/i0.wp.com\/lasprimeras.com.do\/wp-content\/uploads\/2025\/11\/Kelvin-Cruz-1.jpg?resize=525%2C300&ssl=1 1.5x, https:\/\/i0.wp.com\/lasprimeras.com.do\/wp-content\/uploads\/2025\/11\/Kelvin-Cruz-1.jpg?resize=700%2C400&ssl=1 2x"},"classes":[]},{"id":114545,"url":"https:\/\/lasprimeras.com.do\/index.php\/2025\/11\/15\/abinader-entrega-nuevo-polideportivo-isabelita-prof-virgilio-frias\/","url_meta":{"origin":92884,"position":2},"title":"Abinader entrega nuevo Polideportivo Isabelita, Prof. Virgilio Fr\u00edas","author":"Nelson Feliz","date":"15 de noviembre de 2025","format":false,"excerpt":"Tambi\u00e9n inaugura Estaci\u00f3n Policial Los Mina Viejo, donde el director de la Polic\u00eda, dice que esta obra es una muestra del compromiso del presidente Abinader con la sociedad Dominicana de transformar la uniformada y dignificar la carrera policial. El presidente Luis Abinader entreg\u00f3 este s\u00e1bado el nuevo Polideportivo Isabelita, Prof.\u2026","rel":"","context":"En \u00abECONOM\u00cdA\u00bb","block_context":{"text":"ECONOM\u00cdA","link":"https:\/\/lasprimeras.com.do\/index.php\/category\/economia\/"},"img":{"alt_text":"","src":"https:\/\/i0.wp.com\/lasprimeras.com.do\/wp-content\/uploads\/2025\/11\/abinader-poli.jpg?resize=350%2C200&ssl=1","width":350,"height":200,"srcset":"https:\/\/i0.wp.com\/lasprimeras.com.do\/wp-content\/uploads\/2025\/11\/abinader-poli.jpg?resize=350%2C200&ssl=1 1x, https:\/\/i0.wp.com\/lasprimeras.com.do\/wp-content\/uploads\/2025\/11\/abinader-poli.jpg?resize=525%2C300&ssl=1 1.5x, https:\/\/i0.wp.com\/lasprimeras.com.do\/wp-content\/uploads\/2025\/11\/abinader-poli.jpg?resize=700%2C400&ssl=1 2x"},"classes":[]},{"id":112165,"url":"https:\/\/lasprimeras.com.do\/index.php\/2025\/10\/19\/abinader-inaugura-el-polideportivo-club-rafael-osvaldo-mercedes-crom-en-villa-mella\/","url_meta":{"origin":92884,"position":3},"title":"Abinader inaugura el Polideportivo Club Rafael Osvaldo Mercedes \u201cCROM\u201d en Villa Mella","author":"Nelson Feliz","date":"19 de octubre de 2025","format":false,"excerpt":"Indica que, adem\u00e1s de este polideportivo, se han construido techados en Sabana Perdida Norte y Los Guaricanos, como parte de un plan de 30 instalaciones deportivas en el Gran Santo Domingo. El presidente Luis Abinader inaugur\u00f3 el Polideportivo Club Rafael Osvaldo Mercedes \u201cCROM\u201d en Villa Mella, una obra largamente esperada\u2026","rel":"","context":"En \u00abDEPORTES\u00bb","block_context":{"text":"DEPORTES","link":"https:\/\/lasprimeras.com.do\/index.php\/category\/deportes\/"},"img":{"alt_text":"","src":"https:\/\/i0.wp.com\/lasprimeras.com.do\/wp-content\/uploads\/2025\/10\/crom.jpg?resize=350%2C200&ssl=1","width":350,"height":200,"srcset":"https:\/\/i0.wp.com\/lasprimeras.com.do\/wp-content\/uploads\/2025\/10\/crom.jpg?resize=350%2C200&ssl=1 1x, https:\/\/i0.wp.com\/lasprimeras.com.do\/wp-content\/uploads\/2025\/10\/crom.jpg?resize=525%2C300&ssl=1 1.5x, https:\/\/i0.wp.com\/lasprimeras.com.do\/wp-content\/uploads\/2025\/10\/crom.jpg?resize=700%2C400&ssl=1 2x"},"classes":[]},{"id":126160,"url":"https:\/\/lasprimeras.com.do\/index.php\/2026\/03\/30\/abinader-inauguracion-de-cancha-techada-en-centro-educativo-blanca-mascaro-en-licey-al-medio\/","url_meta":{"origin":92884,"position":4},"title":"Abinader inauguraci\u00f3n de cancha techada en Centro Educativo Blanca Mascar\u00f3 en Licey al Medio","author":"Nelson Feliz","date":"30 de marzo de 2026","format":false,"excerpt":"_Viceministro Francisco D\u2019Oleo resalta legado patri\u00f3tico de la Batalla del 30 de Marzo con entrega de cancha escolar._ El presidente Luis Abinader contin\u00faa fortaleciendo la infraestructura deportiva escolar con la inauguraci\u00f3n de una moderna cancha techada en el Centro Educativo Blanca Mascar\u00f3. Esta obra impacta de manera directa a estudiantes\u2026","rel":"","context":"En \u00abDEPORTES\u00bb","block_context":{"text":"DEPORTES","link":"https:\/\/lasprimeras.com.do\/index.php\/category\/deportes\/"},"img":{"alt_text":"","src":"https:\/\/i0.wp.com\/lasprimeras.com.do\/wp-content\/uploads\/2026\/03\/IMG-20260330-WA0530-scaled.jpg?resize=350%2C200&ssl=1","width":350,"height":200,"srcset":"https:\/\/i0.wp.com\/lasprimeras.com.do\/wp-content\/uploads\/2026\/03\/IMG-20260330-WA0530-scaled.jpg?resize=350%2C200&ssl=1 1x, https:\/\/i0.wp.com\/lasprimeras.com.do\/wp-content\/uploads\/2026\/03\/IMG-20260330-WA0530-scaled.jpg?resize=525%2C300&ssl=1 1.5x, https:\/\/i0.wp.com\/lasprimeras.com.do\/wp-content\/uploads\/2026\/03\/IMG-20260330-WA0530-scaled.jpg?resize=700%2C400&ssl=1 2x, https:\/\/i0.wp.com\/lasprimeras.com.do\/wp-content\/uploads\/2026\/03\/IMG-20260330-WA0530-scaled.jpg?resize=1050%2C600&ssl=1 3x, https:\/\/i0.wp.com\/lasprimeras.com.do\/wp-content\/uploads\/2026\/03\/IMG-20260330-WA0530-scaled.jpg?resize=1400%2C800&ssl=1 4x"},"classes":[]},{"id":93440,"url":"https:\/\/lasprimeras.com.do\/index.php\/2025\/02\/09\/con-apoyo-de-banreservas-se-reinaugura-el-polideportivo-de-la-uasd\/","url_meta":{"origin":92884,"position":5},"title":"Con apoyo de BANRESERVAS, se reinaugura el polideportivo de la UASD","author":"Nelson Feliz","date":"9 de febrero de 2025","format":false,"excerpt":"La obra, que demand\u00f3 una inversi\u00f3n de 28 millones de pesos, impactar\u00e1 a cerca de 88 mil estudiantes. El presidente de la Rep\u00fablica, Luis Abinader Corona; el rector de la Universidad Aut\u00f3noma de Santo Domingo (UASD), maestro Editrudis Beltr\u00e1n Cris\u00f3stomo; y Samuel Pereyra, administrador del Banco de Reservas, encabezaron el\u2026","rel":"","context":"En \u00abNACIONALES\u00bb","block_context":{"text":"NACIONALES","link":"https:\/\/lasprimeras.com.do\/index.php\/category\/nacionales\/"},"img":{"alt_text":"","src":"https:\/\/i0.wp.com\/lasprimeras.com.do\/wp-content\/uploads\/2025\/02\/banreservas.jpg?resize=350%2C200&ssl=1","width":350,"height":200,"srcset":"https:\/\/i0.wp.com\/lasprimeras.com.do\/wp-content\/uploads\/2025\/02\/banreservas.jpg?resize=350%2C200&ssl=1 1x, https:\/\/i0.wp.com\/lasprimeras.com.do\/wp-content\/uploads\/2025\/02\/banreservas.jpg?resize=525%2C300&ssl=1 1.5x, https:\/\/i0.wp.com\/lasprimeras.com.do\/wp-content\/uploads\/2025\/02\/banreservas.jpg?resize=700%2C400&ssl=1 2x"},"classes":[]}],"jetpack_sharing_enabled":true,"_links":{"self":[{"href":"https:\/\/lasprimeras.com.do\/index.php\/wp-json\/wp\/v2\/posts\/92884","targetHints":{"allow":["GET"]}}],"collection":[{"href":"https:\/\/lasprimeras.com.do\/index.php\/wp-json\/wp\/v2\/posts"}],"about":[{"href":"https:\/\/lasprimeras.com.do\/index.php\/wp-json\/wp\/v2\/types\/post"}],"author":[{"embeddable":true,"href":"https:\/\/lasprimeras.com.do\/index.php\/wp-json\/wp\/v2\/users\/2"}],"replies":[{"embeddable":true,"href":"https:\/\/lasprimeras.com.do\/index.php\/wp-json\/wp\/v2\/comments?post=92884"}],"version-history":[{"count":1,"href":"https:\/\/lasprimeras.com.do\/index.php\/wp-json\/wp\/v2\/posts\/92884\/revisions"}],"predecessor-version":[{"id":92886,"href":"https:\/\/lasprimeras.com.do\/index.php\/wp-json\/wp\/v2\/posts\/92884\/revisions\/92886"}],"wp:featuredmedia":[{"embeddable":true,"href":"https:\/\/lasprimeras.com.do\/index.php\/wp-json\/wp\/v2\/media\/92885"}],"wp:attachment":[{"href":"https:\/\/lasprimeras.com.do\/index.php\/wp-json\/wp\/v2\/media?parent=92884"}],"wp:term":[{"taxonomy":"category","embeddable":true,"href":"https:\/\/lasprimeras.com.do\/index.php\/wp-json\/wp\/v2\/categories?post=92884"},{"taxonomy":"post_tag","embeddable":true,"href":"https:\/\/lasprimeras.com.do\/index.php\/wp-json\/wp\/v2\/tags?post=92884"}],"curies":[{"name":"wp","href":"https:\/\/api.w.org\/{rel}","templated":true}]}}