{"id":92890,"date":"2025-01-19T00:43:26","date_gmt":"2025-01-19T04:43:26","guid":{"rendered":"https:\/\/lasprimeras.com.do\/?p=92890"},"modified":"2025-01-19T00:43:31","modified_gmt":"2025-01-19T04:43:31","slug":"francisco-luciano-acusa-al-gobierno-de-aplicar-bombazo-fiscal-disfrazado","status":"publish","type":"post","link":"https:\/\/lasprimeras.com.do\/index.php\/2025\/01\/19\/francisco-luciano-acusa-al-gobierno-de-aplicar-bombazo-fiscal-disfrazado\/","title":{"rendered":"Francisco Luciano acusa al Gobierno de aplicar &#8220;bombazo fiscal&#8221; disfrazado"},"content":{"rendered":"\n<p><strong>Advierte que las medidas fiscales afectan directamente a la poblaci\u00f3n dominicana.<\/strong><\/p>\n\n\n\n<p>El catedr\u00e1tico universitario y miembro de la Direcci\u00f3n Pol\u00edtica de la Fuerza del Pueblo (FP), Francisco Luciano, ha levantado la voz contra las recientes acciones del Gobierno del Partido Revolucionario Moderno (PRM).<\/p>\n\n\n\n<p>De acuerdo con el maestro Luciano, el Gobierno del PRM est\u00e1 implementando de forma silenciosa medidas impositivas que fueron rechazadas en el fallido intento de &#8220;bombazo fiscal&#8221;, afectando de manera directa a la poblaci\u00f3n dominicana.<\/p>\n\n\n\n<p>Llam\u00f3 a la ciudadan\u00eda a observar c\u00f3mo el Gobierno deja deslizar la tasa del d\u00f3lar, que ya est\u00e1 cerca de 62 pesos por 1 d\u00f3lar; c\u00f3mo ha continuado el incremento en la factura el\u00e9ctrica, el anuncio de aumento en el precio de los peajes, y la forma opaca en que el Senado de la Rep\u00fablica introdujo alzas en las multas y tarifas por manejo de desechos s\u00f3lidos.<\/p>\n\n\n\n<p>Todas estas medidas, y otras que se traman, buscan incrementar los ingresos del Gobierno, que, seg\u00fan explica, no ha mostrado intenci\u00f3n de ajustar el gasto corriente a las posibilidades de los ingresos. Por el contrario, contin\u00faa con su acelerado ritmo de endeudamiento, contradiciendo una de sus principales promesas de campa\u00f1a: detener el crecimiento de la deuda p\u00fablica, cuando en la pr\u00e1ctica la ha multiplicado.<\/p>\n\n\n\n<p>El dirigente pol\u00edtico y catedr\u00e1tico universitario fue enf\u00e1tico al se\u00f1alar que el Gobierno pretende aplicar su paquete impositivo para ocultar su deficiente y mediocre desempe\u00f1o en la gesti\u00f3n p\u00fablica.<\/p>\n\n\n\n<p>&#8220;Est\u00e1n sacando el dinero del bolsillo de la poblaci\u00f3n aplicando la denominada &#8216;ley del equilibrio t\u00e9rmico&#8217;, que consiste en calentar el agua lentamente para que las especies se adapten y les parezca que viven en un estado de normalidad&#8221;, agreg\u00f3 Luciano.<\/p>\n\n\n\n<p>El profesor Luciano, excandidato a alcalde por Santo Domingo Oeste, afirm\u00f3 que, al actuar de esta manera, el presidente Luis Abinader demuestra que su anuncio de desistir de una reforma fiscal fue solo ret\u00f3rica, ya que persiste en imponer aumentos impositivos a una poblaci\u00f3n que no ha visto un incremento general de salarios en m\u00e1s de doce a\u00f1os.<\/p>\n\n\n\n<p>Finalmente, advirti\u00f3 a las autoridades que la reacci\u00f3n de los pueblos es imprevisible cuando se sienten abusados y burlados, como ocurre en la actualidad. En ese sentido, hizo un llamado a detener el plan de imponer una reforma fiscal odiosa, con el fin de preservar la paz y la estabilidad social.<\/p>\n","protected":false},"excerpt":{"rendered":"<p>Advierte que las medidas fiscales afectan directamente a la poblaci\u00f3n dominicana. El catedr\u00e1tico universitario y miembro de la Direcci\u00f3n Pol\u00edtica de la Fuerza del Pueblo (FP), Francisco Luciano, ha levantado&hellip;<\/p>\n","protected":false},"author":2,"featured_media":92891,"comment_status":"open","ping_status":"open","sticky":false,"template":"","format":"standard","meta":{"content-type":"","jetpack_post_was_ever_published":false,"_jetpack_newsletter_access":"","_jetpack_dont_email_post_to_subs":false,"_jetpack_newsletter_tier_id":0,"_jetpack_memberships_contains_paywalled_content":false,"_jetpack_memberships_contains_paid_content":false,"footnotes":""},"categories":[16559],"tags":[17018,17017,17016,158,171],"class_list":["post-92890","post","type-post","status-publish","format-standard","has-post-thumbnail","hentry","category-politica","tag-bombazo-fiscal","tag-disfrazado","tag-francisco-luciano","tag-fuerza-del-pueblo","tag-gobierno"],"jetpack_featured_media_url":"https:\/\/lasprimeras.com.do\/wp-content\/uploads\/2025\/01\/Francisco-Luciano.jpg","jetpack-related-posts":[{"id":94924,"url":"https:\/\/lasprimeras.com.do\/index.php\/2025\/03\/07\/antonio-florian-gobierno-del-prm-intenta-imponer-bombazo-fiscal-mediante-decreto\/","url_meta":{"origin":92890,"position":0},"title":"Antonio Flori\u00e1n: Gobierno del PRM intenta imponer bombazo fiscal mediante decreto","author":"Nelson Feliz","date":"7 de marzo de 2025","format":false,"excerpt":"Abinader promovi\u00f3 una estrategia para \u201cenga\u00f1ar a los dominicanos\u201d. El partido Fuerza del Pueblo (FP) calific\u00f3 como un \u201ctruco fallido\u201d el reciente intento del gobierno del presidente Luis Abinader y el Partido Revolucionario Moderno (PRM) de imponer un \u201cbombazo fiscal\u201d mediante el decreto 30-25, el cual buscaba aplicar el Impuesto\u2026","rel":"","context":"En \u00abPOLITICA\u00bb","block_context":{"text":"POLITICA","link":"https:\/\/lasprimeras.com.do\/index.php\/category\/politica\/"},"img":{"alt_text":"Antonio Flori\u00e1n (Pe\u00f1ita)","src":"https:\/\/i0.wp.com\/lasprimeras.com.do\/wp-content\/uploads\/2025\/03\/Antonio-Florian-Penita.jpg?resize=350%2C200&ssl=1","width":350,"height":200,"srcset":"https:\/\/i0.wp.com\/lasprimeras.com.do\/wp-content\/uploads\/2025\/03\/Antonio-Florian-Penita.jpg?resize=350%2C200&ssl=1 1x, https:\/\/i0.wp.com\/lasprimeras.com.do\/wp-content\/uploads\/2025\/03\/Antonio-Florian-Penita.jpg?resize=525%2C300&ssl=1 1.5x"},"classes":[]},{"id":90079,"url":"https:\/\/lasprimeras.com.do\/index.php\/2024\/10\/12\/lf-insta-al-gobierno-a-buscar-consenso-para-evitar-crisis-por-paquetazo-fiscal\/","url_meta":{"origin":92890,"position":1},"title":"LF insta al gobierno a buscar consenso para evitar crisis por paquetazo fiscal","author":"Nelson Feliz","date":"12 de octubre de 2024","format":false,"excerpt":"El expresidente de la Rep\u00fablica y l\u00edder del partido Fuerza del Pueblo (FP), Leonel Fern\u00e1ndez, hizo un llamado urgente al gobierno, utilizando su cuenta de X (anteriormente Twitter), en el que inst\u00f3 al presidente Luis Abinader a convocar un di\u00e1logo con los sectores econ\u00f3micos y sociales para abordar las preocupaciones\u2026","rel":"","context":"En \u00abECONOM\u00cdA\u00bb","block_context":{"text":"ECONOM\u00cdA","link":"https:\/\/lasprimeras.com.do\/index.php\/category\/economia\/"},"img":{"alt_text":"","src":"https:\/\/i0.wp.com\/lasprimeras.com.do\/wp-content\/uploads\/2024\/10\/Leonel-Fernandez-3.jpg?resize=350%2C200&ssl=1","width":350,"height":200,"srcset":"https:\/\/i0.wp.com\/lasprimeras.com.do\/wp-content\/uploads\/2024\/10\/Leonel-Fernandez-3.jpg?resize=350%2C200&ssl=1 1x, https:\/\/i0.wp.com\/lasprimeras.com.do\/wp-content\/uploads\/2024\/10\/Leonel-Fernandez-3.jpg?resize=525%2C300&ssl=1 1.5x, https:\/\/i0.wp.com\/lasprimeras.com.do\/wp-content\/uploads\/2024\/10\/Leonel-Fernandez-3.jpg?resize=700%2C400&ssl=1 2x"},"classes":[]},{"id":112150,"url":"https:\/\/lasprimeras.com.do\/index.php\/2025\/10\/17\/gobierno-del-cambio-ha-avergonzado-a-los-dominicanos-por-casos-de-narcotrafico-segun-miguel-florentino\/","url_meta":{"origin":92890,"position":2},"title":"&#8220;Gobierno del Cambio&#8221; ha avergonzado a los dominicanos por casos de narcotr\u00e1fico, seg\u00fan Miguel Florentino","author":"Nelson Feliz","date":"17 de octubre de 2025","format":false,"excerpt":"El comunicador y miembro de la Direcci\u00f3n Central del partido Fuerza del Pueblo (FP), licenciado Miguel Florentino, acus\u00f3 hoy que el Partido Revolucionario Moderno (PRM) ha sometido a todos los dominicanos a una \"verg\u00fcenza internacional\", con las personas ligadas al narcotr\u00e1fico, que han sido descubiertas en el \"Gobierno del Cambio\"\u2026","rel":"","context":"En \u00abPOLITICA\u00bb","block_context":{"text":"POLITICA","link":"https:\/\/lasprimeras.com.do\/index.php\/category\/politica\/"},"img":{"alt_text":"Miguel Florentino","src":"https:\/\/i0.wp.com\/lasprimeras.com.do\/wp-content\/uploads\/2025\/08\/Miguel-Florentino.jpg?resize=350%2C200&ssl=1","width":350,"height":200,"srcset":"https:\/\/i0.wp.com\/lasprimeras.com.do\/wp-content\/uploads\/2025\/08\/Miguel-Florentino.jpg?resize=350%2C200&ssl=1 1x, https:\/\/i0.wp.com\/lasprimeras.com.do\/wp-content\/uploads\/2025\/08\/Miguel-Florentino.jpg?resize=525%2C300&ssl=1 1.5x, https:\/\/i0.wp.com\/lasprimeras.com.do\/wp-content\/uploads\/2025\/08\/Miguel-Florentino.jpg?resize=700%2C400&ssl=1 2x"},"classes":[]},{"id":49069,"url":"https:\/\/lasprimeras.com.do\/index.php\/2023\/05\/07\/radhames-jimenez-el-gobierno-lleva-una-frustracion-generalizada\/","url_meta":{"origin":92890,"position":3},"title":"Radham\u00e9s Jim\u00e9nez: El gobierno lleva \u201cuna frustraci\u00f3n generalizada\u201d","author":"prenxa100","date":"7 de mayo de 2023","format":false,"excerpt":"Santo Domingo.-. El dirigente de la Fuerza del Pueblo (FP), doctor Radham\u00e9s Jim\u00e9nez Pe\u00f1a, expres\u00f3 anoche que el gobierno del Partido Revolucionario Moderno (PRM) cre\u00f3 una gran expectativa de cambio en mayo de 2020, pero la ha convertido en \u201cuna frustraci\u00f3n generalizada\u201d de la poblaci\u00f3n porque ha sido \u201cincapaz de\u2026","rel":"","context":"En \u00abPORTADA\u00bb","block_context":{"text":"PORTADA","link":"https:\/\/lasprimeras.com.do\/index.php\/category\/portada\/"},"img":{"alt_text":"","src":"","width":0,"height":0},"classes":[]},{"id":118117,"url":"https:\/\/lasprimeras.com.do\/index.php\/2025\/12\/22\/leonel-la-gran-estafa-a-los-pobres-con-senasa-marca-un-ano-horrible-para-la-republica-dominicana\/","url_meta":{"origin":92890,"position":4},"title":"Leonel: \u201cLa gran estafa a los pobres con SeNaSa marca un a\u00f1o horrible para la Rep\u00fablica Dominicana\u201d","author":"Nelson Feliz","date":"22 de diciembre de 2025","format":false,"excerpt":"LF afirma que el gobierno del PRM \u201cno tiene forma de recuperar la confianza de la gente\u201d. El presidente del partido Fuerza del Pueblo (FP) y expresidente de la Rep\u00fablica, Leonel Fern\u00e1ndez, calific\u00f3 el a\u00f1o 2025 como \u201cun a\u00f1o horrible para la Rep\u00fablica Dominicana\u201d, al presentar un balance cr\u00edtico de\u2026","rel":"","context":"En \u00abPOLITICA\u00bb","block_context":{"text":"POLITICA","link":"https:\/\/lasprimeras.com.do\/index.php\/category\/politica\/"},"img":{"alt_text":"Leonel Fern\u00e1ndez","src":"https:\/\/i0.wp.com\/lasprimeras.com.do\/wp-content\/uploads\/2025\/12\/Leonel-Fernandez-2.jpg?resize=350%2C200&ssl=1","width":350,"height":200,"srcset":"https:\/\/i0.wp.com\/lasprimeras.com.do\/wp-content\/uploads\/2025\/12\/Leonel-Fernandez-2.jpg?resize=350%2C200&ssl=1 1x, https:\/\/i0.wp.com\/lasprimeras.com.do\/wp-content\/uploads\/2025\/12\/Leonel-Fernandez-2.jpg?resize=525%2C300&ssl=1 1.5x, https:\/\/i0.wp.com\/lasprimeras.com.do\/wp-content\/uploads\/2025\/12\/Leonel-Fernandez-2.jpg?resize=700%2C400&ssl=1 2x"},"classes":[]},{"id":88808,"url":"https:\/\/lasprimeras.com.do\/index.php\/2024\/09\/07\/gobierno-de-luis-abinader-ha-democratizado-la-pobreza\/","url_meta":{"origin":92890,"position":5},"title":"Gobierno de Luis Abinader ha democratizado la pobreza","author":"Nelson Feliz","date":"7 de septiembre de 2024","format":false,"excerpt":"Charles Mariotti a Paliza: \u201cEl verdadero peligro es que el PRM repita en 2028 El Secretario General del Partido de la Liberaci\u00f3n Dominicana (PLD) Charles Mariotti, advirti\u00f3 que el gran peligro en materia pol\u00edtica en nuestro pa\u00eds es que el PRM repita en las elecciones del a\u00f1o 2028. Mariotti respondi\u00f3\u2026","rel":"","context":"En \u00abPORTADA\u00bb","block_context":{"text":"PORTADA","link":"https:\/\/lasprimeras.com.do\/index.php\/category\/portada\/"},"img":{"alt_text":"Charles Mariotti","src":"https:\/\/i0.wp.com\/lasprimeras.com.do\/wp-content\/uploads\/2024\/09\/Charles-Mariotti-1.jpg?resize=350%2C200&ssl=1","width":350,"height":200,"srcset":"https:\/\/i0.wp.com\/lasprimeras.com.do\/wp-content\/uploads\/2024\/09\/Charles-Mariotti-1.jpg?resize=350%2C200&ssl=1 1x, https:\/\/i0.wp.com\/lasprimeras.com.do\/wp-content\/uploads\/2024\/09\/Charles-Mariotti-1.jpg?resize=525%2C300&ssl=1 1.5x"},"classes":[]}],"jetpack_sharing_enabled":true,"_links":{"self":[{"href":"https:\/\/lasprimeras.com.do\/index.php\/wp-json\/wp\/v2\/posts\/92890","targetHints":{"allow":["GET"]}}],"collection":[{"href":"https:\/\/lasprimeras.com.do\/index.php\/wp-json\/wp\/v2\/posts"}],"about":[{"href":"https:\/\/lasprimeras.com.do\/index.php\/wp-json\/wp\/v2\/types\/post"}],"author":[{"embeddable":true,"href":"https:\/\/lasprimeras.com.do\/index.php\/wp-json\/wp\/v2\/users\/2"}],"replies":[{"embeddable":true,"href":"https:\/\/lasprimeras.com.do\/index.php\/wp-json\/wp\/v2\/comments?post=92890"}],"version-history":[{"count":1,"href":"https:\/\/lasprimeras.com.do\/index.php\/wp-json\/wp\/v2\/posts\/92890\/revisions"}],"predecessor-version":[{"id":92892,"href":"https:\/\/lasprimeras.com.do\/index.php\/wp-json\/wp\/v2\/posts\/92890\/revisions\/92892"}],"wp:featuredmedia":[{"embeddable":true,"href":"https:\/\/lasprimeras.com.do\/index.php\/wp-json\/wp\/v2\/media\/92891"}],"wp:attachment":[{"href":"https:\/\/lasprimeras.com.do\/index.php\/wp-json\/wp\/v2\/media?parent=92890"}],"wp:term":[{"taxonomy":"category","embeddable":true,"href":"https:\/\/lasprimeras.com.do\/index.php\/wp-json\/wp\/v2\/categories?post=92890"},{"taxonomy":"post_tag","embeddable":true,"href":"https:\/\/lasprimeras.com.do\/index.php\/wp-json\/wp\/v2\/tags?post=92890"}],"curies":[{"name":"wp","href":"https:\/\/api.w.org\/{rel}","templated":true}]}}