{"id":92893,"date":"2025-01-18T00:46:38","date_gmt":"2025-01-18T04:46:38","guid":{"rendered":"https:\/\/lasprimeras.com.do\/?p=92893"},"modified":"2025-01-19T00:49:29","modified_gmt":"2025-01-19T04:49:29","slug":"pn-lamenta-fallecimiento-del-general-y-periodista-simon-diaz","status":"publish","type":"post","link":"https:\/\/lasprimeras.com.do\/index.php\/2025\/01\/18\/pn-lamenta-fallecimiento-del-general-y-periodista-simon-diaz\/","title":{"rendered":"PN lamenta fallecimiento del general y periodista Sim\u00f3n D\u00edaz"},"content":{"rendered":"\n<p>La Direcci\u00f3n General de la Polic\u00eda Nacional expresa sus m\u00e1s sentidas condolencias a los familiares, amigos y allegados del general retirado y destacado periodista Sim\u00f3n D\u00edaz, quien falleci\u00f3 en la noche de hoy tras enfrentar problemas de salud durante varios a\u00f1os.<\/p>\n\n\n\n<p>El general D\u00edaz desempe\u00f1\u00f3 con dedicaci\u00f3n las funciones de vocero de la Polic\u00eda Nacional, donde dej\u00f3 una huella imborrable por su compromiso y profesionalismo.<\/p>\n\n\n\n<p>Adem\u00e1s, fue un destacado dirigente del Colegio Dominicano de Periodistas (CDP), aportando significativamente al desarrollo del periodismo en el pa\u00eds.<\/p>\n\n\n\n<p>Sus restos ser\u00e1n trasladados desde Ban\u00ed, provincia Peravia, al municipio de Yaguate, en la provincia San Crist\u00f3bal, donde ser\u00e1n velados este viernes en una funeraria local, a partir de las 9:00 de la ma\u00f1ana.<\/p>\n\n\n\n<p>La Polic\u00eda Nacional se une al dolor que embarga a sus seres queridos y reitera su reconocimiento a la invaluable trayectoria de Sim\u00f3n D\u00edaz, quien ser\u00e1 recordado como un ejemplo de servicio, dedicaci\u00f3n y amor por su patria.<\/p>\n","protected":false},"excerpt":{"rendered":"<p>La Direcci\u00f3n General de la Polic\u00eda Nacional expresa sus m\u00e1s sentidas condolencias a los familiares, amigos y allegados del general retirado y destacado periodista Sim\u00f3n D\u00edaz, quien falleci\u00f3 en la&hellip;<\/p>\n","protected":false},"author":2,"featured_media":92894,"comment_status":"open","ping_status":"open","sticky":false,"template":"","format":"standard","meta":{"content-type":"","jetpack_post_was_ever_published":false,"_jetpack_newsletter_access":"","_jetpack_dont_email_post_to_subs":false,"_jetpack_newsletter_tier_id":0,"_jetpack_memberships_contains_paywalled_content":false,"_jetpack_memberships_contains_paid_content":false,"footnotes":""},"categories":[3057],"tags":[1065,1444,604,477,17019],"class_list":["post-92893","post","type-post","status-publish","format-standard","has-post-thumbnail","hentry","category-militares","tag-fallecimiento","tag-general","tag-periodista","tag-pn","tag-simon-diaz"],"jetpack_featured_media_url":"https:\/\/lasprimeras.com.do\/wp-content\/uploads\/2025\/01\/WhatsApp-Image-2025-01-17-at-8.47.45-AM.jpeg","jetpack-related-posts":[{"id":92845,"url":"https:\/\/lasprimeras.com.do\/index.php\/2025\/01\/17\/acropol-seccional-santiago-lamenta-muerte-del-general-retirado-simon-diaz\/","url_meta":{"origin":92893,"position":0},"title":"ACROPOL seccional Santiago lamenta muerte del general retirado Sim\u00f3n D\u00edaz","author":"Nelson Feliz","date":"17 de enero de 2025","format":false,"excerpt":"La Asociaci\u00f3n de Cronistas Policiales y Judiciales seccional Santiago, lamento la muerte del general retirado de la Policia Nacional, Simon Antonio Diaz, quien fuera presidente ad-vitam de la entidad que agrupa los periodistas que cubren la fuente policial. Hector Cepin presidente de dicha seccional, puso de amanifesto las luchas que\u2026","rel":"","context":"En \u00abNACIONALES\u00bb","block_context":{"text":"NACIONALES","link":"https:\/\/lasprimeras.com.do\/index.php\/category\/nacionales\/"},"img":{"alt_text":"","src":"https:\/\/i0.wp.com\/lasprimeras.com.do\/wp-content\/uploads\/2025\/01\/simon-diaz.jpg?resize=350%2C200&ssl=1","width":350,"height":200},"classes":[]},{"id":125664,"url":"https:\/\/lasprimeras.com.do\/index.php\/2026\/03\/25\/fallece-en-el-alto-manhattan-madre-de-la-reconocida-periodista-dominicana-en-ny-zenit-diaz\/","url_meta":{"origin":92893,"position":1},"title":"Fallece en el Alto Manhattan madre de la reconocida periodista dominicana en NY, Zenit D\u00edaz","author":"Nelson Feliz","date":"25 de marzo de 2026","format":false,"excerpt":"Por Ram\u00f3n Mercedes NUEVA YORK.- La se\u00f1ora Mar\u00eda A. D\u00edaz viuda P\u00e9rez, madre de la reconocida periodista dominicana en esta ciudad, Zenit D\u00edaz, falleci\u00f3 en un hospital del Alto Manhattan a los 94 a\u00f1os. Su velatorio se llevar\u00e1 a cabo este mi\u00e9rcoles, de 3:00 a 6:30 p.m., en la funeraria\u2026","rel":"","context":"En \u00abINTERNACIONALES\u00bb","block_context":{"text":"INTERNACIONALES","link":"https:\/\/lasprimeras.com.do\/index.php\/category\/sin-categoria\/internacionales\/"},"img":{"alt_text":"","src":"https:\/\/i0.wp.com\/lasprimeras.com.do\/wp-content\/uploads\/2026\/03\/IMG-20260325-WA0057.jpg?resize=350%2C200&ssl=1","width":350,"height":200},"classes":[]},{"id":107842,"url":"https:\/\/lasprimeras.com.do\/index.php\/2025\/08\/31\/fallece-periodista-deportivo-hansel-omar-diaz-mattews\/","url_meta":{"origin":92893,"position":2},"title":"Fallece periodista deportivo Hansel Omar D\u00edaz Mattews","author":"Nelson Feliz","date":"31 de agosto de 2025","format":false,"excerpt":"El periodista deportivo Hansel Omar D\u00edaz Mattews, quien labor\u00f3 durante a\u00f1os en el peri\u00f3dico HOY y produjo su propio programa de radio, falleci\u00f3 la noche de este s\u00e1bado 30 de agosto tras padecer de serios quebrantos de salud. D\u00edaz Mattews, era hijo del tambi\u00e9n periodista Juan Bautista D\u00edaz Cuevas y\u2026","rel":"","context":"En \u00abNACIONALES\u00bb","block_context":{"text":"NACIONALES","link":"https:\/\/lasprimeras.com.do\/index.php\/category\/nacionales\/"},"img":{"alt_text":"","src":"https:\/\/i0.wp.com\/lasprimeras.com.do\/wp-content\/uploads\/2025\/08\/Hansel-Omar-Diaz-Mattews.jpg?resize=350%2C200&ssl=1","width":350,"height":200},"classes":[]},{"id":124364,"url":"https:\/\/lasprimeras.com.do\/index.php\/2026\/03\/11\/veteranos-de-ff-aa-y-pn-estrechan-lazos-con-gremios-de-prensa\/","url_meta":{"origin":92893,"position":3},"title":"Veteranos de FF.AA. y PN estrechan lazos con gremios de prensa","author":"Nelson Feliz","date":"11 de marzo de 2026","format":false,"excerpt":"El encuentro marca un paso para afianzar la cooperaci\u00f3n y el trabajo conjunto entre la Hermandad y los gremios de la prensa. El presidente de la Hermandad de Veteranos Pensionados de las Fuerzas Armadas y la Polic\u00eda Nacional, el Mayor General (r) Valerio Garc\u00eda Reyes, encabez\u00f3 un encuentro-almuerzo con destacados\u2026","rel":"","context":"En \u00abNACIONALES\u00bb","block_context":{"text":"NACIONALES","link":"https:\/\/lasprimeras.com.do\/index.php\/category\/nacionales\/"},"img":{"alt_text":"Veteranos de FF.AA.","src":"https:\/\/i0.wp.com\/lasprimeras.com.do\/wp-content\/uploads\/2026\/03\/veteranos.jpg?resize=350%2C200&ssl=1","width":350,"height":200,"srcset":"https:\/\/i0.wp.com\/lasprimeras.com.do\/wp-content\/uploads\/2026\/03\/veteranos.jpg?resize=350%2C200&ssl=1 1x, https:\/\/i0.wp.com\/lasprimeras.com.do\/wp-content\/uploads\/2026\/03\/veteranos.jpg?resize=525%2C300&ssl=1 1.5x, https:\/\/i0.wp.com\/lasprimeras.com.do\/wp-content\/uploads\/2026\/03\/veteranos.jpg?resize=700%2C400&ssl=1 2x"},"classes":[]},{"id":77303,"url":"https:\/\/lasprimeras.com.do\/index.php\/2024\/02\/20\/gremios-rechazan-presunta-agresion-pn-a-periodista\/","url_meta":{"origin":92893,"position":4},"title":"Gremios rechazan presunta agresi\u00f3n PN a periodista","author":"BIMARY DE JES\u00daS Matos","date":"20 de febrero de 2024","format":false,"excerpt":"Santo Domingo.-El Colegio Dominicano de Periodistas (CDP), y el Sindicato Nacional de Trabajadores de la Prensa (SNTP), calificaron de \u201creprochable\u201d el maltrato dado a la periodista Ruth Castillo, por un coronel de la Polic\u00eda Nacional, adscrito a la Direcci\u00f3n Central de Investigaciones (Dicrim), de puesto en el Destacamento de Boca\u2026","rel":"","context":"En \u00abPORTADA\u00bb","block_context":{"text":"PORTADA","link":"https:\/\/lasprimeras.com.do\/index.php\/category\/portada\/"},"img":{"alt_text":"","src":"https:\/\/i0.wp.com\/lasprimeras.com.do\/wp-content\/uploads\/2024\/02\/9_El-Pais_20_2p01.webp?resize=350%2C200&ssl=1","width":350,"height":200,"srcset":"https:\/\/i0.wp.com\/lasprimeras.com.do\/wp-content\/uploads\/2024\/02\/9_El-Pais_20_2p01.webp?resize=350%2C200&ssl=1 1x, https:\/\/i0.wp.com\/lasprimeras.com.do\/wp-content\/uploads\/2024\/02\/9_El-Pais_20_2p01.webp?resize=525%2C300&ssl=1 1.5x, https:\/\/i0.wp.com\/lasprimeras.com.do\/wp-content\/uploads\/2024\/02\/9_El-Pais_20_2p01.webp?resize=700%2C400&ssl=1 2x"},"classes":[]},{"id":126606,"url":"https:\/\/lasprimeras.com.do\/index.php\/2026\/04\/03\/director-pn-supervisa-operativo-de-semana-santa-en-el-sur\/","url_meta":{"origin":92893,"position":5},"title":"Director PN supervisa operativo de Semana Santa en el Sur","author":"Nelson Feliz","date":"3 de abril de 2026","format":false,"excerpt":"-Supervisi\u00f3n directa en playas y provincias del sur refuerza la seguridad y destaca el comportamiento responsable de la ciudadan\u00eda. En el marco del operativo preventivo \u201cProteger y Servir Semana Santa 2026\u201d, el director general de la Polic\u00eda Nacional, mayor general Andr\u00e9s Modesto Cruz Cruz, encabez\u00f3 este Viernes Santo un amplio\u2026","rel":"","context":"En \u00abNACIONALES\u00bb","block_context":{"text":"NACIONALES","link":"https:\/\/lasprimeras.com.do\/index.php\/category\/nacionales\/"},"img":{"alt_text":"","src":"https:\/\/i0.wp.com\/lasprimeras.com.do\/wp-content\/uploads\/2026\/04\/pn-b.jpg?resize=350%2C200&ssl=1","width":350,"height":200,"srcset":"https:\/\/i0.wp.com\/lasprimeras.com.do\/wp-content\/uploads\/2026\/04\/pn-b.jpg?resize=350%2C200&ssl=1 1x, https:\/\/i0.wp.com\/lasprimeras.com.do\/wp-content\/uploads\/2026\/04\/pn-b.jpg?resize=525%2C300&ssl=1 1.5x, https:\/\/i0.wp.com\/lasprimeras.com.do\/wp-content\/uploads\/2026\/04\/pn-b.jpg?resize=700%2C400&ssl=1 2x"},"classes":[]}],"jetpack_sharing_enabled":true,"_links":{"self":[{"href":"https:\/\/lasprimeras.com.do\/index.php\/wp-json\/wp\/v2\/posts\/92893","targetHints":{"allow":["GET"]}}],"collection":[{"href":"https:\/\/lasprimeras.com.do\/index.php\/wp-json\/wp\/v2\/posts"}],"about":[{"href":"https:\/\/lasprimeras.com.do\/index.php\/wp-json\/wp\/v2\/types\/post"}],"author":[{"embeddable":true,"href":"https:\/\/lasprimeras.com.do\/index.php\/wp-json\/wp\/v2\/users\/2"}],"replies":[{"embeddable":true,"href":"https:\/\/lasprimeras.com.do\/index.php\/wp-json\/wp\/v2\/comments?post=92893"}],"version-history":[{"count":1,"href":"https:\/\/lasprimeras.com.do\/index.php\/wp-json\/wp\/v2\/posts\/92893\/revisions"}],"predecessor-version":[{"id":92895,"href":"https:\/\/lasprimeras.com.do\/index.php\/wp-json\/wp\/v2\/posts\/92893\/revisions\/92895"}],"wp:featuredmedia":[{"embeddable":true,"href":"https:\/\/lasprimeras.com.do\/index.php\/wp-json\/wp\/v2\/media\/92894"}],"wp:attachment":[{"href":"https:\/\/lasprimeras.com.do\/index.php\/wp-json\/wp\/v2\/media?parent=92893"}],"wp:term":[{"taxonomy":"category","embeddable":true,"href":"https:\/\/lasprimeras.com.do\/index.php\/wp-json\/wp\/v2\/categories?post=92893"},{"taxonomy":"post_tag","embeddable":true,"href":"https:\/\/lasprimeras.com.do\/index.php\/wp-json\/wp\/v2\/tags?post=92893"}],"curies":[{"name":"wp","href":"https:\/\/api.w.org\/{rel}","templated":true}]}}