{"id":92896,"date":"2025-01-19T01:03:44","date_gmt":"2025-01-19T05:03:44","guid":{"rendered":"https:\/\/lasprimeras.com.do\/?p=92896"},"modified":"2025-01-19T01:03:48","modified_gmt":"2025-01-19T05:03:48","slug":"ramon-candelaria-activa-comite-de-prevencion-de-boca-chica-para-el-operativo-semana-santa-2025","status":"publish","type":"post","link":"https:\/\/lasprimeras.com.do\/index.php\/2025\/01\/19\/ramon-candelaria-activa-comite-de-prevencion-de-boca-chica-para-el-operativo-semana-santa-2025\/","title":{"rendered":"Ram\u00f3n Candelaria activa Comit\u00e9 de Prevenci\u00f3n de Boca Chica para el Operativo Semana Santa 2025"},"content":{"rendered":"\n<p>El alcalde del municipio tur\u00edstico de Boca Chica, Ram\u00f3n Candelaria, encabez\u00f3 una reuni\u00f3n con diversas instituciones locales y organismos de socorro para coordinar las acciones del operativo de Semana Santa 2025.<\/p>\n\n\n\n<p>La convocatoria fue realizada por el director del Comit\u00e9 de Prevenci\u00f3n, Mitigaci\u00f3n y Respuesta (CMPMR) de Boca Chica, Juan Jos\u00e9 Ozuna, y cont\u00f3 con la presencia del subdirector del Centro de Operaciones de Emergencias (COE), Juli\u00e1n Garc\u00eda.<\/p>\n\n\n\n<p>Durante su intervenci\u00f3n, el alcalde Candelaria subray\u00f3 que su principal inter\u00e9s es garantizar la seguridad de los ciudadanos y visitantes, pero tambi\u00e9n destac\u00f3 la importancia de que todos puedan disfrutar plenamente de lo que Boca Chica ofrece.<\/p>\n\n\n\n<p>&#8220;Queremos que la gente no solo se sienta segura, sino que tambi\u00e9n disfrute de nuestra ciudad, de nuestras playas y de los servicios culinarios que nos destacan como uno de los principales polos tur\u00edsticos del pa\u00eds&#8221;, expres\u00f3 Candelaria.<\/p>\n\n\n\n<p>El subdirector del COE, Juli\u00e1n Garc\u00eda, hizo \u00e9nfasis en la necesidad de trabajar en conjunto para prevenir cualquier tipo de incidente y en la disposici\u00f3n del COE de apoyar a las autoridades locales con recursos log\u00edsticos y operativos.<\/p>\n\n\n\n<p>Se acord\u00f3 un plan de acci\u00f3n para el monitoreo constante de las playas y \u00e1reas de mayor afluencia, as\u00ed como la implementaci\u00f3n de medidas para atender emergencias r\u00e1pidamente.<\/p>\n\n\n\n<p>Candelaria reafirm\u00f3 su compromiso con el bienestar de la comunidad, asegurando que tanto las diferentes instituciones como la sociedad civil estar\u00e1n listas para brindar el mejor servicio posible, con el fin de ofrecer una experiencia segura, agradable y memorable.<\/p>\n\n\n\n<p>&#8220;Queremos que cada visitante se lleve una impresi\u00f3n positiva de nuestra ciudad, y que esa experiencia los motive a regresar constantemente a Boca Chica, consolidando as\u00ed nuestro destino como uno de los m\u00e1s atractivos de la regi\u00f3n&#8221;, concluy\u00f3 Candelaria.<\/p>\n","protected":false},"excerpt":{"rendered":"<p>El alcalde del municipio tur\u00edstico de Boca Chica, Ram\u00f3n Candelaria, encabez\u00f3 una reuni\u00f3n con diversas instituciones locales y organismos de socorro para coordinar las acciones del operativo de Semana Santa&hellip;<\/p>\n","protected":false},"author":2,"featured_media":92897,"comment_status":"open","ping_status":"open","sticky":false,"template":"","format":"standard","meta":{"content-type":"","jetpack_post_was_ever_published":false,"_jetpack_newsletter_access":"","_jetpack_dont_email_post_to_subs":false,"_jetpack_newsletter_tier_id":0,"_jetpack_memberships_contains_paywalled_content":false,"_jetpack_memberships_contains_paid_content":false,"footnotes":""},"categories":[35],"tags":[161,2703,2266,17020,4040],"class_list":["post-92896","post","type-post","status-publish","format-standard","has-post-thumbnail","hentry","category-nacionales","tag-alcalde","tag-boca-chica","tag-coe","tag-operativo-semana-santa-2025","tag-ramon-candelaria"],"jetpack_featured_media_url":"https:\/\/lasprimeras.com.do\/wp-content\/uploads\/2025\/01\/Ramon-Candelaria.jpg","jetpack-related-posts":[{"id":85933,"url":"https:\/\/lasprimeras.com.do\/index.php\/2024\/07\/13\/regidores-de-boca-chica-someten-a-alcalde-ramon-candelaria\/","url_meta":{"origin":92896,"position":0},"title":"Regidores de Boca Chica someten a alcalde Ram\u00f3n Candelaria","author":"Nelson Feliz","date":"13 de julio de 2024","format":false,"excerpt":"Ediles advierten el s\u00edndico Ram\u00f3n Candelaria podr\u00eda ser suspendido y perder la condici\u00f3n de alcalde.\u00a0\u00a0\u00a0\u00a0\u00a0\u00a0\u00a0\u00a0\u00a0\u00a0\u00a0\u00a0\u00a0\u00a0\u00a0\u00a0\u00a0\u00a0\u00a0\u00a0\u00a0\u00a0\u00a0\u00a0\u00a0\u00a0\u00a0\u00a0\u00a0\u00a0\u00a0\u00a0\u00a0\u00a0\u00a0\u00a0\u00a0\u00a0\u00a0\u00a0\u00a0\u00a0\u00a0\u00a0\u00a0\u00a0\u00a0\u00a0\u00a0\u00a0\u00a0\u00a0\u00a0 Los regidores de la Alcald\u00eda de Boca Chica del Partido Revolucionario Moderno (PRM), Partido de la Liberaci\u00f3n Dominicana (PLD), Partido C\u00edvico Renovador (PCR) y Partido Revolucionario Dominicano (PRD) sometieron al ejecutivo municipal Ram\u00f3n Candelaria por\u2026","rel":"","context":"En \u00abPORTADA\u00bb","block_context":{"text":"PORTADA","link":"https:\/\/lasprimeras.com.do\/index.php\/category\/portada\/"},"img":{"alt_text":"RAMON CANDELARIA","src":"https:\/\/i0.wp.com\/lasprimeras.com.do\/wp-content\/uploads\/2024\/04\/RAMON-CANDELARIA.jpeg?resize=350%2C200&ssl=1","width":350,"height":200,"srcset":"https:\/\/i0.wp.com\/lasprimeras.com.do\/wp-content\/uploads\/2024\/04\/RAMON-CANDELARIA.jpeg?resize=350%2C200&ssl=1 1x, https:\/\/i0.wp.com\/lasprimeras.com.do\/wp-content\/uploads\/2024\/04\/RAMON-CANDELARIA.jpeg?resize=525%2C300&ssl=1 1.5x"},"classes":[]},{"id":111629,"url":"https:\/\/lasprimeras.com.do\/index.php\/2025\/10\/12\/alcalde-de-boca-chica-espera-bhd-y-constructora-playera-devuelvan-plaza-construida-en-1998\/","url_meta":{"origin":92896,"position":1},"title":"Alcalde de Boca Chica espera BHD y Constructora Playera devuelvan plaza construida en 1998","author":"Nelson Feliz","date":"12 de octubre de 2025","format":false,"excerpt":"El alcalde de Boca Chica, Ram\u00f3n Candelaria, anunci\u00f3 que la plaza construida en terrenos de este municipio por el Banco Hipotecario Dominicano (BHD) y la Constructora Playera ser\u00e1 recuperada para construir un parqueo para los visitantes y turistas, ya que el plazo de 20 a\u00f1os de administraci\u00f3n de esa plaza\u2026","rel":"","context":"En \u00abNACIONALES\u00bb","block_context":{"text":"NACIONALES","link":"https:\/\/lasprimeras.com.do\/index.php\/category\/nacionales\/"},"img":{"alt_text":"","src":"https:\/\/i0.wp.com\/lasprimeras.com.do\/wp-content\/uploads\/2025\/10\/Ramon-Candelaria.jpg?resize=350%2C200&ssl=1","width":350,"height":200,"srcset":"https:\/\/i0.wp.com\/lasprimeras.com.do\/wp-content\/uploads\/2025\/10\/Ramon-Candelaria.jpg?resize=350%2C200&ssl=1 1x, https:\/\/i0.wp.com\/lasprimeras.com.do\/wp-content\/uploads\/2025\/10\/Ramon-Candelaria.jpg?resize=525%2C300&ssl=1 1.5x, https:\/\/i0.wp.com\/lasprimeras.com.do\/wp-content\/uploads\/2025\/10\/Ramon-Candelaria.jpg?resize=700%2C400&ssl=1 2x"},"classes":[]},{"id":53597,"url":"https:\/\/lasprimeras.com.do\/index.php\/2023\/06\/28\/presidente-abinader-reserva-candidatura-de-ramon-candelaria-y-jeison-castillo-en-boca-chica\/","url_meta":{"origin":92896,"position":2},"title":"Presidente Abinader reserva candidatura de Ram\u00f3n Candelaria y Jeison Castillo en Boca Chica","author":"Nelson Feliz","date":"28 de junio de 2023","format":false,"excerpt":"El Partido Revolucionario Moderno (PRM) se reserva la candidatura a la Alcald\u00eda en el Municipio Boca Chica, el cual ser\u00e1 el relevo del alcalde Ferm\u00edn Brito Rinc\u00f3n, del PLD. Se trata del empresario y propietario del Bocana Restaurant, Ram\u00f3n Candelaria, quien en los \u00faltimos meses se ha visto muy activo\u2026","rel":"","context":"En \u00abPORTADA\u00bb","block_context":{"text":"PORTADA","link":"https:\/\/lasprimeras.com.do\/index.php\/category\/portada\/"},"img":{"alt_text":"","src":"https:\/\/i0.wp.com\/lasprimeras.com.do\/wp-content\/uploads\/2023\/06\/candelaria-2.jpg?resize=350%2C200&ssl=1","width":350,"height":200,"srcset":"https:\/\/i0.wp.com\/lasprimeras.com.do\/wp-content\/uploads\/2023\/06\/candelaria-2.jpg?resize=350%2C200&ssl=1 1x, https:\/\/i0.wp.com\/lasprimeras.com.do\/wp-content\/uploads\/2023\/06\/candelaria-2.jpg?resize=525%2C300&ssl=1 1.5x, https:\/\/i0.wp.com\/lasprimeras.com.do\/wp-content\/uploads\/2023\/06\/candelaria-2.jpg?resize=700%2C400&ssl=1 2x"},"classes":[]},{"id":81701,"url":"https:\/\/lasprimeras.com.do\/index.php\/2024\/04\/24\/hotelero-de-boca-chica-acusa-al-alcalde-electo-de-destruir-propiedades\/","url_meta":{"origin":92896,"position":3},"title":"Hotelero de Boca Chica acusa al alcalde electo de destruir propiedades","author":"Nelson Feliz","date":"24 de abril de 2024","format":false,"excerpt":"El empresario Fabi\u00e1n \u00c1ngel Famiglieti, propietario del hotel Coco Playa acusa al alcalde de cometer abuso de poder sin asumir todav\u00eda sus funciones. El empresario tur\u00edstico Fabi\u00e1n \u00c1ngel Famiglieti denunci\u00f3 este martes que personeros y allegados al alcalde electo Ram\u00f3n Candelaria destruyeron sus propiedades y amenazaron con cerrarle su hotel\u2026","rel":"","context":"En \u00abNACIONALES\u00bb","block_context":{"text":"NACIONALES","link":"https:\/\/lasprimeras.com.do\/index.php\/category\/nacionales\/"},"img":{"alt_text":"RAMON CANDELARIA","src":"https:\/\/i0.wp.com\/lasprimeras.com.do\/wp-content\/uploads\/2024\/04\/RAMON-CANDELARIA.jpeg?resize=350%2C200&ssl=1","width":350,"height":200,"srcset":"https:\/\/i0.wp.com\/lasprimeras.com.do\/wp-content\/uploads\/2024\/04\/RAMON-CANDELARIA.jpeg?resize=350%2C200&ssl=1 1x, https:\/\/i0.wp.com\/lasprimeras.com.do\/wp-content\/uploads\/2024\/04\/RAMON-CANDELARIA.jpeg?resize=525%2C300&ssl=1 1.5x"},"classes":[]},{"id":87859,"url":"https:\/\/lasprimeras.com.do\/index.php\/2024\/08\/18\/trabajadores-playeros-denuncian-supuestas-amenazas-del-alcalde-ramon-candelaria\/","url_meta":{"origin":92896,"position":4},"title":"Trabajadores playeros denuncian supuestas amenazas del Alcalde Ram\u00f3n Candelaria","author":"Nelson Feliz","date":"18 de agosto de 2024","format":false,"excerpt":"Miembros del Sindicato de Trabajadores Playeros de Boca Chica han denunciado que est\u00e1n siendo objeto de presuntas amenazas por parte del alcalde Ram\u00f3n Candelaria, quien, seg\u00fan alegan, busca desalojarlos de sus puestos de trabajo. Desde que el alcalde asumi\u00f3 el cargo el pasado 24 de abril, los trabajadores aseguran que\u2026","rel":"","context":"En \u00abNACIONALES\u00bb","block_context":{"text":"NACIONALES","link":"https:\/\/lasprimeras.com.do\/index.php\/category\/nacionales\/"},"img":{"alt_text":"Trabajadores playeros","src":"https:\/\/i0.wp.com\/lasprimeras.com.do\/wp-content\/uploads\/2024\/08\/Trabajadores-playeros-1.jpg?resize=350%2C200&ssl=1","width":350,"height":200,"srcset":"https:\/\/i0.wp.com\/lasprimeras.com.do\/wp-content\/uploads\/2024\/08\/Trabajadores-playeros-1.jpg?resize=350%2C200&ssl=1 1x, https:\/\/i0.wp.com\/lasprimeras.com.do\/wp-content\/uploads\/2024\/08\/Trabajadores-playeros-1.jpg?resize=525%2C300&ssl=1 1.5x, https:\/\/i0.wp.com\/lasprimeras.com.do\/wp-content\/uploads\/2024\/08\/Trabajadores-playeros-1.jpg?resize=700%2C400&ssl=1 2x"},"classes":[]},{"id":76395,"url":"https:\/\/lasprimeras.com.do\/index.php\/2024\/02\/09\/candidato-a-alcalde-del-prm-en-boca-chica-deja-plantado-al-juez-richard-h-beras-reyes\/","url_meta":{"origin":92896,"position":5},"title":"Candidato a alcalde del PRM en Boca Chica, deja plantado al Juez Richard H. Beras Reyes","author":"Nelson Feliz","date":"9 de febrero de 2024","format":false,"excerpt":"San Pedro de Macor\u00eds.- El candidato a la alcald\u00eda por los Partidos Revolucionario Moderno y C\u00edvico Renovador, en el municipio Boca Chica, Ram\u00f3n Candelaria, dejo plantado al juez Richard H. Beras Reyes, de la C\u00e1mara Penal del Juzgado de Primera Instancia, a quien se le conoce un proceso por violar\u2026","rel":"","context":"En \u00abJUSTICIA\u00bb","block_context":{"text":"JUSTICIA","link":"https:\/\/lasprimeras.com.do\/index.php\/category\/justicia\/"},"img":{"alt_text":"","src":"https:\/\/i0.wp.com\/lasprimeras.com.do\/wp-content\/uploads\/2024\/02\/RAMON-CADELARIA.jpg?resize=350%2C200&ssl=1","width":350,"height":200},"classes":[]}],"jetpack_sharing_enabled":true,"_links":{"self":[{"href":"https:\/\/lasprimeras.com.do\/index.php\/wp-json\/wp\/v2\/posts\/92896","targetHints":{"allow":["GET"]}}],"collection":[{"href":"https:\/\/lasprimeras.com.do\/index.php\/wp-json\/wp\/v2\/posts"}],"about":[{"href":"https:\/\/lasprimeras.com.do\/index.php\/wp-json\/wp\/v2\/types\/post"}],"author":[{"embeddable":true,"href":"https:\/\/lasprimeras.com.do\/index.php\/wp-json\/wp\/v2\/users\/2"}],"replies":[{"embeddable":true,"href":"https:\/\/lasprimeras.com.do\/index.php\/wp-json\/wp\/v2\/comments?post=92896"}],"version-history":[{"count":1,"href":"https:\/\/lasprimeras.com.do\/index.php\/wp-json\/wp\/v2\/posts\/92896\/revisions"}],"predecessor-version":[{"id":92898,"href":"https:\/\/lasprimeras.com.do\/index.php\/wp-json\/wp\/v2\/posts\/92896\/revisions\/92898"}],"wp:featuredmedia":[{"embeddable":true,"href":"https:\/\/lasprimeras.com.do\/index.php\/wp-json\/wp\/v2\/media\/92897"}],"wp:attachment":[{"href":"https:\/\/lasprimeras.com.do\/index.php\/wp-json\/wp\/v2\/media?parent=92896"}],"wp:term":[{"taxonomy":"category","embeddable":true,"href":"https:\/\/lasprimeras.com.do\/index.php\/wp-json\/wp\/v2\/categories?post=92896"},{"taxonomy":"post_tag","embeddable":true,"href":"https:\/\/lasprimeras.com.do\/index.php\/wp-json\/wp\/v2\/tags?post=92896"}],"curies":[{"name":"wp","href":"https:\/\/api.w.org\/{rel}","templated":true}]}}