{"id":92899,"date":"2025-01-19T01:09:49","date_gmt":"2025-01-19T05:09:49","guid":{"rendered":"https:\/\/lasprimeras.com.do\/?p=92899"},"modified":"2025-01-19T01:09:54","modified_gmt":"2025-01-19T05:09:54","slug":"valentin-perez-temo-violacion-en-escuela-de-higuey-quede-impune-por-tratarse-de-menor-haitiana-indocumentada","status":"publish","type":"post","link":"https:\/\/lasprimeras.com.do\/index.php\/2025\/01\/19\/valentin-perez-temo-violacion-en-escuela-de-higuey-quede-impune-por-tratarse-de-menor-haitiana-indocumentada\/","title":{"rendered":"Valent\u00edn P\u00e9rez\u201d Temo violaci\u00f3n en escuela de Hig\u00fcey quede impune por tratarse de menor haitiana indocumentada\u201d"},"content":{"rendered":"\n<p> El comunicador Valent\u00edn P\u00e9rez revel\u00f3 que es de nacionalidad haitiana, la adolescente de 16 a\u00f1os que acus\u00f3 a un profesor de La Altagracia de haber abusado sexualmente de esta, desde que ten\u00eda unos 13 a\u00f1os.<\/p>\n\n\n\n<p>En ese sentido, P\u00e9rez asegur\u00f3 que el educador se aprovech\u00f3 de la debilidad que observ\u00f3 en la adolescente y su familia, pues tanto la presunta v\u00edctima como sus padres son indocumentados.<\/p>\n\n\n\n<p>\u201cTemo que este caso quede impune por tratarse de una ni\u00f1a de nacionalidad haitiana indocumentada, y quiz\u00e1s los padres no tiene los recursos para contratar abogados y estar yendo a audiencias, para someter a este se\u00f1or y pague por el grave hecho perpetrado, expres\u00f3<\/p>\n\n\n\n<p>Contin\u00fao diciendo que, ahorita ese profesor busca dos o trecientos mil pesos y se los da a dos o tres abogados irresponsables y se libra de la justicia, porque es una haitiana , no, no es una haitiana, es un ser humano, \u00e9l viol\u00f3 una ni\u00f1a desde que ten\u00eda 13 a\u00f1os y eso no puede quedar impune\u201d, sostuvo el comunicador.<\/p>\n","protected":false},"excerpt":{"rendered":"<p>El comunicador Valent\u00edn P\u00e9rez revel\u00f3 que es de nacionalidad haitiana, la adolescente de 16 a\u00f1os que acus\u00f3 a un profesor de La Altagracia de haber abusado sexualmente de esta, desde&hellip;<\/p>\n","protected":false},"author":2,"featured_media":92900,"comment_status":"open","ping_status":"open","sticky":false,"template":"","format":"standard","meta":{"content-type":"","jetpack_post_was_ever_published":false,"_jetpack_newsletter_access":"","_jetpack_dont_email_post_to_subs":false,"_jetpack_newsletter_tier_id":0,"_jetpack_memberships_contains_paywalled_content":false,"_jetpack_memberships_contains_paid_content":false,"footnotes":""},"categories":[35],"tags":[17023,17024,17022,17021,3657],"class_list":["post-92899","post","type-post","status-publish","format-standard","has-post-thumbnail","hentry","category-nacionales","tag-escuela-de-higuey","tag-indocumentada","tag-menor-haitiana","tag-valentin-perez","tag-violacion"],"jetpack_featured_media_url":"https:\/\/lasprimeras.com.do\/wp-content\/uploads\/2025\/01\/Valentin-Perez.jpg","jetpack-related-posts":[{"id":123059,"url":"https:\/\/lasprimeras.com.do\/index.php\/2026\/02\/25\/denuncian-penetracion-haitiana-en-carnavales-de-la-zona-este-de-rd\/","url_meta":{"origin":92899,"position":0},"title":"Denuncian penetraci\u00f3n haitiana en carnavales de la zona Este de RD","author":"Nelson Feliz","date":"25 de febrero de 2026","format":false,"excerpt":"El presidente de la Uni\u00f3n Dem\u00f3crata Cristiana \u2013UDC-, Luis Acosta Moreta, Luis \u201cEl Gallo\u201d denunci\u00f3 hoy que los carnavales de la zona oriental del pa\u00eds destacan motivos y religiosidad haitianos, en franca violaci\u00f3n de las tradiciones dominicanas. Al mismo tiempo pidi\u00f3 que se proh\u00edban los desfiles haitianos del gaga, que\u2026","rel":"","context":"En \u00abPOLITICA\u00bb","block_context":{"text":"POLITICA","link":"https:\/\/lasprimeras.com.do\/index.php\/category\/politica\/"},"img":{"alt_text":"","src":"https:\/\/i0.wp.com\/lasprimeras.com.do\/wp-content\/uploads\/2026\/02\/IMG-20260224-WA1381.jpg?resize=350%2C200&ssl=1","width":350,"height":200,"srcset":"https:\/\/i0.wp.com\/lasprimeras.com.do\/wp-content\/uploads\/2026\/02\/IMG-20260224-WA1381.jpg?resize=350%2C200&ssl=1 1x, https:\/\/i0.wp.com\/lasprimeras.com.do\/wp-content\/uploads\/2026\/02\/IMG-20260224-WA1381.jpg?resize=525%2C300&ssl=1 1.5x, https:\/\/i0.wp.com\/lasprimeras.com.do\/wp-content\/uploads\/2026\/02\/IMG-20260224-WA1381.jpg?resize=700%2C400&ssl=1 2x, https:\/\/i0.wp.com\/lasprimeras.com.do\/wp-content\/uploads\/2026\/02\/IMG-20260224-WA1381.jpg?resize=1050%2C600&ssl=1 3x, https:\/\/i0.wp.com\/lasprimeras.com.do\/wp-content\/uploads\/2026\/02\/IMG-20260224-WA1381.jpg?resize=1400%2C800&ssl=1 4x"},"classes":[]},{"id":98289,"url":"https:\/\/lasprimeras.com.do\/index.php\/2025\/05\/06\/ejercito-detiene-hombre-por-transportar-haitianos-indocumentados-en-azua\/","url_meta":{"origin":92899,"position":1},"title":"Ej\u00e9rcito detiene hombre por transportar haitianos indocumentados en Azua","author":"Nelson Feliz","date":"6 de mayo de 2025","format":false,"excerpt":"El detenido ser\u00e1 puesto a disposici\u00f3n del Ministerio P\u00fablico. El Ej\u00e9rcito de Rep\u00fablica Dominicana, detuvo a un hombre por transportar a un grupo de indocumentados en un veh\u00edculo en la provincia de Azua. Uniformados destacados para servicio en la Fortaleza 19 de Marzo, detuvieron a un hombre identificado como \u00c1ngel\u2026","rel":"","context":"En \u00abMILITARES\u00bb","block_context":{"text":"MILITARES","link":"https:\/\/lasprimeras.com.do\/index.php\/category\/militares\/"},"img":{"alt_text":"","src":"https:\/\/i0.wp.com\/lasprimeras.com.do\/wp-content\/uploads\/2025\/05\/hati.jpg?resize=350%2C200&ssl=1","width":350,"height":200,"srcset":"https:\/\/i0.wp.com\/lasprimeras.com.do\/wp-content\/uploads\/2025\/05\/hati.jpg?resize=350%2C200&ssl=1 1x, https:\/\/i0.wp.com\/lasprimeras.com.do\/wp-content\/uploads\/2025\/05\/hati.jpg?resize=525%2C300&ssl=1 1.5x, https:\/\/i0.wp.com\/lasprimeras.com.do\/wp-content\/uploads\/2025\/05\/hati.jpg?resize=700%2C400&ssl=1 2x"},"classes":[]},{"id":104585,"url":"https:\/\/lasprimeras.com.do\/index.php\/2025\/07\/24\/detienen-a-33-ciudadanos-haitianos-indocumentados-durante-operativos-en-montecristi\/","url_meta":{"origin":92899,"position":2},"title":"Detienen a 33 ciudadanos haitianos indocumentados durante operativos en Montecristi","author":"Nelson Feliz","date":"24 de julio de 2025","format":false,"excerpt":"Miembros del Ej\u00e9rcito de Rep\u00fablica Dominicana (ERD) adscritos al destacamento Mang\u00e1 de Montecristi, detuvieron 33 nacionales haitianos en condici\u00f3n migratoria irregular. El operativo fue desarrollado en distintos sectores del municipio de Guayub\u00edn y forma parte de los esfuerzos continuos para reforzar la seguridad fronteriza y el control migratorio en la\u2026","rel":"","context":"En \u00abMILITARES\u00bb","block_context":{"text":"MILITARES","link":"https:\/\/lasprimeras.com.do\/index.php\/category\/militares\/"},"img":{"alt_text":"","src":"https:\/\/i0.wp.com\/lasprimeras.com.do\/wp-content\/uploads\/2025\/07\/indocumentados.jpg?resize=350%2C200&ssl=1","width":350,"height":200,"srcset":"https:\/\/i0.wp.com\/lasprimeras.com.do\/wp-content\/uploads\/2025\/07\/indocumentados.jpg?resize=350%2C200&ssl=1 1x, https:\/\/i0.wp.com\/lasprimeras.com.do\/wp-content\/uploads\/2025\/07\/indocumentados.jpg?resize=525%2C300&ssl=1 1.5x, https:\/\/i0.wp.com\/lasprimeras.com.do\/wp-content\/uploads\/2025\/07\/indocumentados.jpg?resize=700%2C400&ssl=1 2x"},"classes":[]},{"id":101694,"url":"https:\/\/lasprimeras.com.do\/index.php\/2025\/06\/25\/udc-rechaza-los-permisos-transitorios-o-regulacion-de-haitianos-indocumentados\/","url_meta":{"origin":92899,"position":3},"title":"UDC rechaza los permisos transitorios o regulaci\u00f3n de haitianos indocumentados","author":"Nelson Feliz","date":"25 de junio de 2025","format":false,"excerpt":"El presidente de la Uni\u00f3n Dem\u00f3crata Cristiana -UDC-, Luis Acosta Moreta, Luis \u201cEl Gallo\u201d, rechaz\u00f3 hoy la puesta en marcha de los permisos transitorios para haitianos indocumentados, que se dedicar\u00edan a trabajar en la construcci\u00f3n y la zona rural. Destac\u00f3 que ese permiso temporal ser\u00eda legalizar a los indocumentados, por\u2026","rel":"","context":"En \u00abINTERNACIONALES\u00bb","block_context":{"text":"INTERNACIONALES","link":"https:\/\/lasprimeras.com.do\/index.php\/category\/sin-categoria\/internacionales\/"},"img":{"alt_text":"","src":"https:\/\/i0.wp.com\/lasprimeras.com.do\/wp-content\/uploads\/2025\/06\/WhatsApp-Image-2025-06-24-at-10.48.00-PM.jpeg?resize=350%2C200&ssl=1","width":350,"height":200},"classes":[]},{"id":100872,"url":"https:\/\/lasprimeras.com.do\/index.php\/2025\/06\/13\/luis-el-gallo-rechaza-la-regulacion-haitianos\/","url_meta":{"origin":92899,"position":4},"title":"Luis \u201cEl Gallo\u201d rechaza la regulaci\u00f3n haitianos","author":"Nelson Feliz","date":"13 de junio de 2025","format":false,"excerpt":"Pide a la iglesia cat\u00f3lica unirse al pueblo con las deportaciones El presidente de la Uni\u00f3n Dem\u00f3crata Cristiana \u2013UDC-, Luis Acosta Moreta, Luis \u201cEl Gallo\u201d, defendi\u00f3 hoy el derecho del gobierno y el pueblo dominicano a deportar a indocumentados, y pidi\u00f3 a los jesuitas que pensaran m\u00e1s en los intereses\u2026","rel":"","context":"En \u00abPOLITICA\u00bb","block_context":{"text":"POLITICA","link":"https:\/\/lasprimeras.com.do\/index.php\/category\/politica\/"},"img":{"alt_text":"","src":"https:\/\/i0.wp.com\/lasprimeras.com.do\/wp-content\/uploads\/2025\/06\/GALLO-1.jpg?resize=350%2C200&ssl=1","width":350,"height":200,"srcset":"https:\/\/i0.wp.com\/lasprimeras.com.do\/wp-content\/uploads\/2025\/06\/GALLO-1.jpg?resize=350%2C200&ssl=1 1x, https:\/\/i0.wp.com\/lasprimeras.com.do\/wp-content\/uploads\/2025\/06\/GALLO-1.jpg?resize=525%2C300&ssl=1 1.5x"},"classes":[]},{"id":95886,"url":"https:\/\/lasprimeras.com.do\/index.php\/2025\/03\/21\/interceptan-dos-jeepetas-con-31-indocumentados-en-san-juan-de-la-maguana\/","url_meta":{"origin":92899,"position":5},"title":"Interceptan dos jeepetas con 31 indocumentados en San Juan de la Maguana","author":"Nelson Feliz","date":"21 de marzo de 2025","format":false,"excerpt":"Tambi\u00e9n detienen a un dominicano y a un haitiano transportando a otros indocumentados en motocicletas en Montecristi. Durante la madrugada de este viernes, patrullas del Ej\u00e9rcito de Rep\u00fablica Dominicana interceptaron en la carretera San Juan-Azua, a dos jeepetas en las cuales eran transportados 31 nacionales haitianos en condici\u00f3n migratoria irregular.\u2026","rel":"","context":"En \u00abMILITARES\u00bb","block_context":{"text":"MILITARES","link":"https:\/\/lasprimeras.com.do\/index.php\/category\/militares\/"},"img":{"alt_text":"","src":"https:\/\/i0.wp.com\/lasprimeras.com.do\/wp-content\/uploads\/2025\/03\/presos.jpg?resize=350%2C200&ssl=1","width":350,"height":200,"srcset":"https:\/\/i0.wp.com\/lasprimeras.com.do\/wp-content\/uploads\/2025\/03\/presos.jpg?resize=350%2C200&ssl=1 1x, https:\/\/i0.wp.com\/lasprimeras.com.do\/wp-content\/uploads\/2025\/03\/presos.jpg?resize=525%2C300&ssl=1 1.5x, https:\/\/i0.wp.com\/lasprimeras.com.do\/wp-content\/uploads\/2025\/03\/presos.jpg?resize=700%2C400&ssl=1 2x"},"classes":[]}],"jetpack_sharing_enabled":true,"_links":{"self":[{"href":"https:\/\/lasprimeras.com.do\/index.php\/wp-json\/wp\/v2\/posts\/92899","targetHints":{"allow":["GET"]}}],"collection":[{"href":"https:\/\/lasprimeras.com.do\/index.php\/wp-json\/wp\/v2\/posts"}],"about":[{"href":"https:\/\/lasprimeras.com.do\/index.php\/wp-json\/wp\/v2\/types\/post"}],"author":[{"embeddable":true,"href":"https:\/\/lasprimeras.com.do\/index.php\/wp-json\/wp\/v2\/users\/2"}],"replies":[{"embeddable":true,"href":"https:\/\/lasprimeras.com.do\/index.php\/wp-json\/wp\/v2\/comments?post=92899"}],"version-history":[{"count":1,"href":"https:\/\/lasprimeras.com.do\/index.php\/wp-json\/wp\/v2\/posts\/92899\/revisions"}],"predecessor-version":[{"id":92901,"href":"https:\/\/lasprimeras.com.do\/index.php\/wp-json\/wp\/v2\/posts\/92899\/revisions\/92901"}],"wp:featuredmedia":[{"embeddable":true,"href":"https:\/\/lasprimeras.com.do\/index.php\/wp-json\/wp\/v2\/media\/92900"}],"wp:attachment":[{"href":"https:\/\/lasprimeras.com.do\/index.php\/wp-json\/wp\/v2\/media?parent=92899"}],"wp:term":[{"taxonomy":"category","embeddable":true,"href":"https:\/\/lasprimeras.com.do\/index.php\/wp-json\/wp\/v2\/categories?post=92899"},{"taxonomy":"post_tag","embeddable":true,"href":"https:\/\/lasprimeras.com.do\/index.php\/wp-json\/wp\/v2\/tags?post=92899"}],"curies":[{"name":"wp","href":"https:\/\/api.w.org\/{rel}","templated":true}]}}