{"id":92905,"date":"2025-01-19T14:23:38","date_gmt":"2025-01-19T18:23:38","guid":{"rendered":"https:\/\/lasprimeras.com.do\/?p=92905"},"modified":"2025-01-19T14:23:44","modified_gmt":"2025-01-19T18:23:44","slug":"indotel-ordena-canales-7-y-21-pasen-a-manos-accionistas-de-rd","status":"publish","type":"post","link":"https:\/\/lasprimeras.com.do\/index.php\/2025\/01\/19\/indotel-ordena-canales-7-y-21-pasen-a-manos-accionistas-de-rd\/","title":{"rendered":"Indotel ordena canales 7 y 21 pasen a manos accionistas de RD"},"content":{"rendered":"\n<p>El Instituto Dominicano de las Telecomunicaciones (Indotel) otorg\u00f3 un plazo de 30 d\u00edas para que las empresas operadoras de los canales de televisi\u00f3n 7, en banda VHF (alta definici\u00f3n, y 21, en UHF (ultra alta definici\u00f3n), pasen a ser propiedad mayoritaria de dominicanos o extranjeros nacionalizados, como ordena la Ley 153-98.<\/p>\n\n\n\n<p>El organismo precis\u00f3, en un documento de prensa distribuido este domingo, que las acciones mayoritarias de esos canales de televisi\u00f3n que operan en el pa\u00eds corresponden a empresas con sede en Islas V\u00edrgenes Brit\u00e1nicas y en Bahamas.<\/p>\n\n\n\n<p>Las compa\u00f1\u00edas en cuesti\u00f3n son Interamerica Broadcasting &amp; Production Company S.A. (IBPC) y Trendy, S.A.S., que operan los canales 7 VHF y 21 UHF.<\/p>\n\n\n\n<p>En Rep\u00fablica Dominicana las programaciones del canal 7 y del 21 son ofrecidas por Antena 7, antes llamada Antena Latina.<\/p>\n\n\n\n<p>SOLICITUD DE ADOCCO<\/p>\n\n\n\n<p>La acci\u00f3n de Indotel es producto de una solicitud que le hiciera en 2024 la ONG Alianza Dominicana Contra la Corrupci\u00f3n (Adoco), en el sentido de revocar la concesi\u00f3n dada a esas compa\u00f1\u00edas para operar esos canales.<\/p>\n\n\n\n<p>Indotel rechaz\u00f3 esa petici\u00f3n y dispuso del plazo de 30 d\u00edas que las compa\u00f1\u00edas operadoras se ajusten a las legislaciones dominicanas. La Ley 153-98 da al Estado la facultad de ofrecer concesiones, pero no de venta a las estaciones de radio y televisi\u00f3n.<\/p>\n\n\n\n<p>De acuerdo al comunicado, las empresas objeto de la petici\u00f3n de Adocco afirmaron ante el Indotel que el control social de las referidas compa\u00f1\u00edas concesionarias se encuentra, de manera directa, para la primera e indirecta, para la segunda, bajo el control de una sociedad comercial extranjera de las Islas V\u00edrgenes Brit\u00e1nicas, de manera concreta, de la entidad Latam Investments Services, Inc.<\/p>\n\n\n\n<p>En la resoluci\u00f3n del Indotel se precisa que, a los fines de refutar el planteamiento de Adocco, las empresas IBPC y Trendy analizan en su escrito de defensa la composici\u00f3n accionaria de estas y de Inter-Antena Holding Company (IAHC) admitiendo que IAHC es la accionista mayoritaria de IBPC y que esta \u00faltima, a su vez, \u00abcontrola m\u00e1s de las tres cuartas parte del capital accionario de Trendy, S.A.S.\u00bb.<\/p>\n\n\n\n<p>Reconocen, asimismo, que IAHC \u00abes una entidad organizada y existente de conformidad con las leyes de las Islas V\u00edrgenes Brit\u00e1nicas, cuyos accionistas principales son Eikton Investment, Inc. y Vilto Investments, S.A.S.\u00bb.<\/p>\n\n\n\n<p>\u00abEn lo que respecta a Eikton, es una compa\u00f1\u00eda domiciliada en Islas V\u00edrgenes, que es la titular del 47.5 % de las acciones de IAHC\u00bb, refiri\u00f3 el comunicado.<\/p>\n\n\n\n<p>LOS PROPIETARIOS<\/p>\n\n\n\n<p>Se subraya adem\u00e1s que los propietarios de las acciones son Nelleville Investments Limites, compa\u00f1\u00eda domiciliada en Bahamas, due\u00f1a del 60 % de las acciones, y Vilto Incorporated, S.A.S., domiciliada en la Rep\u00fablica Dominicana, due\u00f1a de un 40 % de las acciones.<\/p>\n\n\n\n<p>Indotel dijo que las empresas IBPS y Trendy rechazaron la petici\u00f3n de Adocco, de que sus licencias de operaci\u00f3n sean canceladas, lo que fue acogido por el organismo regular, pero les otorg\u00f3 30 d\u00edas para que regularicen la situaci\u00f3n.<\/p>\n","protected":false},"excerpt":{"rendered":"<p>El Instituto Dominicano de las Telecomunicaciones (Indotel) otorg\u00f3 un plazo de 30 d\u00edas para que las empresas operadoras de los canales de televisi\u00f3n 7, en banda VHF (alta definici\u00f3n, y&hellip;<\/p>\n","protected":false},"author":2,"featured_media":89048,"comment_status":"open","ping_status":"open","sticky":false,"template":"","format":"standard","meta":{"content-type":"","jetpack_post_was_ever_published":false,"_jetpack_newsletter_access":"","_jetpack_dont_email_post_to_subs":false,"_jetpack_newsletter_tier_id":0,"_jetpack_memberships_contains_paywalled_content":false,"_jetpack_memberships_contains_paid_content":false,"footnotes":""},"categories":[35,25],"tags":[17027,17028,14991,127],"class_list":["post-92905","post","type-post","status-publish","format-standard","has-post-thumbnail","hentry","category-nacionales","category-portada","tag-accionistas","tag-canales-7-y-21","tag-indotel","tag-rd"],"jetpack_featured_media_url":"https:\/\/lasprimeras.com.do\/wp-content\/uploads\/2024\/09\/Indotel.jpg","jetpack-related-posts":[{"id":100286,"url":"https:\/\/lasprimeras.com.do\/index.php\/2025\/06\/04\/adocco-demanda-del-indotel-pruebas-documentales-que-obliga-a-antena-latina-sea-operada-por-dominicanos\/","url_meta":{"origin":92905,"position":0},"title":"ADOCCO demanda del INDOTEL pruebas documentales que obliga a Antena Latina sea operada por dominicanos","author":"Nelson Feliz","date":"4 de junio de 2025","format":false,"excerpt":"En franca violaci\u00f3n a la Constituci\u00f3n y la Ley 200-04 de Libre Acceso a la Informaci\u00f3n P\u00fablica, el INDOTEL exigi\u00f3 el pago de dos mil pesos para certificar lo solicitado La Alianza Dominicana Contra la Corrupci\u00f3n, ADOCCO, demand\u00f3 del Instituto Dominicano de las Telecomunicaciones, INDOTEL, las pruebas documentales que avale\u2026","rel":"","context":"En \u00abJUSTICIA\u00bb","block_context":{"text":"JUSTICIA","link":"https:\/\/lasprimeras.com.do\/index.php\/category\/justicia\/"},"img":{"alt_text":"Julio C\u00e9sar de la Rosa Tiburcio","src":"https:\/\/i0.wp.com\/lasprimeras.com.do\/wp-content\/uploads\/2025\/03\/Julio-Cesar-de-la-Rosa-Tiburcio.jpg?resize=350%2C200&ssl=1","width":350,"height":200,"srcset":"https:\/\/i0.wp.com\/lasprimeras.com.do\/wp-content\/uploads\/2025\/03\/Julio-Cesar-de-la-Rosa-Tiburcio.jpg?resize=350%2C200&ssl=1 1x, https:\/\/i0.wp.com\/lasprimeras.com.do\/wp-content\/uploads\/2025\/03\/Julio-Cesar-de-la-Rosa-Tiburcio.jpg?resize=525%2C300&ssl=1 1.5x, https:\/\/i0.wp.com\/lasprimeras.com.do\/wp-content\/uploads\/2025\/03\/Julio-Cesar-de-la-Rosa-Tiburcio.jpg?resize=700%2C400&ssl=1 2x"},"classes":[]},{"id":93244,"url":"https:\/\/lasprimeras.com.do\/index.php\/2025\/02\/04\/guido-gomez-dejo-a-indotel-si-se-comprueban-irregularidades-en-mi-gestion\/","url_meta":{"origin":92905,"position":1},"title":"Guido G\u00f3mez: \u201cDej\u00f3 a Indotel si se comprueban irregularidades en mi gesti\u00f3n\u201d","author":"Nelson Feliz","date":"4 de febrero de 2025","format":false,"excerpt":"El presidente del Instituto Dominicano de las Telecomunicaciones (Indotel), Guido G\u00f3mez Mazara, reafirm\u00f3 su compromiso con la transparencia en la funci\u00f3n p\u00fablica y asegur\u00f3: \"estoy dispuesto a renunciar en caso de comprobarse irregularidades en mi gesti\u00f3n\". Durante su intervenci\u00f3n, enfatiz\u00f3 que la rendici\u00f3n de cuentas y el cumplimiento estricto de\u2026","rel":"","context":"En \u00abPOLITICA\u00bb","block_context":{"text":"POLITICA","link":"https:\/\/lasprimeras.com.do\/index.php\/category\/politica\/"},"img":{"alt_text":"Guido Gomez Mazara","src":"https:\/\/i0.wp.com\/lasprimeras.com.do\/wp-content\/uploads\/2025\/02\/Guido-Gomez-Mazara.jpg?resize=350%2C200&ssl=1","width":350,"height":200,"srcset":"https:\/\/i0.wp.com\/lasprimeras.com.do\/wp-content\/uploads\/2025\/02\/Guido-Gomez-Mazara.jpg?resize=350%2C200&ssl=1 1x, https:\/\/i0.wp.com\/lasprimeras.com.do\/wp-content\/uploads\/2025\/02\/Guido-Gomez-Mazara.jpg?resize=525%2C300&ssl=1 1.5x, https:\/\/i0.wp.com\/lasprimeras.com.do\/wp-content\/uploads\/2025\/02\/Guido-Gomez-Mazara.jpg?resize=700%2C400&ssl=1 2x"},"classes":[]},{"id":89489,"url":"https:\/\/lasprimeras.com.do\/index.php\/2024\/09\/25\/indotel-anuncia-encendido-de-la-television-terrestre-digital-sera-este-21-de-noviembre\/","url_meta":{"origin":92905,"position":2},"title":"Indotel anuncia encendido de la Televisi\u00f3n Terrestre Digital; ser\u00e1 este 21 de noviembre","author":"Nelson Feliz","date":"25 de septiembre de 2024","format":false,"excerpt":"Las pr\u00f3ximas fases cubrir\u00e1n las regiones Norte y Sur del pa\u00eds El Instituto Dominicano de las Telecomunicaciones (Indotel) inform\u00f3 que el pr\u00f3ximo 21 de noviembre se iniciar\u00e1 la primera fase del encendido de la Televisi\u00f3n Terrestre Digital en el pa\u00eds. Esta etapa inicial abarcar\u00e1 el Gran Santo Domingo, Distrito Nacional,\u2026","rel":"","context":"En \u00abNACIONALES\u00bb","block_context":{"text":"NACIONALES","link":"https:\/\/lasprimeras.com.do\/index.php\/category\/nacionales\/"},"img":{"alt_text":"","src":"https:\/\/i0.wp.com\/lasprimeras.com.do\/wp-content\/uploads\/2024\/09\/guido-3.jpg?resize=350%2C200&ssl=1","width":350,"height":200,"srcset":"https:\/\/i0.wp.com\/lasprimeras.com.do\/wp-content\/uploads\/2024\/09\/guido-3.jpg?resize=350%2C200&ssl=1 1x, https:\/\/i0.wp.com\/lasprimeras.com.do\/wp-content\/uploads\/2024\/09\/guido-3.jpg?resize=525%2C300&ssl=1 1.5x, https:\/\/i0.wp.com\/lasprimeras.com.do\/wp-content\/uploads\/2024\/09\/guido-3.jpg?resize=700%2C400&ssl=1 2x"},"classes":[]},{"id":108672,"url":"https:\/\/lasprimeras.com.do\/index.php\/2025\/09\/09\/indotel-ratifica-nadie-puede-usar-canal-3-hasta-que-justicia-lo-decida\/","url_meta":{"origin":92905,"position":3},"title":"INDOTEL ratifica nadie puede usar canal 3 hasta que justicia lo decida","author":"Nelson Feliz","date":"9 de septiembre de 2025","format":false,"excerpt":"El Consejo Directivo del Instituto Dominicano de las Telecomunicaciones (INDOTEL) advirti\u00f3 que el canal 3 de televisi\u00f3n no puede ser puesto en funcionamiento hasta tanto el Tribunal Superior Administrativo (TSA) emita una decisi\u00f3n en relaci\u00f3n a la titularidad de dicho canal, tal como fue dispuesto en su comunicado del 19\u2026","rel":"","context":"En \u00abTECNOL\u00d3GIA\u00bb","block_context":{"text":"TECNOL\u00d3GIA","link":"https:\/\/lasprimeras.com.do\/index.php\/category\/tecnologia\/"},"img":{"alt_text":"","src":"https:\/\/i0.wp.com\/lasprimeras.com.do\/wp-content\/uploads\/2025\/09\/indotel.jpg?resize=350%2C200&ssl=1","width":350,"height":200,"srcset":"https:\/\/i0.wp.com\/lasprimeras.com.do\/wp-content\/uploads\/2025\/09\/indotel.jpg?resize=350%2C200&ssl=1 1x, https:\/\/i0.wp.com\/lasprimeras.com.do\/wp-content\/uploads\/2025\/09\/indotel.jpg?resize=525%2C300&ssl=1 1.5x, https:\/\/i0.wp.com\/lasprimeras.com.do\/wp-content\/uploads\/2025\/09\/indotel.jpg?resize=700%2C400&ssl=1 2x"},"classes":[]},{"id":111428,"url":"https:\/\/lasprimeras.com.do\/index.php\/2025\/10\/08\/cultura-de-mentiras-se-ha-querido-instaurar-como-regla-en-republica-dominicana-advierte-presidente-del-indotel\/","url_meta":{"origin":92905,"position":4},"title":"Cultura de mentiras se ha querido instaurar como regla en Rep\u00fablica Dominicana, advierte presidente del INDOTEL","author":"Nelson Feliz","date":"8 de octubre de 2025","format":false,"excerpt":"Guido G\u00f3mez Mazara hace un llamado a reforzar la alfabetizaci\u00f3n digital ante avance de desinformaci\u00f3n en redes sociales El presidente del Consejo Directivo del Instituto Dominicano de las Telecomunicaciones (INDOTEL), Guido G\u00f3mez Mazara, asegur\u00f3 que en el pa\u00eds se ha querido instaurar una cultura de la mentira, y alert\u00f3 sobre\u2026","rel":"","context":"En \u00abNACIONALES\u00bb","block_context":{"text":"NACIONALES","link":"https:\/\/lasprimeras.com.do\/index.php\/category\/nacionales\/"},"img":{"alt_text":"","src":"https:\/\/i0.wp.com\/lasprimeras.com.do\/wp-content\/uploads\/2025\/10\/Guido-Gomez-Mazara.jpg?resize=350%2C200&ssl=1","width":350,"height":200,"srcset":"https:\/\/i0.wp.com\/lasprimeras.com.do\/wp-content\/uploads\/2025\/10\/Guido-Gomez-Mazara.jpg?resize=350%2C200&ssl=1 1x, https:\/\/i0.wp.com\/lasprimeras.com.do\/wp-content\/uploads\/2025\/10\/Guido-Gomez-Mazara.jpg?resize=525%2C300&ssl=1 1.5x, https:\/\/i0.wp.com\/lasprimeras.com.do\/wp-content\/uploads\/2025\/10\/Guido-Gomez-Mazara.jpg?resize=700%2C400&ssl=1 2x"},"classes":[]},{"id":106749,"url":"https:\/\/lasprimeras.com.do\/index.php\/2025\/08\/19\/abinader-presenta-transformacion-y-modernizacion-de-rtvd-canal-4\/","url_meta":{"origin":92905,"position":5},"title":"Abinader presenta transformaci\u00f3n y modernizaci\u00f3n de RTVD Canal 4","author":"Nelson Feliz","date":"19 de agosto de 2025","format":false,"excerpt":"Tambi\u00e9n informa en LA Semanal con la Prensa que a trav\u00e9s del instituto RTVD se han graduado 155 profesionales. Adem\u00e1s se cre\u00f3 la primera serie hist\u00f3rica animada. El presidente Luis Abinader present\u00f3 este lunes la transformaci\u00f3n y modernizaci\u00f3n de la televisi\u00f3n p\u00fablica dominicana, que ha posicionado a Radio Televisi\u00f3n Dominicana\u2026","rel":"","context":"En \u00abNACIONALES\u00bb","block_context":{"text":"NACIONALES","link":"https:\/\/lasprimeras.com.do\/index.php\/category\/nacionales\/"},"img":{"alt_text":"","src":"https:\/\/i0.wp.com\/lasprimeras.com.do\/wp-content\/uploads\/2025\/08\/Luis-Abinader-6.jpg?resize=350%2C200&ssl=1","width":350,"height":200,"srcset":"https:\/\/i0.wp.com\/lasprimeras.com.do\/wp-content\/uploads\/2025\/08\/Luis-Abinader-6.jpg?resize=350%2C200&ssl=1 1x, https:\/\/i0.wp.com\/lasprimeras.com.do\/wp-content\/uploads\/2025\/08\/Luis-Abinader-6.jpg?resize=525%2C300&ssl=1 1.5x, https:\/\/i0.wp.com\/lasprimeras.com.do\/wp-content\/uploads\/2025\/08\/Luis-Abinader-6.jpg?resize=700%2C400&ssl=1 2x"},"classes":[]}],"jetpack_sharing_enabled":true,"_links":{"self":[{"href":"https:\/\/lasprimeras.com.do\/index.php\/wp-json\/wp\/v2\/posts\/92905","targetHints":{"allow":["GET"]}}],"collection":[{"href":"https:\/\/lasprimeras.com.do\/index.php\/wp-json\/wp\/v2\/posts"}],"about":[{"href":"https:\/\/lasprimeras.com.do\/index.php\/wp-json\/wp\/v2\/types\/post"}],"author":[{"embeddable":true,"href":"https:\/\/lasprimeras.com.do\/index.php\/wp-json\/wp\/v2\/users\/2"}],"replies":[{"embeddable":true,"href":"https:\/\/lasprimeras.com.do\/index.php\/wp-json\/wp\/v2\/comments?post=92905"}],"version-history":[{"count":1,"href":"https:\/\/lasprimeras.com.do\/index.php\/wp-json\/wp\/v2\/posts\/92905\/revisions"}],"predecessor-version":[{"id":92907,"href":"https:\/\/lasprimeras.com.do\/index.php\/wp-json\/wp\/v2\/posts\/92905\/revisions\/92907"}],"wp:featuredmedia":[{"embeddable":true,"href":"https:\/\/lasprimeras.com.do\/index.php\/wp-json\/wp\/v2\/media\/89048"}],"wp:attachment":[{"href":"https:\/\/lasprimeras.com.do\/index.php\/wp-json\/wp\/v2\/media?parent=92905"}],"wp:term":[{"taxonomy":"category","embeddable":true,"href":"https:\/\/lasprimeras.com.do\/index.php\/wp-json\/wp\/v2\/categories?post=92905"},{"taxonomy":"post_tag","embeddable":true,"href":"https:\/\/lasprimeras.com.do\/index.php\/wp-json\/wp\/v2\/tags?post=92905"}],"curies":[{"name":"wp","href":"https:\/\/api.w.org\/{rel}","templated":true}]}}