{"id":92908,"date":"2025-01-19T14:31:16","date_gmt":"2025-01-19T18:31:16","guid":{"rendered":"https:\/\/lasprimeras.com.do\/?p=92908"},"modified":"2025-01-19T14:31:21","modified_gmt":"2025-01-19T18:31:21","slug":"este-lunes-empieza-juicio-de-odebrecht-en-panama-y-estas-son-las-claves-para-entenderlo","status":"publish","type":"post","link":"https:\/\/lasprimeras.com.do\/index.php\/2025\/01\/19\/este-lunes-empieza-juicio-de-odebrecht-en-panama-y-estas-son-las-claves-para-entenderlo\/","title":{"rendered":"Este lunes empieza juicio de Odebrecht en Panam\u00e1 y estas son las claves para entenderlo"},"content":{"rendered":"\n<p>Por el caso de los sobornos de Odebrecht en Panam\u00e1 est\u00e1n llamados al banquillo los expresidentes Varela y Martinelli y dos hijos de este \u00faltimo.<\/p>\n\n\n\n<p><strong>Ciudad de Panam\u00e1, EFE &#8211;<\/strong>El juicio por el caso Odebrecht en Panam\u00e1, que involucra a 26 procesados por blanqueo, entre ellos expresidentes, exministros y empresarios locales, comienza este lunes tras varias suspensiones y con expectativas sobre el desenlace de la mayor trama de corrupci\u00f3n en la historia del pa\u00eds centroamericano.<\/p>\n\n\n\n<p>La jueza paname\u00f1a Balo\u00edsa Marqu\u00ednez, que ha llevado otros casos de corrupci\u00f3n de alto perfil en el pa\u00eds, es la encargada de este juicio, que podr\u00eda durar meses pues solamente el expediente en manos de la magistrada tiene 2,757 tomos y m\u00e1s de 1,3 millones de p\u00e1ginas.<\/p>\n\n\n\n<p>Aqu\u00ed las claves para entender el juicio del mayor caso de corrupci\u00f3n de Panam\u00e1.<\/p>\n\n\n\n<ol class=\"wp-block-list\">\n<li>Pospuesto tres veces desde 2023<\/li>\n<\/ol>\n\n\n\n<p>El inicio de este juicio ha sido pospuesto al menos en tres ocasiones: la primera de ellas fue en julio de 2023, luego en septiembre de 2023 y la \u00faltima en noviembre de 2024 debido a que se estaba en &#8220;etapa de admisibilidad de pruebas&#8221; y, despu\u00e9s, faltaban unas &#8220;asistencias internacionales&#8221; de Brasil.<\/p>\n\n\n\n<p>Esas asistencias fueron solicitadas por el Ministerio P\u00fablico (Fiscal\u00eda) y contienen declaraciones de altos cargos de la constructora brasile\u00f1a detallando como fue el proceso de pagos ilegales a funcionarios paname\u00f1os, seg\u00fan recoge el diario La Prensa. El retraso de esos documentos fue lo que oblig\u00f3 a remover el inicio del juicio en la \u00faltima ocasi\u00f3n, el pasado noviembre.<\/p>\n\n\n\n<p>Durante esta espera, el juez federal brasile\u00f1o Jos\u00e9 Antonio Dias Toffoli anul\u00f3 las pruebas aportadas por los delatores de Odebrecht contra los dos expresidentes paname\u00f1os involucrados, Ricardo Martinelli (2009-2014) y Juan Carlos Varela (2014-2019).<\/p>\n\n\n\n<ol start=\"2\" class=\"wp-block-list\">\n<li>Imputados de alto perfil<\/li>\n<\/ol>\n\n\n\n<p>Por caso de los sobornos de Odebrecht est\u00e1n llamados al banquillo los expresidentes Varela y Martinelli, dos hijos de este \u00faltimo, adem\u00e1s de exministros y otras personalidades por el delito de blanqueo de capitales.<\/p>\n\n\n\n<p>Pero ni el expresidente Varela ni Ricardo Alberto y Luis Enrique Martinelli Linares, los hijos del exgobernante Martinelli, enfrentar\u00e1n el proceso a partir de este lunes por ser diputados, condici\u00f3n por la cual solo pueden ser juzgados por la Corte Suprema de Justicia (CSJ) de acuerdo a las leyes locales.<\/p>\n\n\n\n<p>Ricardo Alberto y Luis Enrique ya cumplieron c\u00e1rcel por esta trama en EE.UU., donde confesaron haber participado &#8220;en pagos de sobornos hechos por y bajo la direcci\u00f3n de Odebrecht&#8221; por un total de 28 millones de d\u00f3lares, lo que hicieron &#8220;por \u00f3rdenes del padre&#8221;, seg\u00fan su defensa.<\/p>\n\n\n\n<ol start=\"3\" class=\"wp-block-list\">\n<li>Martinelli, un imputado asilado<\/li>\n<\/ol>\n\n\n\n<p>El expresidente Martinelli est\u00e1 asilado en la embajada de Nicaragua en Panam\u00e1 desde el pasado 7 de febrero tras la condena a m\u00e1s de 10 a\u00f1os de prisi\u00f3n por otro caso de blanqueo de capitales conocido como New Business.<\/p>\n\n\n\n<p>Debido a su condici\u00f3n de refugiado, el expresidente podr\u00eda declarar a trav\u00e9s de videoconferencia, aunque eso debe determinarlo la jueza durante el proceso, seg\u00fan dijeron fuentes judiciales a EFE.<\/p>\n\n\n\n<ol start=\"4\" class=\"wp-block-list\">\n<li>Sobornos a &#8220;diestra y siniestra&#8221;<\/li>\n<\/ol>\n\n\n\n<p>Odebrecht pag\u00f3 m\u00e1s de 80 millones de d\u00f3lares a funcionarios y particulares, seg\u00fan las confesiones de Andr\u00e9 Rabello, quien dirigi\u00f3 por varios a\u00f1os las operaciones de la constructora en el pa\u00eds centroamericano. A juicio de la Fiscal\u00eda paname\u00f1a &#8211; seg\u00fan dijo en 2022-, Odebrecht pag\u00f3 &#8220;sobornos a diestra y siniestra&#8221;.<\/p>\n\n\n\n<p>Las declaraciones de Rabello fueron desveladas por la Fiscal\u00eda en noviembre de 2017 durante la audiencia judicial que valid\u00f3, adem\u00e1s, un acuerdo mediante el cual la empresa, que lleg\u00f3 a ser el principal contratista del Estado paname\u00f1o, se comprometi\u00f3 a pagar en un plazo de 12 a\u00f1os una multa de 220 millones de d\u00f3lares por los sobornos desembolsados en el pa\u00eds, al que lleg\u00f3 en 2006.<\/p>\n\n\n\n<p>La investigaci\u00f3n por el caso Odebrecht en Panam\u00e1 se abri\u00f3 en 2015, fue archivada, reabierta en 2017 &#8211; luego que la empresa confes\u00f3 en EE.UU. que hab\u00eda pagado millones en sobornos en una docena de pa\u00edses &#8211; y culmin\u00f3 en octubre de 2018. EFE<\/p>\n","protected":false},"excerpt":{"rendered":"<p>Por el caso de los sobornos de Odebrecht en Panam\u00e1 est\u00e1n llamados al banquillo los expresidentes Varela y Martinelli y dos hijos de este \u00faltimo. Ciudad de Panam\u00e1, EFE &#8211;El&hellip;<\/p>\n","protected":false},"author":2,"featured_media":92909,"comment_status":"open","ping_status":"open","sticky":false,"template":"","format":"standard","meta":{"content-type":"","jetpack_post_was_ever_published":false,"_jetpack_newsletter_access":"","_jetpack_dont_email_post_to_subs":false,"_jetpack_newsletter_tier_id":0,"_jetpack_memberships_contains_paywalled_content":false,"_jetpack_memberships_contains_paid_content":false,"footnotes":""},"categories":[16289],"tags":[879,17029],"class_list":["post-92908","post","type-post","status-publish","format-standard","has-post-thumbnail","hentry","category-internacionales","tag-juicio","tag-odebrecht"],"jetpack_featured_media_url":"https:\/\/lasprimeras.com.do\/wp-content\/uploads\/2025\/01\/Odebrecht-en-Panama.jpg","jetpack-related-posts":[{"id":54744,"url":"https:\/\/lasprimeras.com.do\/index.php\/2023\/07\/13\/ee-uu-prohibe-entrada-al-expresidente-de-panama-juan-carlos-varela-por-corrupcion\/","url_meta":{"origin":92908,"position":0},"title":"EE.UU. proh\u00edbe entrada al expresidente de Panam\u00e1 Juan Carlos Varela por corrupci\u00f3n","author":"Nelson Feliz","date":"13 de julio de 2023","format":false,"excerpt":"El presidente entre 2014 y 2019, est\u00e1 acusado por la Justicia paname\u00f1a por lavado de activos en el caso Odebrecht. Estados Unidos ha prohibido la entrada al pa\u00eds al expresidente de Panam\u00e1 Juan Carlos Varela y a su familia por su vinculaci\u00f3n en \"importantes\" actos de corrupci\u00f3n, anunci\u00f3 este jueves\u2026","rel":"","context":"En \u00abSin categor\u00eda\u00bb","block_context":{"text":"Sin categor\u00eda","link":"https:\/\/lasprimeras.com.do\/index.php\/category\/sin-categoria\/"},"img":{"alt_text":"Expresidente de Panam\u00e1 Juan Carlos Varela","src":"https:\/\/i0.wp.com\/lasprimeras.com.do\/wp-content\/uploads\/2023\/07\/Juan-Carlos-Valera.jpeg?resize=350%2C200&ssl=1","width":350,"height":200,"srcset":"https:\/\/i0.wp.com\/lasprimeras.com.do\/wp-content\/uploads\/2023\/07\/Juan-Carlos-Valera.jpeg?resize=350%2C200&ssl=1 1x, https:\/\/i0.wp.com\/lasprimeras.com.do\/wp-content\/uploads\/2023\/07\/Juan-Carlos-Valera.jpeg?resize=525%2C300&ssl=1 1.5x, https:\/\/i0.wp.com\/lasprimeras.com.do\/wp-content\/uploads\/2023\/07\/Juan-Carlos-Valera.jpeg?resize=700%2C400&ssl=1 2x"},"classes":[]},{"id":108338,"url":"https:\/\/lasprimeras.com.do\/index.php\/2025\/09\/04\/excarcelan-al-expresidente-peruano-martin-vizcarra-pero-seguira-bajo-juicio-por-presunta-corrupcion\/","url_meta":{"origin":92908,"position":1},"title":"Excarcelan al expresidente peruano Mart\u00edn Vizcarra pero seguir\u00e1 bajo juicio por presunta corrupci\u00f3n","author":"Nelson Feliz","date":"4 de septiembre de 2025","format":false,"excerpt":"POR FRANKLIN BRICE\u00d1O LIMA (AP) \u2014 El expresidente peruano Mart\u00edn Vizcarra (2018-2020) fue puesto en libertad el jueves luego de que la justicia orden\u00f3 excarcelarlo al revocar una orden de prisi\u00f3n preventiva por cinco meses, mientras es juzgado por un caso de presunta corrupci\u00f3n cuando era gobernador regional en 2014.\u2026","rel":"","context":"En \u00abINTERNACIONALES\u00bb","block_context":{"text":"INTERNACIONALES","link":"https:\/\/lasprimeras.com.do\/index.php\/category\/sin-categoria\/internacionales\/"},"img":{"alt_text":"","src":"https:\/\/i0.wp.com\/lasprimeras.com.do\/wp-content\/uploads\/2025\/09\/Martin-Vizcarra.jpg?resize=350%2C200&ssl=1","width":350,"height":200,"srcset":"https:\/\/i0.wp.com\/lasprimeras.com.do\/wp-content\/uploads\/2025\/09\/Martin-Vizcarra.jpg?resize=350%2C200&ssl=1 1x, https:\/\/i0.wp.com\/lasprimeras.com.do\/wp-content\/uploads\/2025\/09\/Martin-Vizcarra.jpg?resize=525%2C300&ssl=1 1.5x, https:\/\/i0.wp.com\/lasprimeras.com.do\/wp-content\/uploads\/2025\/09\/Martin-Vizcarra.jpg?resize=700%2C400&ssl=1 2x"},"classes":[]},{"id":87466,"url":"https:\/\/lasprimeras.com.do\/index.php\/2024\/08\/09\/scj-absuelve-a-victor-diaz-rua-de-las-acusaciones-relacionadas-con-el-caso-odebrecht\/","url_meta":{"origin":92908,"position":2},"title":"SCJ absuelve a V\u00edctor D\u00edaz R\u00faa de las acusaciones relacionadas con el Caso Odebrecht","author":"Nelson Feliz","date":"9 de agosto de 2024","format":false,"excerpt":"La Suprema Corte de Justicia (SCJ) descarg\u00f3 al exministro de Obras P\u00fablicas, V\u00edctor D\u00edaz R\u00faa, de todas las acusaciones en su contra relacionadas con el caso Odebrecht. La decisi\u00f3n fue anunciada por su abogado Miguel Valerio, quien asegur\u00f3 que esto demuestra su inocencia y que no se encontraron pruebas para\u2026","rel":"","context":"En \u00abJUSTICIA\u00bb","block_context":{"text":"JUSTICIA","link":"https:\/\/lasprimeras.com.do\/index.php\/category\/justicia\/"},"img":{"alt_text":"V\u00edctor D\u00edaz R\u00faa","src":"https:\/\/i0.wp.com\/lasprimeras.com.do\/wp-content\/uploads\/2024\/08\/Victor-Diaz-Rua.jpeg?resize=350%2C200&ssl=1","width":350,"height":200,"srcset":"https:\/\/i0.wp.com\/lasprimeras.com.do\/wp-content\/uploads\/2024\/08\/Victor-Diaz-Rua.jpeg?resize=350%2C200&ssl=1 1x, https:\/\/i0.wp.com\/lasprimeras.com.do\/wp-content\/uploads\/2024\/08\/Victor-Diaz-Rua.jpeg?resize=525%2C300&ssl=1 1.5x"},"classes":[]},{"id":63122,"url":"https:\/\/lasprimeras.com.do\/index.php\/2023\/10\/10\/ratifican-inhabilitacion-de-registros-de-proveedores-de-constructora-odebrecht\/","url_meta":{"origin":92908,"position":3},"title":"Ratifican inhabilitaci\u00f3n de registros de proveedores de constructora Odebrecht","author":"BIMARY DE JES\u00daS Matos","date":"10 de octubre de 2023","format":false,"excerpt":"Santo Domingo.-El Tribunal Constitucional (TC) rechaz\u00f3 el recurso de revisi\u00f3n incoado por la raz\u00f3n social Constructora Norberto Odebrecht S.A., en contra de una sentencia dictada en 2018 por el Tribunal Superior Administrativo (TSA) que ratifica su inhabilitaci\u00f3n para ser proveedora del Estado. La sentencia TC\/0500\/23, dictada en el pasado mes\u2026","rel":"","context":"En \u00abNACIONALES\u00bb","block_context":{"text":"NACIONALES","link":"https:\/\/lasprimeras.com.do\/index.php\/category\/nacionales\/"},"img":{"alt_text":"","src":"https:\/\/i0.wp.com\/lasprimeras.com.do\/wp-content\/uploads\/2023\/10\/WhatsApp-Image-2023-10-09-at-6.14.13-PM-2-7.jpeg?resize=350%2C200&ssl=1","width":350,"height":200,"srcset":"https:\/\/i0.wp.com\/lasprimeras.com.do\/wp-content\/uploads\/2023\/10\/WhatsApp-Image-2023-10-09-at-6.14.13-PM-2-7.jpeg?resize=350%2C200&ssl=1 1x, https:\/\/i0.wp.com\/lasprimeras.com.do\/wp-content\/uploads\/2023\/10\/WhatsApp-Image-2023-10-09-at-6.14.13-PM-2-7.jpeg?resize=525%2C300&ssl=1 1.5x, https:\/\/i0.wp.com\/lasprimeras.com.do\/wp-content\/uploads\/2023\/10\/WhatsApp-Image-2023-10-09-at-6.14.13-PM-2-7.jpeg?resize=700%2C400&ssl=1 2x"},"classes":[]},{"id":70474,"url":"https:\/\/lasprimeras.com.do\/index.php\/2023\/12\/11\/figuras-vinculadas-a-la-politica-dominicana-que-han-sido-sancionadas-por-estados-unidos\/","url_meta":{"origin":92908,"position":4},"title":"Figuras vinculadas a la pol\u00edtica dominicana que han sido sancionadas por Estados Unidos","author":"Nelson Feliz","date":"11 de diciembre de 2023","format":false,"excerpt":"El Departamento de Estado de Estados Unidos anunci\u00f3 este lunes la designaci\u00f3n del exprocurador de la Rep\u00fablica Jean Alain Rodr\u00edguez como inelegible para ingresar al pa\u00eds norteamericano ante pruebas de \"corrupci\u00f3n significativa\", sin embargo, el abogado dominicano no es la primera figura pol\u00edtica sancionada por Washington. En el comunicado emitido\u2026","rel":"","context":"En \u00abNACIONALES\u00bb","block_context":{"text":"NACIONALES","link":"https:\/\/lasprimeras.com.do\/index.php\/category\/nacionales\/"},"img":{"alt_text":"","src":"https:\/\/i0.wp.com\/lasprimeras.com.do\/wp-content\/uploads\/2023\/12\/figu.jpg?resize=350%2C200&ssl=1","width":350,"height":200},"classes":[]},{"id":96569,"url":"https:\/\/lasprimeras.com.do\/index.php\/2025\/04\/03\/condenan-dominicano-a-25-anos-carcel-por-homicidio-en-panama\/","url_meta":{"origin":92908,"position":5},"title":"Condenan dominicano a 25 a\u00f1os c\u00e1rcel por homicidio en Panam\u00e1","author":"Nelson Feliz","date":"3 de abril de 2025","format":false,"excerpt":"CIUDAD DE PANAMA.- El Tribunal de Juicio Oral del Primer Circuito Judicial de Panam\u00e1 dict\u00f3 sentencia condenatoria de 25 a\u00f1os de prisi\u00f3n contra un dominicano de 38 a\u00f1os por homicidio doloso agravado. Adem\u00e1s, como pena accesoria, le impuso la inhabilitaci\u00f3n para el ejercicio de funciones p\u00fablicas por el mismo t\u00e9rmino,\u2026","rel":"","context":"En \u00abINTERNACIONALES\u00bb","block_context":{"text":"INTERNACIONALES","link":"https:\/\/lasprimeras.com.do\/index.php\/category\/sin-categoria\/internacionales\/"},"img":{"alt_text":"Condena","src":"https:\/\/i0.wp.com\/lasprimeras.com.do\/wp-content\/uploads\/2024\/02\/condena.jpg?resize=350%2C200&ssl=1","width":350,"height":200,"srcset":"https:\/\/i0.wp.com\/lasprimeras.com.do\/wp-content\/uploads\/2024\/02\/condena.jpg?resize=350%2C200&ssl=1 1x, https:\/\/i0.wp.com\/lasprimeras.com.do\/wp-content\/uploads\/2024\/02\/condena.jpg?resize=525%2C300&ssl=1 1.5x, https:\/\/i0.wp.com\/lasprimeras.com.do\/wp-content\/uploads\/2024\/02\/condena.jpg?resize=700%2C400&ssl=1 2x"},"classes":[]}],"jetpack_sharing_enabled":true,"_links":{"self":[{"href":"https:\/\/lasprimeras.com.do\/index.php\/wp-json\/wp\/v2\/posts\/92908","targetHints":{"allow":["GET"]}}],"collection":[{"href":"https:\/\/lasprimeras.com.do\/index.php\/wp-json\/wp\/v2\/posts"}],"about":[{"href":"https:\/\/lasprimeras.com.do\/index.php\/wp-json\/wp\/v2\/types\/post"}],"author":[{"embeddable":true,"href":"https:\/\/lasprimeras.com.do\/index.php\/wp-json\/wp\/v2\/users\/2"}],"replies":[{"embeddable":true,"href":"https:\/\/lasprimeras.com.do\/index.php\/wp-json\/wp\/v2\/comments?post=92908"}],"version-history":[{"count":1,"href":"https:\/\/lasprimeras.com.do\/index.php\/wp-json\/wp\/v2\/posts\/92908\/revisions"}],"predecessor-version":[{"id":92910,"href":"https:\/\/lasprimeras.com.do\/index.php\/wp-json\/wp\/v2\/posts\/92908\/revisions\/92910"}],"wp:featuredmedia":[{"embeddable":true,"href":"https:\/\/lasprimeras.com.do\/index.php\/wp-json\/wp\/v2\/media\/92909"}],"wp:attachment":[{"href":"https:\/\/lasprimeras.com.do\/index.php\/wp-json\/wp\/v2\/media?parent=92908"}],"wp:term":[{"taxonomy":"category","embeddable":true,"href":"https:\/\/lasprimeras.com.do\/index.php\/wp-json\/wp\/v2\/categories?post=92908"},{"taxonomy":"post_tag","embeddable":true,"href":"https:\/\/lasprimeras.com.do\/index.php\/wp-json\/wp\/v2\/tags?post=92908"}],"curies":[{"name":"wp","href":"https:\/\/api.w.org\/{rel}","templated":true}]}}