{"id":92914,"date":"2025-01-19T14:57:00","date_gmt":"2025-01-19T18:57:00","guid":{"rendered":"https:\/\/lasprimeras.com.do\/?p=92914"},"modified":"2025-01-19T14:57:05","modified_gmt":"2025-01-19T18:57:05","slug":"ciudadanos-temen-que-ocurran-accidentes-por-deterioro-en-el-puente-francisco-del-rosario-sanchez","status":"publish","type":"post","link":"https:\/\/lasprimeras.com.do\/index.php\/2025\/01\/19\/ciudadanos-temen-que-ocurran-accidentes-por-deterioro-en-el-puente-francisco-del-rosario-sanchez\/","title":{"rendered":"Ciudadanos temen que ocurran accidentes por deterioro en el puente Francisco del Rosario S\u00e1nchez"},"content":{"rendered":"\n<p><strong>Los moradores hicieron un llamado al ministro de Obras P\u00fablicas y Comunicaciones (MOPC), Deligne Ascenci\u00f3n, para que acuda en voz de quienes se exponen cada d\u00eda a ser v\u00edctimas de accidentes.<\/strong><\/p>\n\n\n\n<p>Desesperados por el descuido de ciudadanos, se quejan por el deterioro del puente Francisco del Rosario S\u00e1nchez, popularmente llamado (puente de la 17); este presenta notables caritas y espacios donde se logra observar el cruce del Metro de Santo Domingo.<\/p>\n\n\n\n<p>Los motoristas que transitan de Oeste a Este por el puente dijeron sentirse asustados por las condiciones de deterioro que este presenta y se\u00f1alaron que en varias ocasiones se han presentado accidentes de tr\u00e1nsito por los agujeros que dejan al descubierto la infraestructura.<\/p>\n\n\n\n<p>Los moradores hicieron un llamado al ministro de Obras P\u00fablicas y Comunicaciones (MOPC), Deligne Ascensi\u00f3n, para que acuda en voz de quienes se exponen cada d\u00eda a ser v\u00edctimas de accidentes ocasionados por el descuido del puente que comunica al Distrito Nacional y Santo Domingo Este.<\/p>\n\n\n\n<p>Osvaldo de los Santos, motoconchista que pasaba por la acera, dijo que cada d\u00eda teme que el puente se desplome debido a los a\u00f1os de su construcci\u00f3n y a no recibir el debido mantenimiento, desde pintar los hierros que lo rodean y tapar los hoyos de este.<\/p>\n\n\n\n<p>\u201cEso est\u00e1 abierto entero, y all\u00ed est\u00e1 abierto enterito. De ese boquete se ve la gente abajo y se va con todo. Esto es un desorden grande que hay porque el uso pasa y se remenea el puente y usted lo siente porque est\u00e1 inc\u00f3modo esto. A cada rato est\u00e1n buscando tornillos y caen para abajo, entonces el Gobierno tiene que venir a ver lo que hace con esto, que ponga a la gente a trabajar, soldar o algo, porque est\u00e1 en descuido, ni lo pintan ni nada, todo podrido porque est\u00e1 pasado de a\u00f1os\u201d, mencion\u00f3 de los Santos, quien opt\u00f3 por cruzar por la acera debido al deterioro de la infraestructura.<\/p>\n\n\n\n<p>Otro ciudadano que hizo un llamado a las autoridades es Geraldo \u00c1lvarez, quien dijo que durante las \u00e9pocas navide\u00f1as ocurrieron m\u00faltiples accidentes debido al descuido que presenta el puente y el flujo constante de veh\u00edculos.<\/p>\n\n\n\n<p>\u201cEso hay que arreglarlo, han pasado muchos accidentes por todos esos hoyos (\u2026) ha habido muchas muertes ahora en diciembre por eso del puente y motoristas tirados\u201d, cont\u00f3 \u00c1lvarez, al transitar en su moto por la acera del puente que se dirige de Oeste a Este.<\/p>\n\n\n\n<p>Fuente Diario Libre<\/p>\n","protected":false},"excerpt":{"rendered":"<p>Los moradores hicieron un llamado al ministro de Obras P\u00fablicas y Comunicaciones (MOPC), Deligne Ascenci\u00f3n, para que acuda en voz de quienes se exponen cada d\u00eda a ser v\u00edctimas de&hellip;<\/p>\n","protected":false},"author":2,"featured_media":92915,"comment_status":"open","ping_status":"open","sticky":false,"template":"","format":"standard","meta":{"content-type":"","jetpack_post_was_ever_published":false,"_jetpack_newsletter_access":"","_jetpack_dont_email_post_to_subs":false,"_jetpack_newsletter_tier_id":0,"_jetpack_memberships_contains_paywalled_content":false,"_jetpack_memberships_contains_paid_content":false,"footnotes":""},"categories":[35,25],"tags":[3006,3916,11685,17031,4879,12511],"class_list":["post-92914","post","type-post","status-publish","format-standard","has-post-thumbnail","hentry","category-nacionales","category-portada","tag-ciudadanos","tag-deterioro","tag-francisco-del-rosario-sanchez","tag-ocurran-accidentes","tag-puente","tag-temen"],"jetpack_featured_media_url":"https:\/\/lasprimeras.com.do\/wp-content\/uploads\/2025\/01\/puente-1.jpeg","jetpack-related-posts":[{"id":124587,"url":"https:\/\/lasprimeras.com.do\/index.php\/2026\/03\/13\/brutal-choque-en-el-puente-de-la-17-deja-dos-heridos-y-caos-en-el-transito-este-viernes\/","url_meta":{"origin":92914,"position":0},"title":"Brutal choque en el Puente de la 17 deja dos heridos y caos en el tr\u00e1nsito este viernes","author":"Nelson Feliz","date":"13 de marzo de 2026","format":false,"excerpt":"Por Abdias Estrella Un aparatoso accidente de tr\u00e1nsito se registr\u00f3 la tarde de este viernes en el\u00a0puente Francisco del Rosario S\u00e1nchez, popularmente conocido como el puente de la 17. El incidente, que involucr\u00f3 a una motocicleta y un autom\u00f3vil particular, dej\u00f3 como saldo preliminar a\u00a0dos personas lesionadas\u00a0y da\u00f1os materiales de\u2026","rel":"","context":"En \u00abNACIONALES\u00bb","block_context":{"text":"NACIONALES","link":"https:\/\/lasprimeras.com.do\/index.php\/category\/nacionales\/"},"img":{"alt_text":"","src":"https:\/\/i0.wp.com\/lasprimeras.com.do\/wp-content\/uploads\/2026\/03\/01.jpg?resize=350%2C200&ssl=1","width":350,"height":200,"srcset":"https:\/\/i0.wp.com\/lasprimeras.com.do\/wp-content\/uploads\/2026\/03\/01.jpg?resize=350%2C200&ssl=1 1x, https:\/\/i0.wp.com\/lasprimeras.com.do\/wp-content\/uploads\/2026\/03\/01.jpg?resize=525%2C300&ssl=1 1.5x, https:\/\/i0.wp.com\/lasprimeras.com.do\/wp-content\/uploads\/2026\/03\/01.jpg?resize=700%2C400&ssl=1 2x"},"classes":[]},{"id":69477,"url":"https:\/\/lasprimeras.com.do\/index.php\/2023\/12\/03\/mopc-reparacion-del-puente-de-la-17-se-adjudico-pero-hay-que-trasladar-familias-para-su-inicio\/","url_meta":{"origin":92914,"position":1},"title":"MOPC: reparaci\u00f3n del puente de La 17 se adjudic\u00f3, pero hay que trasladar familias para su inicio","author":"Nelson Feliz","date":"3 de diciembre de 2023","format":false,"excerpt":"Obras P\u00fablicas afirma t\u00e9cnicos determinaron que la restauraci\u00f3n no es de emergencia. El ge\u00f3logo Osiris de Le\u00f3n afirm\u00f3 hoy que el hecho de que el puente Francisco del Rosario S\u00e1nchez o puente de La 17 haya cumplido su vida \u00fatil no debe implicar alarma, en lo absoluto, sino atenci\u00f3n y\u2026","rel":"","context":"En \u00abNACIONALES\u00bb","block_context":{"text":"NACIONALES","link":"https:\/\/lasprimeras.com.do\/index.php\/category\/nacionales\/"},"img":{"alt_text":"Puente de la 17","src":"https:\/\/i0.wp.com\/lasprimeras.com.do\/wp-content\/uploads\/2023\/12\/Puente-de-la-17.jpg?resize=350%2C200&ssl=1","width":350,"height":200,"srcset":"https:\/\/i0.wp.com\/lasprimeras.com.do\/wp-content\/uploads\/2023\/12\/Puente-de-la-17.jpg?resize=350%2C200&ssl=1 1x, https:\/\/i0.wp.com\/lasprimeras.com.do\/wp-content\/uploads\/2023\/12\/Puente-de-la-17.jpg?resize=525%2C300&ssl=1 1.5x"},"classes":[]},{"id":92310,"url":"https:\/\/lasprimeras.com.do\/index.php\/2025\/01\/01\/ocurren-primeras-muertes-de-2025-en-yamasa\/","url_meta":{"origin":92914,"position":2},"title":"Ocurren primeras muertes de 2025 en Yamasa","author":"Nelson Feliz","date":"1 de enero de 2025","format":false,"excerpt":"Por Genara S\u00e1nchez Este mi\u00e9rcoles 1ro de enero 2025 se han reportado las dos primeras muertes del a\u00f1o a causa de un tr\u00e1gico accidente de tr\u00e1nsito ocurrido esta ma\u00f1ana en la comunidad La Felicita, perteneciente a esta demarcaci\u00f3n de Yamasa, de la provincia Monte Plata. Informes preliminares indican que, el\u2026","rel":"","context":"En \u00abNACIONALES\u00bb","block_context":{"text":"NACIONALES","link":"https:\/\/lasprimeras.com.do\/index.php\/category\/nacionales\/"},"img":{"alt_text":"","src":"https:\/\/i0.wp.com\/lasprimeras.com.do\/wp-content\/uploads\/2025\/01\/accidente.jpeg?resize=350%2C200&ssl=1","width":350,"height":200,"srcset":"https:\/\/i0.wp.com\/lasprimeras.com.do\/wp-content\/uploads\/2025\/01\/accidente.jpeg?resize=350%2C200&ssl=1 1x, https:\/\/i0.wp.com\/lasprimeras.com.do\/wp-content\/uploads\/2025\/01\/accidente.jpeg?resize=525%2C300&ssl=1 1.5x, https:\/\/i0.wp.com\/lasprimeras.com.do\/wp-content\/uploads\/2025\/01\/accidente.jpeg?resize=700%2C400&ssl=1 2x"},"classes":[]},{"id":69440,"url":"https:\/\/lasprimeras.com.do\/index.php\/2023\/12\/03\/geologo-osiris-de-leon-advierte-el-puente-de-la-17-ya-cumplio-su-vida-util\/","url_meta":{"origin":92914,"position":3},"title":"Ge\u00f3logo Osiris de Le\u00f3n advierte el Puente de la 17 ya cumpli\u00f3 su vida \u00fatil","author":"Nelson Feliz","date":"3 de diciembre de 2023","format":false,"excerpt":"El experto dijo que se trata de una estructura de acero construida en una ciudad costera. El ge\u00f3logo Osiris de Le\u00f3n, presidente de la Comisi\u00f3n para la Supervisi\u00f3n de las Infraestructuras Nacionales ante el Cambio Clim\u00e1tico, asegur\u00f3 que el puente Francisco del Rosario S\u00e1nchez, conocido como el Puente de la\u2026","rel":"","context":"En \u00abNACIONALES\u00bb","block_context":{"text":"NACIONALES","link":"https:\/\/lasprimeras.com.do\/index.php\/category\/nacionales\/"},"img":{"alt_text":"Osiris de Le\u00f3n","src":"https:\/\/i0.wp.com\/lasprimeras.com.do\/wp-content\/uploads\/2023\/12\/puente-17-ec3c6acb.jpg?resize=350%2C200&ssl=1","width":350,"height":200,"srcset":"https:\/\/i0.wp.com\/lasprimeras.com.do\/wp-content\/uploads\/2023\/12\/puente-17-ec3c6acb.jpg?resize=350%2C200&ssl=1 1x, https:\/\/i0.wp.com\/lasprimeras.com.do\/wp-content\/uploads\/2023\/12\/puente-17-ec3c6acb.jpg?resize=525%2C300&ssl=1 1.5x, https:\/\/i0.wp.com\/lasprimeras.com.do\/wp-content\/uploads\/2023\/12\/puente-17-ec3c6acb.jpg?resize=700%2C400&ssl=1 2x"},"classes":[]},{"id":62105,"url":"https:\/\/lasprimeras.com.do\/index.php\/2023\/10\/03\/cierran-hasta-el-sabado-pasos-a-desnivel-y-puentes\/","url_meta":{"origin":92914,"position":4},"title":"Cierran hasta el s\u00e1bado pasos a desnivel y puentes","author":"BIMARY DE JES\u00daS Matos","date":"3 de octubre de 2023","format":false,"excerpt":"Santo Domingo.-El Ministerio de Obras P\u00fablicas y Comunicaciones (MOPC) inform\u00f3 que cerrar\u00e1 al tr\u00e1nsito vehicular en el Gran Santo Domingo \u2013a partir de este lunes 2 y hasta el s\u00e1bado 7 de octubre\u2013 distintos pasos a desnivel, incluidos puentes, con el prop\u00f3sito de realizar trabajos de remozamiento en esas estructuras.\u2026","rel":"","context":"En \u00abNACIONALES\u00bb","block_context":{"text":"NACIONALES","link":"https:\/\/lasprimeras.com.do\/index.php\/category\/nacionales\/"},"img":{"alt_text":"","src":"https:\/\/i0.wp.com\/lasprimeras.com.do\/wp-content\/uploads\/2023\/10\/WhatsApp-Image-2023-10-02-at-6.21.27-PM-1.jpeg?resize=350%2C200&ssl=1","width":350,"height":200,"srcset":"https:\/\/i0.wp.com\/lasprimeras.com.do\/wp-content\/uploads\/2023\/10\/WhatsApp-Image-2023-10-02-at-6.21.27-PM-1.jpeg?resize=350%2C200&ssl=1 1x, https:\/\/i0.wp.com\/lasprimeras.com.do\/wp-content\/uploads\/2023\/10\/WhatsApp-Image-2023-10-02-at-6.21.27-PM-1.jpeg?resize=525%2C300&ssl=1 1.5x, https:\/\/i0.wp.com\/lasprimeras.com.do\/wp-content\/uploads\/2023\/10\/WhatsApp-Image-2023-10-02-at-6.21.27-PM-1.jpeg?resize=700%2C400&ssl=1 2x"},"classes":[]},{"id":122037,"url":"https:\/\/lasprimeras.com.do\/index.php\/2026\/02\/12\/osiris-de-leon-reporta-749-infraestructuras-criticas-en-todo-el-territorio\/","url_meta":{"origin":92914,"position":5},"title":"Osiris de Le\u00f3n reporta 749 infraestructuras cr\u00edticas en todo el territorio","author":"Nelson Feliz","date":"12 de febrero de 2026","format":false,"excerpt":"El ge\u00f3logo y ambientalista Osiris de Le\u00f3n present\u00f3 el informe de resultados de la Comisi\u00f3n de Supervisi\u00f3n de Infraestructuras P\u00fablicas ante el Cambio Clim\u00e1tico, destacando que en dos a\u00f1os de trabajo el organismo ha evaluado de manera exhaustiva 749 infraestructuras cr\u00edticas en todo el territorio nacional. De Le\u00f3n, manifest\u00f3 que\u2026","rel":"","context":"En \u00abNACIONALES\u00bb","block_context":{"text":"NACIONALES","link":"https:\/\/lasprimeras.com.do\/index.php\/category\/nacionales\/"},"img":{"alt_text":"Osiris de Le\u00f3n","src":"https:\/\/i0.wp.com\/lasprimeras.com.do\/wp-content\/uploads\/2026\/02\/Osiris-de-Leon.jpg?resize=350%2C200&ssl=1","width":350,"height":200,"srcset":"https:\/\/i0.wp.com\/lasprimeras.com.do\/wp-content\/uploads\/2026\/02\/Osiris-de-Leon.jpg?resize=350%2C200&ssl=1 1x, https:\/\/i0.wp.com\/lasprimeras.com.do\/wp-content\/uploads\/2026\/02\/Osiris-de-Leon.jpg?resize=525%2C300&ssl=1 1.5x, https:\/\/i0.wp.com\/lasprimeras.com.do\/wp-content\/uploads\/2026\/02\/Osiris-de-Leon.jpg?resize=700%2C400&ssl=1 2x"},"classes":[]}],"jetpack_sharing_enabled":true,"_links":{"self":[{"href":"https:\/\/lasprimeras.com.do\/index.php\/wp-json\/wp\/v2\/posts\/92914","targetHints":{"allow":["GET"]}}],"collection":[{"href":"https:\/\/lasprimeras.com.do\/index.php\/wp-json\/wp\/v2\/posts"}],"about":[{"href":"https:\/\/lasprimeras.com.do\/index.php\/wp-json\/wp\/v2\/types\/post"}],"author":[{"embeddable":true,"href":"https:\/\/lasprimeras.com.do\/index.php\/wp-json\/wp\/v2\/users\/2"}],"replies":[{"embeddable":true,"href":"https:\/\/lasprimeras.com.do\/index.php\/wp-json\/wp\/v2\/comments?post=92914"}],"version-history":[{"count":1,"href":"https:\/\/lasprimeras.com.do\/index.php\/wp-json\/wp\/v2\/posts\/92914\/revisions"}],"predecessor-version":[{"id":92916,"href":"https:\/\/lasprimeras.com.do\/index.php\/wp-json\/wp\/v2\/posts\/92914\/revisions\/92916"}],"wp:featuredmedia":[{"embeddable":true,"href":"https:\/\/lasprimeras.com.do\/index.php\/wp-json\/wp\/v2\/media\/92915"}],"wp:attachment":[{"href":"https:\/\/lasprimeras.com.do\/index.php\/wp-json\/wp\/v2\/media?parent=92914"}],"wp:term":[{"taxonomy":"category","embeddable":true,"href":"https:\/\/lasprimeras.com.do\/index.php\/wp-json\/wp\/v2\/categories?post=92914"},{"taxonomy":"post_tag","embeddable":true,"href":"https:\/\/lasprimeras.com.do\/index.php\/wp-json\/wp\/v2\/tags?post=92914"}],"curies":[{"name":"wp","href":"https:\/\/api.w.org\/{rel}","templated":true}]}}