{"id":92926,"date":"2025-01-19T15:58:28","date_gmt":"2025-01-19T19:58:28","guid":{"rendered":"https:\/\/lasprimeras.com.do\/?p=92926"},"modified":"2025-01-19T15:58:34","modified_gmt":"2025-01-19T19:58:34","slug":"comienza-alto-al-fuego-en-gaza-tras-mas-de-quince-meses-de-guerra","status":"publish","type":"post","link":"https:\/\/lasprimeras.com.do\/index.php\/2025\/01\/19\/comienza-alto-al-fuego-en-gaza-tras-mas-de-quince-meses-de-guerra\/","title":{"rendered":"Comienza alto al fuego en Gaza tras m\u00e1s de quince meses de guerra"},"content":{"rendered":"\n<p><strong>La tregua empez\u00f3 casi tres horas despu\u00e9s de lo acordado porque Ham\u00e1s comunic\u00f3 con retraso la lista de rehenes que preve\u00eda liberar este domingo.<\/strong><\/p>\n\n\n\n<p><strong>Gaza, AFP.-. <\/strong>Miles de palestinos se echaron a la carretera este domingo para regresar a sus casas en la Franja de Gaza, donde entr\u00f3 en vigor un cese el fuego entre Israel y el movimiento islamista palestino Ham\u00e1s tras m\u00e1s de quince meses de guerra.<\/p>\n\n\n\n<p>La tregua empez\u00f3 casi tres horas despu\u00e9s de lo acordado porque Ham\u00e1s comunic\u00f3 con retraso la lista de rehenes que preve\u00eda liberar este domingo.<\/p>\n\n\n\n<p>Cuando Israel recibi\u00f3 la lista, indic\u00f3 que el cese el fuego se implementar\u00eda a las 09H15 GMT. Catar, que interviene como mediador en el conflicto junto a Estados Unidos y Egipto, confirm\u00f3 poco despu\u00e9s que la tregua entr\u00f3 en vigor.<\/p>\n\n\n\n<p>Ham\u00e1s justific\u00f3 el retraso por &#8220;complicaciones en el terreno y la continuaci\u00f3n de los bombardeos&#8221; de Israel este domingo, que, seg\u00fan la Defensa Civil gazat\u00ed, dejaron ocho muertos en la Franja, un territorio devastado por el conflicto, desencadenado por un ataque de los islamistas en Israel el 7 de octubre de 2023.<\/p>\n\n\n\n<p>Antes incluso de que el alto el fuego entrase en vigor, miles de desplazados palestinos, cargados con sus enseres, se echaron a la carretera, en camionetas, carros arrastrados por burros y a pie, en el norte y en el sur de la Franja, seg\u00fan im\u00e1genes de AFP.<\/p>\n\n\n\n<p>En Jabaliya, en el norte de Gaza, escenario de una intensa operaci\u00f3n militar israel\u00ed desde octubre, los habitantes descubrieron un desolador paisaje lleno de escombros.<\/p>\n\n\n\n<p>Al final del \u00c1ngelus, el papa Francisco pidi\u00f3 que el alto al fuego &#8220;sea respetado de inmediato&#8221; por ambas partes y expres\u00f3 su &#8220;gratitud a los mediadores&#8221;.<\/p>\n\n\n\n<ul class=\"wp-block-list\">\n<li>Advertencia de Netanyahu &#8211;<\/li>\n<\/ul>\n\n\n\n<p>El acuerdo fue negociado durante meses por los mediadores y entr\u00f3 en vigor en v\u00edsperas de la investidura de Donald Trump como presidente estadounidense.<\/p>\n\n\n\n<p>A\u00fan as\u00ed, Netanyahu aclar\u00f3 el s\u00e1bado que se trata de &#8220;un alto el fuego provisional&#8221; y que Israel se reserva &#8220;el derecho de reanudar la guerra con apoyo estadounidense&#8221;.<\/p>\n\n\n\n<p>En Israel, el acuerdo gener\u00f3 divisiones y el partido del ministro israel\u00ed de Seguridad Nacional, Itamar Ben Gvir, de ultraderecha, hostil al pacto, anunci\u00f3 que dejaba la coalici\u00f3n de Netanyahu. Sin embargo, esto no pone en peligro el gobierno, que todav\u00eda goza de una estrecha mayor\u00eda en el Parlamento.<\/p>\n\n\n\n<p>&#8220;Si Ham\u00e1s permanece en el poder, la inestabilidad regional que provoca podr\u00eda perdurar. No hay futuro de paz, de estabilidad ni de seguridad para ambas partes si Ham\u00e1s sigue en el poder en la Franja de Gaza&#8221;, se\u00f1al\u00f3 por su parte el canciller israel\u00ed, Gideon Saar.<\/p>\n\n\n\n<p>Seg\u00fan el texto acordado, 33 rehenes tomados por Ham\u00e1s el 7 de octubre de 2023 ser\u00e1n devueltos en la primera fase de la tregua, de 42 d\u00edas.<\/p>\n\n\n\n<p>En el mismo per\u00edodo, 737 prisioneros palestinos ser\u00e1n liberados de las c\u00e1rceles israel\u00edes, seg\u00fan el Ministerio israel\u00ed de Justicia.<\/p>\n\n\n\n<p>Un funcionario militar dijo que la liberaci\u00f3n de rehenes se llevar\u00e1 a cabo en tres puntos de la frontera de Israel con Gaza, donde ser\u00e1n atendidos por m\u00e9dicos y luego trasladados a hospitales.<\/p>\n\n\n\n<p>El brazo armado de Ham\u00e1s public\u00f3 una lista de tres rehenes israel\u00edes que ser\u00e1n liberadas este domingo, tres mujeres secuestradas el 7 de octubre.<\/p>\n\n\n\n<p>Seg\u00fan el Foro de Familias de Rehenes, se trata de Emily Damari y de Doron Steinbrecher, capturadas en el kibutz Kfar Azza, y de Romi Gonen, secuestrada en el festival de m\u00fasica Nova.<\/p>\n\n\n\n<p>Por su parte, Israel estableci\u00f3 una lista de 90 detenidos palestinos que podr\u00edan ser liberados el domingo, en su mayor\u00eda mujeres y menores de edad.<\/p>\n\n\n\n<p>Ham\u00e1s indic\u00f3 que esperaba que Israel le transmitiera esa lista &#8220;dentro de poco&#8221;, y precis\u00f3 que el acuerdo establece &#8220;la liberaci\u00f3n de 30 prisioneros palestinos a cambio de cada civil retenido&#8221;.<\/p>\n\n\n\n<p>Entre los prisioneros palestinos que forman parte del acuerdo se encuentra Zakaria al Zubeidi, exl\u00edder de las Brigadas de M\u00e1rtires de Al Aqsa, el brazo armado del partido Fatah del presidente Mahmud Ab\u00e1s.<\/p>\n\n\n\n<p>En esta primera fase se negociar\u00e1n las modalidades de la segunda, que deber\u00eda permitir la liberaci\u00f3n de los \u00faltimos rehenes. La tercera y \u00faltima fase estar\u00e1 dedicada a la reconstrucci\u00f3n de Gaza y la devoluci\u00f3n de los cuerpos de los rehenes fallecidos en cautiverio.<\/p>\n\n\n\n<ul class=\"wp-block-list\">\n<li>600 camiones de ayuda &#8211;<\/li>\n<\/ul>\n\n\n\n<p>Adem\u00e1s de las liberaciones de rehenes, la primera etapa del acuerdo incluye, seg\u00fan el presidente estadounidense Joe Biden, &#8220;un alto el fuego total&#8221;, la retirada israel\u00ed de las zonas densamente pobladas de Gaza y un aumento de la ayuda humanitaria.<\/p>\n\n\n\n<p>Las autoridades egipcias precisaron que el acuerdo prev\u00e9 &#8220;la entrada de 600 camiones de ayuda al d\u00eda&#8221;, incluyendo 50 de carburante.<\/p>\n\n\n\n<p>Seg\u00fan la ONU, los primeros camiones de ayuda humanitaria entraron en Gaza &#8220;apenas quince minutos despu\u00e9s&#8221; de que se implementara la tregua.<\/p>\n\n\n\n<p>El ataque de Ham\u00e1s del 7 de octubre de 2023 comport\u00f3 la muerte de 1.210 personas en Israel, la mayor\u00eda civiles, seg\u00fan un recuento de AFP basado en datos oficiales.<\/p>\n\n\n\n<p>De las 251 personas secuestradas ese d\u00eda, 94 siguen como rehenes en Gaza y, de estas, 34 habr\u00edan muerto, seg\u00fan el ej\u00e9rcito israel\u00ed.<\/p>\n\n\n\n<p>En respuesta a ese ataque, Israel emprendi\u00f3 una campa\u00f1a a\u00e9rea y terrestre en la Franja que se cobr\u00f3 la vida de al menos 46.913 personas, principalmente civiles, seg\u00fan datos del Ministerio de Salud del gobierno de Ham\u00e1s, que la ONU considera fiables.<\/p>\n","protected":false},"excerpt":{"rendered":"<p>La tregua empez\u00f3 casi tres horas despu\u00e9s de lo acordado porque Ham\u00e1s comunic\u00f3 con retraso la lista de rehenes que preve\u00eda liberar este domingo. Gaza, AFP.-. Miles de palestinos se&hellip;<\/p>\n","protected":false},"author":2,"featured_media":92927,"comment_status":"open","ping_status":"open","sticky":false,"template":"","format":"standard","meta":{"content-type":"","jetpack_post_was_ever_published":false,"_jetpack_newsletter_access":"","_jetpack_dont_email_post_to_subs":false,"_jetpack_newsletter_tier_id":0,"_jetpack_memberships_contains_paywalled_content":false,"_jetpack_memberships_contains_paid_content":false,"footnotes":""},"categories":[16289],"tags":[11963,8295,2060],"class_list":["post-92926","post","type-post","status-publish","format-standard","has-post-thumbnail","hentry","category-internacionales","tag-alto-al-fuego","tag-gaza","tag-guerra"],"jetpack_featured_media_url":"https:\/\/lasprimeras.com.do\/wp-content\/uploads\/2025\/01\/GUERRA.jpeg","jetpack-related-posts":[{"id":68746,"url":"https:\/\/lasprimeras.com.do\/index.php\/2023\/11\/27\/qatar-anuncia-que-el-alto-el-fuego-entre-israel-y-hamas-se-prorroga-dos-dias-mas\/","url_meta":{"origin":92926,"position":0},"title":"Qatar anuncia que el alto el fuego entre Israel y Ham\u00e1s se prorroga dos d\u00edas m\u00e1s","author":"Nelson Feliz","date":"27 de noviembre de 2023","format":false,"excerpt":"Andrea L\u00f3pez-Tom\u00e0s Jerusal\u00e9n.-.Familias palestinas e israel\u00eds a ambos lados de la L\u00ednea Verde disfrutan del ansiado reencuentro con sus seres queridos, con sus mujeres y ni\u00f1os tras una tercera jornada exitosa de intercambio de secuestrados. Este lunes, la Franja de Gaza amanec\u00eda con el temor de que este fuera su\u2026","rel":"","context":"En \u00abSin categor\u00eda\u00bb","block_context":{"text":"Sin categor\u00eda","link":"https:\/\/lasprimeras.com.do\/index.php\/category\/sin-categoria\/"},"img":{"alt_text":"Palestinos","src":"https:\/\/i0.wp.com\/lasprimeras.com.do\/wp-content\/uploads\/2023\/11\/Palestinos-2.jpg?resize=350%2C200&ssl=1","width":350,"height":200,"srcset":"https:\/\/i0.wp.com\/lasprimeras.com.do\/wp-content\/uploads\/2023\/11\/Palestinos-2.jpg?resize=350%2C200&ssl=1 1x, https:\/\/i0.wp.com\/lasprimeras.com.do\/wp-content\/uploads\/2023\/11\/Palestinos-2.jpg?resize=525%2C300&ssl=1 1.5x"},"classes":[]},{"id":69297,"url":"https:\/\/lasprimeras.com.do\/index.php\/2023\/12\/01\/tregua-entre-israel-y-hamas-expira-y-se-reanuda-el-combate-en-gaza\/","url_meta":{"origin":92926,"position":1},"title":"Tregua entre Israel y Ham\u00e1s expira y se reanuda el combate en Gaza","author":"BIMARY DE JES\u00daS Matos","date":"1 de diciembre de 2023","format":false,"excerpt":"ISRAEL.-La tregua en la Franja de Gaza ha expirado este viernes y se ha reanudado el intercambio de fuego entre Israel y la milicia islamista palestina de Ham\u00e1s tras siete d\u00edas de cese al fuego que permitieron la liberaci\u00f3n de algunos rehenes capturados por el grupo islamista a cambio de\u2026","rel":"","context":"En \u00abSin categor\u00eda\u00bb","block_context":{"text":"Sin categor\u00eda","link":"https:\/\/lasprimeras.com.do\/index.php\/category\/sin-categoria\/"},"img":{"alt_text":"","src":"https:\/\/i0.wp.com\/lasprimeras.com.do\/wp-content\/uploads\/2023\/12\/Noticias-de-energia-51-4.jpg?resize=350%2C200&ssl=1","width":350,"height":200,"srcset":"https:\/\/i0.wp.com\/lasprimeras.com.do\/wp-content\/uploads\/2023\/12\/Noticias-de-energia-51-4.jpg?resize=350%2C200&ssl=1 1x, https:\/\/i0.wp.com\/lasprimeras.com.do\/wp-content\/uploads\/2023\/12\/Noticias-de-energia-51-4.jpg?resize=525%2C300&ssl=1 1.5x"},"classes":[]},{"id":92866,"url":"https:\/\/lasprimeras.com.do\/index.php\/2025\/01\/18\/cese-del-fuego-entre-israel-y-hamas-entrara-en-vigor-el-domingo-por-la-manana-segun-funcionarios\/","url_meta":{"origin":92926,"position":2},"title":"Cese del fuego entre Israel y Ham\u00e1s entrar\u00e1 en vigor el domingo por la ma\u00f1ana, seg\u00fan funcionarios","author":"Nelson Feliz","date":"18 de enero de 2025","format":false,"excerpt":"POR SAMY MAGDY, SAM MEDNICK and MELANIE LIDMAN EL CAIRO (AP) \u2014 El cese del fuego entre Ham\u00e1s e Israel entrar\u00e1 en vigor el domingo a las 8:30 de la ma\u00f1ana, hora local (0630 GMT), anunci\u00f3 el s\u00e1bado el mediador Qatar Al tiempo que las familias de los rehenes retenidos\u2026","rel":"","context":"En \u00abINTERNACIONALES\u00bb","block_context":{"text":"INTERNACIONALES","link":"https:\/\/lasprimeras.com.do\/index.php\/category\/sin-categoria\/internacionales\/"},"img":{"alt_text":"","src":"https:\/\/i0.wp.com\/lasprimeras.com.do\/wp-content\/uploads\/2025\/01\/fuego.jpg?resize=350%2C200&ssl=1","width":350,"height":200,"srcset":"https:\/\/i0.wp.com\/lasprimeras.com.do\/wp-content\/uploads\/2025\/01\/fuego.jpg?resize=350%2C200&ssl=1 1x, https:\/\/i0.wp.com\/lasprimeras.com.do\/wp-content\/uploads\/2025\/01\/fuego.jpg?resize=525%2C300&ssl=1 1.5x, https:\/\/i0.wp.com\/lasprimeras.com.do\/wp-content\/uploads\/2025\/01\/fuego.jpg?resize=700%2C400&ssl=1 2x"},"classes":[]},{"id":68709,"url":"https:\/\/lasprimeras.com.do\/index.php\/2023\/11\/27\/israel-y-hamas-realizaron-tercer-canje-de-presos-por-rehenes\/","url_meta":{"origin":92926,"position":3},"title":"Israel y Ham\u00e1s realizaron tercer canje de presos por rehenes","author":"BIMARY DE JES\u00daS Matos","date":"27 de noviembre de 2023","format":false,"excerpt":"Israel y el grupo islamista palestino Ham\u00e1s concretaron este domingo 26 de noviembre un tercer intercambio de rehenes israel\u00edes por presos palestinos, en el marco de un acuerdo entre las dos partes. El grupo de cautivos liberados est\u00e1 compuesto por 14 israel\u00edes y tres extranjeros (estas tres liberaciones no incluidas\u2026","rel":"","context":"En \u00abSin categor\u00eda\u00bb","block_context":{"text":"Sin categor\u00eda","link":"https:\/\/lasprimeras.com.do\/index.php\/category\/sin-categoria\/"},"img":{"alt_text":"","src":"https:\/\/i0.wp.com\/lasprimeras.com.do\/wp-content\/uploads\/2023\/11\/WhatsApp-Image-2023-11-26-at-2.38.38-PM-2.jpeg?resize=350%2C200&ssl=1","width":350,"height":200,"srcset":"https:\/\/i0.wp.com\/lasprimeras.com.do\/wp-content\/uploads\/2023\/11\/WhatsApp-Image-2023-11-26-at-2.38.38-PM-2.jpeg?resize=350%2C200&ssl=1 1x, https:\/\/i0.wp.com\/lasprimeras.com.do\/wp-content\/uploads\/2023\/11\/WhatsApp-Image-2023-11-26-at-2.38.38-PM-2.jpeg?resize=525%2C300&ssl=1 1.5x"},"classes":[]},{"id":93135,"url":"https:\/\/lasprimeras.com.do\/index.php\/2025\/01\/26\/un-muerto-por-fuego-israeli-disputa-sobre-cese-el-fuego-impide-a-palestinos-ir-al-norte-de-gaza\/","url_meta":{"origin":92926,"position":4},"title":"Un muerto por fuego israel\u00ed, disputa sobre cese el fuego impide a palestinos ir al norte de Gaza","author":"Nelson Feliz","date":"26 de enero de 2025","format":false,"excerpt":"POR WAFAA SHURAFA, SAMY MAGDY and JOSEPH KRAUSS DEIR AL-BALAH, Franja de Gaza (AP) \u2014 Israel impidi\u00f3 el domingo que miles de palestinos regresaran a sus casas en el norte de la Franja de Gaza, mientras acusaba a Ham\u00e1s de incumplir un fr\u00e1gil cese el fuego cambiando el orden de\u2026","rel":"","context":"En \u00abINTERNACIONALES\u00bb","block_context":{"text":"INTERNACIONALES","link":"https:\/\/lasprimeras.com.do\/index.php\/category\/sin-categoria\/internacionales\/"},"img":{"alt_text":"","src":"https:\/\/i0.wp.com\/lasprimeras.com.do\/wp-content\/uploads\/2025\/01\/FUEGO-1.jpg?resize=350%2C200&ssl=1","width":350,"height":200,"srcset":"https:\/\/i0.wp.com\/lasprimeras.com.do\/wp-content\/uploads\/2025\/01\/FUEGO-1.jpg?resize=350%2C200&ssl=1 1x, https:\/\/i0.wp.com\/lasprimeras.com.do\/wp-content\/uploads\/2025\/01\/FUEGO-1.jpg?resize=525%2C300&ssl=1 1.5x, https:\/\/i0.wp.com\/lasprimeras.com.do\/wp-content\/uploads\/2025\/01\/FUEGO-1.jpg?resize=700%2C400&ssl=1 2x"},"classes":[]},{"id":66446,"url":"https:\/\/lasprimeras.com.do\/index.php\/2023\/11\/07\/israel-descarta-tregua-en-gaza-hasta-que-israel-libere-a-rehenes\/","url_meta":{"origin":92926,"position":5},"title":"Israel descarta tregua en Gaza hasta que Israel libere a rehenes","author":"BIMARY DE JES\u00daS Matos","date":"7 de noviembre de 2023","format":false,"excerpt":"Israel.-El primer ministro israel\u00ed, Benjam\u00edn Netanyahu, ha descartado de nuevo una tregua en el conflicto en la Franja de Gaza hasta que Ham\u00e1s libere a los rehenes, aunque ha concedido que pueda haber \u00abpausas t\u00e1cticas\u00bb. \u00abNo habr\u00e1 cese al fuego general sin la liberaci\u00f3n de rehenes\u00bb, ha declarado Netanyahu en\u2026","rel":"","context":"En \u00abSin categor\u00eda\u00bb","block_context":{"text":"Sin categor\u00eda","link":"https:\/\/lasprimeras.com.do\/index.php\/category\/sin-categoria\/"},"img":{"alt_text":"","src":"https:\/\/i0.wp.com\/lasprimeras.com.do\/wp-content\/uploads\/2023\/11\/torose-4.jpg?resize=350%2C200&ssl=1","width":350,"height":200,"srcset":"https:\/\/i0.wp.com\/lasprimeras.com.do\/wp-content\/uploads\/2023\/11\/torose-4.jpg?resize=350%2C200&ssl=1 1x, https:\/\/i0.wp.com\/lasprimeras.com.do\/wp-content\/uploads\/2023\/11\/torose-4.jpg?resize=525%2C300&ssl=1 1.5x"},"classes":[]}],"jetpack_sharing_enabled":true,"_links":{"self":[{"href":"https:\/\/lasprimeras.com.do\/index.php\/wp-json\/wp\/v2\/posts\/92926","targetHints":{"allow":["GET"]}}],"collection":[{"href":"https:\/\/lasprimeras.com.do\/index.php\/wp-json\/wp\/v2\/posts"}],"about":[{"href":"https:\/\/lasprimeras.com.do\/index.php\/wp-json\/wp\/v2\/types\/post"}],"author":[{"embeddable":true,"href":"https:\/\/lasprimeras.com.do\/index.php\/wp-json\/wp\/v2\/users\/2"}],"replies":[{"embeddable":true,"href":"https:\/\/lasprimeras.com.do\/index.php\/wp-json\/wp\/v2\/comments?post=92926"}],"version-history":[{"count":1,"href":"https:\/\/lasprimeras.com.do\/index.php\/wp-json\/wp\/v2\/posts\/92926\/revisions"}],"predecessor-version":[{"id":92928,"href":"https:\/\/lasprimeras.com.do\/index.php\/wp-json\/wp\/v2\/posts\/92926\/revisions\/92928"}],"wp:featuredmedia":[{"embeddable":true,"href":"https:\/\/lasprimeras.com.do\/index.php\/wp-json\/wp\/v2\/media\/92927"}],"wp:attachment":[{"href":"https:\/\/lasprimeras.com.do\/index.php\/wp-json\/wp\/v2\/media?parent=92926"}],"wp:term":[{"taxonomy":"category","embeddable":true,"href":"https:\/\/lasprimeras.com.do\/index.php\/wp-json\/wp\/v2\/categories?post=92926"},{"taxonomy":"post_tag","embeddable":true,"href":"https:\/\/lasprimeras.com.do\/index.php\/wp-json\/wp\/v2\/tags?post=92926"}],"curies":[{"name":"wp","href":"https:\/\/api.w.org\/{rel}","templated":true}]}}