{"id":92963,"date":"2025-01-20T12:46:59","date_gmt":"2025-01-20T16:46:59","guid":{"rendered":"https:\/\/lasprimeras.com.do\/?p=92963"},"modified":"2025-01-21T13:12:06","modified_gmt":"2025-01-21T17:12:06","slug":"prisiones-informa-que-argenis-contreras-esta-fuera-de-peligro-tras-atentar-contra-su-vida","status":"publish","type":"post","link":"https:\/\/lasprimeras.com.do\/index.php\/2025\/01\/20\/prisiones-informa-que-argenis-contreras-esta-fuera-de-peligro-tras-atentar-contra-su-vida\/","title":{"rendered":"Prisiones informa que Argenis Contreras est\u00e1 fuera de peligro tras atentar contra su vida"},"content":{"rendered":"\n<p>Se le brindar\u00e1 la asistencia psicol\u00f3gica una vez que reciba el alta m\u00e9dica.<\/p>\n\n\n\n<p>Argenis Contreras, quien cumple 20 a\u00f1os de prisi\u00f3n por la muerte de Yuniol Ram\u00edrez, est\u00e1 ingresado en el hospital Juan Pablo Pina de San Crist\u00f3bal, luego que tratara de suicidarse al ingerir una sobredosis de medicamentos y otra sustancia.<\/p>\n\n\n\n<p>El director general de la Prisiones, Roberto Hern\u00e1ndez Basilio, dijo que Contreras est\u00e1 fuera de peligro y bajo la supervisi\u00f3n de efectivos de unidades especiales de la instituci\u00f3n de servicio en el centro m\u00e9dico.<\/p>\n\n\n\n<p>Asimismo, dijo que se le brindar\u00e1 la asistencia psicol\u00f3gica una vez que reciba el alta m\u00e9dica.<\/p>\n\n\n\n<p>Se espera que Argenis Contreras sea dado de alta en las pr\u00f3ximas horas, luego de que el personal de las \u00e1reas de medicina interna, nefrolog\u00eda y gastroenterolog\u00eda lo considere pertinente.<\/p>\n\n\n\n<p>Indic\u00f3 que se iniciaron las investigaciones para determinar las circunstancias reales en las que sucedi\u00f3 el hecho, que no se concret\u00f3 gracias a la constante supervisi\u00f3n y r\u00e1pida intervenci\u00f3n del personal de Vigilancia y Tratamiento Penitenciario (VTP).<\/p>\n\n\n\n<p>El director de la DGSPC explic\u00f3 que, una vez dado de alta, Contreras recibir\u00e1 la debida atenci\u00f3n psicol\u00f3gica en el pabell\u00f3n de salud mental inaugurado recientemente en el Centro de Correcci\u00f3n y Rehabilitaci\u00f3n (CCR-17) Najayo Hombres, donde el interno cumple una condena de 20 a\u00f1os de reclusi\u00f3n por la muerte del catedr\u00e1tico y abogado Yuniol Contreras.<\/p>\n\n\n\n<p>Se recuerda que, en el sistema penitenciario nacional, a 2024, hab\u00eda al menos 374 privados de libertad que presentaban alguna condici\u00f3n de su salud mental, por lo que se implement\u00f3 este servicio con el objetivo de que estos est\u00e9n en un lugar donde se les puedan ofrecer las atenciones necesarias.<\/p>\n\n\n\n<p>El pabell\u00f3n de salud de Najayo Hombres cuenta con una capacidad para albergar un total de 40 privados de libertad. Est\u00e1 ubicado en el primer nivel del M\u00f3dulo 1, tiene un \u00e1rea de 370 metros cuadrados, conformada por ocho celdas para cinco internos y dos celdas para internos de movilidad reducida, con capacidad para cuatro personas, las cuales est\u00e1n acondicionadas con camas, inodoros, \u00e1reas de estar, vest\u00edbulo y \u00e1rea de control o seguridad y lavander\u00eda.<\/p>\n\n\n\n<p>Fuente Listin Diario<\/p>\n","protected":false},"excerpt":{"rendered":"<p>Se le brindar\u00e1 la asistencia psicol\u00f3gica una vez que reciba el alta m\u00e9dica. Argenis Contreras, quien cumple 20 a\u00f1os de prisi\u00f3n por la muerte de Yuniol Ram\u00edrez, est\u00e1 ingresado en&hellip;<\/p>\n","protected":false},"author":2,"featured_media":93010,"comment_status":"open","ping_status":"open","sticky":false,"template":"","format":"standard","meta":{"content-type":"","jetpack_post_was_ever_published":false,"_jetpack_newsletter_access":"","_jetpack_dont_email_post_to_subs":false,"_jetpack_newsletter_tier_id":0,"_jetpack_memberships_contains_paywalled_content":false,"_jetpack_memberships_contains_paid_content":false,"footnotes":""},"categories":[289,25],"tags":[16220,11723,3436,17052,762],"class_list":["post-92963","post","type-post","status-publish","format-standard","has-post-thumbnail","hentry","category-justicia","category-portada","tag-argenis-contreras","tag-atentar","tag-fuera-de-peligro","tag-prisiones","tag-vida"],"jetpack_featured_media_url":"https:\/\/lasprimeras.com.do\/wp-content\/uploads\/2025\/01\/prisiones-informa-que-argenis-contreras-esta-fuera-de-peligro-tras-atentar-contra-su-vida.jpg","jetpack-related-posts":[{"id":90783,"url":"https:\/\/lasprimeras.com.do\/index.php\/2024\/10\/28\/ratifican-condena-de-20-anos-de-prision-a-argenis-contreras-por-el-asesinato-de-yuniol-ramirez\/","url_meta":{"origin":92963,"position":0},"title":"Ratifican condena de 20 a\u00f1os de prisi\u00f3n a Argenis Contreras por el asesinato de Yuniol Ram\u00edrez","author":"Nelson Feliz","date":"28 de octubre de 2024","format":false,"excerpt":"El Primer Tribunal Colegiado del Distrito Nacional ratific\u00f3 este lunes la condena a Argenis Contreras Gonz\u00e1lez a 20 a\u00f1os de prisi\u00f3n por su implicaci\u00f3n en el asesinato del catedr\u00e1tico y abogado Yuniol Ram\u00edrez, un caso que conmocion\u00f3 a la sociedad dominicana desde su ocurrencia en octubre de 2017. Asimismo, tres\u2026","rel":"","context":"En \u00abJUSTICIA\u00bb","block_context":{"text":"JUSTICIA","link":"https:\/\/lasprimeras.com.do\/index.php\/category\/justicia\/"},"img":{"alt_text":"Argenis Contreras","src":"https:\/\/i0.wp.com\/lasprimeras.com.do\/wp-content\/uploads\/2024\/10\/Argenis-Contreras.jpeg?resize=350%2C200&ssl=1","width":350,"height":200,"srcset":"https:\/\/i0.wp.com\/lasprimeras.com.do\/wp-content\/uploads\/2024\/10\/Argenis-Contreras.jpeg?resize=350%2C200&ssl=1 1x, https:\/\/i0.wp.com\/lasprimeras.com.do\/wp-content\/uploads\/2024\/10\/Argenis-Contreras.jpeg?resize=525%2C300&ssl=1 1.5x"},"classes":[]},{"id":118553,"url":"https:\/\/lasprimeras.com.do\/index.php\/2025\/12\/31\/ratifican-condena-de-20-anos-argenis-contreras\/","url_meta":{"origin":92963,"position":1},"title":"Ratifican condena de 20 a\u00f1os Argenis Contreras","author":"Nelson Feliz","date":"31 de diciembre de 2025","format":false,"excerpt":"La Corte de Apelaci\u00f3n del Distrito Nacional ratific\u00f3 la condena de 20 a\u00f1os de prisi\u00f3n contra Argenis Contreras Gonz\u00e1lez por el asesinato del abogado Yuniol Ram\u00edrez Ferreras y por incurrir en extorsi\u00f3n desde la Oficina Metropolitana de Servicios de Autobuses (OMSA). Atendiendo a una solicitud del Ministerio P\u00fablico, la Tercera\u2026","rel":"","context":"En \u00abJUSTICIA\u00bb","block_context":{"text":"JUSTICIA","link":"https:\/\/lasprimeras.com.do\/index.php\/category\/justicia\/"},"img":{"alt_text":"Argenis Contreras","src":"https:\/\/i0.wp.com\/lasprimeras.com.do\/wp-content\/uploads\/2025\/12\/Argenis-Contreras.jpg?resize=350%2C200&ssl=1","width":350,"height":200,"srcset":"https:\/\/i0.wp.com\/lasprimeras.com.do\/wp-content\/uploads\/2025\/12\/Argenis-Contreras.jpg?resize=350%2C200&ssl=1 1x, https:\/\/i0.wp.com\/lasprimeras.com.do\/wp-content\/uploads\/2025\/12\/Argenis-Contreras.jpg?resize=525%2C300&ssl=1 1.5x"},"classes":[]},{"id":94406,"url":"https:\/\/lasprimeras.com.do\/index.php\/2025\/02\/28\/dictan-tres-meses-de-prision-preventiva-a-hombre-acusado-de-intentar-matar-a-su-pareja-en-duarte\/","url_meta":{"origin":92963,"position":2},"title":"Dictan tres meses de prisio\u0301n preventiva a hombre acusado de intentar matar a su pareja en Duarte","author":"Nelson Feliz","date":"28 de febrero de 2025","format":false,"excerpt":"Un juez de la Oficina Judicial de Servicios de Atencio\u0301n Permanente de la provincia Duarte impuso tres meses de prisio\u0301n preventiva como medida de coercio\u0301n contra Jose\u0301 Contreras Paulino, acusado de intentar asesinar a su pareja sentimental. Segu\u0301n el expediente del caso, el imputado utilizo\u0301 un arma de fuego para\u2026","rel":"","context":"En \u00abNACIONALES\u00bb","block_context":{"text":"NACIONALES","link":"https:\/\/lasprimeras.com.do\/index.php\/category\/nacionales\/"},"img":{"alt_text":"","src":"https:\/\/i0.wp.com\/lasprimeras.com.do\/wp-content\/uploads\/2025\/02\/JOSE-CONTRERAS.jpg?resize=350%2C200&ssl=1","width":350,"height":200,"srcset":"https:\/\/i0.wp.com\/lasprimeras.com.do\/wp-content\/uploads\/2025\/02\/JOSE-CONTRERAS.jpg?resize=350%2C200&ssl=1 1x, https:\/\/i0.wp.com\/lasprimeras.com.do\/wp-content\/uploads\/2025\/02\/JOSE-CONTRERAS.jpg?resize=525%2C300&ssl=1 1.5x, https:\/\/i0.wp.com\/lasprimeras.com.do\/wp-content\/uploads\/2025\/02\/JOSE-CONTRERAS.jpg?resize=700%2C400&ssl=1 2x, https:\/\/i0.wp.com\/lasprimeras.com.do\/wp-content\/uploads\/2025\/02\/JOSE-CONTRERAS.jpg?resize=1050%2C600&ssl=1 3x"},"classes":[]},{"id":75683,"url":"https:\/\/lasprimeras.com.do\/index.php\/2024\/02\/03\/domingo-contreras-recibe-masivo-apoyo-de-glorias-e-inmortales-del-deporte\/","url_meta":{"origin":92963,"position":3},"title":"Domingo Contreras recibe masivo apoyo de Glorias e Inmortales del Deporte","author":"Nelson Feliz","date":"3 de febrero de 2024","format":false,"excerpt":"Glorias y figuras de diversas ramas del deporte endosaron su respaldo a los candidatos a la alcald\u00eda y senadur\u00eda del Distrito Nacional, Domingo Contreras y Omar Fern\u00e1ndez, postulados a ambas posiciones por la alianza Rescate RD. En un concurrido acto celebrado en el club Rafael Le\u00f3nidas Solano, del sector Guachupita,\u2026","rel":"","context":"En \u00abPORTADA\u00bb","block_context":{"text":"PORTADA","link":"https:\/\/lasprimeras.com.do\/index.php\/category\/portada\/"},"img":{"alt_text":"Domingo Contreras","src":"https:\/\/i0.wp.com\/lasprimeras.com.do\/wp-content\/uploads\/2024\/02\/Domingo-Contreras-1.jpg?resize=350%2C200&ssl=1","width":350,"height":200,"srcset":"https:\/\/i0.wp.com\/lasprimeras.com.do\/wp-content\/uploads\/2024\/02\/Domingo-Contreras-1.jpg?resize=350%2C200&ssl=1 1x, https:\/\/i0.wp.com\/lasprimeras.com.do\/wp-content\/uploads\/2024\/02\/Domingo-Contreras-1.jpg?resize=525%2C300&ssl=1 1.5x, https:\/\/i0.wp.com\/lasprimeras.com.do\/wp-content\/uploads\/2024\/02\/Domingo-Contreras-1.jpg?resize=700%2C400&ssl=1 2x"},"classes":[]},{"id":79648,"url":"https:\/\/lasprimeras.com.do\/index.php\/2024\/03\/29\/peligroso-delincuente-resulta-herido-y-apresado-en-dajabon\/","url_meta":{"origin":92963,"position":4},"title":"Peligroso delincuente resulta herido y apresado en Dajab\u00f3n","author":"Nelson Feliz","date":"29 de marzo de 2024","format":false,"excerpt":"-Le ocupan pistola que portaba de manera ilegal y con la cual atac\u00f3 a los agentes. Por Martin Restituyo Un presunto delincuente result\u00f3 herido y arrestado tras enfrentar a agentes policiales preventivos y de la Direcci\u00f3n Central de Investigaci\u00f3n (Dicrim) adscritos a la Direcci\u00f3n Regional Sur. El supuesto malhechor que\u2026","rel":"","context":"En \u00abMILITARES\u00bb","block_context":{"text":"MILITARES","link":"https:\/\/lasprimeras.com.do\/index.php\/category\/militares\/"},"img":{"alt_text":"moto","src":"https:\/\/i0.wp.com\/lasprimeras.com.do\/wp-content\/uploads\/2024\/03\/moto.jpg?resize=350%2C200&ssl=1","width":350,"height":200,"srcset":"https:\/\/i0.wp.com\/lasprimeras.com.do\/wp-content\/uploads\/2024\/03\/moto.jpg?resize=350%2C200&ssl=1 1x, https:\/\/i0.wp.com\/lasprimeras.com.do\/wp-content\/uploads\/2024\/03\/moto.jpg?resize=525%2C300&ssl=1 1.5x, https:\/\/i0.wp.com\/lasprimeras.com.do\/wp-content\/uploads\/2024\/03\/moto.jpg?resize=700%2C400&ssl=1 2x"},"classes":[]},{"id":79635,"url":"https:\/\/lasprimeras.com.do\/index.php\/2024\/03\/28\/el-hospital-dario-contreras-preparado-ante-asueto-de-semana-santa\/","url_meta":{"origin":92963,"position":5},"title":"El hospital Dar\u00edo Contreras preparado ante asueto de Semana Santa","author":"Nelson Feliz","date":"28 de marzo de 2024","format":false,"excerpt":"En el hospital Dar\u00edo Contreras est\u00e1n preparados con 100 camas disponibles, aproximadamente 40 m\u00e9dicos especializados en diferentes \u00e1reas y la emergencia abierta 24 horas para brindar asistencia m\u00e9dica durante el asueto de Semana Santa. Neurocirujano, traumat\u00f3logo, maxilofaciales, cirujano general y tor\u00e1cico son de los especialistas que conforman el equipo que\u2026","rel":"","context":"En \u00abSin categor\u00eda\u00bb","block_context":{"text":"Sin categor\u00eda","link":"https:\/\/lasprimeras.com.do\/index.php\/category\/sin-categoria\/"},"img":{"alt_text":"Dario Contreras","src":"https:\/\/i0.wp.com\/lasprimeras.com.do\/wp-content\/uploads\/2024\/03\/Dario-Contreras.jpg?resize=350%2C200&ssl=1","width":350,"height":200},"classes":[]}],"jetpack_sharing_enabled":true,"_links":{"self":[{"href":"https:\/\/lasprimeras.com.do\/index.php\/wp-json\/wp\/v2\/posts\/92963","targetHints":{"allow":["GET"]}}],"collection":[{"href":"https:\/\/lasprimeras.com.do\/index.php\/wp-json\/wp\/v2\/posts"}],"about":[{"href":"https:\/\/lasprimeras.com.do\/index.php\/wp-json\/wp\/v2\/types\/post"}],"author":[{"embeddable":true,"href":"https:\/\/lasprimeras.com.do\/index.php\/wp-json\/wp\/v2\/users\/2"}],"replies":[{"embeddable":true,"href":"https:\/\/lasprimeras.com.do\/index.php\/wp-json\/wp\/v2\/comments?post=92963"}],"version-history":[{"count":2,"href":"https:\/\/lasprimeras.com.do\/index.php\/wp-json\/wp\/v2\/posts\/92963\/revisions"}],"predecessor-version":[{"id":92965,"href":"https:\/\/lasprimeras.com.do\/index.php\/wp-json\/wp\/v2\/posts\/92963\/revisions\/92965"}],"wp:featuredmedia":[{"embeddable":true,"href":"https:\/\/lasprimeras.com.do\/index.php\/wp-json\/wp\/v2\/media\/93010"}],"wp:attachment":[{"href":"https:\/\/lasprimeras.com.do\/index.php\/wp-json\/wp\/v2\/media?parent=92963"}],"wp:term":[{"taxonomy":"category","embeddable":true,"href":"https:\/\/lasprimeras.com.do\/index.php\/wp-json\/wp\/v2\/categories?post=92963"},{"taxonomy":"post_tag","embeddable":true,"href":"https:\/\/lasprimeras.com.do\/index.php\/wp-json\/wp\/v2\/tags?post=92963"}],"curies":[{"name":"wp","href":"https:\/\/api.w.org\/{rel}","templated":true}]}}