{"id":92966,"date":"2025-01-20T13:01:01","date_gmt":"2025-01-20T17:01:01","guid":{"rendered":"https:\/\/lasprimeras.com.do\/?p=92966"},"modified":"2025-01-20T13:01:08","modified_gmt":"2025-01-20T17:01:08","slug":"detienen-a-dominicana-de-63-anos-con-20000-pastillas-para-disfuncion-erectil-en-espana","status":"publish","type":"post","link":"https:\/\/lasprimeras.com.do\/index.php\/2025\/01\/20\/detienen-a-dominicana-de-63-anos-con-20000-pastillas-para-disfuncion-erectil-en-espana\/","title":{"rendered":"Detienen a dominicana de 63 a\u00f1os con 20,000 pastillas para disfunci\u00f3n er\u00e9ctil en Espa\u00f1a"},"content":{"rendered":"\n<p>Seg\u00fan la Guardia Civil y la Agencia Tributaria espa\u00f1ola, la mujer proced\u00eda del pa\u00eds caribe\u00f1o y aterriz\u00f3 en el aeropuerto alicantino tras una escala en Madrid.<\/p>\n\n\n\n<p>Alicante, Espa\u00f1a,EFE.-.Una pasajera de 63 a\u00f1os procedente de la Rep\u00fablica Dominicana fue detenida en el aeropuerto de Alicante-Elche (este de Espa\u00f1a) con una maleta cargada con casi 20,000 pastillas utilizadas para tratar la disfunci\u00f3n er\u00e9ctil.<\/p>\n\n\n\n<p>Seg\u00fan la Guardia Civil y la Agencia Tributaria espa\u00f1ola, la mujer proced\u00eda del pa\u00eds caribe\u00f1o y aterriz\u00f3 en el aeropuerto alicantino tras una escala en Madrid.<\/p>\n\n\n\n<p>Al examinar la maleta con rayos X se descubri\u00f3 que en su interior hab\u00eda 19,944 pastillas de color azul y con forma de rombo con el principio sildenafil citrato, usadas como potenciadoras sexuales.<\/p>\n\n\n\n<p>La Unidad de An\u00e1lisis e Investigaci\u00f3n Fiscal y de Frontera (UDAIFF) se hizo cargo de la investigaci\u00f3n y determin\u00f3 que la pasajera no contaba con documentaci\u00f3n para justificar por qu\u00e9 pose\u00eda o portaba tal cantidad de medicamentos, ante lo cual se decomisaron las pastillas y la mujer fue arrestada.<\/p>\n\n\n\n<p>Una vez puesta a disposici\u00f3n del juzgado de guardia, la detenida qued\u00f3 en libertad con medidas cautelares y los f\u00e1rmacos intervenidos fueron remitidos a los Servicios de Inspecci\u00f3n Farmac\u00e9utica de la Subdelegaci\u00f3n del Gobierno de Alicante, donde ser\u00e1n analizados para determinar si se trata de medicamentos falsificados o alterados.<\/p>\n","protected":false},"excerpt":{"rendered":"<p>Seg\u00fan la Guardia Civil y la Agencia Tributaria espa\u00f1ola, la mujer proced\u00eda del pa\u00eds caribe\u00f1o y aterriz\u00f3 en el aeropuerto alicantino tras una escala en Madrid. Alicante, Espa\u00f1a,EFE.-.Una pasajera de&hellip;<\/p>\n","protected":false},"author":2,"featured_media":92967,"comment_status":"open","ping_status":"open","sticky":false,"template":"","format":"standard","meta":{"content-type":"","jetpack_post_was_ever_published":false,"_jetpack_newsletter_access":"","_jetpack_dont_email_post_to_subs":false,"_jetpack_newsletter_tier_id":0,"_jetpack_memberships_contains_paywalled_content":false,"_jetpack_memberships_contains_paid_content":false,"footnotes":""},"categories":[16289],"tags":[17053,3542,11658,549,28,17054],"class_list":["post-92966","post","type-post","status-publish","format-standard","has-post-thumbnail","hentry","category-internacionales","tag-63-anos","tag-detienen","tag-disfuncion-erectil","tag-dominicana","tag-espana","tag-pastillas"],"jetpack_featured_media_url":"https:\/\/lasprimeras.com.do\/wp-content\/uploads\/2025\/01\/pastillas.jpeg","jetpack-related-posts":[{"id":92227,"url":"https:\/\/lasprimeras.com.do\/index.php\/2025\/01\/01\/que-es-la-disfuncion-erectil\/","url_meta":{"origin":92966,"position":0},"title":"\u00bfQu\u00e9 es la disfunci\u00f3n er\u00e9ctil?","author":"Nelson Feliz","date":"1 de enero de 2025","format":false,"excerpt":"Tambi\u00e9n conocida como impotencia sexual, la disfunci\u00f3n er\u00e9ctil es la incapacidad constante de conseguir o mantener una erecci\u00f3n que permita una relaci\u00f3n sexual satisfactoria. Causas La disfunci\u00f3n er\u00e9ctil no es una enfermedad, sino un s\u00edntoma de alteraciones de vasos sangu\u00edneos y nervios responsables de la erecci\u00f3n. Las enfermedades cardiovasculares son\u2026","rel":"","context":"En \u00abSALUD\u00bb","block_context":{"text":"SALUD","link":"https:\/\/lasprimeras.com.do\/index.php\/category\/salud\/"},"img":{"alt_text":"Dr.Alonso y Gregorio","src":"https:\/\/i0.wp.com\/lasprimeras.com.do\/wp-content\/uploads\/2025\/01\/Dr.Alonso-y-Gregorio.jpg?resize=350%2C200&ssl=1","width":350,"height":200},"classes":[]},{"id":95104,"url":"https:\/\/lasprimeras.com.do\/index.php\/2025\/03\/10\/implantes-peneanos-solucion-innovadora-en-republica-dominicana\/","url_meta":{"origin":92966,"position":1},"title":"Implantes peneanos: soluci\u00f3n innovadora en Rep\u00fablica Dominicana","author":"Nelson Feliz","date":"10 de marzo de 2025","format":false,"excerpt":"\u201cEl Dr. Robert M\u00e9j\u00eda Castillo explica el procedimiento y ventajas de los implantes peneanos de 3 componentes en el Hospital Moscoso Puello.\u201d La colocaci\u00f3n de implantes peneanos de 3 componentes, una soluci\u00f3n innovadora para la disfunci\u00f3n er\u00e9ctil, se est\u00e1 convirtiendo en una opci\u00f3n m\u00e1s accesible para los pacientes dominicanos gracias\u2026","rel":"","context":"En \u00abSALUD\u00bb","block_context":{"text":"SALUD","link":"https:\/\/lasprimeras.com.do\/index.php\/category\/salud\/"},"img":{"alt_text":"","src":"https:\/\/i0.wp.com\/lasprimeras.com.do\/wp-content\/uploads\/2025\/03\/protesis.png?resize=350%2C200&ssl=1","width":350,"height":200,"srcset":"https:\/\/i0.wp.com\/lasprimeras.com.do\/wp-content\/uploads\/2025\/03\/protesis.png?resize=350%2C200&ssl=1 1x, https:\/\/i0.wp.com\/lasprimeras.com.do\/wp-content\/uploads\/2025\/03\/protesis.png?resize=525%2C300&ssl=1 1.5x, https:\/\/i0.wp.com\/lasprimeras.com.do\/wp-content\/uploads\/2025\/03\/protesis.png?resize=700%2C400&ssl=1 2x"},"classes":[]},{"id":60226,"url":"https:\/\/lasprimeras.com.do\/index.php\/2023\/09\/11\/ailaconfiscan-45-paquetes-presumiblemente-marihuana-mujer-es-detenida\/","url_meta":{"origin":92966,"position":2},"title":"AILA:confiscan 45 paquetes presumiblemente marihuana, mujer es detenida","author":"Nelson Feliz","date":"11 de septiembre de 2023","format":false,"excerpt":"Por Martin Restituyo La Direcci\u00f3n Nacional de Control de Drogas (DNCD) y miembros del Cuerpo Especializado de Seguridad Aeroportuaria, coordinados por el Ministerio P\u00fablico, confiscaron 45 paquetes presumiblemente marihuana, as\u00ed como m\u00e1s de 100 pastillas que aparentan ser de \u00e9xtasis, en un operativo de inspecci\u00f3n conjunto, desarrollado en el Aeropuerto\u2026","rel":"","context":"En \u00abMILITARES\u00bb","block_context":{"text":"MILITARES","link":"https:\/\/lasprimeras.com.do\/index.php\/category\/militares\/"},"img":{"alt_text":"Marihuana","src":"https:\/\/i0.wp.com\/lasprimeras.com.do\/wp-content\/uploads\/2023\/09\/Marihuana.jpg?resize=350%2C200&ssl=1","width":350,"height":200,"srcset":"https:\/\/i0.wp.com\/lasprimeras.com.do\/wp-content\/uploads\/2023\/09\/Marihuana.jpg?resize=350%2C200&ssl=1 1x, https:\/\/i0.wp.com\/lasprimeras.com.do\/wp-content\/uploads\/2023\/09\/Marihuana.jpg?resize=525%2C300&ssl=1 1.5x, https:\/\/i0.wp.com\/lasprimeras.com.do\/wp-content\/uploads\/2023\/09\/Marihuana.jpg?resize=700%2C400&ssl=1 2x"},"classes":[]},{"id":76245,"url":"https:\/\/lasprimeras.com.do\/index.php\/2024\/02\/08\/disfuncion-erectil-principales-condiciones-de-salud-relacionadas\/","url_meta":{"origin":92966,"position":3},"title":"Disfunci\u00f3n er\u00e9ctil: principales condiciones de salud relacionadas","author":"Nelson Feliz","date":"8 de febrero de 2024","format":false,"excerpt":"M\u00e1s de la mitad de los hombres desarrollar\u00e1n disfunci\u00f3n er\u00e9ctil, y quienes viven con diabetes tienen tres veces m\u00e1s probabilidades. Hasta el 30% de los hombres con hipertensi\u00f3n se quejaron de disfunci\u00f3n er\u00e9ctil. La disfunci\u00f3n er\u00e9ctil (DE) no solo es la incapacidad de lograr o mantener una erecci\u00f3n suficiente para\u2026","rel":"","context":"En \u00abPORTADA\u00bb","block_context":{"text":"PORTADA","link":"https:\/\/lasprimeras.com.do\/index.php\/category\/portada\/"},"img":{"alt_text":"David Samadi ur\u00f3logo onc\u00f3logo del HOMS","src":"https:\/\/i0.wp.com\/lasprimeras.com.do\/wp-content\/uploads\/2024\/02\/David-Samadi-urologo-oncologo-del-HOMS.jpg?resize=350%2C200&ssl=1","width":350,"height":200,"srcset":"https:\/\/i0.wp.com\/lasprimeras.com.do\/wp-content\/uploads\/2024\/02\/David-Samadi-urologo-oncologo-del-HOMS.jpg?resize=350%2C200&ssl=1 1x, https:\/\/i0.wp.com\/lasprimeras.com.do\/wp-content\/uploads\/2024\/02\/David-Samadi-urologo-oncologo-del-HOMS.jpg?resize=525%2C300&ssl=1 1.5x, https:\/\/i0.wp.com\/lasprimeras.com.do\/wp-content\/uploads\/2024\/02\/David-Samadi-urologo-oncologo-del-HOMS.jpg?resize=700%2C400&ssl=1 2x"},"classes":[]},{"id":106714,"url":"https:\/\/lasprimeras.com.do\/index.php\/2025\/08\/18\/detienen-extranjero-intento-viajar-a-espana-con-tres-laminas-de-cocaina-en-una-maleta\/","url_meta":{"origin":92966,"position":4},"title":"Detienen extranjero intent\u00f3 viajar a Espa\u00f1a con tres l\u00e1minas de coca\u00edna en una maleta","author":"Nelson Feliz","date":"18 de agosto de 2025","format":false,"excerpt":"La detenci\u00f3n del ciudadano espa\u00f1ol se produjo en el AILA y es parte del reforzamiento de las operaciones de interdicci\u00f3n. Un ciudadano espa\u00f1ol fue detenido por agentes de la Direcci\u00f3n Nacional de Control de Drogas (DNCD) y miembros del Cuerpo Especializado de Seguridad Aeroportuaria, (CESAC), en el Aeropuerto Internacional de\u2026","rel":"","context":"En \u00abMILITARES\u00bb","block_context":{"text":"MILITARES","link":"https:\/\/lasprimeras.com.do\/index.php\/category\/militares\/"},"img":{"alt_text":"","src":"https:\/\/i0.wp.com\/lasprimeras.com.do\/wp-content\/uploads\/2025\/08\/una-1.jpg?resize=350%2C200&ssl=1","width":350,"height":200,"srcset":"https:\/\/i0.wp.com\/lasprimeras.com.do\/wp-content\/uploads\/2025\/08\/una-1.jpg?resize=350%2C200&ssl=1 1x, https:\/\/i0.wp.com\/lasprimeras.com.do\/wp-content\/uploads\/2025\/08\/una-1.jpg?resize=525%2C300&ssl=1 1.5x, https:\/\/i0.wp.com\/lasprimeras.com.do\/wp-content\/uploads\/2025\/08\/una-1.jpg?resize=700%2C400&ssl=1 2x"},"classes":[]},{"id":69751,"url":"https:\/\/lasprimeras.com.do\/index.php\/2023\/12\/05\/interceptan-530-kilos-de-cocaina-procedentes-de-rd-en-espana\/","url_meta":{"origin":92966,"position":5},"title":"Interceptan 530 kilos de coca\u00edna procedentes de RD en Espa\u00f1a","author":"Nelson Feliz","date":"5 de diciembre de 2023","format":false,"excerpt":"MADRID.- La Guarda Civil y Vigilancia Aduanera de la Agencia Tributaria espa\u00f1ola intervinieron 530 kilos de coca\u00edna en el aeropuerto Adolfo Su\u00e1rez Madrid-Barajas, que viajaban ocultos en una partida de aguacates procedente de Rep\u00fablica Dominicana. La intervenci\u00f3n tuvo lugar el pasado s\u00e1bado en el marco de las inspecciones que se\u2026","rel":"","context":"En \u00abSin categor\u00eda\u00bb","block_context":{"text":"Sin categor\u00eda","link":"https:\/\/lasprimeras.com.do\/index.php\/category\/sin-categoria\/"},"img":{"alt_text":"cocaina","src":"https:\/\/i0.wp.com\/lasprimeras.com.do\/wp-content\/uploads\/2023\/12\/cocaina.jpg?resize=350%2C200&ssl=1","width":350,"height":200,"srcset":"https:\/\/i0.wp.com\/lasprimeras.com.do\/wp-content\/uploads\/2023\/12\/cocaina.jpg?resize=350%2C200&ssl=1 1x, https:\/\/i0.wp.com\/lasprimeras.com.do\/wp-content\/uploads\/2023\/12\/cocaina.jpg?resize=525%2C300&ssl=1 1.5x"},"classes":[]}],"jetpack_sharing_enabled":true,"_links":{"self":[{"href":"https:\/\/lasprimeras.com.do\/index.php\/wp-json\/wp\/v2\/posts\/92966","targetHints":{"allow":["GET"]}}],"collection":[{"href":"https:\/\/lasprimeras.com.do\/index.php\/wp-json\/wp\/v2\/posts"}],"about":[{"href":"https:\/\/lasprimeras.com.do\/index.php\/wp-json\/wp\/v2\/types\/post"}],"author":[{"embeddable":true,"href":"https:\/\/lasprimeras.com.do\/index.php\/wp-json\/wp\/v2\/users\/2"}],"replies":[{"embeddable":true,"href":"https:\/\/lasprimeras.com.do\/index.php\/wp-json\/wp\/v2\/comments?post=92966"}],"version-history":[{"count":1,"href":"https:\/\/lasprimeras.com.do\/index.php\/wp-json\/wp\/v2\/posts\/92966\/revisions"}],"predecessor-version":[{"id":92968,"href":"https:\/\/lasprimeras.com.do\/index.php\/wp-json\/wp\/v2\/posts\/92966\/revisions\/92968"}],"wp:featuredmedia":[{"embeddable":true,"href":"https:\/\/lasprimeras.com.do\/index.php\/wp-json\/wp\/v2\/media\/92967"}],"wp:attachment":[{"href":"https:\/\/lasprimeras.com.do\/index.php\/wp-json\/wp\/v2\/media?parent=92966"}],"wp:term":[{"taxonomy":"category","embeddable":true,"href":"https:\/\/lasprimeras.com.do\/index.php\/wp-json\/wp\/v2\/categories?post=92966"},{"taxonomy":"post_tag","embeddable":true,"href":"https:\/\/lasprimeras.com.do\/index.php\/wp-json\/wp\/v2\/tags?post=92966"}],"curies":[{"name":"wp","href":"https:\/\/api.w.org\/{rel}","templated":true}]}}