{"id":92969,"date":"2025-01-20T14:42:30","date_gmt":"2025-01-20T18:42:30","guid":{"rendered":"https:\/\/lasprimeras.com.do\/?p=92969"},"modified":"2025-01-20T14:42:35","modified_gmt":"2025-01-20T18:42:35","slug":"donald-trump-toma-posesion-como-nuevo-presidente-de-estados-unidos","status":"publish","type":"post","link":"https:\/\/lasprimeras.com.do\/index.php\/2025\/01\/20\/donald-trump-toma-posesion-como-nuevo-presidente-de-estados-unidos\/","title":{"rendered":"Donald Trump toma posesi\u00f3n como nuevo presidente de Estados Unidos"},"content":{"rendered":"\n<p>Washington, EFE.- Donald Trump tom\u00f3 este lunes posesi\u00f3n como presidente n\u00famero 47 de Estados Unidos, en una ceremonia de investidura que se celebra en el interior del Capitolio por el fr\u00edo.<\/p>\n\n\n\n<p>Trump prest\u00f3 juramento con la mano derecha en alto y la izquierda sobre las mismas dos biblias que utiliz\u00f3 en su primera toma de posesi\u00f3n en 2017- su Biblia personal y la del expresidente Abraham Lincoln.<\/p>\n\n\n\n<p>Los ejemplares fueron sostenidos por la primera dama, Melania Trump, mientras que el presidente del Tribunal Supremo, el juez John Roberts, le tom\u00f3 juramento.<\/p>\n\n\n\n<p>\u201cYo, Donald John Trump, juro solemnemente que desempe\u00f1ar\u00e9 fielmente el cargo de presidente de Estados Unidos y que, en la medida de mis habilidades, preservar\u00e9, proteger\u00e9 y defender\u00e9 la Constituci\u00f3n de Estados Unidos\u201d, declar\u00f3 Trump.<br>Una vez que termin\u00f3 de pronunciar esas palabras, una salva de ca\u00f1ones reson\u00f3 en el Capitolio, seguida por el sonido de Salve al Jefe, el himno personal del presidente de los Estados Unidos.<\/p>\n\n\n\n<p>Con 78 a\u00f1os, siete meses y seis d\u00edas, Trump se convierte en el presidente de mayor edad en la historia del pa\u00eds al tomar posesi\u00f3n. Su predecesor, Joe Biden, asumi\u00f3 el cargo con 78 a\u00f1os y 61 d\u00edas.<\/p>\n\n\n\n<p>El nuevo mandatario jurament\u00f3 ante las 750 personas presentes en las sillas dispuestas en la rotonda del Capitolio, ubicada justo debajo de la c\u00fapula del edificio y que es un espacio de gran valor simb\u00f3lico por unir el Senado y la C\u00e1mara de Representantes.<\/p>\n\n\n\n<p>Donald Trump toma posesi\u00f3n como nuevo presidente de Estados Unidos<\/p>\n\n\n\n<p>El presidente electo de Estados Unidos, Donald Trump, presta juramento ante Melania Trump, Ivanka Trump, Donald Trump Jr. y Eric Trump durante la ceremonia de investidura en la Rotonda del Capitolio de Estados Unidos el 20 de enero de 2025 en Washington, DC. Donald Trump asume su segundo mandato como el 47\u00ba presidente de los Estados Unidos.<\/p>\n\n\n\n<p>La cifra de asistentes es menor en comparaci\u00f3n con las 1.600 personas que suelen congregarse en las escalinatas del Capitolio, el escenario tradicional de las investiduras, donde cientos de miles de ciudadanos pueden presenciar el acto y el discurso inaugural en la explanada del National Mall.<\/p>\n\n\n\n<p>Esta vez, sus seguidores siguen la ceremonia de investidura a trav\u00e9s de pantallas gigantes en el estadio Capital One Arena, con capacidad para 20.000 personas. Tras prestar juramento, Trump pronunciar\u00e1 su discurso inaugural, en el que delinear\u00e1 su visi\u00f3n para los pr\u00f3ximos cuatro a\u00f1os.<\/p>\n\n\n\n<p>Sus palabras ser\u00e1n comparadas con su controvertido mensaje de 2017, cuando present\u00f3 una visi\u00f3n sombr\u00eda del pa\u00eds y prometi\u00f3 acabar con la \u201ccarnicer\u00eda estadounidense\u00bb.<\/p>\n\n\n\n<p>Por primera vez, la ceremonia de investidura cuenta con la presencia de l\u00edderes extranjeros, entre ellos varios referentes de la derecha latinoamericana como el presidente de El Salvador, Nayib Bukele; el de Ecuador, Daniel Noboa; y el de Argentina, Javier Milei.<\/p>\n\n\n\n<p>Tambi\u00e9n asiste el l\u00edder opositor venezolano Edmundo Gonz\u00e1lez Urrutia, a quien Estados Unidos reconoce como \u201cpresidente electo\u201d de Venezuela. Entre los invitados tambi\u00e9n destacan varios magnates tecnol\u00f3gicos, como Elon Musk, quien se ha convertido en un estrecho aliado de Trump.<\/p>\n","protected":false},"excerpt":{"rendered":"<p>Washington, EFE.- Donald Trump tom\u00f3 este lunes posesi\u00f3n como presidente n\u00famero 47 de Estados Unidos, en una ceremonia de investidura que se celebra en el interior del Capitolio por el&hellip;<\/p>\n","protected":false},"author":2,"featured_media":92971,"comment_status":"open","ping_status":"open","sticky":false,"template":"","format":"standard","meta":{"content-type":"","jetpack_post_was_ever_published":false,"_jetpack_newsletter_access":"","_jetpack_dont_email_post_to_subs":false,"_jetpack_newsletter_tier_id":0,"_jetpack_memberships_contains_paywalled_content":false,"_jetpack_memberships_contains_paid_content":false,"footnotes":""},"categories":[16289,25],"tags":[978,98,935,16765],"class_list":["post-92969","post","type-post","status-publish","format-standard","has-post-thumbnail","hentry","category-internacionales","category-portada","tag-donald-trump","tag-estados-unidos","tag-presidente","tag-toma-posesion"],"jetpack_featured_media_url":"https:\/\/lasprimeras.com.do\/wp-content\/uploads\/2025\/01\/donald-trump-toma-posesion-como-nuevo-presidente-de-estados-unidos.jpg","jetpack-related-posts":[{"id":92863,"url":"https:\/\/lasprimeras.com.do\/index.php\/2025\/01\/18\/donald-trump-tomara-posesion-como-presidente-en-el-capitolio-por-ola-de-frio-extremo\/","url_meta":{"origin":92969,"position":0},"title":"Donald Trump tomar\u00e1 posesi\u00f3n como presidente en el Capitolio por ola de fr\u00edo extremo","author":"Nelson Feliz","date":"18 de enero de 2025","format":false,"excerpt":"Historia de Diego Cabralwww.msn.com Donald Trump inform\u00f3 que su ceremonia de investidura como presidente de Estados Unidos, programada para el lunes, se llevar\u00e1 a cabo en el interior del Capitolio debido a las bajas temperaturas pronosticadas. \u201cUna masa de aire \u00e1rtico est\u00e1 atravesando el pa\u00eds\u201d, expres\u00f3 Trump en su red\u2026","rel":"","context":"En \u00abINTERNACIONALES\u00bb","block_context":{"text":"INTERNACIONALES","link":"https:\/\/lasprimeras.com.do\/index.php\/category\/sin-categoria\/internacionales\/"},"img":{"alt_text":"Donald Trump","src":"https:\/\/i0.wp.com\/lasprimeras.com.do\/wp-content\/uploads\/2025\/01\/Donald-Trump-1.jpg?resize=350%2C200&ssl=1","width":350,"height":200,"srcset":"https:\/\/i0.wp.com\/lasprimeras.com.do\/wp-content\/uploads\/2025\/01\/Donald-Trump-1.jpg?resize=350%2C200&ssl=1 1x, https:\/\/i0.wp.com\/lasprimeras.com.do\/wp-content\/uploads\/2025\/01\/Donald-Trump-1.jpg?resize=525%2C300&ssl=1 1.5x"},"classes":[]},{"id":95695,"url":"https:\/\/lasprimeras.com.do\/index.php\/2025\/03\/18\/trump-retira-la-proteccion-del-servicio-secreto-a-los-hijos-de-biden\/","url_meta":{"origin":92969,"position":1},"title":"Trump retira la protecci\u00f3n del Servicio Secreto a los hijos de Biden","author":"Nelson Feliz","date":"18 de marzo de 2025","format":false,"excerpt":"El presidente Donald Trump asegur\u00f3 que la protecci\u00f3n del Servicio Secreto a Hunter y Ashley, hijos del expresidente Joe Biden, representaba un gasto excesivo. Por Ra\u00fal Castillo El presidente de Estados Unidos, Donald Trump, anunci\u00f3 este lunes que Hunter y Ashley Biden, hijos del expresidente Joe Biden, dejar\u00e1n de contar\u2026","rel":"","context":"En \u00abINTERNACIONALES\u00bb","block_context":{"text":"INTERNACIONALES","link":"https:\/\/lasprimeras.com.do\/index.php\/category\/sin-categoria\/internacionales\/"},"img":{"alt_text":"","src":"https:\/\/i0.wp.com\/lasprimeras.com.do\/wp-content\/uploads\/2025\/03\/Hunter-Biden-y-su-hija-Ashley-Biden.png?resize=350%2C200&ssl=1","width":350,"height":200,"srcset":"https:\/\/i0.wp.com\/lasprimeras.com.do\/wp-content\/uploads\/2025\/03\/Hunter-Biden-y-su-hija-Ashley-Biden.png?resize=350%2C200&ssl=1 1x, https:\/\/i0.wp.com\/lasprimeras.com.do\/wp-content\/uploads\/2025\/03\/Hunter-Biden-y-su-hija-Ashley-Biden.png?resize=525%2C300&ssl=1 1.5x, https:\/\/i0.wp.com\/lasprimeras.com.do\/wp-content\/uploads\/2025\/03\/Hunter-Biden-y-su-hija-Ashley-Biden.png?resize=700%2C400&ssl=1 2x"},"classes":[]},{"id":92002,"url":"https:\/\/lasprimeras.com.do\/index.php\/2024\/12\/11\/trump-elige-a-kimberly-guilfoyle-prometida-de-su-hijo-mayor-como-embajadora-en-grecia\/","url_meta":{"origin":92969,"position":2},"title":"Trump elige a Kimberly Guilfoyle, prometida de su hijo mayor, como embajadora en Grecia","author":"Nelson Feliz","date":"11 de diciembre de 2024","format":false,"excerpt":"Nueva York, (EFE).- El presidente electo de EE.UU., Donald Trump, dio a conocer este martes su elecci\u00f3n de la expresentadora y exfiscal Kimberly Guilfoyle, prometida de su hijo mayor Donald Jr., como embajadora en Grecia. En un mensaje en su red social Truth Social, Trump destaca que Guilfoyle ha sido\u2026","rel":"","context":"En \u00abINTERNACIONALES\u00bb","block_context":{"text":"INTERNACIONALES","link":"https:\/\/lasprimeras.com.do\/index.php\/category\/sin-categoria\/internacionales\/"},"img":{"alt_text":"Kimberly Guilfoyle","src":"https:\/\/i0.wp.com\/lasprimeras.com.do\/wp-content\/uploads\/2024\/12\/Kimberly-Guilfoyle.jpg?resize=350%2C200&ssl=1","width":350,"height":200,"srcset":"https:\/\/i0.wp.com\/lasprimeras.com.do\/wp-content\/uploads\/2024\/12\/Kimberly-Guilfoyle.jpg?resize=350%2C200&ssl=1 1x, https:\/\/i0.wp.com\/lasprimeras.com.do\/wp-content\/uploads\/2024\/12\/Kimberly-Guilfoyle.jpg?resize=525%2C300&ssl=1 1.5x, https:\/\/i0.wp.com\/lasprimeras.com.do\/wp-content\/uploads\/2024\/12\/Kimberly-Guilfoyle.jpg?resize=700%2C400&ssl=1 2x"},"classes":[]},{"id":92122,"url":"https:\/\/lasprimeras.com.do\/index.php\/2024\/12\/29\/el-problema-para-implementar-la-retorica-populista-de-derecha-de-donald-trump\/","url_meta":{"origin":92969,"position":3},"title":"El problema para implementar la ret\u00f3rica populista de derecha de Donald Trump","author":"Nelson Feliz","date":"29 de diciembre de 2024","format":false,"excerpt":"Por Jenny Lora Las duras declaraciones de Donald Trump sobre sus vecinos m\u00e1s cercanos pueden considerarse una ret\u00f3rica pol\u00edtica colorida, pero encajan bien con su plataforma ideol\u00f3gica, que se basa en el populismo de derecha. Las tensas relaciones con los vecinos, principalmente M\u00e9xico y Canad\u00e1, tambi\u00e9n son caracter\u00edsticas del per\u00edodo\u2026","rel":"","context":"En \u00abOPINI\u00d3N\u00bb","block_context":{"text":"OPINI\u00d3N","link":"https:\/\/lasprimeras.com.do\/index.php\/category\/opinion\/"},"img":{"alt_text":"Jenny Lora","src":"https:\/\/i0.wp.com\/lasprimeras.com.do\/wp-content\/uploads\/2024\/12\/Jenny-Lora.jpg?resize=350%2C200&ssl=1","width":350,"height":200,"srcset":"https:\/\/i0.wp.com\/lasprimeras.com.do\/wp-content\/uploads\/2024\/12\/Jenny-Lora.jpg?resize=350%2C200&ssl=1 1x, https:\/\/i0.wp.com\/lasprimeras.com.do\/wp-content\/uploads\/2024\/12\/Jenny-Lora.jpg?resize=525%2C300&ssl=1 1.5x, https:\/\/i0.wp.com\/lasprimeras.com.do\/wp-content\/uploads\/2024\/12\/Jenny-Lora.jpg?resize=700%2C400&ssl=1 2x"},"classes":[]},{"id":67264,"url":"https:\/\/lasprimeras.com.do\/index.php\/2023\/11\/14\/muere-maryanne-trump-hermana-de-donald-trump-a-los-86-anos\/","url_meta":{"origin":92969,"position":4},"title":"Muere Maryanne Trump, hermana de Donald Trump, a los 86 a\u00f1os","author":"Nelson Feliz","date":"14 de noviembre de 2023","format":false,"excerpt":"\u00c1. ROND\u00c1N La hermana mayor de Donald Trump, Maryanne Trump Barry, ha fallecido a los 86 a\u00f1os en su casa de Manhattan. Por ahora, las circunstancias que han rodeado su muerte no se conocen con exactitud, si bien se sabe que el cuerpo fue hallado la ma\u00f1ana de este pasado\u2026","rel":"","context":"En \u00abSin categor\u00eda\u00bb","block_context":{"text":"Sin categor\u00eda","link":"https:\/\/lasprimeras.com.do\/index.php\/category\/sin-categoria\/"},"img":{"alt_text":"Maryanne Trump","src":"https:\/\/i0.wp.com\/lasprimeras.com.do\/wp-content\/uploads\/2023\/11\/Maryanne-Trump.jpg?resize=350%2C200&ssl=1","width":350,"height":200,"srcset":"https:\/\/i0.wp.com\/lasprimeras.com.do\/wp-content\/uploads\/2023\/11\/Maryanne-Trump.jpg?resize=350%2C200&ssl=1 1x, https:\/\/i0.wp.com\/lasprimeras.com.do\/wp-content\/uploads\/2023\/11\/Maryanne-Trump.jpg?resize=525%2C300&ssl=1 1.5x"},"classes":[]},{"id":84133,"url":"https:\/\/lasprimeras.com.do\/index.php\/2024\/05\/31\/la-primera-condena-penal-a-trump-podria-ser-la-ultima\/","url_meta":{"origin":92969,"position":5},"title":"La primera condena penal a Trump podr\u00eda ser la \u00faltima","author":"Nelson Feliz","date":"31 de mayo de 2024","format":false,"excerpt":"El juez Juan Merch\u00e1n fij\u00f3 sentencia para el 11 de julio. Washington, Estados Unidos, AFP.-. La historia recordar\u00e1 que el fiscal de Nueva York logr\u00f3 algo en lo que todos sus colegas fracasaron: condenar penalmente a Donald Trump. Sin embargo, este expediente corre el riesgo de ser el \u00fanico contra\u2026","rel":"","context":"En \u00abSin categor\u00eda\u00bb","block_context":{"text":"Sin categor\u00eda","link":"https:\/\/lasprimeras.com.do\/index.php\/category\/sin-categoria\/"},"img":{"alt_text":"El expresidente de los Estados Unidos, Donald Trump","src":"https:\/\/i0.wp.com\/lasprimeras.com.do\/wp-content\/uploads\/2024\/05\/Donald-Trump.jpeg?resize=350%2C200&ssl=1","width":350,"height":200,"srcset":"https:\/\/i0.wp.com\/lasprimeras.com.do\/wp-content\/uploads\/2024\/05\/Donald-Trump.jpeg?resize=350%2C200&ssl=1 1x, https:\/\/i0.wp.com\/lasprimeras.com.do\/wp-content\/uploads\/2024\/05\/Donald-Trump.jpeg?resize=525%2C300&ssl=1 1.5x, https:\/\/i0.wp.com\/lasprimeras.com.do\/wp-content\/uploads\/2024\/05\/Donald-Trump.jpeg?resize=700%2C400&ssl=1 2x"},"classes":[]}],"jetpack_sharing_enabled":true,"_links":{"self":[{"href":"https:\/\/lasprimeras.com.do\/index.php\/wp-json\/wp\/v2\/posts\/92969","targetHints":{"allow":["GET"]}}],"collection":[{"href":"https:\/\/lasprimeras.com.do\/index.php\/wp-json\/wp\/v2\/posts"}],"about":[{"href":"https:\/\/lasprimeras.com.do\/index.php\/wp-json\/wp\/v2\/types\/post"}],"author":[{"embeddable":true,"href":"https:\/\/lasprimeras.com.do\/index.php\/wp-json\/wp\/v2\/users\/2"}],"replies":[{"embeddable":true,"href":"https:\/\/lasprimeras.com.do\/index.php\/wp-json\/wp\/v2\/comments?post=92969"}],"version-history":[{"count":1,"href":"https:\/\/lasprimeras.com.do\/index.php\/wp-json\/wp\/v2\/posts\/92969\/revisions"}],"predecessor-version":[{"id":92970,"href":"https:\/\/lasprimeras.com.do\/index.php\/wp-json\/wp\/v2\/posts\/92969\/revisions\/92970"}],"wp:featuredmedia":[{"embeddable":true,"href":"https:\/\/lasprimeras.com.do\/index.php\/wp-json\/wp\/v2\/media\/92971"}],"wp:attachment":[{"href":"https:\/\/lasprimeras.com.do\/index.php\/wp-json\/wp\/v2\/media?parent=92969"}],"wp:term":[{"taxonomy":"category","embeddable":true,"href":"https:\/\/lasprimeras.com.do\/index.php\/wp-json\/wp\/v2\/categories?post=92969"},{"taxonomy":"post_tag","embeddable":true,"href":"https:\/\/lasprimeras.com.do\/index.php\/wp-json\/wp\/v2\/tags?post=92969"}],"curies":[{"name":"wp","href":"https:\/\/api.w.org\/{rel}","templated":true}]}}