{"id":92978,"date":"2025-01-21T00:47:39","date_gmt":"2025-01-21T04:47:39","guid":{"rendered":"https:\/\/lasprimeras.com.do\/?p=92978"},"modified":"2025-01-21T00:47:43","modified_gmt":"2025-01-21T04:47:43","slug":"escuelas-vocacionales-promueven-dialogo-para-expandir-modelo-educativo-en-centros-penitenciarios","status":"publish","type":"post","link":"https:\/\/lasprimeras.com.do\/index.php\/2025\/01\/21\/escuelas-vocacionales-promueven-dialogo-para-expandir-modelo-educativo-en-centros-penitenciarios\/","title":{"rendered":"Escuelas Vocacionales promueven di\u00e1logo para expandir modelo educativo en centros penitenciarios"},"content":{"rendered":"\n<p>Los directores de la Oficina Nacional de Apoyo a la Reforma Penitenciaria (ONAPREP) Lic. Roberto Santana S\u00e1nchez y de las Escuelas Vocacionales de las Fuerzas Armadas y de la Polic\u00eda Nacional (DIGEV) Coronel Jos\u00e9 Ram\u00f3n Reyes Su\u00e1rez realizaron un encuentro con el objetivo de expandir modelo educativo en centros penitenciarios.<\/p>\n\n\n\n<p>Durante la reuni\u00f3n, los participantes tuvieron la oportunidad de conocer m\u00e1s sobre las capacidades de las Escuelas Vocacionales a trav\u00e9s de una rese\u00f1a institucional que resalt\u00f3 el impacto de sus 105 acciones formativas en 31 centros distribuidos a nivel nacional.<\/p>\n\n\n\n<p>Asimismo, realizaron un recorrido por las aulas y talleres, donde se presentan especialidades como dise\u00f1o gr\u00e1fico, cosmeatr\u00eda, soldadura, Hoteler\u00eda y Turismo, tapicer\u00eda, inform\u00e1tica, ebanister\u00eda, ingl\u00e9s y secretariado ejecutivo que ya han transformado vidas.<\/p>\n\n\n\n<p>El asesor presidencial en materia penitenciaria, Roberto Santana S\u00e1nchez, subray\u00f3 la importancia de considerar este modelo educativo como una herramienta de transformaci\u00f3n social.<\/p>\n\n\n\n<p>&#8220;Este tipo de formaci\u00f3n no solo provee habilidades t\u00e9cnicas, sino que tambi\u00e9n abre una ventana de esperanza y compromiso para los privados de libertad y sus familias. Estamos explorando c\u00f3mo este modelo podr\u00eda aplicarse en otros contextos penitenciarios.&#8221;<\/p>\n\n\n\n<p>Por su parte, el Coronel Jos\u00e9 Ram\u00f3n Reyes Su\u00e1rez se\u00f1al\u00f3 que las Escuelas Vocacionales est\u00e1n abiertas a brindar asesor\u00eda y a compartir su experiencia educativa, bajo las directrices del Ministro de Defensa, el Teniente General Carlos Antonio Fern\u00e1ndez Onofre.<\/p>\n\n\n\n<p>Este di\u00e1logo nos permitir\u00e1 analizar c\u00f3mo contribuir de manera efectiva al proceso de reintegraci\u00f3n social de los privados de libertad.<\/p>\n\n\n\n<p>Entre los asistentes estuvieron el Coronel Roberto Hern\u00e1ndez Basilio, director de la Direcci\u00f3n General de Servicios Penitenciarios y Correccionales (DGSPC); Isabel Rojas, de la Mesa Educativa Guerra; Rosimares S\u00e1nchez Ciccone, encargada del Departamento de Servicios de Formaci\u00f3n Profesional del Instituto Nacional de Formaci\u00f3n T\u00e9cnico Profesional (INFOTEP); Graymer M\u00e9ndez y Alfredo de la Cruz, de ONAPREP; Miguel Hern\u00e1ndez, de la Mesa de Infraestructura; Frannia Navarro, de la Procuradur\u00eda, y Xiomara P\u00e9rez, de INFOTEP.<\/p>\n","protected":false},"excerpt":{"rendered":"<p>Los directores de la Oficina Nacional de Apoyo a la Reforma Penitenciaria (ONAPREP) Lic. Roberto Santana S\u00e1nchez y de las Escuelas Vocacionales de las Fuerzas Armadas y de la Polic\u00eda&hellip;<\/p>\n","protected":false},"author":2,"featured_media":92979,"comment_status":"open","ping_status":"open","sticky":false,"template":"","format":"standard","meta":{"content-type":"","jetpack_post_was_ever_published":false,"_jetpack_newsletter_access":"","_jetpack_dont_email_post_to_subs":false,"_jetpack_newsletter_tier_id":0,"_jetpack_memberships_contains_paywalled_content":false,"_jetpack_memberships_contains_paid_content":false,"footnotes":""},"categories":[3057],"tags":[643,1220,7360,17056,15568],"class_list":["post-92978","post","type-post","status-publish","format-standard","has-post-thumbnail","hentry","category-militares","tag-centros","tag-dialogo","tag-escuelas-vocacionales","tag-modelo-educativo","tag-penitenciarios"],"jetpack_featured_media_url":"https:\/\/lasprimeras.com.do\/wp-content\/uploads\/2025\/01\/Escuelas-Vocacionales-1.jpg","jetpack-related-posts":[{"id":119538,"url":"https:\/\/lasprimeras.com.do\/index.php\/2026\/01\/14\/mide-abre-el-ano-escolar-2026-de-las-escuelas-vocacionales-a-nivel-nacional\/","url_meta":{"origin":92978,"position":0},"title":"MIDE abre el a\u00f1o escolar 2026 de las Escuelas Vocacionales a nivel nacional","author":"Nelson Feliz","date":"14 de enero de 2026","format":false,"excerpt":"El Ministerio de Defensa (MIDE), a trav\u00e9s de la Direcci\u00f3n General de las Escuelas Vocacionales de las Fuerzas Armadas y de la Polic\u00eda Nacional (DIGEV), dej\u00f3 formalmente iniciado el a\u00f1o escolar 2026, de manera simult\u00e1nea en todas las sedes de DIGEV a nivel nacional, con una matr\u00edcula inicial que supera\u2026","rel":"","context":"En \u00abMILITARES\u00bb","block_context":{"text":"MILITARES","link":"https:\/\/lasprimeras.com.do\/index.php\/category\/militares\/"},"img":{"alt_text":"","src":"https:\/\/i0.wp.com\/lasprimeras.com.do\/wp-content\/uploads\/2026\/01\/IMG-20260113-WA0772.jpg?resize=350%2C200&ssl=1","width":350,"height":200,"srcset":"https:\/\/i0.wp.com\/lasprimeras.com.do\/wp-content\/uploads\/2026\/01\/IMG-20260113-WA0772.jpg?resize=350%2C200&ssl=1 1x, https:\/\/i0.wp.com\/lasprimeras.com.do\/wp-content\/uploads\/2026\/01\/IMG-20260113-WA0772.jpg?resize=525%2C300&ssl=1 1.5x, https:\/\/i0.wp.com\/lasprimeras.com.do\/wp-content\/uploads\/2026\/01\/IMG-20260113-WA0772.jpg?resize=700%2C400&ssl=1 2x, https:\/\/i0.wp.com\/lasprimeras.com.do\/wp-content\/uploads\/2026\/01\/IMG-20260113-WA0772.jpg?resize=1050%2C600&ssl=1 3x"},"classes":[]},{"id":128503,"url":"https:\/\/lasprimeras.com.do\/index.php\/2026\/04\/23\/escuelas-vocacionales-participan-en-exposostenible-2026\/","url_meta":{"origin":92978,"position":1},"title":"Escuelas Vocacionales participan en ExpoSostenible 2026","author":"Nelson Feliz","date":"23 de abril de 2026","format":false,"excerpt":"DIGEV fortalece su visi\u00f3n educativa orientada al desarrollo sostenible La Direcci\u00f3n General de las Escuelas Vocacionales de las Fuerzas Armadas y de la Polic\u00eda Nacional (DIGEV) del Ministerio de Defensa (MIDE) encabezada por su director general, el coronel Jos\u00e9 Ram\u00f3n Reyes Su\u00e1rez, FARD (DGP), particip\u00f3 activamente en ExpoSostenible 2026, celebrada\u2026","rel":"","context":"En \u00abNACIONALES\u00bb","block_context":{"text":"NACIONALES","link":"https:\/\/lasprimeras.com.do\/index.php\/category\/nacionales\/"},"img":{"alt_text":"","src":"https:\/\/i0.wp.com\/lasprimeras.com.do\/wp-content\/uploads\/2026\/04\/ExpoSostenible-2026-1.jpg?resize=350%2C200&ssl=1","width":350,"height":200,"srcset":"https:\/\/i0.wp.com\/lasprimeras.com.do\/wp-content\/uploads\/2026\/04\/ExpoSostenible-2026-1.jpg?resize=350%2C200&ssl=1 1x, https:\/\/i0.wp.com\/lasprimeras.com.do\/wp-content\/uploads\/2026\/04\/ExpoSostenible-2026-1.jpg?resize=525%2C300&ssl=1 1.5x, https:\/\/i0.wp.com\/lasprimeras.com.do\/wp-content\/uploads\/2026\/04\/ExpoSostenible-2026-1.jpg?resize=700%2C400&ssl=1 2x"},"classes":[]},{"id":74481,"url":"https:\/\/lasprimeras.com.do\/index.php\/2024\/01\/23\/escuelas-vocacionales-inicia-diplomado-a-inspectores-de-santo-domingo\/","url_meta":{"origin":92978,"position":2},"title":"Escuelas Vocacionales inicia diplomado a inspectores de Santo Domingo","author":"Nelson Feliz","date":"23 de enero de 2024","format":false,"excerpt":"Por Martin Restituyo La Direcci\u00f3n General de las Escuelas Vocacionales de las Fuerzas Armadas y de la Polic\u00eda Nacional (DIGEV) inici\u00f3 el diplomado \u201cGesti\u00f3n de Centros Educativos\u201d, el cual est\u00e1 dirigido a los inspectores que laboran en las distintas escuelas vocacionales diseminadas en toda la geograf\u00eda nacional. El acto de\u2026","rel":"","context":"En \u00abMILITARES\u00bb","block_context":{"text":"MILITARES","link":"https:\/\/lasprimeras.com.do\/index.php\/category\/militares\/"},"img":{"alt_text":"DIGEV","src":"https:\/\/i0.wp.com\/lasprimeras.com.do\/wp-content\/uploads\/2024\/01\/DIGEV.jpg?resize=350%2C200&ssl=1","width":350,"height":200,"srcset":"https:\/\/i0.wp.com\/lasprimeras.com.do\/wp-content\/uploads\/2024\/01\/DIGEV.jpg?resize=350%2C200&ssl=1 1x, https:\/\/i0.wp.com\/lasprimeras.com.do\/wp-content\/uploads\/2024\/01\/DIGEV.jpg?resize=525%2C300&ssl=1 1.5x, https:\/\/i0.wp.com\/lasprimeras.com.do\/wp-content\/uploads\/2024\/01\/DIGEV.jpg?resize=700%2C400&ssl=1 2x"},"classes":[]},{"id":97182,"url":"https:\/\/lasprimeras.com.do\/index.php\/2025\/04\/17\/escuelas-vocacionales-concluyen-diplomado-en-gestion-de-centros-educativos\/","url_meta":{"origin":92978,"position":3},"title":"Escuelas Vocacionales concluyen Diplomado en Gesti\u00f3n de Centros Educativos","author":"Nelson Feliz","date":"17 de abril de 2025","format":false,"excerpt":"La Direcci\u00f3n General de las Escuelas Vocacionales de las Fuerzas Armadas y de la Polic\u00eda Nacional (DIGEV) del Ministerio de Defensa (MIDE) culmin\u00f3 satisfactoriamente el Diplomado en Gesti\u00f3n de Centros Educativos, desarrollado en modalidad semi presencial, con una carga acad\u00e9mica de 110 horas. La capacitaci\u00f3n cont\u00f3 con la participaci\u00f3n de\u2026","rel":"","context":"En \u00abNACIONALES\u00bb","block_context":{"text":"NACIONALES","link":"https:\/\/lasprimeras.com.do\/index.php\/category\/nacionales\/"},"img":{"alt_text":"","src":"https:\/\/i0.wp.com\/lasprimeras.com.do\/wp-content\/uploads\/2025\/04\/DIPLO-1.jpg?resize=350%2C200&ssl=1","width":350,"height":200,"srcset":"https:\/\/i0.wp.com\/lasprimeras.com.do\/wp-content\/uploads\/2025\/04\/DIPLO-1.jpg?resize=350%2C200&ssl=1 1x, https:\/\/i0.wp.com\/lasprimeras.com.do\/wp-content\/uploads\/2025\/04\/DIPLO-1.jpg?resize=525%2C300&ssl=1 1.5x, https:\/\/i0.wp.com\/lasprimeras.com.do\/wp-content\/uploads\/2025\/04\/DIPLO-1.jpg?resize=700%2C400&ssl=1 2x"},"classes":[]},{"id":120188,"url":"https:\/\/lasprimeras.com.do\/index.php\/2026\/01\/21\/ege-haina-entrega-remozamiento-de-la-escuela-vocacional-de-las-ff-aa-y-de-la-pn-de-yaguate\/","url_meta":{"origin":92978,"position":4},"title":"EGE Haina entrega remozamiento de la Escuela Vocacional de las FF.AA. y de la PN de Yaguate","author":"Nelson Feliz","date":"21 de enero de 2026","format":false,"excerpt":"EGE Haina","rel":"","context":"En \u00abNACIONALES\u00bb","block_context":{"text":"NACIONALES","link":"https:\/\/lasprimeras.com.do\/index.php\/category\/nacionales\/"},"img":{"alt_text":"EGE Haina","src":"https:\/\/i0.wp.com\/lasprimeras.com.do\/wp-content\/uploads\/2026\/01\/EGE-Haina.jpg?resize=350%2C200&ssl=1","width":350,"height":200,"srcset":"https:\/\/i0.wp.com\/lasprimeras.com.do\/wp-content\/uploads\/2026\/01\/EGE-Haina.jpg?resize=350%2C200&ssl=1 1x, https:\/\/i0.wp.com\/lasprimeras.com.do\/wp-content\/uploads\/2026\/01\/EGE-Haina.jpg?resize=525%2C300&ssl=1 1.5x, https:\/\/i0.wp.com\/lasprimeras.com.do\/wp-content\/uploads\/2026\/01\/EGE-Haina.jpg?resize=700%2C400&ssl=1 2x"},"classes":[]},{"id":81160,"url":"https:\/\/lasprimeras.com.do\/index.php\/2024\/04\/17\/escuelas-vocacionales-cierran-con-exito-diplomado-en-gestion-de-centros-educativos\/","url_meta":{"origin":92978,"position":5},"title":"Escuelas Vocacionales cierran con \u00e9xito diplomado en gesti\u00f3n de centros educativos","author":"BIMARY DE JES\u00daS Matos","date":"17 de abril de 2024","format":false,"excerpt":"Santo Domingo Este. RD.- La Direcci\u00f3n General de las Escuelas Vocacionales de las Fuerzas Armadas y de la Polic\u00eda Nacional (DIGEV), entreg\u00f3 este mi\u00e9rcoles un total de 25 certificados a igual n\u00famero de inspectores, jefes de estudios, docentes y personal administrativo de la entidad formativa por haber completado de manera\u2026","rel":"","context":"En \u00abNACIONALES\u00bb","block_context":{"text":"NACIONALES","link":"https:\/\/lasprimeras.com.do\/index.php\/category\/nacionales\/"},"img":{"alt_text":"","src":"https:\/\/i0.wp.com\/lasprimeras.com.do\/wp-content\/uploads\/2024\/04\/IMG-20240417-WA0022.jpg?resize=350%2C200&ssl=1","width":350,"height":200,"srcset":"https:\/\/i0.wp.com\/lasprimeras.com.do\/wp-content\/uploads\/2024\/04\/IMG-20240417-WA0022.jpg?resize=350%2C200&ssl=1 1x, https:\/\/i0.wp.com\/lasprimeras.com.do\/wp-content\/uploads\/2024\/04\/IMG-20240417-WA0022.jpg?resize=525%2C300&ssl=1 1.5x, https:\/\/i0.wp.com\/lasprimeras.com.do\/wp-content\/uploads\/2024\/04\/IMG-20240417-WA0022.jpg?resize=700%2C400&ssl=1 2x, https:\/\/i0.wp.com\/lasprimeras.com.do\/wp-content\/uploads\/2024\/04\/IMG-20240417-WA0022.jpg?resize=1050%2C600&ssl=1 3x"},"classes":[]}],"jetpack_sharing_enabled":true,"_links":{"self":[{"href":"https:\/\/lasprimeras.com.do\/index.php\/wp-json\/wp\/v2\/posts\/92978","targetHints":{"allow":["GET"]}}],"collection":[{"href":"https:\/\/lasprimeras.com.do\/index.php\/wp-json\/wp\/v2\/posts"}],"about":[{"href":"https:\/\/lasprimeras.com.do\/index.php\/wp-json\/wp\/v2\/types\/post"}],"author":[{"embeddable":true,"href":"https:\/\/lasprimeras.com.do\/index.php\/wp-json\/wp\/v2\/users\/2"}],"replies":[{"embeddable":true,"href":"https:\/\/lasprimeras.com.do\/index.php\/wp-json\/wp\/v2\/comments?post=92978"}],"version-history":[{"count":1,"href":"https:\/\/lasprimeras.com.do\/index.php\/wp-json\/wp\/v2\/posts\/92978\/revisions"}],"predecessor-version":[{"id":92980,"href":"https:\/\/lasprimeras.com.do\/index.php\/wp-json\/wp\/v2\/posts\/92978\/revisions\/92980"}],"wp:featuredmedia":[{"embeddable":true,"href":"https:\/\/lasprimeras.com.do\/index.php\/wp-json\/wp\/v2\/media\/92979"}],"wp:attachment":[{"href":"https:\/\/lasprimeras.com.do\/index.php\/wp-json\/wp\/v2\/media?parent=92978"}],"wp:term":[{"taxonomy":"category","embeddable":true,"href":"https:\/\/lasprimeras.com.do\/index.php\/wp-json\/wp\/v2\/categories?post=92978"},{"taxonomy":"post_tag","embeddable":true,"href":"https:\/\/lasprimeras.com.do\/index.php\/wp-json\/wp\/v2\/tags?post=92978"}],"curies":[{"name":"wp","href":"https:\/\/api.w.org\/{rel}","templated":true}]}}