{"id":92987,"date":"2025-01-21T11:28:45","date_gmt":"2025-01-21T15:28:45","guid":{"rendered":"https:\/\/lasprimeras.com.do\/?p=92987"},"modified":"2025-01-21T11:28:49","modified_gmt":"2025-01-21T15:28:49","slug":"el-mundo-reacciona-a-las-primeras-medidas-de-trump-con-cautela-y-advertencias-de-peligro","status":"publish","type":"post","link":"https:\/\/lasprimeras.com.do\/index.php\/2025\/01\/21\/el-mundo-reacciona-a-las-primeras-medidas-de-trump-con-cautela-y-advertencias-de-peligro\/","title":{"rendered":"El mundo reacciona a las primeras medidas de Trump con cautela y advertencias de peligro"},"content":{"rendered":"\n<p><strong>Con dos puntos calientes en las relaciones chino-estadounidenses a\u00fan sin resolver por Trump, la respuesta china fue cauta.<\/strong><\/p>\n\n\n\n<p><strong>WASHINGTON, EFE &#8211; <\/strong>El nuevo presidente de Estados Unidos, Donald Trump, logr\u00f3 en menos de 24 horas en el cargo que Gobiernos, organizaciones internacionales, oneg\u00e9s e individuos de todo el mundo reaccionasen a sus primeras medidas, en muchos casos para lanzar advertencias de peligro.<\/p>\n\n\n\n<p>&#8220;Es evidente que esto es un indicador de con qu\u00e9 m\u00e9todos el presidente Trump y su Administraci\u00f3n tienen previsto promover los intereses de Estados Unidos en la arena internacional&#8221;, dijo el ministro de Exteriores de Rusia, Sergu\u00e9i Lavrov, este martes sobre la bater\u00eda de decretos dictados por el nuevo presidente, que abarcan tal variedad de temas y espacios que tienen un efecto global.<\/p>\n\n\n\n<p>&#8220;El inter\u00e9s (de EE.UU.) radica en siempre ser m\u00e1s fuerte que cualquier rival&#8221;, dijo Lavrov.<\/p>\n\n\n\n<p>Con dos puntos calientes en las relaciones chino-estadounidenses a\u00fan sin resolver por Trump -los anunciados aranceles a productos chinos y el futuro de TikTok-, la respuesta china fue cauta.<\/p>\n\n\n\n<p>&#8220;Esperamos que Estados Unidos y China (..) promuevan conjuntamente el desarrollo estable, saludable y sostenible de sus relaciones econ\u00f3micas y comerciales&#8221;, dijo hoy en una rueda de prensa el portavoz de la Canciller\u00eda china, Guo Jiakun, a\u00f1adiendo que los lazos &#8220;benefician a la econom\u00eda global&#8221;.<\/p>\n\n\n\n<p>La Organizaci\u00f3n Mundial de la Salud (OMS), de la que Trump ha anunciado que retira a EE. UU., lament\u00f3 esa decisi\u00f3n y confi\u00f3 en que sea reconsiderada, porque &#8220;(la OMS) desempe\u00f1a un papel crucial en la protecci\u00f3n de la salud de gente de todo el mundo, incluidos estadounidenses&#8221;.<\/p>\n\n\n\n<p>&#8220;Esperamos que reconsideren la decisi\u00f3n y deseamos tener un di\u00e1logo constructivo por el bien de la salud de millones de personas en todo el planeta&#8221;, indic\u00f3 un comunicado de la organizaci\u00f3n.<\/p>\n\n\n\n<p>Trump tambi\u00e9n decidi\u00f3 retirar a su pa\u00eds del acuerdo para un impuesto m\u00ednimo mundial a las multinacionales suscrito en el marco de la Organizaci\u00f3n para la Cooperaci\u00f3n y el Desarrollo Econ\u00f3mico (OCDE) , cuyo secretario general, Matthias Cormann, hizo votos, sin embargo, para poder seguir trabajando con Estados Unidos.<\/p>\n\n\n\n<p>OMM: El cambio clim\u00e1tico sigue leyes de la f\u00edsica &#8220;no negociables&#8221;<\/p>\n\n\n\n<p>La retirada del acuerdo de Par\u00eds para reducir los gases de efecto invernadero, aunque anunciada desde hace meses, caus\u00f3 preocupaci\u00f3n en diversos \u00e1mbitos.<\/p>\n\n\n\n<p>El cambio clim\u00e1tico sigue unas leyes de la f\u00edsica &#8220;no negociables&#8221; que &#8220;han de ser vistas con una perspectiva de d\u00e9cadas o siglos, m\u00e1s que en un mandato de cuatro a\u00f1os&#8221;, subray\u00f3 la Organizaci\u00f3n Meteorol\u00f3gica Mundial (OMM).<\/p>\n\n\n\n<p>&#8220;El cambio clim\u00e1tico es el gran desaf\u00edo de nuestros tiempos&#8221;, asegur\u00f3 en rueda de prensa la portavoz de la agencia Clare Nullis, quien record\u00f3 que Estados Unidos tambi\u00e9n es una de las grandes v\u00edctimas de los desastres meteorol\u00f3gicos, agravados en muchos casos por el calentamiento global.<\/p>\n\n\n\n<p>El comisario europeo de Acci\u00f3n Clim\u00e1tica, Wopke Hoekstra, fue cr\u00edtico con esta decisi\u00f3n del nuevo inquilino de la Casa Blanca.<\/p>\n\n\n\n<p>&#8220;Es algo verdaderamente desafortunado que la econom\u00eda m\u00e1s grande del mundo, y uno de nuestros aliados m\u00e1s cercanos en la lucha contra el cambio clim\u00e1tico, se retire del Acuerdo de Par\u00eds&#8221;, dijo.<\/p>\n\n\n\n<p>Los palestinos advierten del &#8220;caos brutal&#8221; que se avecina en Cisjordania<\/p>\n\n\n\n<p>Sin tapujos el Ministerio de Asuntos Exteriores palestino reaccion\u00f3 a la revocaci\u00f3n de sanciones contra colonos violentos en Cisjordania ocupada anunciada por Trump, una medida que a su juicio &#8220;prepara el camino al caos brutal para facilitar la anexi\u00f3n&#8221; de los territorios palestinos e incita a m\u00e1s cr\u00edmenes contra nuestro pueblo&#8221;.<\/p>\n\n\n\n<p>Este anuncio fue celebrado por el contrario por los principales ministros israel\u00edes de extrema derecha, entre ellos el titular de Finanzas, el colono Bezalel Smotrich, que calific\u00f3 la medida de Trump de &#8220;justa&#8221; al frenar &#8220;un grave acto de burda intervenci\u00f3n extranjera en los asuntos internos de Israel&#8221;.<\/p>\n\n\n\n<p>Advierten de onda expansiva de medidas de Trump<\/p>\n\n\n\n<p>Las secciones de Amnist\u00eda Internacional en el continente americano fueron claras en criticar el programa de gobierno del nuevo presidente de EE. UU. desde el punto de vista de los derechos humanos y adem\u00e1s advirtieron que esas pol\u00edticas, particularmente la que se refieren a inmigrantes y solicitantes de asilo, van a producir una &#8220;onda expansiva&#8221; en Am\u00e9rica Latina.<\/p>\n\n\n\n<p>&#8220;Las sociedades latinoamericanas llevan a\u00f1os presenciando c\u00f3mo las decisiones pol\u00edticas de Estados Unidos influyen \u2014a menudo de manera no deseada\u2014 en el \u00e1mbito local&#8221;, declar\u00f3 Rodrigo Bustos, director de Amnist\u00eda Internacional Chile.<\/p>\n\n\n\n<p>AI de las Am\u00e9ricas menciona que hay otros motivos de &#8220;preocupaci\u00f3n creciente respecto al gobierno del presidente Trump&#8221;; uno es el &#8220;derecho de las mujeres a vivir sin violencia, as\u00ed como el derecho a la salud sexual y reproductiva, incluido el aborto&#8221;, otro los ataques a la comunidad LGTBI y un tercero su pol\u00edtica respecto al cambio clim\u00e1tico.<\/p>\n\n\n\n<p>La Oficina de la ONU para los Derechos Humanos record\u00f3 este martes las obligaciones de EE. UU. y otros pa\u00edses miembros con las libertades fundamentales de los migrantes y record\u00f3 que la solicitud de asilo es una de ellas.<\/p>\n\n\n\n<p>&#8220;Todos los Estados tienen derecho a ejercer jurisdicci\u00f3n en sus fronteras internacionales, pero necesitan hacerlo en l\u00ednea con sus obligaciones de derechos humanos&#8221;, se\u00f1al\u00f3 al respecto la portavoz de la oficina con sede en Ginebra Ravina Shamdasani en respuesta a una pregunta de EFE.<\/p>\n\n\n\n<p>Antes de que la presidenta Claudia Sheinbaum hable hoy sobre el tema, la secretaria mexicana de Turismo, Josefina Rodr\u00edguez, dijo en Madrid que su pa\u00eds &#8220;tiene una estrategia&#8221; y &#8220;no estamos preocupados, estamos ocupados&#8221; despu\u00e9s de los anuncios del presidente de EE. UU., Donald Trump, sobre las medidas que adoptar\u00e1 en la frontera que comparten ambos pa\u00edses.<\/p>\n","protected":false},"excerpt":{"rendered":"<p>Con dos puntos calientes en las relaciones chino-estadounidenses a\u00fan sin resolver por Trump, la respuesta china fue cauta. WASHINGTON, EFE &#8211; El nuevo presidente de Estados Unidos, Donald Trump, logr\u00f3&hellip;<\/p>\n","protected":false},"author":2,"featured_media":92988,"comment_status":"open","ping_status":"open","sticky":false,"template":"","format":"standard","meta":{"content-type":"","jetpack_post_was_ever_published":false,"_jetpack_newsletter_access":"","_jetpack_dont_email_post_to_subs":false,"_jetpack_newsletter_tier_id":0,"_jetpack_memberships_contains_paywalled_content":false,"_jetpack_memberships_contains_paid_content":false,"footnotes":""},"categories":[16289],"tags":[8861,978,17063,456,4709,17064],"class_list":["post-92987","post","type-post","status-publish","format-standard","has-post-thumbnail","hentry","category-internacionales","tag-cautela","tag-donald-trump","tag-medidas-de-trump","tag-mundo","tag-peligro","tag-reacciona"],"jetpack_featured_media_url":"https:\/\/lasprimeras.com.do\/wp-content\/uploads\/2025\/01\/Donald-Trump-2.jpg","jetpack-related-posts":[{"id":92122,"url":"https:\/\/lasprimeras.com.do\/index.php\/2024\/12\/29\/el-problema-para-implementar-la-retorica-populista-de-derecha-de-donald-trump\/","url_meta":{"origin":92987,"position":0},"title":"El problema para implementar la ret\u00f3rica populista de derecha de Donald Trump","author":"Nelson Feliz","date":"29 de diciembre de 2024","format":false,"excerpt":"Por Jenny Lora Las duras declaraciones de Donald Trump sobre sus vecinos m\u00e1s cercanos pueden considerarse una ret\u00f3rica pol\u00edtica colorida, pero encajan bien con su plataforma ideol\u00f3gica, que se basa en el populismo de derecha. Las tensas relaciones con los vecinos, principalmente M\u00e9xico y Canad\u00e1, tambi\u00e9n son caracter\u00edsticas del per\u00edodo\u2026","rel":"","context":"En \u00abOPINI\u00d3N\u00bb","block_context":{"text":"OPINI\u00d3N","link":"https:\/\/lasprimeras.com.do\/index.php\/category\/opinion\/"},"img":{"alt_text":"Jenny Lora","src":"https:\/\/i0.wp.com\/lasprimeras.com.do\/wp-content\/uploads\/2024\/12\/Jenny-Lora.jpg?resize=350%2C200&ssl=1","width":350,"height":200,"srcset":"https:\/\/i0.wp.com\/lasprimeras.com.do\/wp-content\/uploads\/2024\/12\/Jenny-Lora.jpg?resize=350%2C200&ssl=1 1x, https:\/\/i0.wp.com\/lasprimeras.com.do\/wp-content\/uploads\/2024\/12\/Jenny-Lora.jpg?resize=525%2C300&ssl=1 1.5x, https:\/\/i0.wp.com\/lasprimeras.com.do\/wp-content\/uploads\/2024\/12\/Jenny-Lora.jpg?resize=700%2C400&ssl=1 2x"},"classes":[]},{"id":94357,"url":"https:\/\/lasprimeras.com.do\/index.php\/2025\/02\/28\/trump-afirma-que-aranceles-a-mexico-y-canada-entraran-en-vigor-el-4-de-marzo\/","url_meta":{"origin":92987,"position":1},"title":"Trump afirma que aranceles a M\u00e9xico y Canad\u00e1 entrar\u00e1n en vigor el 4 de marzo","author":"Nelson Feliz","date":"28 de febrero de 2025","format":false,"excerpt":"El mandatario apunt\u00f3 que a China tambi\u00e9n le impondr\u00e1n aranceles del 10%, como lo prometi\u00f3 desde su llegada al poder. Por Jerald Jim\u00e9nez El presidente Donald Trump asegur\u00f3 este jueves que los aranceles a M\u00e9xico y Canad\u00e1 entrar\u00e1n en vigor el 4 de marzo si el \u201cazote\u201d del tr\u00e1fico de\u2026","rel":"","context":"En \u00abINTERNACIONALES\u00bb","block_context":{"text":"INTERNACIONALES","link":"https:\/\/lasprimeras.com.do\/index.php\/category\/sin-categoria\/internacionales\/"},"img":{"alt_text":"Donald Trump","src":"https:\/\/i0.wp.com\/lasprimeras.com.do\/wp-content\/uploads\/2025\/02\/Donald-Trump-1.png?resize=350%2C200&ssl=1","width":350,"height":200,"srcset":"https:\/\/i0.wp.com\/lasprimeras.com.do\/wp-content\/uploads\/2025\/02\/Donald-Trump-1.png?resize=350%2C200&ssl=1 1x, https:\/\/i0.wp.com\/lasprimeras.com.do\/wp-content\/uploads\/2025\/02\/Donald-Trump-1.png?resize=525%2C300&ssl=1 1.5x, https:\/\/i0.wp.com\/lasprimeras.com.do\/wp-content\/uploads\/2025\/02\/Donald-Trump-1.png?resize=700%2C400&ssl=1 2x"},"classes":[]},{"id":92969,"url":"https:\/\/lasprimeras.com.do\/index.php\/2025\/01\/20\/donald-trump-toma-posesion-como-nuevo-presidente-de-estados-unidos\/","url_meta":{"origin":92987,"position":2},"title":"Donald Trump toma posesi\u00f3n como nuevo presidente de Estados Unidos","author":"Nelson Feliz","date":"20 de enero de 2025","format":false,"excerpt":"Washington, EFE.- Donald Trump tom\u00f3 este lunes posesi\u00f3n como presidente n\u00famero 47 de Estados Unidos, en una ceremonia de investidura que se celebra en el interior del Capitolio por el fr\u00edo. Trump prest\u00f3 juramento con la mano derecha en alto y la izquierda sobre las mismas dos biblias que utiliz\u00f3\u2026","rel":"","context":"En \u00abINTERNACIONALES\u00bb","block_context":{"text":"INTERNACIONALES","link":"https:\/\/lasprimeras.com.do\/index.php\/category\/sin-categoria\/internacionales\/"},"img":{"alt_text":"","src":"https:\/\/i0.wp.com\/lasprimeras.com.do\/wp-content\/uploads\/2025\/01\/donald-trump-toma-posesion-como-nuevo-presidente-de-estados-unidos.jpg?resize=350%2C200&ssl=1","width":350,"height":200,"srcset":"https:\/\/i0.wp.com\/lasprimeras.com.do\/wp-content\/uploads\/2025\/01\/donald-trump-toma-posesion-como-nuevo-presidente-de-estados-unidos.jpg?resize=350%2C200&ssl=1 1x, https:\/\/i0.wp.com\/lasprimeras.com.do\/wp-content\/uploads\/2025\/01\/donald-trump-toma-posesion-como-nuevo-presidente-de-estados-unidos.jpg?resize=525%2C300&ssl=1 1.5x, https:\/\/i0.wp.com\/lasprimeras.com.do\/wp-content\/uploads\/2025\/01\/donald-trump-toma-posesion-como-nuevo-presidente-de-estados-unidos.jpg?resize=700%2C400&ssl=1 2x, https:\/\/i0.wp.com\/lasprimeras.com.do\/wp-content\/uploads\/2025\/01\/donald-trump-toma-posesion-como-nuevo-presidente-de-estados-unidos.jpg?resize=1050%2C600&ssl=1 3x"},"classes":[]},{"id":59633,"url":"https:\/\/lasprimeras.com.do\/index.php\/2023\/09\/06\/harris-dice-que-a-trump-no-se-le-puede-eximir-de-rendir-cuentas-el-6-de-enero\/","url_meta":{"origin":92987,"position":3},"title":"Harris dice que a Trump no se le puede eximir de rendir cuentas el 6 de enero","author":"Nelson Feliz","date":"6 de septiembre de 2023","format":false,"excerpt":"POR CHRIS MEGERIAN YAKARTA, Indonesia (AP) \u2014 La vicepresidenta Kamala Harris dijo el mi\u00e9rcoles que los responsables del esfuerzo por anular los resultados de las elecciones presidenciales de 2020 y la consiguiente violencia en el Capitolio de Estados Unidos deben rendir cuentas, incluso si eso significa Donald Trump. \u201cDejemos que\u2026","rel":"","context":"En \u00abSin categor\u00eda\u00bb","block_context":{"text":"Sin categor\u00eda","link":"https:\/\/lasprimeras.com.do\/index.php\/category\/sin-categoria\/"},"img":{"alt_text":"Kamala Harris","src":"https:\/\/i0.wp.com\/lasprimeras.com.do\/wp-content\/uploads\/2023\/06\/Kamala-Harris.jpg?resize=350%2C200&ssl=1","width":350,"height":200,"srcset":"https:\/\/i0.wp.com\/lasprimeras.com.do\/wp-content\/uploads\/2023\/06\/Kamala-Harris.jpg?resize=350%2C200&ssl=1 1x, https:\/\/i0.wp.com\/lasprimeras.com.do\/wp-content\/uploads\/2023\/06\/Kamala-Harris.jpg?resize=525%2C300&ssl=1 1.5x, https:\/\/i0.wp.com\/lasprimeras.com.do\/wp-content\/uploads\/2023\/06\/Kamala-Harris.jpg?resize=700%2C400&ssl=1 2x"},"classes":[]},{"id":93205,"url":"https:\/\/lasprimeras.com.do\/index.php\/2025\/01\/26\/petro-ordena-subir-un-25-los-aranceles-a-los-productos-de-ee-uu-importados-por-colombia\/","url_meta":{"origin":92987,"position":4},"title":"Petro ordena subir un 25 % los aranceles a los productos de EE.UU. importados por Colombia","author":"Nelson Feliz","date":"26 de enero de 2025","format":false,"excerpt":"El presidente colombiano tom\u00f3 la medida luego que Donald Trump impusiera aranceles del 25 % a todos los productos colombianos, una tarifa que se elevar\u00e1 al 50 % dentro de una semana. Bogot\u00e1, EFE- El presidente de Colombia, Gustavo Petro, orden\u00f3 este domingo incrementar en un 25 % los aranceles\u2026","rel":"","context":"En \u00abINTERNACIONALES\u00bb","block_context":{"text":"INTERNACIONALES","link":"https:\/\/lasprimeras.com.do\/index.php\/category\/sin-categoria\/internacionales\/"},"img":{"alt_text":"","src":"https:\/\/i0.wp.com\/lasprimeras.com.do\/wp-content\/uploads\/2025\/01\/Gustavo-Petro-1.jpg?resize=350%2C200&ssl=1","width":350,"height":200,"srcset":"https:\/\/i0.wp.com\/lasprimeras.com.do\/wp-content\/uploads\/2025\/01\/Gustavo-Petro-1.jpg?resize=350%2C200&ssl=1 1x, https:\/\/i0.wp.com\/lasprimeras.com.do\/wp-content\/uploads\/2025\/01\/Gustavo-Petro-1.jpg?resize=525%2C300&ssl=1 1.5x, https:\/\/i0.wp.com\/lasprimeras.com.do\/wp-content\/uploads\/2025\/01\/Gustavo-Petro-1.jpg?resize=700%2C400&ssl=1 2x"},"classes":[]},{"id":97145,"url":"https:\/\/lasprimeras.com.do\/index.php\/2025\/04\/16\/trump-participa-en-conversaciones-arancelarias-con-japon\/","url_meta":{"origin":92987,"position":5},"title":"Trump participa en conversaciones arancelarias con Jap\u00f3n","author":"Nelson Feliz","date":"16 de abril de 2025","format":false,"excerpt":"POR DARLENE SUPERVILLE, MARI YAMAGUCHI and JOSH BOAK WASHINGTON (AP) \u2014 El presidente estadounidense, Donald Trump, se involucr\u00f3 directamente el mi\u00e9rcoles en las conversaciones comerciales con funcionarios japoneses, una se\u00f1al de la importancia del tema para Estados Unidos despu\u00e9s de que sus aranceles sacudieran la econom\u00eda y llevaran al gobierno\u2026","rel":"","context":"En \u00abECONOM\u00cdA\u00bb","block_context":{"text":"ECONOM\u00cdA","link":"https:\/\/lasprimeras.com.do\/index.php\/category\/economia\/"},"img":{"alt_text":"Donald Trump","src":"https:\/\/i0.wp.com\/lasprimeras.com.do\/wp-content\/uploads\/2025\/04\/Donald-Trump.jpg?resize=350%2C200&ssl=1","width":350,"height":200,"srcset":"https:\/\/i0.wp.com\/lasprimeras.com.do\/wp-content\/uploads\/2025\/04\/Donald-Trump.jpg?resize=350%2C200&ssl=1 1x, https:\/\/i0.wp.com\/lasprimeras.com.do\/wp-content\/uploads\/2025\/04\/Donald-Trump.jpg?resize=525%2C300&ssl=1 1.5x, https:\/\/i0.wp.com\/lasprimeras.com.do\/wp-content\/uploads\/2025\/04\/Donald-Trump.jpg?resize=700%2C400&ssl=1 2x"},"classes":[]}],"jetpack_sharing_enabled":true,"_links":{"self":[{"href":"https:\/\/lasprimeras.com.do\/index.php\/wp-json\/wp\/v2\/posts\/92987","targetHints":{"allow":["GET"]}}],"collection":[{"href":"https:\/\/lasprimeras.com.do\/index.php\/wp-json\/wp\/v2\/posts"}],"about":[{"href":"https:\/\/lasprimeras.com.do\/index.php\/wp-json\/wp\/v2\/types\/post"}],"author":[{"embeddable":true,"href":"https:\/\/lasprimeras.com.do\/index.php\/wp-json\/wp\/v2\/users\/2"}],"replies":[{"embeddable":true,"href":"https:\/\/lasprimeras.com.do\/index.php\/wp-json\/wp\/v2\/comments?post=92987"}],"version-history":[{"count":1,"href":"https:\/\/lasprimeras.com.do\/index.php\/wp-json\/wp\/v2\/posts\/92987\/revisions"}],"predecessor-version":[{"id":92989,"href":"https:\/\/lasprimeras.com.do\/index.php\/wp-json\/wp\/v2\/posts\/92987\/revisions\/92989"}],"wp:featuredmedia":[{"embeddable":true,"href":"https:\/\/lasprimeras.com.do\/index.php\/wp-json\/wp\/v2\/media\/92988"}],"wp:attachment":[{"href":"https:\/\/lasprimeras.com.do\/index.php\/wp-json\/wp\/v2\/media?parent=92987"}],"wp:term":[{"taxonomy":"category","embeddable":true,"href":"https:\/\/lasprimeras.com.do\/index.php\/wp-json\/wp\/v2\/categories?post=92987"},{"taxonomy":"post_tag","embeddable":true,"href":"https:\/\/lasprimeras.com.do\/index.php\/wp-json\/wp\/v2\/tags?post=92987"}],"curies":[{"name":"wp","href":"https:\/\/api.w.org\/{rel}","templated":true}]}}