{"id":93001,"date":"2025-01-21T12:00:57","date_gmt":"2025-01-21T16:00:57","guid":{"rendered":"https:\/\/lasprimeras.com.do\/?p=93001"},"modified":"2025-01-21T12:01:02","modified_gmt":"2025-01-21T16:01:02","slug":"espana-investiga-trama-que-desvio-74-millones-de-euros-a-colombia-y-rd-entre-otros-paises","status":"publish","type":"post","link":"https:\/\/lasprimeras.com.do\/index.php\/2025\/01\/21\/espana-investiga-trama-que-desvio-74-millones-de-euros-a-colombia-y-rd-entre-otros-paises\/","title":{"rendered":"Espa\u00f1a investiga trama que desvi\u00f3 74 millones de euros a Colombia y RD, entre otros pa\u00edses"},"content":{"rendered":"\n<p><strong>Los indicios recabados permiten inferir que la red tendr\u00eda capacidad tambi\u00e9n para &#8220;colocar los rendimientos&#8221; en otros territorios como China, Macao, Dub\u00e1i, Colombia y Rep\u00fablica Dominicana<\/strong><\/p>\n\n\n\n<p>Madrid, EFE -La Guardia Civil espa\u00f1ola sospecha que la trama que salpica a un empresario involucrado en un presunto fraude fiscal con hidrocarburos trat\u00f3 de blanquear sus beneficios en el extranjero y lleg\u00f3 a transferir casi 74 millones de euros de origen delictivo a Colombia, Portugal y China, entre otros pa\u00edses.<\/p>\n\n\n\n<p>Es una de las principales conclusiones a las que llegan los investigadores de la Unidad Central Operativa (UCO) de la Guardia Civil, recogidas en un informe al que tuvo acceso EFE este martes, sobre la trama que involucra al empresario V\u00edctor de Aldama y a m\u00e1s de una treintena de personas por un supuesto fraude del IVA (impuesto del valor a\u00f1adido) de hidrocarburos.<\/p>\n\n\n\n<p>La Guardia Civil y la Fiscal\u00eda Anticorrupci\u00f3n creen que la red desvi\u00f3 beneficios a cuentas bancarias localizadas en el extranjero.<\/p>\n\n\n\n<p>Primero a Portugal, pero los indicios recabados permiten inferir que la red tendr\u00eda capacidad tambi\u00e9n para &#8220;colocar los rendimientos&#8221; en otros territorios como China, Macao, Dub\u00e1i, Colombia y Rep\u00fablica Dominicana.<\/p>\n\n\n\n<p>Desde mayo de 2023 hasta febrero de 2024, los investigadores creen que desviaron 73,902,852,60 euros a Portugal, China y Colombia, mediante transferencias &#8220;amparadas en presuntos contratos ficticios de servicios de asesoramientos, confeccionados en su mayor\u00eda por V\u00edctor de Aldama&#8221;.<\/p>\n\n\n\n<p>La Guardia Civil sit\u00faa a Aldama &#8220;en la c\u00faspide&#8221; de la presunta organizaci\u00f3n criminal que pudo haber defraudado desde septiembre de 2022 hasta febrero de 2024 un total de 182,5 millones de euros en IVA en el sector de los hidrocarburos a trav\u00e9s de un entramado societario y un conjunto de testaferros situados al frente de mercantiles interpuestas.<\/p>\n\n\n\n<p>Aldama est\u00e1 imputado por esta investigaci\u00f3n, que le llev\u00f3 m\u00e1s de un mes a prisi\u00f3n hasta que decidi\u00f3 colaborar con la Fiscal\u00eda, y est\u00e1 tambi\u00e9n imputado en el caso que salpica al exministro Jos\u00e9 Luis \u00c1balos y a su principal asesor por presuntas comisiones en la compra de mascarillas durante la pandemia.<\/p>\n","protected":false},"excerpt":{"rendered":"<p>Los indicios recabados permiten inferir que la red tendr\u00eda capacidad tambi\u00e9n para &#8220;colocar los rendimientos&#8221; en otros territorios como China, Macao, Dub\u00e1i, Colombia y Rep\u00fablica Dominicana Madrid, EFE -La Guardia&hellip;<\/p>\n","protected":false},"author":2,"featured_media":93002,"comment_status":"open","ping_status":"open","sticky":false,"template":"","format":"standard","meta":{"content-type":"","jetpack_post_was_ever_published":false,"_jetpack_newsletter_access":"","_jetpack_dont_email_post_to_subs":false,"_jetpack_newsletter_tier_id":0,"_jetpack_memberships_contains_paywalled_content":false,"_jetpack_memberships_contains_paid_content":false,"footnotes":""},"categories":[16289],"tags":[17074,2757,3107,28,3809,127,947],"class_list":["post-93001","post","type-post","status-publish","format-standard","has-post-thumbnail","hentry","category-internacionales","tag-74-millones-de-euros","tag-colombia","tag-desvio","tag-espana","tag-investiga","tag-rd","tag-trama"],"jetpack_featured_media_url":"https:\/\/lasprimeras.com.do\/wp-content\/uploads\/2025\/01\/Guardia-Civil-espanola.jpg","jetpack-related-posts":[{"id":89379,"url":"https:\/\/lasprimeras.com.do\/index.php\/2024\/09\/24\/revocan-orden-de-prision-contra-el-cantante-brasileno-gusttavo-lima\/","url_meta":{"origin":93001,"position":0},"title":"Revocan orden de prisi\u00f3n contra el cantante brasile\u00f1o Gusttavo Lima","author":"Nelson Feliz","date":"24 de septiembre de 2024","format":false,"excerpt":"S\u00e3o Paulo,(EFE).- Un juez de un tribunal de apelaciones revoc\u00f3 este martes la orden de prisi\u00f3n preventiva dictada contra el popular cantante brasile\u00f1o Gusttavo Lima, investigado en una trama de blanqueo de capitales relacionada con apuestas digitales. La decisi\u00f3n fue tomada por el magistrado Eduardo Guilliod, del Tribunal de Justicia\u2026","rel":"","context":"En \u00abENTRETENIMIENTO\u00bb","block_context":{"text":"ENTRETENIMIENTO","link":"https:\/\/lasprimeras.com.do\/index.php\/category\/entretenimiento\/"},"img":{"alt_text":"Gusttavo Lima","src":"https:\/\/i0.wp.com\/lasprimeras.com.do\/wp-content\/uploads\/2024\/09\/Gusttavo-Lima.jpg?resize=350%2C200&ssl=1","width":350,"height":200,"srcset":"https:\/\/i0.wp.com\/lasprimeras.com.do\/wp-content\/uploads\/2024\/09\/Gusttavo-Lima.jpg?resize=350%2C200&ssl=1 1x, https:\/\/i0.wp.com\/lasprimeras.com.do\/wp-content\/uploads\/2024\/09\/Gusttavo-Lima.jpg?resize=525%2C300&ssl=1 1.5x, https:\/\/i0.wp.com\/lasprimeras.com.do\/wp-content\/uploads\/2024\/09\/Gusttavo-Lima.jpg?resize=700%2C400&ssl=1 2x"},"classes":[]},{"id":113520,"url":"https:\/\/lasprimeras.com.do\/index.php\/2025\/11\/03\/ue-destina-215-millones-a-venezuela-y-haiti-por-la-crisis-humanitaria-y-al-caribe-por-el-huracan-melissa\/","url_meta":{"origin":93001,"position":1},"title":"UE destina 21,5 millones a Venezuela y Hait\u00ed por la crisis humanitaria y al Caribe por el hurac\u00e1n Melissa","author":"Nelson Feliz","date":"3 de noviembre de 2025","format":false,"excerpt":"Bruselas.- La Uni\u00f3n Europea (UE) anunci\u00f3 este lunes la asignaci\u00f3n de otros 21,5 millones de euros ante el agravamiento de la crisis humanitaria en Venezuela y Hait\u00ed y a pa\u00edses del Caribe afectados por el paso del hurac\u00e1n Melissa. La financiaci\u00f3n ayudar\u00e1 a los socios humanitarios de la UE a\u2026","rel":"","context":"En \u00abECONOM\u00cdA\u00bb","block_context":{"text":"ECONOM\u00cdA","link":"https:\/\/lasprimeras.com.do\/index.php\/category\/economia\/"},"img":{"alt_text":"","src":"https:\/\/i0.wp.com\/lasprimeras.com.do\/wp-content\/uploads\/2025\/11\/Diseno-sin-titulo-2.jpg?resize=350%2C200&ssl=1","width":350,"height":200,"srcset":"https:\/\/i0.wp.com\/lasprimeras.com.do\/wp-content\/uploads\/2025\/11\/Diseno-sin-titulo-2.jpg?resize=350%2C200&ssl=1 1x, https:\/\/i0.wp.com\/lasprimeras.com.do\/wp-content\/uploads\/2025\/11\/Diseno-sin-titulo-2.jpg?resize=525%2C300&ssl=1 1.5x, https:\/\/i0.wp.com\/lasprimeras.com.do\/wp-content\/uploads\/2025\/11\/Diseno-sin-titulo-2.jpg?resize=700%2C400&ssl=1 2x"},"classes":[]},{"id":57370,"url":"https:\/\/lasprimeras.com.do\/index.php\/2023\/08\/11\/acusan-a-rafael-correa-de-estar-detras-asesinato-de-villavicencio\/","url_meta":{"origin":93001,"position":2},"title":"Acusan a Rafael Correa de estar detr\u00e1s asesinato de Villavicencio","author":"Nelson Feliz","date":"11 de agosto de 2023","format":false,"excerpt":"Ver\u00f3nica Sarauz, viuda de Fernando Villavicencio, que postulaba para Presidente de Ecuador y que fue asesinado, al ser consultada sobre qui\u00e9nes podr\u00edan estar detr\u00e1s del magnicidio record\u00f3 que el corre\u00edsmo tiene nexos con bandas narcodelictivas y que la ex senadora colombiana Piedad C\u00f3rdoba, que fue denunciada por Villavicencio dentro de\u2026","rel":"","context":"En \u00abSin categor\u00eda\u00bb","block_context":{"text":"Sin categor\u00eda","link":"https:\/\/lasprimeras.com.do\/index.php\/category\/sin-categoria\/"},"img":{"alt_text":"Rafael Correa","src":"https:\/\/i0.wp.com\/lasprimeras.com.do\/wp-content\/uploads\/2023\/08\/correa.jpg?resize=350%2C200&ssl=1","width":350,"height":200,"srcset":"https:\/\/i0.wp.com\/lasprimeras.com.do\/wp-content\/uploads\/2023\/08\/correa.jpg?resize=350%2C200&ssl=1 1x, https:\/\/i0.wp.com\/lasprimeras.com.do\/wp-content\/uploads\/2023\/08\/correa.jpg?resize=525%2C300&ssl=1 1.5x, https:\/\/i0.wp.com\/lasprimeras.com.do\/wp-content\/uploads\/2023\/08\/correa.jpg?resize=700%2C400&ssl=1 2x"},"classes":[]},{"id":75990,"url":"https:\/\/lasprimeras.com.do\/index.php\/2024\/02\/06\/al-menos-29-detenidos-en-un-operativo-contra-la-mafia-albanesa-en-ecuador-y-en-espana\/","url_meta":{"origin":93001,"position":3},"title":"Al menos 29 detenidos en un operativo contra la mafia albanesa en Ecuador y en Espa\u00f1a","author":"Nelson Feliz","date":"6 de febrero de 2024","format":false,"excerpt":"Entre los detenidos en la denominada operaci\u00f3n \u2018Pampa\u2019 hay 18 personas en Ecuador y 11 en Espa\u00f1a de nacionalidades ecuatoriana, espa\u00f1ola, argentina, colombiana y china. Ecuador, EFE.-. Al menos 29 personas fueron detenidas este martes en un operativo simult\u00e1neo realizado en Espa\u00f1a y en Ecuador contra la mafia albanesa por\u2026","rel":"","context":"En \u00abSin categor\u00eda\u00bb","block_context":{"text":"Sin categor\u00eda","link":"https:\/\/lasprimeras.com.do\/index.php\/category\/sin-categoria\/"},"img":{"alt_text":"","src":"https:\/\/i0.wp.com\/lasprimeras.com.do\/wp-content\/uploads\/2024\/02\/PRESOS.jpg?resize=350%2C200&ssl=1","width":350,"height":200,"srcset":"https:\/\/i0.wp.com\/lasprimeras.com.do\/wp-content\/uploads\/2024\/02\/PRESOS.jpg?resize=350%2C200&ssl=1 1x, https:\/\/i0.wp.com\/lasprimeras.com.do\/wp-content\/uploads\/2024\/02\/PRESOS.jpg?resize=525%2C300&ssl=1 1.5x"},"classes":[]},{"id":97410,"url":"https:\/\/lasprimeras.com.do\/index.php\/2025\/04\/20\/a-juicio-los-asesinos-de-una-dominicana-de-44-anos-en-madrid\/","url_meta":{"origin":93001,"position":4},"title":"A juicio los asesinos de una dominicana de 44 a\u00f1os en Madrid","author":"Nelson Feliz","date":"20 de abril de 2025","format":false,"excerpt":"MADRID,EFE.- Una mujer colombiana y su primo, de la misma nacionalidad, ser\u00e1n juzgados a partir del martes 22 de abril en Madrid, acusados de asesinar con un cuchillo a una dominicana de 44 a\u00f1os, identificada solo como Katy, quien era la responsable de un prost\u00edbulo, en un municipio de la\u2026","rel":"","context":"En \u00abINTERNACIONALES\u00bb","block_context":{"text":"INTERNACIONALES","link":"https:\/\/lasprimeras.com.do\/index.php\/category\/sin-categoria\/internacionales\/"},"img":{"alt_text":"","src":"https:\/\/i0.wp.com\/lasprimeras.com.do\/wp-content\/uploads\/2025\/04\/mallete.png?resize=350%2C200&ssl=1","width":350,"height":200,"srcset":"https:\/\/i0.wp.com\/lasprimeras.com.do\/wp-content\/uploads\/2025\/04\/mallete.png?resize=350%2C200&ssl=1 1x, https:\/\/i0.wp.com\/lasprimeras.com.do\/wp-content\/uploads\/2025\/04\/mallete.png?resize=525%2C300&ssl=1 1.5x, https:\/\/i0.wp.com\/lasprimeras.com.do\/wp-content\/uploads\/2025\/04\/mallete.png?resize=700%2C400&ssl=1 2x"},"classes":[]},{"id":56685,"url":"https:\/\/lasprimeras.com.do\/index.php\/2023\/08\/03\/historia-completa-apresan-en-espana-a-franyelis-maria-furcal-dominicana-que-mato-a-un-chino-en-santo-dgo\/","url_meta":{"origin":93001,"position":5},"title":"Historia completa: Apresan en Espa\u00f1a a Franyelis Mar\u00eda Furcal dominicana que mat\u00f3 a un chino en Santo Dgo.","author":"Nelson Feliz","date":"3 de agosto de 2023","format":false,"excerpt":"Franyelis Mar\u00eda Furcal Rodr\u00edguez permanec\u00eda pr\u00f3fuga desde abril del 2022. Fue apresada en Espa\u00f1a la dominicana Franyelis Mar\u00eda Furcal Rodr\u00edguez, quien se encontraba pr\u00f3fuga desde abril del 2022 tras matar a un ciudadano chino en su lugar de trabajo. La Polic\u00eda Nacional inform\u00f3 este jueves que la detenci\u00f3n se produjo\u2026","rel":"","context":"En \u00abNACIONALES\u00bb","block_context":{"text":"NACIONALES","link":"https:\/\/lasprimeras.com.do\/index.php\/category\/nacionales\/"},"img":{"alt_text":"Franyelis Mar\u00eda Furcal Rodr\u00edguez","src":"https:\/\/i0.wp.com\/lasprimeras.com.do\/wp-content\/uploads\/2023\/08\/Franyelis-Maria-Furcal-Rodriguez.jpg?resize=350%2C200&ssl=1","width":350,"height":200,"srcset":"https:\/\/i0.wp.com\/lasprimeras.com.do\/wp-content\/uploads\/2023\/08\/Franyelis-Maria-Furcal-Rodriguez.jpg?resize=350%2C200&ssl=1 1x, https:\/\/i0.wp.com\/lasprimeras.com.do\/wp-content\/uploads\/2023\/08\/Franyelis-Maria-Furcal-Rodriguez.jpg?resize=525%2C300&ssl=1 1.5x, https:\/\/i0.wp.com\/lasprimeras.com.do\/wp-content\/uploads\/2023\/08\/Franyelis-Maria-Furcal-Rodriguez.jpg?resize=700%2C400&ssl=1 2x"},"classes":[]}],"jetpack_sharing_enabled":true,"_links":{"self":[{"href":"https:\/\/lasprimeras.com.do\/index.php\/wp-json\/wp\/v2\/posts\/93001","targetHints":{"allow":["GET"]}}],"collection":[{"href":"https:\/\/lasprimeras.com.do\/index.php\/wp-json\/wp\/v2\/posts"}],"about":[{"href":"https:\/\/lasprimeras.com.do\/index.php\/wp-json\/wp\/v2\/types\/post"}],"author":[{"embeddable":true,"href":"https:\/\/lasprimeras.com.do\/index.php\/wp-json\/wp\/v2\/users\/2"}],"replies":[{"embeddable":true,"href":"https:\/\/lasprimeras.com.do\/index.php\/wp-json\/wp\/v2\/comments?post=93001"}],"version-history":[{"count":1,"href":"https:\/\/lasprimeras.com.do\/index.php\/wp-json\/wp\/v2\/posts\/93001\/revisions"}],"predecessor-version":[{"id":93003,"href":"https:\/\/lasprimeras.com.do\/index.php\/wp-json\/wp\/v2\/posts\/93001\/revisions\/93003"}],"wp:featuredmedia":[{"embeddable":true,"href":"https:\/\/lasprimeras.com.do\/index.php\/wp-json\/wp\/v2\/media\/93002"}],"wp:attachment":[{"href":"https:\/\/lasprimeras.com.do\/index.php\/wp-json\/wp\/v2\/media?parent=93001"}],"wp:term":[{"taxonomy":"category","embeddable":true,"href":"https:\/\/lasprimeras.com.do\/index.php\/wp-json\/wp\/v2\/categories?post=93001"},{"taxonomy":"post_tag","embeddable":true,"href":"https:\/\/lasprimeras.com.do\/index.php\/wp-json\/wp\/v2\/tags?post=93001"}],"curies":[{"name":"wp","href":"https:\/\/api.w.org\/{rel}","templated":true}]}}