{"id":93007,"date":"2025-01-20T12:44:29","date_gmt":"2025-01-20T16:44:29","guid":{"rendered":"https:\/\/lasprimeras.com.do\/?p=93007"},"modified":"2025-01-21T13:08:47","modified_gmt":"2025-01-21T17:08:47","slug":"presidente-abinader-participa-en-acto-firma-para-construccion-nuevo-centro-oncologico","status":"publish","type":"post","link":"https:\/\/lasprimeras.com.do\/index.php\/2025\/01\/20\/presidente-abinader-participa-en-acto-firma-para-construccion-nuevo-centro-oncologico\/","title":{"rendered":"Presidente Abinader participa en acto firma para construcci\u00f3n nuevo centro oncol\u00f3gico"},"content":{"rendered":"\n<p><strong>El mismo ser\u00e1 construido mediante acuerdo entre CEDIMAT y Montefiore Einstein en respuesta al aumento significativo de patolog\u00edas oncol\u00f3gicas entre la poblaci\u00f3n dominicana<\/strong><\/p>\n\n\n\n<p>El sector salud de la Rep\u00fablica Dominicana contar\u00e1 con un nuevo y moderno centro oncol\u00f3gico que busca dar respuesta al aumento significativo del c\u00e1ncer entre la poblaci\u00f3n nacional.<\/p>\n\n\n\n<p>Con ese prop\u00f3sito el presidente Luis Abinader particip\u00f3 en la firma de un acuerdo para la construcci\u00f3n del mismo, que fue rubricado entre el Centro de Diagn\u00f3stico y Medicina Avanzada y de Conferencias M\u00e9dicas y Telemedicina (CEDIMAT) y Montefiore Einstein, reconocido por su excelencia en oncolog\u00eda y m\u00e1s de 100 a\u00f1os de experiencia.<\/p>\n\n\n\n<p>El jefe de Estado resalt\u00f3 que la salud es uno de los principales indicadores del nivel de desarrollo de una sociedad y que la Rep\u00fablica Dominicana ha avanzado mucho en infraestructura y calidad de sus m\u00e9dicos, por lo tanto el gobierno continuar\u00e1 su contribuci\u00f3n con este centro oncol\u00f3gico de nivel mundial.<\/p>\n\n\n\n<p>En ese sentido, Jorge Marte, director m\u00e9dico de CEDIMAT, indic\u00f3 que con la nueva obra se transformar\u00e1 el cuidado, diagn\u00f3stico y tratamiento de los pacientes al tiempo que destac\u00f3 la experiencia que poseen en la mejor\u00eda de la salud del pueblo dominicano.<\/p>\n\n\n\n<p>De su lado, el presidente y CEO de Montefiore Einstein Center, Philip O. Ozuah, afirm\u00f3 que brindar\u00e1n todo el apoyo necesario en aspectos como recursos humanos, metodolog\u00edas y capacitaciones, que permitan seguir elevando la salud de los dominicanos.<\/p>\n\n\n\n<p>Una vez construido, este ser\u00e1 de referencia nacional en el tratamiento del c\u00e1ncer, enfermedad que en nuestro pa\u00eds ataca de manera m\u00e1s frecuente las mamas, pr\u00f3stata, colon, pulm\u00f3n y c\u00e9rvicouterino.<\/p>\n\n\n\n<p>Los servicios a ofrecer tendr\u00e1n un enfoque en la equidad y se realizar\u00e1n con tecnolog\u00eda avanzada y recursos humanos altamente calificados, garantizando la calidad en la atenci\u00f3n gracias a los aportes del Sistema de Salud Montefiore en cuanto a metodolog\u00eda y mejores pr\u00e1cticas y procedimientos.<\/p>\n\n\n\n<p>Se implementar\u00e1n registros y estad\u00edsticas que aseguren un seguimiento eficiente y se desarrollar\u00e1 un Comit\u00e9 de Tumores conformado por especialistas de ambas instituciones, quienes evaluar\u00e1n conjuntamente las patolog\u00edas oncol\u00f3gicas para determinar los tratamientos m\u00e1s efectivos y personalizados para los pacientes.<\/p>\n\n\n\n<p>El convenio tambi\u00e9n beneficia al personal m\u00e9dico de CEDIMAT, el cual podr\u00e1 realizar especialidades y subespecialidades en el Albert Einstein College of Medicine, uno de los principales centros de Estados Unidos en educaci\u00f3n m\u00e9dica de postgrado e investigaci\u00f3n cl\u00ednica.<\/p>\n\n\n\n<p>Asimismo, podr\u00e1n mantenerse actualizados sobre los \u00faltimos avances en atenci\u00f3n al paciente e investigaci\u00f3n, mediante cursos, capacitaci\u00f3n pr\u00e1ctica y otros recursos.<\/p>\n\n\n\n<p>Tambi\u00e9n participaron, Jos\u00e9 Luis Corripio, vicepresidente del patronato de CEDIMAT; el ministro de salud V\u00edctor Atallah; Marisol Vicens, 2do vicepresidente del patronato CEDIMAT, entre otros.<\/p>\n","protected":false},"excerpt":{"rendered":"<p>El mismo ser\u00e1 construido mediante acuerdo entre CEDIMAT y Montefiore Einstein en respuesta al aumento significativo de patolog\u00edas oncol\u00f3gicas entre la poblaci\u00f3n dominicana El sector salud de la Rep\u00fablica Dominicana&hellip;<\/p>\n","protected":false},"author":2,"featured_media":93008,"comment_status":"open","ping_status":"open","sticky":false,"template":"","format":"standard","meta":{"content-type":"","jetpack_post_was_ever_published":false,"_jetpack_newsletter_access":"","_jetpack_dont_email_post_to_subs":false,"_jetpack_newsletter_tier_id":0,"_jetpack_memberships_contains_paywalled_content":false,"_jetpack_memberships_contains_paid_content":false,"footnotes":""},"categories":[25,16558],"tags":[4425,17077,970,67,17078],"class_list":["post-93007","post","type-post","status-publish","format-standard","has-post-thumbnail","hentry","category-portada","category-salud","tag-cedimat","tag-centro-oncologico","tag-construccion","tag-luis-abinader","tag-montefiore-einstein"],"jetpack_featured_media_url":"https:\/\/lasprimeras.com.do\/wp-content\/uploads\/2025\/01\/Luis-Abinader-4.jpg","jetpack-related-posts":[{"id":92984,"url":"https:\/\/lasprimeras.com.do\/index.php\/2025\/01\/21\/david-ortiz-el-cancer-es-una-enfermedad-devastadora\/","url_meta":{"origin":93007,"position":0},"title":"David Ortiz: &#8220;El c\u00e1ncer es una enfermedad devastadora&#8221;","author":"Nelson Feliz","date":"21 de enero de 2025","format":false,"excerpt":"El exjugador de b\u00e9isbol ofreci\u00f3 estas declaraciones durante el acto de anuncio de la construcci\u00f3n de un centro oncol\u00f3gico de referencia internacional en el pa\u00eds Braylin Paredes El exjugador de Grandes Ligas, David Ortiz, expres\u00f3 que \"El c\u00e1ncer es una enfermedad devastadora que se ha apoderado de la humanidad\",al compartir\u2026","rel":"","context":"En \u00abPORTADA\u00bb","block_context":{"text":"PORTADA","link":"https:\/\/lasprimeras.com.do\/index.php\/category\/portada\/"},"img":{"alt_text":"David Ortiz","src":"https:\/\/i0.wp.com\/lasprimeras.com.do\/wp-content\/uploads\/2025\/01\/David-Ortiz.jpg?resize=350%2C200&ssl=1","width":350,"height":200,"srcset":"https:\/\/i0.wp.com\/lasprimeras.com.do\/wp-content\/uploads\/2025\/01\/David-Ortiz.jpg?resize=350%2C200&ssl=1 1x, https:\/\/i0.wp.com\/lasprimeras.com.do\/wp-content\/uploads\/2025\/01\/David-Ortiz.jpg?resize=525%2C300&ssl=1 1.5x, https:\/\/i0.wp.com\/lasprimeras.com.do\/wp-content\/uploads\/2025\/01\/David-Ortiz.jpg?resize=700%2C400&ssl=1 2x"},"classes":[]},{"id":123247,"url":"https:\/\/lasprimeras.com.do\/index.php\/2026\/02\/27\/abinader-proclama-ano-historico-en-salud-con-la-autismo-hospitales-dengue-y-atencion-oncologica\/","url_meta":{"origin":93007,"position":1},"title":"Abinader proclama a\u00f1o hist\u00f3rico en salud, con la autismo, hospitales, dengue y atenci\u00f3n oncol\u00f3gica","author":"Nelson Feliz","date":"27 de febrero de 2026","format":false,"excerpt":"El mandatario refiri\u00f3 que RD fue propuesta por consenso para presidir por primera vez la Asamblea Mundial de la Salud, \u00f3rgano supremo de la Organizaci\u00f3n Mundial de la Salud. El presidente de la Rep\u00fablica, Luis Abinader, centr\u00f3 parte de su discurso de rendici\u00f3n de cuentas ante el Congreso Nacional en\u2026","rel":"","context":"En \u00abPORTADA\u00bb","block_context":{"text":"PORTADA","link":"https:\/\/lasprimeras.com.do\/index.php\/category\/portada\/"},"img":{"alt_text":"Luis Abinader","src":"https:\/\/i0.wp.com\/lasprimeras.com.do\/wp-content\/uploads\/2026\/02\/Luis-Abinader-c-4.jpg?resize=350%2C200&ssl=1","width":350,"height":200,"srcset":"https:\/\/i0.wp.com\/lasprimeras.com.do\/wp-content\/uploads\/2026\/02\/Luis-Abinader-c-4.jpg?resize=350%2C200&ssl=1 1x, https:\/\/i0.wp.com\/lasprimeras.com.do\/wp-content\/uploads\/2026\/02\/Luis-Abinader-c-4.jpg?resize=525%2C300&ssl=1 1.5x, https:\/\/i0.wp.com\/lasprimeras.com.do\/wp-content\/uploads\/2026\/02\/Luis-Abinader-c-4.jpg?resize=700%2C400&ssl=1 2x"},"classes":[]},{"id":109708,"url":"https:\/\/lasprimeras.com.do\/index.php\/2025\/09\/21\/sodom-impulsa-la-creacion-de-protocolos-de-manejo-para-pacientes-oncologicos-en-la-republica-dominicana\/","url_meta":{"origin":93007,"position":2},"title":"SODOM impulsa la creaci\u00f3n de Protocolos de Manejo para pacientes oncol\u00f3gicos en la Rep\u00fablica Dominicana","author":"Nelson Feliz","date":"21 de septiembre de 2025","format":false,"excerpt":"Por Nicol\u00e1s E. Grull\u00f3n Ubinas La Sociedad Dominicana de Oncolog\u00eda M\u00e9dica (SODOM) trabaja en la elaboraci\u00f3n de los Protocolos de Manejo para pacientes oncol\u00f3gicos, en coordinaci\u00f3n con el Ministerio de Salud P\u00fablica y Asistencia Social, la Superintendencia de Salud y Riesgos Laborales (SISALRIL), Sociedades M\u00e9dicas Especializadas, la Pontificia Universidad Cat\u00f3lica\u2026","rel":"","context":"En \u00abSALUD\u00bb","block_context":{"text":"SALUD","link":"https:\/\/lasprimeras.com.do\/index.php\/category\/salud\/"},"img":{"alt_text":"","src":"https:\/\/i0.wp.com\/lasprimeras.com.do\/wp-content\/uploads\/2025\/09\/ONCO.jpg?resize=350%2C200&ssl=1","width":350,"height":200,"srcset":"https:\/\/i0.wp.com\/lasprimeras.com.do\/wp-content\/uploads\/2025\/09\/ONCO.jpg?resize=350%2C200&ssl=1 1x, https:\/\/i0.wp.com\/lasprimeras.com.do\/wp-content\/uploads\/2025\/09\/ONCO.jpg?resize=525%2C300&ssl=1 1.5x, https:\/\/i0.wp.com\/lasprimeras.com.do\/wp-content\/uploads\/2025\/09\/ONCO.jpg?resize=700%2C400&ssl=1 2x"},"classes":[]},{"id":107596,"url":"https:\/\/lasprimeras.com.do\/index.php\/2025\/08\/28\/mutacion-genetica-causante-de-insuficiencia-cardiaca-es-comun-entre-los-dominicanos-nyc\/","url_meta":{"origin":93007,"position":3},"title":"Mutaci\u00f3n gen\u00e9tica causante de insuficiencia card\u00edaca es com\u00fan entre los dominicanos NYC","author":"Nelson Feliz","date":"28 de agosto de 2025","format":false,"excerpt":"Por Ram\u00f3n Mercedes NUEVA YORK.- Un nuevo estudio realizado por investigadores del \u00abColegio de Medicina Albert Einstein del Hospital Montefiore\u00bb, en El Bronx, ha descubierto que una rara mutaci\u00f3n gen\u00e9tica que puede provocar graves problemas card\u00edacos es mucho m\u00e1s com\u00fan entre las personas de ascendencia dominicana de lo que se\u2026","rel":"","context":"En \u00abSALUD\u00bb","block_context":{"text":"SALUD","link":"https:\/\/lasprimeras.com.do\/index.php\/category\/salud\/"},"img":{"alt_text":"","src":"https:\/\/i0.wp.com\/lasprimeras.com.do\/wp-content\/uploads\/2025\/08\/WhatsApp-Image-2025-08-28-at-6.00.41-AM-1.jpeg?resize=350%2C200&ssl=1","width":350,"height":200,"srcset":"https:\/\/i0.wp.com\/lasprimeras.com.do\/wp-content\/uploads\/2025\/08\/WhatsApp-Image-2025-08-28-at-6.00.41-AM-1.jpeg?resize=350%2C200&ssl=1 1x, https:\/\/i0.wp.com\/lasprimeras.com.do\/wp-content\/uploads\/2025\/08\/WhatsApp-Image-2025-08-28-at-6.00.41-AM-1.jpeg?resize=525%2C300&ssl=1 1.5x, https:\/\/i0.wp.com\/lasprimeras.com.do\/wp-content\/uploads\/2025\/08\/WhatsApp-Image-2025-08-28-at-6.00.41-AM-1.jpeg?resize=700%2C400&ssl=1 2x"},"classes":[]},{"id":74986,"url":"https:\/\/lasprimeras.com.do\/index.php\/2024\/01\/28\/cedimat-promueve-turismo-de-salud-en-fitur\/","url_meta":{"origin":93007,"position":4},"title":"Cedimat promueve turismo de salud en Fitur","author":"Nelson Feliz","date":"28 de enero de 2024","format":false,"excerpt":"Los Centros de Diagn\u00f3stico y Medicina Avanzada y de Conferencias M\u00e9dicas y Telemedicina (CEDIMAT), participaron en la Feria Internacional de Turismo (Fitur), convirti\u00e9ndose en el \u00fanico centro m\u00e9dico presente en el stand del pa\u00eds caribe\u00f1o. El objetivo de CEDIMAT fortalece la propuesta de la Rep\u00fablica Dominicana como un destino seguro\u2026","rel":"","context":"En \u00abPORTADA\u00bb","block_context":{"text":"PORTADA","link":"https:\/\/lasprimeras.com.do\/index.php\/category\/portada\/"},"img":{"alt_text":"Cedimat Fitur","src":"https:\/\/i0.wp.com\/lasprimeras.com.do\/wp-content\/uploads\/2024\/01\/Cedimat-Fitur.jpg?resize=350%2C200&ssl=1","width":350,"height":200,"srcset":"https:\/\/i0.wp.com\/lasprimeras.com.do\/wp-content\/uploads\/2024\/01\/Cedimat-Fitur.jpg?resize=350%2C200&ssl=1 1x, https:\/\/i0.wp.com\/lasprimeras.com.do\/wp-content\/uploads\/2024\/01\/Cedimat-Fitur.jpg?resize=525%2C300&ssl=1 1.5x, https:\/\/i0.wp.com\/lasprimeras.com.do\/wp-content\/uploads\/2024\/01\/Cedimat-Fitur.jpg?resize=700%2C400&ssl=1 2x"},"classes":[]},{"id":114603,"url":"https:\/\/lasprimeras.com.do\/index.php\/2025\/07\/31\/abinader-inaugura-primer-hospital-traumatologico-de-la-region-este-en-higuey\/","url_meta":{"origin":93007,"position":5},"title":"Abinader inaugura primer hospital traumatol\u00f3gico de la regi\u00f3n Este en Hig\u00fcey","author":"Nelson Feliz","date":"31 de julio de 2025","format":false,"excerpt":"El mandatario destac\u00f3 que inauguraci\u00f3n del centro de salud, representa un firme paso hacia la consolidaci\u00f3n de red traumatol\u00f3gica anunciada en el 2022 El presidente Luis Abinader inaugur\u00f3 este jueves el Hospital Traumatol\u00f3gico de Hig\u00fcey, el primero especializado en su categor\u00eda en toda la regi\u00f3n Este del pa\u00eds, marcando un\u2026","rel":"","context":"En \u00abPORTADA\u00bb","block_context":{"text":"PORTADA","link":"https:\/\/lasprimeras.com.do\/index.php\/category\/portada\/"},"img":{"alt_text":"","src":"https:\/\/i0.wp.com\/lasprimeras.com.do\/wp-content\/uploads\/2025\/11\/Abinader-inaugura-primer-hospital-traumatologico-de-la-region-Este-en-Higuey.jpg?resize=350%2C200&ssl=1","width":350,"height":200,"srcset":"https:\/\/i0.wp.com\/lasprimeras.com.do\/wp-content\/uploads\/2025\/11\/Abinader-inaugura-primer-hospital-traumatologico-de-la-region-Este-en-Higuey.jpg?resize=350%2C200&ssl=1 1x, https:\/\/i0.wp.com\/lasprimeras.com.do\/wp-content\/uploads\/2025\/11\/Abinader-inaugura-primer-hospital-traumatologico-de-la-region-Este-en-Higuey.jpg?resize=525%2C300&ssl=1 1.5x, https:\/\/i0.wp.com\/lasprimeras.com.do\/wp-content\/uploads\/2025\/11\/Abinader-inaugura-primer-hospital-traumatologico-de-la-region-Este-en-Higuey.jpg?resize=700%2C400&ssl=1 2x"},"classes":[]}],"jetpack_sharing_enabled":true,"_links":{"self":[{"href":"https:\/\/lasprimeras.com.do\/index.php\/wp-json\/wp\/v2\/posts\/93007","targetHints":{"allow":["GET"]}}],"collection":[{"href":"https:\/\/lasprimeras.com.do\/index.php\/wp-json\/wp\/v2\/posts"}],"about":[{"href":"https:\/\/lasprimeras.com.do\/index.php\/wp-json\/wp\/v2\/types\/post"}],"author":[{"embeddable":true,"href":"https:\/\/lasprimeras.com.do\/index.php\/wp-json\/wp\/v2\/users\/2"}],"replies":[{"embeddable":true,"href":"https:\/\/lasprimeras.com.do\/index.php\/wp-json\/wp\/v2\/comments?post=93007"}],"version-history":[{"count":1,"href":"https:\/\/lasprimeras.com.do\/index.php\/wp-json\/wp\/v2\/posts\/93007\/revisions"}],"predecessor-version":[{"id":93009,"href":"https:\/\/lasprimeras.com.do\/index.php\/wp-json\/wp\/v2\/posts\/93007\/revisions\/93009"}],"wp:featuredmedia":[{"embeddable":true,"href":"https:\/\/lasprimeras.com.do\/index.php\/wp-json\/wp\/v2\/media\/93008"}],"wp:attachment":[{"href":"https:\/\/lasprimeras.com.do\/index.php\/wp-json\/wp\/v2\/media?parent=93007"}],"wp:term":[{"taxonomy":"category","embeddable":true,"href":"https:\/\/lasprimeras.com.do\/index.php\/wp-json\/wp\/v2\/categories?post=93007"},{"taxonomy":"post_tag","embeddable":true,"href":"https:\/\/lasprimeras.com.do\/index.php\/wp-json\/wp\/v2\/tags?post=93007"}],"curies":[{"name":"wp","href":"https:\/\/api.w.org\/{rel}","templated":true}]}}