{"id":93018,"date":"2025-01-21T22:20:12","date_gmt":"2025-01-22T02:20:12","guid":{"rendered":"https:\/\/lasprimeras.com.do\/?p=93018"},"modified":"2025-01-21T22:20:17","modified_gmt":"2025-01-22T02:20:17","slug":"pn-intensifica-busqueda-de-dos-peligrosos-delincuentes-yanepa-y-leandro","status":"publish","type":"post","link":"https:\/\/lasprimeras.com.do\/index.php\/2025\/01\/21\/pn-intensifica-busqueda-de-dos-peligrosos-delincuentes-yanepa-y-leandro\/","title":{"rendered":"PN intensifica b\u00fasqueda de dos peligrosos delincuentes \u201cYanepa\u201d y \u201cLeandro\u201d"},"content":{"rendered":"\n<p>La Polic\u00eda Nacional informa que se encuentra en la b\u00fasqueda activa del reconocido delincuente Andr\u00e9s de los Santos (a) Yanepa, y su compa\u00f1ero de fechor\u00edas Leandro Carmona, se\u00f1alados como autores de m\u00faltiples cr\u00edmenes violentos cometidos en Santo Domingo Norte, incluyendo homicidios y heridas por arma de fuego ocasionadas a varias personas.<\/p>\n\n\n\n<p>En su prontuario criminal, \u201cYanepa\u201d est\u00e1 vinculado a los homicidios de Adolfo Vergal Javier (13 de enero de 2025), Jos\u00e9 Augusto de la Rosa Doble (17 de enero de 2025), Guillermo N\u00fa\u00f1ez de la Cruz (18 de enero de 2025) y Yimy Mu\u00f1oz (a) El Peluquero (20 de enero de 2025). Estos hechos han generado gran consternaci\u00f3n en la comunidad.<\/p>\n\n\n\n<p>Asimismo, se le acusa de haber herido de bala al ciudadano Gengry N\u00fa\u00f1ez Montero, el 31 de diciembre de 2024, y al cabo de la Polic\u00eda Nacional Jarlin de los Santos del Rosario el 10 de enero de 2025. Ambas agresiones ocurrieron en la carretera Yamas\u00e1, Santo Domingo Norte.<\/p>\n\n\n\n<p>En el caso de Leandro, se le atribuye su participaci\u00f3n en la muerte de Vergal Javier y las heridas de bala ocasionadas a N\u00fa\u00f1ez Montero y al alistado policial.<\/p>\n\n\n\n<p>Ambos pr\u00f3fugos son considerados altamente peligrosos, ya que se encuentran fuertemente armados. Las autoridades hacen un llamado a la ciudadan\u00eda para que colabore en su localizaci\u00f3n, recordando que cualquier informaci\u00f3n puede ser proporcionada a trav\u00e9s de la l\u00ednea confidencial 809-682-2151, el sistema 911 o el destacamento policial m\u00e1s cercano.<\/p>\n\n\n\n<figure class=\"wp-block-image size-full\"><img decoding=\"async\" width=\"700\" height=\"934\" src=\"https:\/\/lasprimeras.com.do\/wp-content\/uploads\/2025\/01\/WhatsApp-Image-2025-01-21-at-3.21.35-PM.jpg\" alt=\"\" class=\"wp-image-93020\" srcset=\"https:\/\/lasprimeras.com.do\/wp-content\/uploads\/2025\/01\/WhatsApp-Image-2025-01-21-at-3.21.35-PM.jpg 700w, https:\/\/lasprimeras.com.do\/wp-content\/uploads\/2025\/01\/WhatsApp-Image-2025-01-21-at-3.21.35-PM-225x300.jpg 225w\" sizes=\"(max-width: 700px) 100vw, 700px\" \/><\/figure>\n\n\n\n<figure class=\"wp-block-image size-full\"><img decoding=\"async\" width=\"700\" height=\"938\" src=\"https:\/\/lasprimeras.com.do\/wp-content\/uploads\/2025\/01\/WhatsApp-Image-2025-01-21-at-3.21.35-PM-1.jpg\" alt=\"\" class=\"wp-image-93021\" srcset=\"https:\/\/lasprimeras.com.do\/wp-content\/uploads\/2025\/01\/WhatsApp-Image-2025-01-21-at-3.21.35-PM-1.jpg 700w, https:\/\/lasprimeras.com.do\/wp-content\/uploads\/2025\/01\/WhatsApp-Image-2025-01-21-at-3.21.35-PM-1-224x300.jpg 224w\" sizes=\"(max-width: 700px) 100vw, 700px\" \/><\/figure>\n","protected":false},"excerpt":{"rendered":"<p>La Polic\u00eda Nacional informa que se encuentra en la b\u00fasqueda activa del reconocido delincuente Andr\u00e9s de los Santos (a) Yanepa, y su compa\u00f1ero de fechor\u00edas Leandro Carmona, se\u00f1alados como autores&hellip;<\/p>\n","protected":false},"author":2,"featured_media":93019,"comment_status":"open","ping_status":"open","sticky":false,"template":"","format":"standard","meta":{"content-type":"","jetpack_post_was_ever_published":false,"_jetpack_newsletter_access":"","_jetpack_dont_email_post_to_subs":false,"_jetpack_newsletter_tier_id":0,"_jetpack_memberships_contains_paywalled_content":false,"_jetpack_memberships_contains_paid_content":false,"footnotes":""},"categories":[3057],"tags":[4873,9445,477,17083],"class_list":["post-93018","post","type-post","status-publish","format-standard","has-post-thumbnail","hentry","category-militares","tag-delincuentes","tag-peligrosos","tag-pn","tag-yanepa-y-leandro"],"jetpack_featured_media_url":"https:\/\/lasprimeras.com.do\/wp-content\/uploads\/2025\/01\/se-busca.jpg","jetpack-related-posts":[{"id":97197,"url":"https:\/\/lasprimeras.com.do\/index.php\/2025\/04\/17\/patrulla-asesina-peligroso-delincuente-machete-en-santo-domingo-oeste\/","url_meta":{"origin":93018,"position":0},"title":"Patrulla asesina peligroso delincuente \u201cMachete\u201d en Santo Domingo Oeste","author":"Nelson Feliz","date":"17 de abril de 2025","format":false,"excerpt":"Un reconocido delincuente de nacionalidad haitiana cay\u00f3 abatido tras enfrentar a tiros a agentes de la Direcci\u00f3n Central de Investigaci\u00f3n (DICRIM) en el municipio Santo Domingo Oeste. El peligroso delincuente era buscado de manera activa por su implicaci\u00f3n en el asesinato de un raso policial en La Romana y de\u2026","rel":"","context":"En \u00abMILITARES\u00bb","block_context":{"text":"MILITARES","link":"https:\/\/lasprimeras.com.do\/index.php\/category\/militares\/"},"img":{"alt_text":"","src":"https:\/\/i0.wp.com\/lasprimeras.com.do\/wp-content\/uploads\/2025\/04\/WhatsApp-Image-2025-04-16-at-8.29.21-PM-1.jpeg?resize=350%2C200&ssl=1","width":350,"height":200,"srcset":"https:\/\/i0.wp.com\/lasprimeras.com.do\/wp-content\/uploads\/2025\/04\/WhatsApp-Image-2025-04-16-at-8.29.21-PM-1.jpeg?resize=350%2C200&ssl=1 1x, https:\/\/i0.wp.com\/lasprimeras.com.do\/wp-content\/uploads\/2025\/04\/WhatsApp-Image-2025-04-16-at-8.29.21-PM-1.jpeg?resize=525%2C300&ssl=1 1.5x, https:\/\/i0.wp.com\/lasprimeras.com.do\/wp-content\/uploads\/2025\/04\/WhatsApp-Image-2025-04-16-at-8.29.21-PM-1.jpeg?resize=700%2C400&ssl=1 2x, https:\/\/i0.wp.com\/lasprimeras.com.do\/wp-content\/uploads\/2025\/04\/WhatsApp-Image-2025-04-16-at-8.29.21-PM-1.jpeg?resize=1050%2C600&ssl=1 3x, https:\/\/i0.wp.com\/lasprimeras.com.do\/wp-content\/uploads\/2025\/04\/WhatsApp-Image-2025-04-16-at-8.29.21-PM-1.jpeg?resize=1400%2C800&ssl=1 4x"},"classes":[]},{"id":102250,"url":"https:\/\/lasprimeras.com.do\/index.php\/2025\/07\/02\/pn-se-lambe-peligroso-delincuente-el-fay-durante-allanamiento-en-mao\/","url_meta":{"origin":93018,"position":1},"title":"PN se lambe peligroso delincuente \u201cEl Fay\u201d durante allanamiento en Mao","author":"Nelson Feliz","date":"2 de julio de 2025","format":false,"excerpt":"Un reconocido antisocial identificado como Alfredo Tav\u00e1rez, alias \u201cEl Fay\u201d, con antecedentes por robo y microtr\u00e1fico, cay\u00f3 abatido tras enfrentar a tiros a agentes de la Polic\u00eda Nacional durante un allanamiento en el sector Pueblo Nuevo de Mao, provincia Valverde. \u201cEl Fay\u201d, quien figuraba en el sistema policial con fichas\u2026","rel":"","context":"En \u00abMILITARES\u00bb","block_context":{"text":"MILITARES","link":"https:\/\/lasprimeras.com.do\/index.php\/category\/militares\/"},"img":{"alt_text":"","src":"https:\/\/i0.wp.com\/lasprimeras.com.do\/wp-content\/uploads\/2025\/07\/arma.jpg?resize=350%2C200&ssl=1","width":350,"height":200,"srcset":"https:\/\/i0.wp.com\/lasprimeras.com.do\/wp-content\/uploads\/2025\/07\/arma.jpg?resize=350%2C200&ssl=1 1x, https:\/\/i0.wp.com\/lasprimeras.com.do\/wp-content\/uploads\/2025\/07\/arma.jpg?resize=525%2C300&ssl=1 1.5x, https:\/\/i0.wp.com\/lasprimeras.com.do\/wp-content\/uploads\/2025\/07\/arma.jpg?resize=700%2C400&ssl=1 2x"},"classes":[]},{"id":86428,"url":"https:\/\/lasprimeras.com.do\/index.php\/2024\/07\/24\/agentes-de-la-pn-asesinan-reconocido-delincuente-el-animal-en-villa-mella\/","url_meta":{"origin":93018,"position":2},"title":"Agentes de la PN asesinan reconocido delincuente \u201cEl Animal\u201d en Villa Mella","author":"Nelson Feliz","date":"24 de julio de 2024","format":false,"excerpt":"-Le ocupan pistola que portaba de manera ilegal y con la cual atac\u00f3 a los agentes actuantes. Un reconocido delincuente que era buscado mediante orden de arresto por la comisi\u00f3n de m\u00faltiples delitos, incluyendo homicidio, cay\u00f3 abatido este mi\u00e9rcoles al enfrentar un equipo de Operaciones de Investigaci\u00f3n (DICRIM) que le\u2026","rel":"","context":"En \u00abMILITARES\u00bb","block_context":{"text":"MILITARES","link":"https:\/\/lasprimeras.com.do\/index.php\/category\/militares\/"},"img":{"alt_text":"","src":"","width":0,"height":0},"classes":[]},{"id":57393,"url":"https:\/\/lasprimeras.com.do\/index.php\/2023\/08\/11\/sargento-pn-y-presunto-delincuente-mueren-en-intercambio-de-disparos-en-sabana-perdida\/","url_meta":{"origin":93018,"position":3},"title":"Sargento PN y presunto delincuente mueren en intercambio de disparos en Sabana Perdida","author":"Nelson Feliz","date":"11 de agosto de 2023","format":false,"excerpt":"Un sargento de la Polic\u00eda Nacional (PN) y un presunto delincuente resultaron muertos en un enfrentamiento a tiros en Sabana Perdida, Santo Domingo Norte. El sargento fue identificado como Franco Mel\u00e9ndez M\u00e9ndez, de 38 a\u00f1os, quien falleci\u00f3 la ma\u00f1ana del jueves mientras recib\u00eda atenciones m\u00e9dicas como consecuencia de herida de\u2026","rel":"","context":"En \u00abMILITARES\u00bb","block_context":{"text":"MILITARES","link":"https:\/\/lasprimeras.com.do\/index.php\/category\/militares\/"},"img":{"alt_text":"Tres hombres fueron asesinados la madrugada de este martes a balazos en el barrio Campeche","src":"https:\/\/i0.wp.com\/lasprimeras.com.do\/wp-content\/uploads\/2023\/07\/bala.jpg?resize=350%2C200&ssl=1","width":350,"height":200,"srcset":"https:\/\/i0.wp.com\/lasprimeras.com.do\/wp-content\/uploads\/2023\/07\/bala.jpg?resize=350%2C200&ssl=1 1x, https:\/\/i0.wp.com\/lasprimeras.com.do\/wp-content\/uploads\/2023\/07\/bala.jpg?resize=525%2C300&ssl=1 1.5x, https:\/\/i0.wp.com\/lasprimeras.com.do\/wp-content\/uploads\/2023\/07\/bala.jpg?resize=700%2C400&ssl=1 2x"},"classes":[]},{"id":92544,"url":"https:\/\/lasprimeras.com.do\/index.php\/2025\/01\/05\/dicrim-investigan-muerte-de-mujer-en-los-guaricanos\/","url_meta":{"origin":93018,"position":4},"title":"DICRIM investigan muerte de mujer en Los Guaricanos","author":"Nelson Feliz","date":"5 de enero de 2025","format":false,"excerpt":"-Dos detenidos y patrulla actuante bajo investigaci\u00f3n. Una comisi\u00f3n de fiscales del \u00e1rea de investigaciones de homicidios de la Procuradur\u00eda Fiscal Santo Domingo Norte, junto a oficiales de la Direcci\u00f3n Central de Investigaci\u00f3n (DICRIM), profundizan las investigaciones para esclarecer las circunstancias en las que una mujer perdi\u00f3 la vida a\u2026","rel":"","context":"En \u00abMILITARES\u00bb","block_context":{"text":"MILITARES","link":"https:\/\/lasprimeras.com.do\/index.php\/category\/militares\/"},"img":{"alt_text":"dicrim","src":"https:\/\/i0.wp.com\/lasprimeras.com.do\/wp-content\/uploads\/2023\/12\/dicrim.jpeg?resize=350%2C200&ssl=1","width":350,"height":200,"srcset":"https:\/\/i0.wp.com\/lasprimeras.com.do\/wp-content\/uploads\/2023\/12\/dicrim.jpeg?resize=350%2C200&ssl=1 1x, https:\/\/i0.wp.com\/lasprimeras.com.do\/wp-content\/uploads\/2023\/12\/dicrim.jpeg?resize=525%2C300&ssl=1 1.5x, https:\/\/i0.wp.com\/lasprimeras.com.do\/wp-content\/uploads\/2023\/12\/dicrim.jpeg?resize=700%2C400&ssl=1 2x"},"classes":[]},{"id":123379,"url":"https:\/\/lasprimeras.com.do\/index.php\/2026\/02\/28\/pn-activa-busqueda-de-presuntos-delincuentes-tras-homicidio-de-cabo\/","url_meta":{"origin":93018,"position":5},"title":"PN activa b\u00fasqueda de presuntos delincuentes tras homicidio de cabo","author":"Nelson Feliz","date":"28 de febrero de 2026","format":false,"excerpt":"-Dos de los presuntos autores han sido identificados como \u201cJordan\u201d y \u201cEsmailin\u201d. La Polic\u00eda Nacional inform\u00f3 que mantiene una persecuci\u00f3n activa contra cuatro presuntos delincuentes, dos de ellos identificados como \u201cJordan\u201d y \u201cEsmailin\u201d, se\u00f1alados como los presuntos autores de la muerte por herida de bala del cabo policial Carlos Manuel\u2026","rel":"","context":"En \u00abMILITARES\u00bb","block_context":{"text":"MILITARES","link":"https:\/\/lasprimeras.com.do\/index.php\/category\/militares\/"},"img":{"alt_text":"","src":"https:\/\/i0.wp.com\/lasprimeras.com.do\/wp-content\/uploads\/2026\/02\/una-1-1.jpg?resize=350%2C200&ssl=1","width":350,"height":200,"srcset":"https:\/\/i0.wp.com\/lasprimeras.com.do\/wp-content\/uploads\/2026\/02\/una-1-1.jpg?resize=350%2C200&ssl=1 1x, https:\/\/i0.wp.com\/lasprimeras.com.do\/wp-content\/uploads\/2026\/02\/una-1-1.jpg?resize=525%2C300&ssl=1 1.5x, https:\/\/i0.wp.com\/lasprimeras.com.do\/wp-content\/uploads\/2026\/02\/una-1-1.jpg?resize=700%2C400&ssl=1 2x"},"classes":[]}],"jetpack_sharing_enabled":true,"_links":{"self":[{"href":"https:\/\/lasprimeras.com.do\/index.php\/wp-json\/wp\/v2\/posts\/93018","targetHints":{"allow":["GET"]}}],"collection":[{"href":"https:\/\/lasprimeras.com.do\/index.php\/wp-json\/wp\/v2\/posts"}],"about":[{"href":"https:\/\/lasprimeras.com.do\/index.php\/wp-json\/wp\/v2\/types\/post"}],"author":[{"embeddable":true,"href":"https:\/\/lasprimeras.com.do\/index.php\/wp-json\/wp\/v2\/users\/2"}],"replies":[{"embeddable":true,"href":"https:\/\/lasprimeras.com.do\/index.php\/wp-json\/wp\/v2\/comments?post=93018"}],"version-history":[{"count":1,"href":"https:\/\/lasprimeras.com.do\/index.php\/wp-json\/wp\/v2\/posts\/93018\/revisions"}],"predecessor-version":[{"id":93022,"href":"https:\/\/lasprimeras.com.do\/index.php\/wp-json\/wp\/v2\/posts\/93018\/revisions\/93022"}],"wp:featuredmedia":[{"embeddable":true,"href":"https:\/\/lasprimeras.com.do\/index.php\/wp-json\/wp\/v2\/media\/93019"}],"wp:attachment":[{"href":"https:\/\/lasprimeras.com.do\/index.php\/wp-json\/wp\/v2\/media?parent=93018"}],"wp:term":[{"taxonomy":"category","embeddable":true,"href":"https:\/\/lasprimeras.com.do\/index.php\/wp-json\/wp\/v2\/categories?post=93018"},{"taxonomy":"post_tag","embeddable":true,"href":"https:\/\/lasprimeras.com.do\/index.php\/wp-json\/wp\/v2\/tags?post=93018"}],"curies":[{"name":"wp","href":"https:\/\/api.w.org\/{rel}","templated":true}]}}