{"id":93026,"date":"2025-01-21T22:31:25","date_gmt":"2025-01-22T02:31:25","guid":{"rendered":"https:\/\/lasprimeras.com.do\/?p=93026"},"modified":"2025-01-21T22:31:31","modified_gmt":"2025-01-22T02:31:31","slug":"apresan-los-mellizos-de-azua-implicados-en-robos-a-residencia-y-albergue","status":"publish","type":"post","link":"https:\/\/lasprimeras.com.do\/index.php\/2025\/01\/21\/apresan-los-mellizos-de-azua-implicados-en-robos-a-residencia-y-albergue\/","title":{"rendered":"Apresan &#8220;Los Mellizos de Azua&#8221; implicados en robos a residencia y albergue"},"content":{"rendered":"\n<p>Miembros de la Direcci\u00f3n Central de Investigaci\u00f3n (Dicrim) de la Polic\u00eda Nacional detuvieron a los hermanos mellizos Miguel \u00c1ngel de Le\u00f3n, y \u00c1ngel Miguel de Le\u00f3n, ambos de 24 a\u00f1os, quienes eran buscados bajo la orden judicial de arresto n\u00famero 2025-AJ0003397.<\/p>\n\n\n\n<p>Los mellizos est\u00e1n vinculados a un robo ocurrido el pasado 15 de enero de 2025, en una residencia de Azua.<\/p>\n\n\n\n<p>Seg\u00fan las investigaciones, los implicados forzaron la puerta de cristal de la vivienda para ingresar y sustraer cuatro perfumes de distintas marcas, tres pares de tenis y 30,000 pesos en efectivo que se encontraban en una gaveta.<\/p>\n\n\n\n<p>Asimismo, se les relaciona con otro robo perpetrado el 8 de enero de 2025, en un albergue de la misma localidad.<\/p>\n\n\n\n<p>De acuerdo con la denuncia, ambos hermanos habr\u00edan escalado la pared de bloques del recinto para sustraer tres abanicos de pared. Este delito qued\u00f3 registrado en las c\u00e1maras de seguridad del lugar.<\/p>\n\n\n\n<p>Ambos detenidos permanecen bajo custodia policial y ser\u00e1n puestos a disposici\u00f3n de la justicia, v\u00eda el Ministerio P\u00fablico.<\/p>\n","protected":false},"excerpt":{"rendered":"<p>Miembros de la Direcci\u00f3n Central de Investigaci\u00f3n (Dicrim) de la Polic\u00eda Nacional detuvieron a los hermanos mellizos Miguel \u00c1ngel de Le\u00f3n, y \u00c1ngel Miguel de Le\u00f3n, ambos de 24 a\u00f1os,&hellip;<\/p>\n","protected":false},"author":2,"featured_media":93027,"comment_status":"open","ping_status":"open","sticky":false,"template":"","format":"standard","meta":{"content-type":"","jetpack_post_was_ever_published":false,"_jetpack_newsletter_access":"","_jetpack_dont_email_post_to_subs":false,"_jetpack_newsletter_tier_id":0,"_jetpack_memberships_contains_paywalled_content":false,"_jetpack_memberships_contains_paid_content":false,"footnotes":""},"categories":[3057],"tags":[17086,17085,1281,99,3627],"class_list":["post-93026","post","type-post","status-publish","format-standard","has-post-thumbnail","hentry","category-militares","tag-albergue","tag-los-mellizos-de-azua","tag-preso","tag-residencia","tag-robos"],"jetpack_featured_media_url":"https:\/\/lasprimeras.com.do\/wp-content\/uploads\/2025\/01\/dicrim.jpg","jetpack-related-posts":[{"id":100805,"url":"https:\/\/lasprimeras.com.do\/index.php\/2025\/06\/12\/jonron-de-479-pies-de-buxton-impulsa-victoria-6-2-de-mellizos-ante-rangers\/","url_meta":{"origin":93026,"position":0},"title":"Jonr\u00f3n de 479 pies de Buxton impulsa victoria 6-2 de Mellizos ante Rangers","author":"Nelson Feliz","date":"12 de junio de 2025","format":false,"excerpt":"MINNEAPOLIS (AP) \u2014 Byron Buxton lanz\u00f3 un jonr\u00f3n de 479 pies, el segundo cuadrangular m\u00e1s largo en las Grandes Ligas esta temporada, para impulsar el triunfo 6-2 de los Mellizos de Minnesota ante los Rangers de Texas. El batazo de tres carreras de Buxton al jard\u00edn central contra el abridor\u2026","rel":"","context":"En \u00abDEPORTES\u00bb","block_context":{"text":"DEPORTES","link":"https:\/\/lasprimeras.com.do\/index.php\/category\/deportes\/"},"img":{"alt_text":"","src":"https:\/\/i0.wp.com\/lasprimeras.com.do\/wp-content\/uploads\/2025\/06\/Carlos-Correa.jpg?resize=350%2C200&ssl=1","width":350,"height":200,"srcset":"https:\/\/i0.wp.com\/lasprimeras.com.do\/wp-content\/uploads\/2025\/06\/Carlos-Correa.jpg?resize=350%2C200&ssl=1 1x, https:\/\/i0.wp.com\/lasprimeras.com.do\/wp-content\/uploads\/2025\/06\/Carlos-Correa.jpg?resize=525%2C300&ssl=1 1.5x, https:\/\/i0.wp.com\/lasprimeras.com.do\/wp-content\/uploads\/2025\/06\/Carlos-Correa.jpg?resize=700%2C400&ssl=1 2x"},"classes":[]},{"id":100823,"url":"https:\/\/lasprimeras.com.do\/index.php\/2025\/06\/12\/mellizos-canjean-al-relevista-alcala-con-medias-rojas-por-un-jugador-de-ligas-menores\/","url_meta":{"origin":93026,"position":1},"title":"Mellizos canjean al relevista Alcal\u00e1 con Medias Rojas por un jugador de ligas menores","author":"Nelson Feliz","date":"12 de junio de 2025","format":false,"excerpt":"POR TYLER MASON MINNEAPOLIS (AP) \u2014 Los Mellizos de Minnesota cedieron el mi\u00e9rcoles al relevista dominicano Jorge Alcal\u00e1, en un canje pactado con los Medias Rojas de Boston, por su compatriota Andy Lugo, pelotero de las menores. Alcal\u00e1 (0-2), de 29 a\u00f1os, tiene una efectividad de 8.88 en 22 apariciones\u2026","rel":"","context":"En \u00abDEPORTES\u00bb","block_context":{"text":"DEPORTES","link":"https:\/\/lasprimeras.com.do\/index.php\/category\/deportes\/"},"img":{"alt_text":"","src":"https:\/\/i0.wp.com\/lasprimeras.com.do\/wp-content\/uploads\/2025\/06\/Jorge-Alcala.jpg?resize=350%2C200&ssl=1","width":350,"height":200,"srcset":"https:\/\/i0.wp.com\/lasprimeras.com.do\/wp-content\/uploads\/2025\/06\/Jorge-Alcala.jpg?resize=350%2C200&ssl=1 1x, https:\/\/i0.wp.com\/lasprimeras.com.do\/wp-content\/uploads\/2025\/06\/Jorge-Alcala.jpg?resize=525%2C300&ssl=1 1.5x, https:\/\/i0.wp.com\/lasprimeras.com.do\/wp-content\/uploads\/2025\/06\/Jorge-Alcala.jpg?resize=700%2C400&ssl=1 2x"},"classes":[]},{"id":97874,"url":"https:\/\/lasprimeras.com.do\/index.php\/2025\/04\/29\/mellizos-batean-17-imparables-en-paliza-11-1-a-guardianes\/","url_meta":{"origin":93026,"position":2},"title":"Mellizos batean 17 imparables en paliza 11-1 a Guardianes","author":"Nelson Feliz","date":"29 de abril de 2025","format":false,"excerpt":"CLEVELAND (AP) \u2014 Jonah Bride bate\u00f3 tres de los 17 hits de Minnesota, Bailey Ober permiti\u00f3 una carrera en siete entradas 2\/3 y los Mellizos de Minnesota vencieron 11-1 el lunes a los Guardianes de Cleveland. Diez jugadores de Minnesota tuvieron imparables, la primera vez que los Mellizos lograron eso\u2026","rel":"","context":"En \u00abDEPORTES\u00bb","block_context":{"text":"DEPORTES","link":"https:\/\/lasprimeras.com.do\/index.php\/category\/deportes\/"},"img":{"alt_text":"","src":"https:\/\/i0.wp.com\/lasprimeras.com.do\/wp-content\/uploads\/2025\/04\/Mellizos-batean-17-imparables-en-paliza-11-1-a-Guardianes.jpg?resize=350%2C200&ssl=1","width":350,"height":200,"srcset":"https:\/\/i0.wp.com\/lasprimeras.com.do\/wp-content\/uploads\/2025\/04\/Mellizos-batean-17-imparables-en-paliza-11-1-a-Guardianes.jpg?resize=350%2C200&ssl=1 1x, https:\/\/i0.wp.com\/lasprimeras.com.do\/wp-content\/uploads\/2025\/04\/Mellizos-batean-17-imparables-en-paliza-11-1-a-Guardianes.jpg?resize=525%2C300&ssl=1 1.5x, https:\/\/i0.wp.com\/lasprimeras.com.do\/wp-content\/uploads\/2025\/04\/Mellizos-batean-17-imparables-en-paliza-11-1-a-Guardianes.jpg?resize=700%2C400&ssl=1 2x"},"classes":[]},{"id":127228,"url":"https:\/\/lasprimeras.com.do\/index.php\/2026\/04\/09\/mellizos-completan-barrida-de-4-juegos-ante-tigres-con-victoria-3-1\/","url_meta":{"origin":93026,"position":3},"title":"Mellizos completan barrida de 4 juegos ante Tigres con victoria 3-1","author":"Nelson Feliz","date":"9 de abril de 2026","format":false,"excerpt":"MINNEAPOLIS (AP) \u2014 Brooks Lee conect\u00f3 un sencillo de dos carreras que rompi\u00f3 el empate en la octava entrada y los Mellizos de Minnesota consiguieron el jueves la victoria 3-1 para completar una barrida de cuatro juegos sobre los Tigres de Detroit. Mick Abel lanz\u00f3 seis entradas sin permitir carreras\u2026","rel":"","context":"En \u00abDEPORTES\u00bb","block_context":{"text":"DEPORTES","link":"https:\/\/lasprimeras.com.do\/index.php\/category\/deportes\/"},"img":{"alt_text":"Brooks Lee de los Mellizos de Minnesota celebra luego de dar un hit remolcador ante los Tigres de Detroit, el jueves 9 de abril de 2026, en Minneapolis. (AP Foto\/Matt Krohn)","src":"https:\/\/i0.wp.com\/lasprimeras.com.do\/wp-content\/uploads\/2026\/04\/Brooks-Lee.jpg?resize=350%2C200&ssl=1","width":350,"height":200,"srcset":"https:\/\/i0.wp.com\/lasprimeras.com.do\/wp-content\/uploads\/2026\/04\/Brooks-Lee.jpg?resize=350%2C200&ssl=1 1x, https:\/\/i0.wp.com\/lasprimeras.com.do\/wp-content\/uploads\/2026\/04\/Brooks-Lee.jpg?resize=525%2C300&ssl=1 1.5x, https:\/\/i0.wp.com\/lasprimeras.com.do\/wp-content\/uploads\/2026\/04\/Brooks-Lee.jpg?resize=700%2C400&ssl=1 2x"},"classes":[]},{"id":96655,"url":"https:\/\/lasprimeras.com.do\/index.php\/2025\/04\/05\/mellizos-vencen-6-1-a-los-astros-con-jonron-de-tres-carreras-de-jose-miranda\/","url_meta":{"origin":93026,"position":4},"title":"Mellizos vencen 6-1 a los Astros con jonr\u00f3n de tres carreras de Jos\u00e9 Miranda","author":"Nelson Feliz","date":"5 de abril de 2025","format":false,"excerpt":"MINNEAPOLIS (AP) \u2014 El jonr\u00f3n de tres carreras del puertorrique\u00f1o Jos\u00e9 Miranda destac\u00f3 una entrada de seis carreras en el cuarto inning que impuls\u00f3 la victoria 6-1 de los Mellizos de Minnesota el s\u00e1bado sobre los Astros de Houston. Los Mellizos conectaron sus primeros hits contra Spencer Arighetti (1-1) hasta\u2026","rel":"","context":"En \u00abDEPORTES\u00bb","block_context":{"text":"DEPORTES","link":"https:\/\/lasprimeras.com.do\/index.php\/category\/deportes\/"},"img":{"alt_text":"","src":"https:\/\/i0.wp.com\/lasprimeras.com.do\/wp-content\/uploads\/2025\/04\/Jose-Miranda.jpg?resize=350%2C200&ssl=1","width":350,"height":200,"srcset":"https:\/\/i0.wp.com\/lasprimeras.com.do\/wp-content\/uploads\/2025\/04\/Jose-Miranda.jpg?resize=350%2C200&ssl=1 1x, https:\/\/i0.wp.com\/lasprimeras.com.do\/wp-content\/uploads\/2025\/04\/Jose-Miranda.jpg?resize=525%2C300&ssl=1 1.5x, https:\/\/i0.wp.com\/lasprimeras.com.do\/wp-content\/uploads\/2025\/04\/Jose-Miranda.jpg?resize=700%2C400&ssl=1 2x"},"classes":[]},{"id":98512,"url":"https:\/\/lasprimeras.com.do\/index.php\/2025\/05\/08\/buxton-y-bader-disparan-grandes-cuadrangulares-y-mellizos-se-imponen-5-2-a-los-orioles\/","url_meta":{"origin":93026,"position":5},"title":"Buxton y Bader disparan grandes cuadrangulares y Mellizos se imponen 5-2 a los Orioles","author":"Nelson Feliz","date":"8 de mayo de 2025","format":false,"excerpt":"MINNEAPOLIS (AP) \u2014 Byron Buxton bate\u00f3 un jonr\u00f3n por tercer juego consecutivo y Harrison Bader conect\u00f3 un cuadrangular como emergente para llevar a los Mellizos de Minnesota a una victoria de 5-2 sobre los Orioles de Baltimore el mi\u00e9rcoles por la noche, logrando su cuarta victoria consecutiva. Buxton conect\u00f3 un\u2026","rel":"","context":"En \u00abDEPORTES\u00bb","block_context":{"text":"DEPORTES","link":"https:\/\/lasprimeras.com.do\/index.php\/category\/deportes\/"},"img":{"alt_text":"","src":"https:\/\/i0.wp.com\/lasprimeras.com.do\/wp-content\/uploads\/2025\/05\/Harrison-Bader.jpg?resize=350%2C200&ssl=1","width":350,"height":200,"srcset":"https:\/\/i0.wp.com\/lasprimeras.com.do\/wp-content\/uploads\/2025\/05\/Harrison-Bader.jpg?resize=350%2C200&ssl=1 1x, https:\/\/i0.wp.com\/lasprimeras.com.do\/wp-content\/uploads\/2025\/05\/Harrison-Bader.jpg?resize=525%2C300&ssl=1 1.5x, https:\/\/i0.wp.com\/lasprimeras.com.do\/wp-content\/uploads\/2025\/05\/Harrison-Bader.jpg?resize=700%2C400&ssl=1 2x"},"classes":[]}],"jetpack_sharing_enabled":true,"_links":{"self":[{"href":"https:\/\/lasprimeras.com.do\/index.php\/wp-json\/wp\/v2\/posts\/93026","targetHints":{"allow":["GET"]}}],"collection":[{"href":"https:\/\/lasprimeras.com.do\/index.php\/wp-json\/wp\/v2\/posts"}],"about":[{"href":"https:\/\/lasprimeras.com.do\/index.php\/wp-json\/wp\/v2\/types\/post"}],"author":[{"embeddable":true,"href":"https:\/\/lasprimeras.com.do\/index.php\/wp-json\/wp\/v2\/users\/2"}],"replies":[{"embeddable":true,"href":"https:\/\/lasprimeras.com.do\/index.php\/wp-json\/wp\/v2\/comments?post=93026"}],"version-history":[{"count":1,"href":"https:\/\/lasprimeras.com.do\/index.php\/wp-json\/wp\/v2\/posts\/93026\/revisions"}],"predecessor-version":[{"id":93028,"href":"https:\/\/lasprimeras.com.do\/index.php\/wp-json\/wp\/v2\/posts\/93026\/revisions\/93028"}],"wp:featuredmedia":[{"embeddable":true,"href":"https:\/\/lasprimeras.com.do\/index.php\/wp-json\/wp\/v2\/media\/93027"}],"wp:attachment":[{"href":"https:\/\/lasprimeras.com.do\/index.php\/wp-json\/wp\/v2\/media?parent=93026"}],"wp:term":[{"taxonomy":"category","embeddable":true,"href":"https:\/\/lasprimeras.com.do\/index.php\/wp-json\/wp\/v2\/categories?post=93026"},{"taxonomy":"post_tag","embeddable":true,"href":"https:\/\/lasprimeras.com.do\/index.php\/wp-json\/wp\/v2\/tags?post=93026"}],"curies":[{"name":"wp","href":"https:\/\/api.w.org\/{rel}","templated":true}]}}