{"id":93070,"date":"2025-01-24T00:21:55","date_gmt":"2025-01-24T04:21:55","guid":{"rendered":"https:\/\/lasprimeras.com.do\/?p=93070"},"modified":"2025-01-24T00:22:00","modified_gmt":"2025-01-24T04:22:00","slug":"defensa-publica-asiste-a-mas-de-90000-personas-en-2024","status":"publish","type":"post","link":"https:\/\/lasprimeras.com.do\/index.php\/2025\/01\/24\/defensa-publica-asiste-a-mas-de-90000-personas-en-2024\/","title":{"rendered":"Defensa P\u00fablica asiste a m\u00e1s de 90,000 personas en 2024"},"content":{"rendered":"\n<p><strong>Un A\u00f1o de Impacto y Diversidad Legal.<\/strong><\/p>\n\n\n\n<p>La Oficina Nacional de Defensa P\u00fablica (ONDP) cerr\u00f3 el a\u00f1o 2024 con cifras hist\u00f3ricas que consolidan su papel como garante de los derechos fundamentales en la Rep\u00fablica Dominicana.<\/p>\n\n\n\n<p>A trav\u00e9s de sus 34 oficinas distribuidas a nivel nacional, la instituci\u00f3n brind\u00f3 asistencia legal a 90,688 personas y realiz\u00f3 5,693 visitas carcelarias, ratificando su compromiso con la protecci\u00f3n y defensa de los derechos de sus representados.<\/p>\n\n\n\n<p>Impacto significativo en la justicia penal<\/p>\n\n\n\n<p>En 2024, la Oficina Nacional de Defensa P\u00fablica manej\u00f3 un total de 26,449 casos legales, de los cuales un 94.4% pertenecieron a la jurisdicci\u00f3n penal de adultos y el 5.6% a la penal juvenil. En la primera, se brind\u00f3 asistencia a 23,462 hombres y 1,516 mujeres, mientras que en la jurisdicci\u00f3n juvenil fueron atendidos 1,333 varones y 138 mujeres. De estos casos, 1,280 (4.8%) involucraron a extranjeros, destacando una fuerte presencia de nacionales haitianos (1,222), seguidos de ciudadanos de Venezuela (14), Estados Unidos (9), Colombia (7) y Espa\u00f1a (6). Tambi\u00e9n se reportaron casos de personas procedentes de Jamaica (4), Rusia (3), Italia (3), Alemania (2), Jap\u00f3n (1), Ecuador (1), Aruba (1), Canad\u00e1 (1), Bolivia (1), Holanda (1), Palestina (1), Pa\u00edses Bajos (1), Francia (1) y Portugal (1). Por su parte, 25,169 casos (95.2%) fueron gestionados en favor de ciudadanos dominicanos, reflejando la amplia variedad de situaciones legales que la instituci\u00f3n ha abordado durante el a\u00f1o 2024.<\/p>\n\n\n\n<p>El director de la ONDP, Rodolfo Valent\u00edn Santos, destac\u00f3 el arduo trabajo de los defensores p\u00fablicos, calific\u00e1ndolo como un \u201caut\u00e9ntico sacerdocio\u201d dedicado a la defensa de la dignidad humana y los derechos fundamentales.<\/p>\n\n\n\n<p>Resultados destacados<\/p>\n\n\n\n<p>La Oficina Nacional de Defensa P\u00fablica ha marcado un hito significativo en el \u00e1mbito de la justicia penal de adultos, con la resoluci\u00f3n exitosa de 12,617 casos. Entre los logros destacados se incluyen 4,585 extinciones de acci\u00f3n penal, 3,090 descargos y 2,150 autos de no ha lugar.<\/p>\n\n\n\n<p>Adem\u00e1s, se han implementado 152 criterios de oportunidad, 16 conciliaciones y 282 suspensiones condicionales del procedimiento, evidenciando un enfoque estrat\u00e9gico y efectivo para la resoluci\u00f3n de conflictos legales.<\/p>\n\n\n\n<p>En cuanto a recursos legales, se presentaron 10,250 acciones, incluyendo 942 recursos de casaci\u00f3n, 2,130 apelaciones de sentencias y 3,546 revisiones de medidas, reafirmando el compromiso de la ONDP con la protecci\u00f3n de los derechos de sus representados.<\/p>\n\n\n\n<p>Justicia juvenil inclusiva<\/p>\n\n\n\n<p>En la jurisdicci\u00f3n penal juvenil, se resolvieron 1,154 casos, destac\u00e1ndose 398 extinciones, 236 archivos definitivos y 183 cesaciones de la sanci\u00f3n. Asimismo, se alcanzaron acuerdos significativos, como 109 acuerdos plenos en etapa intermedia y 24 acuerdos parciales en etapa de fondo.<\/p>\n\n\n\n<p>Expansi\u00f3n y fortalecimiento institucional<\/p>\n\n\n\n<p>Con el firme prop\u00f3sito de ampliar el acceso a la justicia, la Oficina Nacional de Defensa P\u00fablica (ONDP) ha lanzado el Concurso para Aspirantes a Defensores P\u00fablicos, con la meta de incorporar 80 nuevos profesionales a su equipo.<\/p>\n\n\n\n<p>Esta iniciativa, respaldada por el presidente de la Rep\u00fablica Dominicana, Luis Rodolfo Abinader Corona, busca fortalecer el cuerpo de 173 defensores p\u00fablicos y 159 abogados adscritos que operan a nivel nacional.<\/p>\n\n\n\n<p>Compromiso con los derechos humanos<\/p>\n\n\n\n<p>Durante 2024, la ONDP ejecut\u00f3 518 acciones constitucionales en la jurisdicci\u00f3n penal de adultos y 9 en la penal juvenil. La instituci\u00f3n reafirma su rol clave en la protecci\u00f3n de los derechos humanos al ofrecer servicios gratuitos de defensa legal a personas sin recursos o en situaci\u00f3n de vulnerabilidad, a trav\u00e9s de un equipo altamente calificado.<\/p>\n\n\n\n<p>Con estas cifras y logros, la Oficina Nacional de Defensa P\u00fablica cierra un a\u00f1o de avances hist\u00f3ricos, consolid\u00e1ndose como un pilar fundamental para la justicia y la protecci\u00f3n de los derechos en la Rep\u00fablica Dominicana.<\/p>\n","protected":false},"excerpt":{"rendered":"<p>Un A\u00f1o de Impacto y Diversidad Legal. La Oficina Nacional de Defensa P\u00fablica (ONDP) cerr\u00f3 el a\u00f1o 2024 con cifras hist\u00f3ricas que consolidan su papel como garante de los derechos&hellip;<\/p>\n","protected":false},"author":2,"featured_media":69089,"comment_status":"open","ping_status":"open","sticky":false,"template":"","format":"standard","meta":{"content-type":"","jetpack_post_was_ever_published":false,"_jetpack_newsletter_access":"","_jetpack_dont_email_post_to_subs":false,"_jetpack_newsletter_tier_id":0,"_jetpack_memberships_contains_paywalled_content":false,"_jetpack_memberships_contains_paid_content":false,"footnotes":""},"categories":[35,25],"tags":[5459],"class_list":["post-93070","post","type-post","status-publish","format-standard","has-post-thumbnail","hentry","category-nacionales","category-portada","tag-defensa-publica"],"jetpack_featured_media_url":"https:\/\/lasprimeras.com.do\/wp-content\/uploads\/2023\/11\/Rodolfo-Valentin-Santos.jpg","jetpack-related-posts":[{"id":56062,"url":"https:\/\/lasprimeras.com.do\/index.php\/2023\/07\/27\/defensa-publica-dice-cerca-de-60000-personas-necesitaron-asistencia-en-el-2023\/","url_meta":{"origin":93070,"position":0},"title":"Defensa P\u00fablica dice cerca de 60,000 personas necesitaron asistencia en el 2023","author":"Nelson Feliz","date":"27 de julio de 2023","format":false,"excerpt":"De los extranjeros asistidos, ciudadanos Haitianos siguen ocupando el primer lugar de la lista, con 556 personas. La Oficina Nacional de Defensa P\u00fablica asisti\u00f3 en el primer semestre de 2023, completamente gratis a 58,119 personas que no contaban con recursos econ\u00f3micos para pagar un abogado.\u00a0 De esas personas, 56,178 fueron\u2026","rel":"","context":"En \u00abNACIONALES\u00bb","block_context":{"text":"NACIONALES","link":"https:\/\/lasprimeras.com.do\/index.php\/category\/nacionales\/"},"img":{"alt_text":"RODOLFO VALENTIN SANTOS","src":"https:\/\/i0.wp.com\/lasprimeras.com.do\/wp-content\/uploads\/2023\/07\/RODOLFO-VALENTIN-SANTOS.jpg?resize=350%2C200&ssl=1","width":350,"height":200,"srcset":"https:\/\/i0.wp.com\/lasprimeras.com.do\/wp-content\/uploads\/2023\/07\/RODOLFO-VALENTIN-SANTOS.jpg?resize=350%2C200&ssl=1 1x, https:\/\/i0.wp.com\/lasprimeras.com.do\/wp-content\/uploads\/2023\/07\/RODOLFO-VALENTIN-SANTOS.jpg?resize=525%2C300&ssl=1 1.5x, https:\/\/i0.wp.com\/lasprimeras.com.do\/wp-content\/uploads\/2023\/07\/RODOLFO-VALENTIN-SANTOS.jpg?resize=700%2C400&ssl=1 2x"},"classes":[]},{"id":69088,"url":"https:\/\/lasprimeras.com.do\/index.php\/2023\/11\/29\/rodolfo-valentin-aboga-por-el-respeto-a-los-derechos-fundamentales-y-el-debido-proceso\/","url_meta":{"origin":93070,"position":1},"title":"Rodolfo Valent\u00edn aboga por el Respeto a los Derechos Fundamentales y el Debido Proceso","author":"Nelson Feliz","date":"29 de noviembre de 2023","format":false,"excerpt":"El Director de la Oficina Nacional de Defensa P\u00fablica, Rodolfo Valent\u00edn Santos, emiti\u00f3 un mensaje dirigido a la poblaci\u00f3n en general, destacando la importancia de garantizar el respeto a la dignidad humana y la protecci\u00f3n efectiva de los derechos fundamentales, especialmente en el \u00e1mbito legal. Rodolfo Valent\u00edn, inform\u00f3 a la\u2026","rel":"","context":"En \u00abNACIONALES\u00bb","block_context":{"text":"NACIONALES","link":"https:\/\/lasprimeras.com.do\/index.php\/category\/nacionales\/"},"img":{"alt_text":"Rodolfo Valent\u00edn Santos","src":"https:\/\/i0.wp.com\/lasprimeras.com.do\/wp-content\/uploads\/2023\/11\/Rodolfo-Valentin-Santos.jpg?resize=350%2C200&ssl=1","width":350,"height":200,"srcset":"https:\/\/i0.wp.com\/lasprimeras.com.do\/wp-content\/uploads\/2023\/11\/Rodolfo-Valentin-Santos.jpg?resize=350%2C200&ssl=1 1x, https:\/\/i0.wp.com\/lasprimeras.com.do\/wp-content\/uploads\/2023\/11\/Rodolfo-Valentin-Santos.jpg?resize=525%2C300&ssl=1 1.5x, https:\/\/i0.wp.com\/lasprimeras.com.do\/wp-content\/uploads\/2023\/11\/Rodolfo-Valentin-Santos.jpg?resize=700%2C400&ssl=1 2x"},"classes":[]},{"id":116607,"url":"https:\/\/lasprimeras.com.do\/index.php\/2025\/12\/02\/defensa-publica-inaugura-nueva-sede-en-jimani-para-fortalecer-el-acceso-a-la-justicia-en-la-frontera\/","url_meta":{"origin":93070,"position":2},"title":"Defensa P\u00fablica inaugura nueva sede en Jiman\u00ed para fortalecer el acceso a la justicia en la frontera","author":"Nelson Feliz","date":"2 de diciembre de 2025","format":false,"excerpt":"La Oficina Nacional de Defensa P\u00fablica (ONDP) dej\u00f3 formalmente inaugurada una nueva sede en el municipio de Jiman\u00ed, con el objetivo de ampliar la cobertura de servicios y garantizar una defensa t\u00e9cnica gratuita, digna y accesible a las personas en condici\u00f3n de vulnerabilidad en esta zona fronteriza del pa\u00eds. La\u2026","rel":"","context":"En \u00abNACIONALES\u00bb","block_context":{"text":"NACIONALES","link":"https:\/\/lasprimeras.com.do\/index.php\/category\/nacionales\/"},"img":{"alt_text":"Rodolfo Valent\u00edn Santos","src":"https:\/\/i0.wp.com\/lasprimeras.com.do\/wp-content\/uploads\/2025\/12\/Rodolfo-Valentin-Santos-1.jpg?resize=350%2C200&ssl=1","width":350,"height":200,"srcset":"https:\/\/i0.wp.com\/lasprimeras.com.do\/wp-content\/uploads\/2025\/12\/Rodolfo-Valentin-Santos-1.jpg?resize=350%2C200&ssl=1 1x, https:\/\/i0.wp.com\/lasprimeras.com.do\/wp-content\/uploads\/2025\/12\/Rodolfo-Valentin-Santos-1.jpg?resize=525%2C300&ssl=1 1.5x, https:\/\/i0.wp.com\/lasprimeras.com.do\/wp-content\/uploads\/2025\/12\/Rodolfo-Valentin-Santos-1.jpg?resize=700%2C400&ssl=1 2x"},"classes":[]},{"id":123680,"url":"https:\/\/lasprimeras.com.do\/index.php\/2026\/03\/04\/la-procuraduria-general-expande-a-todas-las-jurisdicciones-del-pais-su-servicio-de-asistencia-legal-a-las-victimas\/","url_meta":{"origin":93070,"position":3},"title":"La Procuradur\u00eda General expande a todas las jurisdicciones del pa\u00eds su servicio de asistencia legal a las v\u00edctimas","author":"Nelson Feliz","date":"4 de marzo de 2026","format":false,"excerpt":"Yeni Berenice Reynoso asegura que la incorporaci\u00f3n de 100 abogados defensores y la apertura de 37 oficinas de Relevic \u201cmarca un hito en el sistema de justicia penal dominicano\u201d Durante una ceremonia encabezada por su titular Yeni Berenice Reynoso, la Procuradur\u00eda General de la Rep\u00fablica dej\u00f3 oficialmente instaurada la expansi\u00f3n\u2026","rel":"","context":"En \u00abJUSTICIA\u00bb","block_context":{"text":"JUSTICIA","link":"https:\/\/lasprimeras.com.do\/index.php\/category\/justicia\/"},"img":{"alt_text":"","src":"https:\/\/i0.wp.com\/lasprimeras.com.do\/wp-content\/uploads\/2026\/03\/Yeni-Berenice-Reynoso.jpg?resize=350%2C200&ssl=1","width":350,"height":200,"srcset":"https:\/\/i0.wp.com\/lasprimeras.com.do\/wp-content\/uploads\/2026\/03\/Yeni-Berenice-Reynoso.jpg?resize=350%2C200&ssl=1 1x, https:\/\/i0.wp.com\/lasprimeras.com.do\/wp-content\/uploads\/2026\/03\/Yeni-Berenice-Reynoso.jpg?resize=525%2C300&ssl=1 1.5x, https:\/\/i0.wp.com\/lasprimeras.com.do\/wp-content\/uploads\/2026\/03\/Yeni-Berenice-Reynoso.jpg?resize=700%2C400&ssl=1 2x"},"classes":[]},{"id":105665,"url":"https:\/\/lasprimeras.com.do\/index.php\/2025\/08\/05\/defensa-publica-y-onaprep-firman-convenio-a-favor-de-los-derechos-de-los-privados-de-libertad\/","url_meta":{"origin":93070,"position":4},"title":"Defensa P\u00fablica y ONAPREP firman convenio a favor de los derechos de los privados de libertad","author":"Nelson Feliz","date":"5 de agosto de 2025","format":false,"excerpt":"La Oficina Nacional de Defensa P\u00fablica (ONDP) y la Oficina Nacional de Apoyo a la Reforma Penitenciaria (ONAPREP) suscribieron un convenio de colaboraci\u00f3n interinstitucional, con el objetivo de trabajar de manera conjunta en la defensa de los derechos fundamentales y la mejora de las condiciones de vida de las personas\u2026","rel":"","context":"En \u00abNACIONALES\u00bb","block_context":{"text":"NACIONALES","link":"https:\/\/lasprimeras.com.do\/index.php\/category\/nacionales\/"},"img":{"alt_text":"","src":"https:\/\/i0.wp.com\/lasprimeras.com.do\/wp-content\/uploads\/2025\/08\/acuerdo.jpg?resize=350%2C200&ssl=1","width":350,"height":200,"srcset":"https:\/\/i0.wp.com\/lasprimeras.com.do\/wp-content\/uploads\/2025\/08\/acuerdo.jpg?resize=350%2C200&ssl=1 1x, https:\/\/i0.wp.com\/lasprimeras.com.do\/wp-content\/uploads\/2025\/08\/acuerdo.jpg?resize=525%2C300&ssl=1 1.5x, https:\/\/i0.wp.com\/lasprimeras.com.do\/wp-content\/uploads\/2025\/08\/acuerdo.jpg?resize=700%2C400&ssl=1 2x"},"classes":[]},{"id":56673,"url":"https:\/\/lasprimeras.com.do\/index.php\/2023\/08\/03\/abinader-recibe-en-su-despacho-al-director-de-la-defensa-publica\/","url_meta":{"origin":93070,"position":5},"title":"Abinader recibe en su despacho al Director de la Defensa P\u00fablica","author":"Nelson Feliz","date":"3 de agosto de 2023","format":false,"excerpt":"Por Mart\u00edn Restituyo El Director de la Oficina Nacional de Defensa P\u00fablica, Rodolfo Valent\u00edn Santos, se reuni\u00f3 con el Presidente de la Rep\u00fablica, Luis Abinader, en su despacho del Palacio Presidencial, donde abordaron temas relacionados al servicio que brinda la entidad que dirige. En este encuentro, el Director de la\u2026","rel":"","context":"En \u00abNACIONALES\u00bb","block_context":{"text":"NACIONALES","link":"https:\/\/lasprimeras.com.do\/index.php\/category\/nacionales\/"},"img":{"alt_text":"","src":"https:\/\/i0.wp.com\/lasprimeras.com.do\/wp-content\/uploads\/2023\/08\/SERVIO-TULIO-CASTANOS-PRESIDENTE-LUIS-ABINADER-Y-RODOLFO-VALENTIN-SANTOS.jpg?resize=350%2C200&ssl=1","width":350,"height":200},"classes":[]}],"jetpack_sharing_enabled":true,"_links":{"self":[{"href":"https:\/\/lasprimeras.com.do\/index.php\/wp-json\/wp\/v2\/posts\/93070","targetHints":{"allow":["GET"]}}],"collection":[{"href":"https:\/\/lasprimeras.com.do\/index.php\/wp-json\/wp\/v2\/posts"}],"about":[{"href":"https:\/\/lasprimeras.com.do\/index.php\/wp-json\/wp\/v2\/types\/post"}],"author":[{"embeddable":true,"href":"https:\/\/lasprimeras.com.do\/index.php\/wp-json\/wp\/v2\/users\/2"}],"replies":[{"embeddable":true,"href":"https:\/\/lasprimeras.com.do\/index.php\/wp-json\/wp\/v2\/comments?post=93070"}],"version-history":[{"count":1,"href":"https:\/\/lasprimeras.com.do\/index.php\/wp-json\/wp\/v2\/posts\/93070\/revisions"}],"predecessor-version":[{"id":93071,"href":"https:\/\/lasprimeras.com.do\/index.php\/wp-json\/wp\/v2\/posts\/93070\/revisions\/93071"}],"wp:featuredmedia":[{"embeddable":true,"href":"https:\/\/lasprimeras.com.do\/index.php\/wp-json\/wp\/v2\/media\/69089"}],"wp:attachment":[{"href":"https:\/\/lasprimeras.com.do\/index.php\/wp-json\/wp\/v2\/media?parent=93070"}],"wp:term":[{"taxonomy":"category","embeddable":true,"href":"https:\/\/lasprimeras.com.do\/index.php\/wp-json\/wp\/v2\/categories?post=93070"},{"taxonomy":"post_tag","embeddable":true,"href":"https:\/\/lasprimeras.com.do\/index.php\/wp-json\/wp\/v2\/tags?post=93070"}],"curies":[{"name":"wp","href":"https:\/\/api.w.org\/{rel}","templated":true}]}}