{"id":93075,"date":"2025-01-24T22:19:49","date_gmt":"2025-01-25T02:19:49","guid":{"rendered":"https:\/\/lasprimeras.com.do\/?p=93075"},"modified":"2025-01-24T22:19:54","modified_gmt":"2025-01-25T02:19:54","slug":"trump-y-vance-se-unen-a-activistas-antiaborto-en-la-marcha-por-la-vida-y-la-celebran","status":"publish","type":"post","link":"https:\/\/lasprimeras.com.do\/index.php\/2025\/01\/24\/trump-y-vance-se-unen-a-activistas-antiaborto-en-la-marcha-por-la-vida-y-la-celebran\/","title":{"rendered":"Trump y Vance se unen a activistas antiaborto en la Marcha por la Vida y la celebran"},"content":{"rendered":"\n<p>POR GARY FIELDS, CHRISTINE FERNANDO and ASHRAF KHALIL<\/p>\n\n\n\n<p>WASHINGTON (AP) \u2014 El presidente Donald Trump prometi\u00f3 apoyar a los manifestantes antiabortistas en su segundo mandato mientras decenas de miles de manifestantes se congregaban en Washington el viernes para la Marcha por la Vida anual.<\/p>\n\n\n\n<p>\u201cVolveremos a defender con orgullo a las familias y a la vida\u201d, declar\u00f3 Trump en un discurso pregrabado en video.<\/p>\n\n\n\n<p>Los manifestantes han venido a la capital durante d\u00e9cadas para pedir la derogaci\u00f3n de Roe vs. Wade, que afirmaba el derecho constitucional al aborto. Ahora, con la derogaci\u00f3n de Roe en 2022, est\u00e1n m\u00e1s dentro que fuera. Con el regreso de Trump a la Casa Blanca y los republicanos en control del Congreso, los activistas quieren aprovechar sus victorias.<\/p>\n\n\n\n<p>\u201cNuestro pa\u00eds enfrenta el regreso del presidente estadounidense m\u00e1s a favor de la familia y m\u00e1s antiabortista de nuestras vidas\u201d, dijo el vicepresidente JD Vance a la multitud en su discurso presencial.<\/p>\n\n\n\n<p>Vance elogi\u00f3 las acciones previas de Trump sobre el aborto, diciendo que el presidente \u201ccumpli\u00f3 su promesa de acabar con Roe\u201d y nombr\u00f3 a cientos de jueces antiabortistas.<\/p>\n\n\n\n<p>El aborto estuvo en gran medida ausente del mont\u00f3n de docenas de acciones ejecutivas de los primeros d\u00edas de mandato de Trump. Pero ya ha realizado medidas m\u00e1s discretas sobre el aborto, incluyendo la aplicaci\u00f3n de la Enmienda Hyde, que restringe la financiaci\u00f3n gubernamental para la mayor\u00eda de los abortos.<\/p>\n\n\n\n<p>Tambi\u00e9n reinstaur\u00f3 una pol\u00edtica que requiere que las agencias no gubernamentales extranjeras certifiquen que no proporcionan ni promueven el aborto si reciben fondos federales estadounidenses para asistencia en planificaci\u00f3n familiar.<\/p>\n\n\n\n<p>Desde que se introdujo hace m\u00e1s de 40 a\u00f1os, cada presidente republicano la ha puesto en efecto, y cada dem\u00f3crata la ha rescindido.<\/p>\n\n\n\n<p>Trump tambi\u00e9n indult\u00f3 a varios activistas antiabortistas y utiliz\u00f3 palabras relacionadas con la personalidad fetal en una orden ejecutiva que revocaba protecciones para las personas transg\u00e9nero.<\/p>\n\n\n\n<p>A pesar del fr\u00edo intenso, un ambiente festivo rodeaba el evento mientras los activistas llegaban con sombreros multicolores y carteles que declaraban \u201cLa vida es nuestra revoluci\u00f3n\u201d y \u201cHagamos grande a Estados Unidos otra vez: Hagamos que el aborto desaparezca de nuevo\u201d.<\/p>\n\n\n\n<p>\u201cEste es un momento significativo en la historia\u201d, dijo Marjorie Dannenfelser, presidenta del grupo Susan B. Anthony Pro-Life America. \u201cS\u00ed, tenemos una marcha cada a\u00f1o, pero esta es bastante especial\u2026 Hay una tr\u00edada de republicanos antiabortistas en la Casa Blanca y en la C\u00e1mara y el Senado\u201d.<\/p>\n\n\n\n<p>Kristen Cooper, de 21 a\u00f1os, estaba entre los varios miles de integrantes de Students for Life America que asistieron. Dijo que estaba especialmente emocionada de estar en la marcha con republicanos antiabortistas en la Casa Blanca.<\/p>\n\n\n\n<p>Dijo que esta marcha era su cuarta, pero la primera con un gobierno republicano. \u201cEs surrealista, en realidad\u201d.<\/p>\n\n\n\n<p>Anna Henderson, profesora de un instituto cat\u00f3lico cerca de Jackson, Michigan, tambi\u00e9n asist\u00eda a la que era su cuarta marcha con un autob\u00fas lleno de sus estudiantes.<\/p>\n\n\n\n<p>\u201cSolo porque tenemos el respaldo del gobierno no significa que la lucha haya terminado\u201d, dijo. \u201cTodav\u00eda necesitamos cambiar los corazones de las personas\u201d.<\/p>\n\n\n\n<p>Kristan Hawkins, presidenta de Students for Life of America, dijo que todav\u00eda hay trabajo por hacer, incluyendo pedir a Trump que retire los fondos a Planned Parenthood y ofrezca recursos como licencia familiar pagada a mujeres con embarazos no planificados.<\/p>\n\n\n\n<p>\u201cLa marcha ahora termina en la parte trasera del Capitolio de Estados Unidos para recordar a nuestros representantes que el aborto no es solo un asunto estatal, sino tambi\u00e9n local y federal\u201d, dijo.<\/p>\n\n\n\n<p>Angela Vasquez-Giroux, vicepresidenta de comunicaciones en Planned Parenthood Action Fund, que apoya el derecho al aborto, dijo: \u201cSabemos exactamente qu\u00e9 est\u00e1 en riesgo y conocemos el odio y las mentiras que van a esparcir en la Marcha por la Vida\u201d.<\/p>\n\n\n\n<p>La batalla sobre el aborto desde la decisi\u00f3n de 2022 ha estado en los tribunales estatales y en las urnas donde los votantes en siete estados aprobaron medidas de votaci\u00f3n para enmiendas constitucionales sobre la libertad reproductiva en noviembre.<\/p>\n\n\n\n<p>Las legislaturas ya est\u00e1n contraatacando con propuestas que podr\u00edan hacer que tales medidas sean m\u00e1s dif\u00edciles de aprobar.<\/p>\n\n\n\n<p>El gobernador de Florida, Ron DeSantis, celebr\u00f3 la derrota en 2024 de una enmienda sobre el derecho al aborto en el escenario de la Marcha por la Vida y presumi\u00f3 de su papel en la campa\u00f1a financiada por el estado contra la medida.<\/p>\n\n\n\n<p>Los votantes all\u00ed apoyaron una enmienda constitucional estatal que anulaba una prohibici\u00f3n del aborto de seis semanas, pero Florida requiere el 60% para pasar enmiendas constitucionales en el estado. La mayor\u00eda de los estados requieren una mayor\u00eda simple.<\/p>\n\n\n\n<p>\u201cLa mayor\u00eda de los funcionarios electos dir\u00e1n: \u2018Mira, lo que est\u00e1 en la boleta no es su problema, la gente puede decidir\u2019\u201d, dijo DeSantis a la multitud. \u201cY se lavan las manos y se alejan\u201d.<\/p>\n\n\n\n<p>Los partidarios del derecho al aborto tambi\u00e9n hablaron.<\/p>\n\n\n\n<p>\u201cNo importa lo que dijeron en la campa\u00f1a electoral para ganar una elecci\u00f3n, esto muestra sus intenciones de continuar atacando el acceso al aborto\u201d, dijo Ryan Stitzlein, vicepresidente de relaciones pol\u00edticas y gubernamentales para la organizaci\u00f3n nacional de derechos al aborto Reproductive Freedom for All.<\/p>\n\n\n\n<p>\u201cCada vez que una de estas ha tenido lugar desde la decisi\u00f3n de Dobbs, ha sido un d\u00eda para reflexionar sobre cu\u00e1nto da\u00f1o ha causado esa decisi\u00f3n y la crisis en la que seguimos viviendo\u201d.<\/p>\n\n\n\n<p>Ellie Smeal, presidenta y fundadora de la Feminist Majority Foundation, dijo que su grupo contraprotestar\u00eda.<\/p>\n\n\n\n<p>\u201cQueremos recordar a la gente la popularidad de los derechos al aborto y la importancia de este asunto, que mujeres y hombres apoyan que las personas tomen sus propias decisiones en materia de salud reproductiva\u201d, dijo.<\/p>\n","protected":false},"excerpt":{"rendered":"<p>POR GARY FIELDS, CHRISTINE FERNANDO and ASHRAF KHALIL WASHINGTON (AP) \u2014 El presidente Donald Trump prometi\u00f3 apoyar a los manifestantes antiabortistas en su segundo mandato mientras decenas de miles de&hellip;<\/p>\n","protected":false},"author":2,"featured_media":93076,"comment_status":"open","ping_status":"open","sticky":false,"template":"","format":"standard","meta":{"content-type":"","jetpack_post_was_ever_published":false,"_jetpack_newsletter_access":"","_jetpack_dont_email_post_to_subs":false,"_jetpack_newsletter_tier_id":0,"_jetpack_memberships_contains_paywalled_content":false,"_jetpack_memberships_contains_paid_content":false,"footnotes":""},"categories":[16289],"tags":[17107,978,17108,17106],"class_list":["post-93075","post","type-post","status-publish","format-standard","has-post-thumbnail","hentry","category-internacionales","tag-activistas-antiaborto","tag-donald-trump","tag-marcha-por-la-vida","tag-vance"],"jetpack_featured_media_url":"https:\/\/lasprimeras.com.do\/wp-content\/uploads\/2025\/01\/marcha.jpg","jetpack-related-posts":[{"id":93072,"url":"https:\/\/lasprimeras.com.do\/index.php\/2025\/01\/24\/el-departamento-de-justicia-acota-las-acusaciones-por-obstruir-centros-de-salud-reproductiva\/","url_meta":{"origin":93075,"position":0},"title":"El Departamento de Justicia acota las acusaciones por obstruir centros de salud reproductiva","author":"Nelson Feliz","date":"24 de enero de 2025","format":false,"excerpt":"POR ALANNA DURKIN RICHER and CHRISTINE FERNANDO WASHINGTON (AP) \u2014 La nueva c\u00fapula del Departamento de Justicia del presidente de Estados Unidos, Donald Trump, emiti\u00f3 el viernes una orden para restringir los procesamientos contra personas acusadas de bloquear instalaciones de derechos reproductivos, y calific\u00f3 los casos como un ejemplo de\u2026","rel":"","context":"En \u00abINTERNACIONALES\u00bb","block_context":{"text":"INTERNACIONALES","link":"https:\/\/lasprimeras.com.do\/index.php\/category\/sin-categoria\/internacionales\/"},"img":{"alt_text":"Donald Trump","src":"https:\/\/i0.wp.com\/lasprimeras.com.do\/wp-content\/uploads\/2025\/01\/Donald-Trump-3.jpg?resize=350%2C200&ssl=1","width":350,"height":200,"srcset":"https:\/\/i0.wp.com\/lasprimeras.com.do\/wp-content\/uploads\/2025\/01\/Donald-Trump-3.jpg?resize=350%2C200&ssl=1 1x, https:\/\/i0.wp.com\/lasprimeras.com.do\/wp-content\/uploads\/2025\/01\/Donald-Trump-3.jpg?resize=525%2C300&ssl=1 1.5x, https:\/\/i0.wp.com\/lasprimeras.com.do\/wp-content\/uploads\/2025\/01\/Donald-Trump-3.jpg?resize=700%2C400&ssl=1 2x"},"classes":[]},{"id":85107,"url":"https:\/\/lasprimeras.com.do\/index.php\/2024\/06\/22\/trump-respalda-mostrar-los-diez-mandamientos-en-escuelas-y-pide-a-evangelicos-que-voten-en-noviembre\/","url_meta":{"origin":93075,"position":1},"title":"Trump respalda mostrar los diez mandamientos en escuelas y pide a evang\u00e9licos que voten en noviembre","author":"Nelson Feliz","date":"22 de junio de 2024","format":false,"excerpt":"BY MICHELLE L. PRICE WASHINGTON (AP) \u2014 Donald Trump les dijo a un grupo de evang\u00e9licos el s\u00e1bado que \u201cno pueden darse el lujo de mantenerse al margen\u201d en las elecciones de 2024 en Estados Unidos, implor\u00e1ndoles que \u201c\u00a1vayan y voten, cristianos, por favor!\u201d El exmandatario tambi\u00e9n respald\u00f3 que se\u2026","rel":"","context":"En \u00abSin categor\u00eda\u00bb","block_context":{"text":"Sin categor\u00eda","link":"https:\/\/lasprimeras.com.do\/index.php\/category\/sin-categoria\/"},"img":{"alt_text":"Donald Trump","src":"https:\/\/i0.wp.com\/lasprimeras.com.do\/wp-content\/uploads\/2024\/06\/Donald-Trump-2.jpg?resize=350%2C200&ssl=1","width":350,"height":200,"srcset":"https:\/\/i0.wp.com\/lasprimeras.com.do\/wp-content\/uploads\/2024\/06\/Donald-Trump-2.jpg?resize=350%2C200&ssl=1 1x, https:\/\/i0.wp.com\/lasprimeras.com.do\/wp-content\/uploads\/2024\/06\/Donald-Trump-2.jpg?resize=525%2C300&ssl=1 1.5x, https:\/\/i0.wp.com\/lasprimeras.com.do\/wp-content\/uploads\/2024\/06\/Donald-Trump-2.jpg?resize=700%2C400&ssl=1 2x"},"classes":[]},{"id":85104,"url":"https:\/\/lasprimeras.com.do\/index.php\/2024\/06\/22\/eeuu-defensora-del-aborto-que-fue-violada-por-su-padrastro-hara-campana-con-la-primera-dama\/","url_meta":{"origin":93075,"position":2},"title":"EEUU: Defensora del aborto, que fue violada por su padrastro, har\u00e1 campa\u00f1a con la primera dama","author":"Nelson Feliz","date":"22 de junio de 2024","format":false,"excerpt":"BY COLLEEN LONG WASHINGTON (AP) \u2014 Una mujer de 22 a\u00f1os que se convirti\u00f3 en defensora del derecho al aborto tras ser violada por su padrastro cuando era ni\u00f1a, har\u00e1 campa\u00f1a con la primera dama Jill Biden en Pensilvania este fin de semana como parte de una estrategia electoral en\u2026","rel":"","context":"En \u00abSin categor\u00eda\u00bb","block_context":{"text":"Sin categor\u00eda","link":"https:\/\/lasprimeras.com.do\/index.php\/category\/sin-categoria\/"},"img":{"alt_text":"Defensora del aborto","src":"https:\/\/i0.wp.com\/lasprimeras.com.do\/wp-content\/uploads\/2024\/06\/Defensora-del-aborto.jpg?resize=350%2C200&ssl=1","width":350,"height":200,"srcset":"https:\/\/i0.wp.com\/lasprimeras.com.do\/wp-content\/uploads\/2024\/06\/Defensora-del-aborto.jpg?resize=350%2C200&ssl=1 1x, https:\/\/i0.wp.com\/lasprimeras.com.do\/wp-content\/uploads\/2024\/06\/Defensora-del-aborto.jpg?resize=525%2C300&ssl=1 1.5x, https:\/\/i0.wp.com\/lasprimeras.com.do\/wp-content\/uploads\/2024\/06\/Defensora-del-aborto.jpg?resize=700%2C400&ssl=1 2x"},"classes":[]},{"id":87901,"url":"https:\/\/lasprimeras.com.do\/index.php\/2024\/08\/19\/trump-usa-la-desinformacion-sobre-el-cambio-climatico-para-atacar-a-harris\/","url_meta":{"origin":93075,"position":3},"title":"Trump usa la desinformaci\u00f3n sobre el cambio clim\u00e1tico para atacar a Harris","author":"Nelson Feliz","date":"19 de agosto de 2024","format":false,"excerpt":"Manon JACOB La campa\u00f1a presidencial estadounidense, que se ha caracterizado por insultos y ataques cruzados, ha dejado hasta ahora poco espacio para la discusi\u00f3n sobre el cambio clim\u00e1tico, mientras el mundo experimenta una temperatura y desastres naturales sin precedentes. Pero ahora que Donald Trump se enfrenta a Kamala Harris en\u2026","rel":"","context":"En \u00abSin categor\u00eda\u00bb","block_context":{"text":"Sin categor\u00eda","link":"https:\/\/lasprimeras.com.do\/index.php\/category\/sin-categoria\/"},"img":{"alt_text":"Donald Trump","src":"https:\/\/i0.wp.com\/lasprimeras.com.do\/wp-content\/uploads\/2024\/08\/Donald-Trump-1.jpg?resize=350%2C200&ssl=1","width":350,"height":200,"srcset":"https:\/\/i0.wp.com\/lasprimeras.com.do\/wp-content\/uploads\/2024\/08\/Donald-Trump-1.jpg?resize=350%2C200&ssl=1 1x, https:\/\/i0.wp.com\/lasprimeras.com.do\/wp-content\/uploads\/2024\/08\/Donald-Trump-1.jpg?resize=525%2C300&ssl=1 1.5x"},"classes":[]},{"id":94429,"url":"https:\/\/lasprimeras.com.do\/index.php\/2025\/02\/28\/el-vicepresidente-jd-vance-catolico-reconoce-la-critica-del-papa-a-la-represion-migratoria-en-eeuu\/","url_meta":{"origin":93075,"position":4},"title":"El vicepresidente JD Vance, cat\u00f3lico, reconoce la cr\u00edtica del papa a la represi\u00f3n migratoria en EEUU","author":"Nelson Feliz","date":"28 de febrero de 2025","format":false,"excerpt":"POR PETER SMITH El vicepresidente JD Vance reconoci\u00f3 las cr\u00edticas del Papa Francisco a la represi\u00f3n de la inmigraci\u00f3n ejercida por el gobierno de Trump, pero no respondi\u00f3 a ninguno de sus pormenores ni a la aparente cr\u00edtica del pont\u00edfice al uso que Vance hace de la tradici\u00f3n cat\u00f3lica para\u2026","rel":"","context":"En \u00abINTERNACIONALES\u00bb","block_context":{"text":"INTERNACIONALES","link":"https:\/\/lasprimeras.com.do\/index.php\/category\/sin-categoria\/internacionales\/"},"img":{"alt_text":"","src":"https:\/\/i0.wp.com\/lasprimeras.com.do\/wp-content\/uploads\/2025\/02\/JD-Vance.jpg?resize=350%2C200&ssl=1","width":350,"height":200,"srcset":"https:\/\/i0.wp.com\/lasprimeras.com.do\/wp-content\/uploads\/2025\/02\/JD-Vance.jpg?resize=350%2C200&ssl=1 1x, https:\/\/i0.wp.com\/lasprimeras.com.do\/wp-content\/uploads\/2025\/02\/JD-Vance.jpg?resize=525%2C300&ssl=1 1.5x, https:\/\/i0.wp.com\/lasprimeras.com.do\/wp-content\/uploads\/2025\/02\/JD-Vance.jpg?resize=700%2C400&ssl=1 2x"},"classes":[]},{"id":86109,"url":"https:\/\/lasprimeras.com.do\/index.php\/2024\/07\/18\/donald-trump-volvera-a-aceptar-nominacion-republicana-dias-despues-de-atentado\/","url_meta":{"origin":93075,"position":5},"title":"Donald Trump volver\u00e1 a aceptar nominaci\u00f3n republicana d\u00edas despu\u00e9s de atentado","author":"Nelson Feliz","date":"18 de julio de 2024","format":false,"excerpt":"BY JONATHAN J. COOPER AND JILL COLVIN MILWAUKEE, Wisconsin, EE.UU. (AP) \u2014 Donald Trump subir\u00e1 al escenario el jueves en la Convenci\u00f3n Nacional Republicana para aceptar nuevamente la nominaci\u00f3n de su partido y pronunciar su primer discurso desde que fue interrumpido a mitad de una frase por una r\u00e1faga de\u2026","rel":"","context":"En \u00abSin categor\u00eda\u00bb","block_context":{"text":"Sin categor\u00eda","link":"https:\/\/lasprimeras.com.do\/index.php\/category\/sin-categoria\/"},"img":{"alt_text":"Donald Trump","src":"https:\/\/i0.wp.com\/lasprimeras.com.do\/wp-content\/uploads\/2024\/07\/Donald-Trump-3.jpg?resize=350%2C200&ssl=1","width":350,"height":200,"srcset":"https:\/\/i0.wp.com\/lasprimeras.com.do\/wp-content\/uploads\/2024\/07\/Donald-Trump-3.jpg?resize=350%2C200&ssl=1 1x, https:\/\/i0.wp.com\/lasprimeras.com.do\/wp-content\/uploads\/2024\/07\/Donald-Trump-3.jpg?resize=525%2C300&ssl=1 1.5x, https:\/\/i0.wp.com\/lasprimeras.com.do\/wp-content\/uploads\/2024\/07\/Donald-Trump-3.jpg?resize=700%2C400&ssl=1 2x"},"classes":[]}],"jetpack_sharing_enabled":true,"_links":{"self":[{"href":"https:\/\/lasprimeras.com.do\/index.php\/wp-json\/wp\/v2\/posts\/93075","targetHints":{"allow":["GET"]}}],"collection":[{"href":"https:\/\/lasprimeras.com.do\/index.php\/wp-json\/wp\/v2\/posts"}],"about":[{"href":"https:\/\/lasprimeras.com.do\/index.php\/wp-json\/wp\/v2\/types\/post"}],"author":[{"embeddable":true,"href":"https:\/\/lasprimeras.com.do\/index.php\/wp-json\/wp\/v2\/users\/2"}],"replies":[{"embeddable":true,"href":"https:\/\/lasprimeras.com.do\/index.php\/wp-json\/wp\/v2\/comments?post=93075"}],"version-history":[{"count":1,"href":"https:\/\/lasprimeras.com.do\/index.php\/wp-json\/wp\/v2\/posts\/93075\/revisions"}],"predecessor-version":[{"id":93077,"href":"https:\/\/lasprimeras.com.do\/index.php\/wp-json\/wp\/v2\/posts\/93075\/revisions\/93077"}],"wp:featuredmedia":[{"embeddable":true,"href":"https:\/\/lasprimeras.com.do\/index.php\/wp-json\/wp\/v2\/media\/93076"}],"wp:attachment":[{"href":"https:\/\/lasprimeras.com.do\/index.php\/wp-json\/wp\/v2\/media?parent=93075"}],"wp:term":[{"taxonomy":"category","embeddable":true,"href":"https:\/\/lasprimeras.com.do\/index.php\/wp-json\/wp\/v2\/categories?post=93075"},{"taxonomy":"post_tag","embeddable":true,"href":"https:\/\/lasprimeras.com.do\/index.php\/wp-json\/wp\/v2\/tags?post=93075"}],"curies":[{"name":"wp","href":"https:\/\/api.w.org\/{rel}","templated":true}]}}