{"id":93078,"date":"2025-01-24T22:25:00","date_gmt":"2025-01-25T02:25:00","guid":{"rendered":"https:\/\/lasprimeras.com.do\/?p=93078"},"modified":"2025-01-24T22:25:04","modified_gmt":"2025-01-25T02:25:04","slug":"presidente-de-colombia-declara-estado-de-conmocion-en-el-noreste-del-pais-ante-violencia","status":"publish","type":"post","link":"https:\/\/lasprimeras.com.do\/index.php\/2025\/01\/24\/presidente-de-colombia-declara-estado-de-conmocion-en-el-noreste-del-pais-ante-violencia\/","title":{"rendered":"Presidente de Colombia declara \u201cestado de conmoci\u00f3n\u201d en el noreste del pa\u00eds ante violencia"},"content":{"rendered":"\n<p>POR ASTRID SU\u00c1REZ<\/p>\n\n\n\n<p>BOGOT\u00c1 (AP) \u2014 El presidente colombiano Gustavo Petro declar\u00f3 el viernes el \u201cestado de conmoci\u00f3n\u201d en el noreste del pa\u00eds, una figura que le da facultades extraordinarias legislativas y la posibilidad de restringir algunos derechos con la que busca atender una reciente escalada de violencia en una zona fronteriza con Venezuela que ha dejado en los \u00faltimos d\u00edas al menos 80 muertos y 36.000 desplazados.<\/p>\n\n\n\n<p>La figura jur\u00eddica, que no hab\u00eda sido usada por ning\u00fan gobierno desde hace m\u00e1s de una d\u00e9cada, lo faculta por un plazo inicial de 90 d\u00edas \u2014prorrogable dos veces\u2014 para dictar medidas para restablecer \u201cel orden p\u00fablico\u201d como restringir el derecho a la libre circulaci\u00f3n o imponer toques de queda.<\/p>\n\n\n\n<p>Seg\u00fan el gobierno, el estado de conmoci\u00f3n interior busca hacer frente a la violencia desatada en el Catatumbo, fronterizo con Venezuela, por enfrentamientos entre la guerrilla Ej\u00e9rcito de Liberaci\u00f3n Nacional (ELN) y una disidencia de las extintas Fuerzas Armadas Revolucionarias de Colombia (FARC) que no se acogieron al acuerdo de paz de 2016.<\/p>\n\n\n\n<p>El decreto de estado de conmoci\u00f3n interior fue publicado por la presidencia el viernes y en \u00e9l se detalla que solo regir\u00e1 para la regi\u00f3n del Catatumbo, no para todo el pa\u00eds.<\/p>\n\n\n\n<p>Desde Tib\u00fa, uno de los municipios de Catatumbo, el l\u00edder social Jaime Botero celebr\u00f3 la declaratoria de conmoci\u00f3n interior al considerarla necesaria.<\/p>\n\n\n\n<p>\u201cEl pueblo est\u00e1 contento\u2026 los que est\u00e1n criticando no est\u00e1n pasando las calamidades y las necesidades que tenemos nosotros\u201d, se\u00f1al\u00f3 a The Associated Press Botero, en una entrevista por video en la que vest\u00eda un chaleco antibalas por seguridad.<\/p>\n\n\n\n<p>Seg\u00fan la Defensora del Pueblo el desplazamiento masivo que se ha registrado en el Catatumbo en la \u00faltima semana puede ser el m\u00e1s grande en un s\u00f3lo evento en el pa\u00eds desde 1997.<\/p>\n\n\n\n<p>Ante la violencia, de la que el gobierno responsabiliza principalmente al ELN, el presidente suspendi\u00f3 la mesa de negociaci\u00f3n que manten\u00eda activa desde noviembre de 2022 con esa guerrilla la semana pasada.<\/p>\n\n\n\n<p>La ley colombiana establece que en estado de conmoci\u00f3n, el gobierno puede expedir decretos con fuerza de ley \u2014sin que pasen primero por el Congreso\u2014 y temporalmente imponer contribuciones fiscales, modificar el presupuesto gubernamental y restringir algunos derechos.<\/p>\n\n\n\n<p>Los decretos que se emitan en la conmoci\u00f3n interior tienen control posterior y autom\u00e1tico por parte de la Corte Constitucional, que en caso de no encontrarlos ajustados a la ley puede dejarlos sin efecto. El Congreso tambi\u00e9n revisar\u00e1 posteriormente lo expedido por el gobierno.<\/p>\n\n\n\n<p>Seg\u00fan el ministro del Interior, Juan Fernando Cristo, con la declaratoria buscan atender a las comunidades afectadas por la violencia, especialmente a los desplazados; hacer inversiones sociales en una regi\u00f3n con poca presencia estatal y fortalecer las capacidades militares, lo que incluye interceptar comunicaciones e intensificar el control de la producci\u00f3n y comercializaci\u00f3n de la coca.<\/p>\n\n\n\n<p>Botero, quien como l\u00edder es el presidente de Asojuntas de Tib\u00fa, asegur\u00f3 que es urgente que el Estado recupere el control del Catatumbo y lleve a cabo mejoras en infraestructura, salud y educaci\u00f3n, porque a su juicio es esa ausencia la que ha dado poder a los armados en la zona.<\/p>\n\n\n\n<p>\u201c\u00bfPor qu\u00e9 est\u00e1n ellos (los armados) aqu\u00ed en el territorio? Por la falta de inversi\u00f3n del gobierno pasado, que nos dejaron abandonados. Vinieron estas personas y empezaron a cumplir con unas necesidades, aqu\u00ed los grupos hacen carreteras, puentes, escuelas, arreglan v\u00edas, donan ambulancias, hacen centros de emergencia. Eso ten\u00eda que hacerlo el gobierno\u201d, explic\u00f3 Botero.<\/p>\n\n\n\n<p>Sin embargo, para saldar la deuda hist\u00f3rica del Estado colombiano con las comunidades del Catatumbo, la directora de la Divisi\u00f3n de las Am\u00e9ricas de Human Rights Watch, Juanita Goebertus, no cree que sean necesarios los decretos con fuerza de ley expedidos en el estado de conmoci\u00f3n.<\/p>\n\n\n\n<p>\u201cPara eso no se necesitan leyes espec\u00edficas, se necesita voluntad de poder gestionar capacidad del Estado en el territorio\u201d, dijo Goebertus a la AP, quien considera que con la actual situaci\u00f3n del Catatumbo el gobierno deber\u00eda replantear su pol\u00edtica de paz y tambi\u00e9n de seguridad para hacer mejoras.<\/p>\n\n\n\n<p>Tras la declaratoria del estado de conmoci\u00f3n, el ministro de Defensa, Iv\u00e1n Vel\u00e1squez, confirm\u00f3 a la prensa que se dieron los primeros combates entre el Ej\u00e9rcito y el ELN, en una nueva fase de la estrategia militar que tuvo en principio como prioridad \u201csalvar vidas\u201d con m\u00e1s de 500 evacuaciones de civiles.<\/p>\n\n\n\n<p>Desde el lunes, cuando Petro anunci\u00f3 que decretar\u00eda la conmoci\u00f3n interior, sectores opositores al gobierno han criticado su decisi\u00f3n advirtiendo que se usar\u00eda como una \u201cexcusa\u201d para decretar leyes que no ha logrado que sean aprobadas por el Congreso de manera ordinaria.<\/p>\n\n\n\n<p>Petro rechaz\u00f3 de inmediato las advertencias desde su cuenta de X, antes Twitter: \u201cQuienes desde la oposici\u00f3n creen que la conmoci\u00f3n interior s\u00f3lo es para reelegirme o cobrar los impuestos que no permiti\u00f3 el Congreso en la ley de financiamiento y no es cierto\u201d. En cambio, asegur\u00f3 que con el decreto se financiar\u00e1n mejoras para el Catatumbo y se defender\u00e1 la \u201csoberan\u00eda nacional\u201d.<\/p>\n\n\n\n<p>Goebertus considera que la Constituci\u00f3n colombiana blinda lo suficiente los derechos fundamentales de los ciudadanos para evitar que sean vulnerados con las revisiones de la Corte. Adem\u00e1s, asegura que las interceptaciones telef\u00f3nicas requieren orden judicial previa y el despliegue de operativos militares \u201cen ning\u00fan escenario restringir lo que son las reglas de uso de la fuerza esenciales\u201d.<\/p>\n\n\n\n<p>La violencia en Catatumbo se desat\u00f3 por un intento de tomar control sobre el territorio estrat\u00e9gico por su cercan\u00eda a la frontera y de sus econom\u00edas il\u00edcitas, como el narcotr\u00e1fico. Analistas han dicho que exist\u00eda una tregua entre los dos grupos armados que se rompi\u00f3.<\/p>\n\n\n\n<p>La facilidad para cruzar la frontera de 2.200 kil\u00f3metros entre Colombia y Venezuela ha servido a los armados para escabullirse de las autoridades colombianas en sus decenas de pasos informales.<\/p>\n\n\n\n<p>La v\u00edspera, el presidente colombiano asegur\u00f3 que ha contactado con el gobierno venezolano para establecer un plan conjunto que permita la \u201cerradicaci\u00f3n de bandas armadas en la frontera\u201d, especialmente para bloquear los pasos ilegales.<\/p>\n\n\n\n<p>Con los di\u00e1logos de paz con el ELN suspendidos, la fiscal\u00eda reactiv\u00f3 las \u00f3rdenes de captura contra los mandos del ELN y buscar\u00e1 activar las solicitudes de extradici\u00f3n contra los miembros del ELN una vez determinen su paradero, incluso si \u00e9ste fuera Cuba, uno de los pa\u00edses garantes del proceso de paz y donde se han desarrollado rondas de negociaci\u00f3n, advirti\u00f3 el jueves la entidad.<\/p>\n\n\n\n<p>Sin embargo, Cuba rechaz\u00f3 que miembros del ELN se encuentren en su territorio. \u201cLa menci\u00f3n a Cuba como uno de los pa\u00edses donde estos pudieran estar es una insinuaci\u00f3n sin evidencias, porque no las hay\u201d, se\u00f1al\u00f3 el viernes en X Eugenio Mart\u00ednez Enr\u00edquez, director general de Am\u00e9rica Latina y el Caribe del Ministerio de Relaciones Exteriores de Cuba.<\/p>\n\n\n\n<p>Mart\u00ednez explic\u00f3 que todos los miembros del ELN que participaban en las negociaciones de paz se marcharon de Cuba hace meses. Se trata de un tema delicado para Cuba debido a que en el pasado el gobierno estadounidense justific\u00f3 su designaci\u00f3n como Estado patrocinador del terrorismo a su negativa a extraditar a rebeldes colombianos del ELN a su pa\u00eds.<\/p>\n\n\n\n<p>El presidente Donald Trump revoc\u00f3 el lunes una orden ejecutiva emitida por su antecesor Joe Biden que hab\u00eda levantado la designaci\u00f3n de Estado patrocinador del terrorismo.<\/p>\n","protected":false},"excerpt":{"rendered":"<p>POR ASTRID SU\u00c1REZ BOGOT\u00c1 (AP) \u2014 El presidente colombiano Gustavo Petro declar\u00f3 el viernes el \u201cestado de conmoci\u00f3n\u201d en el noreste del pa\u00eds, una figura que le da facultades extraordinarias&hellip;<\/p>\n","protected":false},"author":2,"featured_media":93079,"comment_status":"open","ping_status":"open","sticky":false,"template":"","format":"standard","meta":{"content-type":"","jetpack_post_was_ever_published":false,"_jetpack_newsletter_access":"","_jetpack_dont_email_post_to_subs":false,"_jetpack_newsletter_tier_id":0,"_jetpack_memberships_contains_paywalled_content":false,"_jetpack_memberships_contains_paid_content":false,"footnotes":""},"categories":[16289],"tags":[17109,3423,7203,17110,3882],"class_list":["post-93078","post","type-post","status-publish","format-standard","has-post-thumbnail","hentry","category-internacionales","tag-estado-de-conmocion","tag-gustavo-petro","tag-noreste","tag-presidente-de-colombia","tag-violencia"],"jetpack_featured_media_url":"https:\/\/lasprimeras.com.do\/wp-content\/uploads\/2025\/01\/Ejercito-de-Liberacion-Nacional.jpg","jetpack-related-posts":[{"id":81624,"url":"https:\/\/lasprimeras.com.do\/index.php\/2024\/04\/23\/miles-protestan-contra-presidente-gustavo-petro\/","url_meta":{"origin":93078,"position":0},"title":"Miles protestan contra presidente Gustavo Petro","author":"BIMARY DE JES\u00daS Matos","date":"23 de abril de 2024","format":false,"excerpt":"BOGOTA.- Cientos de miles de personas salieron a las calles de Colombia el domingo 21 de abril en la mayor movilizaci\u00f3n que enfrenta el presidente de izquierda, Gustavo Petro, desde su elecci\u00f3n en 2022. A instancias de organizaciones m\u00e9dicas, de la oposici\u00f3n, de fuerzas pol\u00edticas centristas y de antiguos aliados\u2026","rel":"","context":"En \u00abSin categor\u00eda\u00bb","block_context":{"text":"Sin categor\u00eda","link":"https:\/\/lasprimeras.com.do\/index.php\/category\/sin-categoria\/"},"img":{"alt_text":"","src":"https:\/\/i0.wp.com\/lasprimeras.com.do\/wp-content\/uploads\/2024\/04\/Captura-de-pantalla-2024-04-14-155210-2.png?resize=350%2C200&ssl=1","width":350,"height":200,"srcset":"https:\/\/i0.wp.com\/lasprimeras.com.do\/wp-content\/uploads\/2024\/04\/Captura-de-pantalla-2024-04-14-155210-2.png?resize=350%2C200&ssl=1 1x, https:\/\/i0.wp.com\/lasprimeras.com.do\/wp-content\/uploads\/2024\/04\/Captura-de-pantalla-2024-04-14-155210-2.png?resize=525%2C300&ssl=1 1.5x, https:\/\/i0.wp.com\/lasprimeras.com.do\/wp-content\/uploads\/2024\/04\/Captura-de-pantalla-2024-04-14-155210-2.png?resize=700%2C400&ssl=1 2x"},"classes":[]},{"id":86720,"url":"https:\/\/lasprimeras.com.do\/index.php\/2024\/07\/31\/gustavo-petro-se-refirio-a-las-elecciones-venezolanas-aseguro-que-hay-graves-dudas-alrededor-del-proceso-electoral\/","url_meta":{"origin":93078,"position":1},"title":"Gustavo Petro se refiri\u00f3 a las elecciones venezolanas: asegur\u00f3 que hay \u201cgraves dudas alrededor del proceso electoral\u201d","author":"Nelson Feliz","date":"31 de julio de 2024","format":false,"excerpt":"El presidente colombiano se hab\u00eda mantenido en silencio ante el evidente fraude cometido por Nicol\u00e1s Maduro. Ahora dio su opini\u00f3n y alert\u00f3 por una intensificaci\u00f3n de la violencia pol\u00edtica. Por Mariana Mej\u00edaDesde Bogot\u00e1 El presidente Gustavo Petro se pronunci\u00f3 sobre la situaci\u00f3n de los comicios en Venezuela a trav\u00e9s de\u2026","rel":"","context":"En \u00abSin categor\u00eda\u00bb","block_context":{"text":"Sin categor\u00eda","link":"https:\/\/lasprimeras.com.do\/index.php\/category\/sin-categoria\/"},"img":{"alt_text":"Gustavo Petro","src":"https:\/\/i0.wp.com\/lasprimeras.com.do\/wp-content\/uploads\/2024\/07\/Gustavo-Petro.png?resize=350%2C200&ssl=1","width":350,"height":200,"srcset":"https:\/\/i0.wp.com\/lasprimeras.com.do\/wp-content\/uploads\/2024\/07\/Gustavo-Petro.png?resize=350%2C200&ssl=1 1x, https:\/\/i0.wp.com\/lasprimeras.com.do\/wp-content\/uploads\/2024\/07\/Gustavo-Petro.png?resize=525%2C300&ssl=1 1.5x, https:\/\/i0.wp.com\/lasprimeras.com.do\/wp-content\/uploads\/2024\/07\/Gustavo-Petro.png?resize=700%2C400&ssl=1 2x"},"classes":[]},{"id":103725,"url":"https:\/\/lasprimeras.com.do\/index.php\/2025\/07\/17\/el-presidente-de-colombia-hara-este-viernes-y-sabado-una-visita-a-haiti\/","url_meta":{"origin":93078,"position":2},"title":"El presidente de Colombia har\u00e1 este viernes y s\u00e1bado una visita a Hait\u00ed","author":"Nelson Feliz","date":"17 de julio de 2025","format":false,"excerpt":"Esta ser\u00e1 su segunda visita este a\u00f1o al pa\u00eds antillano que realiza Gustavo Petro Puerto Pr\u00edncipe,EFE - El presidente colombiano, Gustavo Petro, viajar\u00e1 este viernes a Hait\u00ed, en lo que ser\u00e1 su segunda visita este a\u00f1o al pa\u00eds antillano, con el fin de expresar su apoyo a las autoridades de\u2026","rel":"","context":"En \u00abINTERNACIONALES\u00bb","block_context":{"text":"INTERNACIONALES","link":"https:\/\/lasprimeras.com.do\/index.php\/category\/sin-categoria\/internacionales\/"},"img":{"alt_text":"","src":"https:\/\/i0.wp.com\/lasprimeras.com.do\/wp-content\/uploads\/2025\/07\/Gustavo-Petro.jpg?resize=350%2C200&ssl=1","width":350,"height":200,"srcset":"https:\/\/i0.wp.com\/lasprimeras.com.do\/wp-content\/uploads\/2025\/07\/Gustavo-Petro.jpg?resize=350%2C200&ssl=1 1x, https:\/\/i0.wp.com\/lasprimeras.com.do\/wp-content\/uploads\/2025\/07\/Gustavo-Petro.jpg?resize=525%2C300&ssl=1 1.5x, https:\/\/i0.wp.com\/lasprimeras.com.do\/wp-content\/uploads\/2025\/07\/Gustavo-Petro.jpg?resize=700%2C400&ssl=1 2x"},"classes":[]},{"id":91351,"url":"https:\/\/lasprimeras.com.do\/index.php\/2024\/11\/18\/sheinbaum-y-petro-refuerzan-los-lazos-bilaterales-entre-mexico-y-colombia-en-el-g20\/","url_meta":{"origin":93078,"position":3},"title":"Sheinbaum y Petro refuerzan los lazos bilaterales entre M\u00e9xico y Colombia en el G20","author":"Nelson Feliz","date":"18 de noviembre de 2024","format":false,"excerpt":"R\u00edo de Janeiro, (EFE).- La presidenta de M\u00e9xico, Claudia Sheinbaum, sostuvo este lunes una reuni\u00f3n bilateral con su hom\u00f3logo colombiano, Gustavo Petro, en el marco de la Cumbre de L\u00edderes del G20, celebrada en Brasil. Este encuentro representa la segunda reuni\u00f3n bilateral entre ambos mandatarios desde que Sheinbaum asumi\u00f3 la\u2026","rel":"","context":"En \u00abINTERNACIONALES\u00bb","block_context":{"text":"INTERNACIONALES","link":"https:\/\/lasprimeras.com.do\/index.php\/category\/sin-categoria\/internacionales\/"},"img":{"alt_text":"Claudia Sheinbaum y Gustavo Petro","src":"https:\/\/i0.wp.com\/lasprimeras.com.do\/wp-content\/uploads\/2024\/11\/Claudia-Sheinbaum-y-Gustavo-Petro.jpg?resize=350%2C200&ssl=1","width":350,"height":200,"srcset":"https:\/\/i0.wp.com\/lasprimeras.com.do\/wp-content\/uploads\/2024\/11\/Claudia-Sheinbaum-y-Gustavo-Petro.jpg?resize=350%2C200&ssl=1 1x, https:\/\/i0.wp.com\/lasprimeras.com.do\/wp-content\/uploads\/2024\/11\/Claudia-Sheinbaum-y-Gustavo-Petro.jpg?resize=525%2C300&ssl=1 1.5x, https:\/\/i0.wp.com\/lasprimeras.com.do\/wp-content\/uploads\/2024\/11\/Claudia-Sheinbaum-y-Gustavo-Petro.jpg?resize=700%2C400&ssl=1 2x"},"classes":[]},{"id":93202,"url":"https:\/\/lasprimeras.com.do\/index.php\/2025\/01\/26\/petro-desafia-a-trump-y-le-dice-que-no-le-teme-a-un-golpe-de-estado-tumbeme-presidente\/","url_meta":{"origin":93078,"position":4},"title":"Petro desaf\u00eda a Trump y le dice que no le teme a un golpe de Estado: &#8220;T\u00fambeme, presidente&#8221;","author":"Nelson Feliz","date":"26 de enero de 2025","format":false,"excerpt":"La crisis diplom\u00e1tica se desat\u00f3 este domingo luego de que Petro no permitiera el ingreso de dos aviones con ciudadanos colombianos deportados de EE.UU. Bogot\u00e1, EFE- El presidente de Colombia, Gustavo Petro, desafi\u00f3 este domingo a su hom\u00f3logo estadounidense, Donald Trump, con un largo escrito en el que incluso afirma\u2026","rel":"","context":"En \u00abINTERNACIONALES\u00bb","block_context":{"text":"INTERNACIONALES","link":"https:\/\/lasprimeras.com.do\/index.php\/category\/sin-categoria\/internacionales\/"},"img":{"alt_text":"Gustavo Petro","src":"https:\/\/i0.wp.com\/lasprimeras.com.do\/wp-content\/uploads\/2025\/01\/Gustavo-Petro.jpg?resize=350%2C200&ssl=1","width":350,"height":200,"srcset":"https:\/\/i0.wp.com\/lasprimeras.com.do\/wp-content\/uploads\/2025\/01\/Gustavo-Petro.jpg?resize=350%2C200&ssl=1 1x, https:\/\/i0.wp.com\/lasprimeras.com.do\/wp-content\/uploads\/2025\/01\/Gustavo-Petro.jpg?resize=525%2C300&ssl=1 1.5x, https:\/\/i0.wp.com\/lasprimeras.com.do\/wp-content\/uploads\/2025\/01\/Gustavo-Petro.jpg?resize=700%2C400&ssl=1 2x"},"classes":[]},{"id":93205,"url":"https:\/\/lasprimeras.com.do\/index.php\/2025\/01\/26\/petro-ordena-subir-un-25-los-aranceles-a-los-productos-de-ee-uu-importados-por-colombia\/","url_meta":{"origin":93078,"position":5},"title":"Petro ordena subir un 25 % los aranceles a los productos de EE.UU. importados por Colombia","author":"Nelson Feliz","date":"26 de enero de 2025","format":false,"excerpt":"El presidente colombiano tom\u00f3 la medida luego que Donald Trump impusiera aranceles del 25 % a todos los productos colombianos, una tarifa que se elevar\u00e1 al 50 % dentro de una semana. Bogot\u00e1, EFE- El presidente de Colombia, Gustavo Petro, orden\u00f3 este domingo incrementar en un 25 % los aranceles\u2026","rel":"","context":"En \u00abINTERNACIONALES\u00bb","block_context":{"text":"INTERNACIONALES","link":"https:\/\/lasprimeras.com.do\/index.php\/category\/sin-categoria\/internacionales\/"},"img":{"alt_text":"","src":"https:\/\/i0.wp.com\/lasprimeras.com.do\/wp-content\/uploads\/2025\/01\/Gustavo-Petro-1.jpg?resize=350%2C200&ssl=1","width":350,"height":200,"srcset":"https:\/\/i0.wp.com\/lasprimeras.com.do\/wp-content\/uploads\/2025\/01\/Gustavo-Petro-1.jpg?resize=350%2C200&ssl=1 1x, https:\/\/i0.wp.com\/lasprimeras.com.do\/wp-content\/uploads\/2025\/01\/Gustavo-Petro-1.jpg?resize=525%2C300&ssl=1 1.5x, https:\/\/i0.wp.com\/lasprimeras.com.do\/wp-content\/uploads\/2025\/01\/Gustavo-Petro-1.jpg?resize=700%2C400&ssl=1 2x"},"classes":[]}],"jetpack_sharing_enabled":true,"_links":{"self":[{"href":"https:\/\/lasprimeras.com.do\/index.php\/wp-json\/wp\/v2\/posts\/93078","targetHints":{"allow":["GET"]}}],"collection":[{"href":"https:\/\/lasprimeras.com.do\/index.php\/wp-json\/wp\/v2\/posts"}],"about":[{"href":"https:\/\/lasprimeras.com.do\/index.php\/wp-json\/wp\/v2\/types\/post"}],"author":[{"embeddable":true,"href":"https:\/\/lasprimeras.com.do\/index.php\/wp-json\/wp\/v2\/users\/2"}],"replies":[{"embeddable":true,"href":"https:\/\/lasprimeras.com.do\/index.php\/wp-json\/wp\/v2\/comments?post=93078"}],"version-history":[{"count":1,"href":"https:\/\/lasprimeras.com.do\/index.php\/wp-json\/wp\/v2\/posts\/93078\/revisions"}],"predecessor-version":[{"id":93080,"href":"https:\/\/lasprimeras.com.do\/index.php\/wp-json\/wp\/v2\/posts\/93078\/revisions\/93080"}],"wp:featuredmedia":[{"embeddable":true,"href":"https:\/\/lasprimeras.com.do\/index.php\/wp-json\/wp\/v2\/media\/93079"}],"wp:attachment":[{"href":"https:\/\/lasprimeras.com.do\/index.php\/wp-json\/wp\/v2\/media?parent=93078"}],"wp:term":[{"taxonomy":"category","embeddable":true,"href":"https:\/\/lasprimeras.com.do\/index.php\/wp-json\/wp\/v2\/categories?post=93078"},{"taxonomy":"post_tag","embeddable":true,"href":"https:\/\/lasprimeras.com.do\/index.php\/wp-json\/wp\/v2\/tags?post=93078"}],"curies":[{"name":"wp","href":"https:\/\/api.w.org\/{rel}","templated":true}]}}