{"id":93081,"date":"2025-01-24T22:51:48","date_gmt":"2025-01-25T02:51:48","guid":{"rendered":"https:\/\/lasprimeras.com.do\/?p=93081"},"modified":"2025-01-24T22:51:53","modified_gmt":"2025-01-25T02:51:53","slug":"solicitantes-de-asilo-llegan-a-nuevos-extremos-en-mexico-tras-las-medidas-fronterizas-de-trump","status":"publish","type":"post","link":"https:\/\/lasprimeras.com.do\/index.php\/2025\/01\/24\/solicitantes-de-asilo-llegan-a-nuevos-extremos-en-mexico-tras-las-medidas-fronterizas-de-trump\/","title":{"rendered":"Solicitantes de asilo llegan a nuevos extremos en M\u00e9xico tras las medidas fronterizas de Trump"},"content":{"rendered":"\n<p>POR MEGAN JANETSKY and EDGAR H. CLEMENTE<\/p>\n\n\n\n<p>ATOTONILCO DE TULA, M\u00e9xico (AP) \u2014 Cuando Dayana Castro se enter\u00f3 de que la cita para solicitar asilo en Estados Unidos por la que hab\u00eda esperado m\u00e1s de un a\u00f1o fue cancelada de un momento a otro, no lo dud\u00f3: se dirigir\u00eda al norte como fuera.<\/p>\n\n\n\n<p>A esta migrante de 25 a\u00f1os, su esposo y sus hijos de cuatro y siete a\u00f1os no les quedaba nada en su pa\u00eds, Venezuela. Ya hab\u00edan superado el peligroso Tap\u00f3n del Dari\u00e9n que separa Colombia de Panam\u00e1 y a los grupos criminales que se aprovechan de personas en su situaci\u00f3n.<\/p>\n\n\n\n<p>Castro era una de las decenas de miles de migrantes en todo M\u00e9xico que ten\u00edan citas programadas para solicitar asilo en la frontera de Estados Unidos hasta febrero, hasta que el presidente Donald Trump asumi\u00f3 el cargo y emiti\u00f3 una serie de \u00f3rdenes ejecutivas para reforzar la seguridad fronteriza y reducir la migraci\u00f3n.<\/p>\n\n\n\n<p>Una de ellas anul\u00f3 el uso de la aplicaci\u00f3n CBP One, que hab\u00eda permitido que casi un mill\u00f3n de personas, muchas buscando asilo, ingresaran legalmente al pa\u00eds desde enero de 2023.<\/p>\n\n\n\n<p>\u201cPensamos seguir\u201d, afirm\u00f3 Castro desde un peque\u00f1o refugio en el centro de M\u00e9xico, junto a la v\u00eda de un tren de mercanc\u00edas que iban a tomar hacia el norte, recordando que no podr\u00edan dar marcha atr\u00e1s despu\u00e9s de todo lo que pasaron, de todos los pa\u00edses que cruzaron.<\/p>\n\n\n\n<p>Ahora, los migrantes como ella se est\u00e1n adaptando a una nueva e incierta realidad. Muchos siguen decididos a llegar a Estados Unidos por v\u00edas m\u00e1s peligrosas, a bordo de trenes de mercanc\u00edas, contratando a contrabandistas y esquivando a las autoridades. Algunos hicieron fila en las oficinas de refugiados de M\u00e9xico para solicitar asilo en el pa\u00eds, mientras que otros contemplaban la posibilidad de regresar a casa.<\/p>\n\n\n\n<p>Trump declar\u00f3 el lunes una emergencia nacional en la frontera entre Estados Unidos y M\u00e9xico y anunci\u00f3 planes para enviar tropas estadounidenses y restringir el paso de refugiados y solicitantes de asilo, alegando que quiere frenar las entradas ilegales y el delito fronterizo. Las medidas siguen a un descenso de los cruces ilegales en los \u00faltimos meses.<\/p>\n\n\n\n<p>Los defensores de la app CBP One utilizada por personas como Castro para intentar ingresar de forma legal sostienen que puso orden en una frontera ca\u00f3tica. Los cr\u00edticos, por su parte, afirman que fue un im\u00e1n para atraer a m\u00e1s migrantes.<\/p>\n\n\n\n<p>Adam Isacson, analista de supervisi\u00f3n de defensa para la organizaci\u00f3n de derechos humanos Oficina en Washington para Asuntos Latinoamericanos, dijo que la represi\u00f3n migratoria de Trump seguramente disuada a los migrantes a corto plazo, pero tambi\u00e9n provocar\u00e1 una serie de consecuencias humanitarias en cadena.<\/p>\n\n\n\n<p>Las personas con solicitudes de asilo v\u00e1lidas pueden morir en sus propios pa\u00edses, apunt\u00f3, mientras que los migrantes que huyen de pa\u00edses como Venezuela, Cuba o Hait\u00ed, que no pueden regresar f\u00e1cilmente a casa, pueden terminar flotando por Am\u00e9rica \u201ccompletamente desprotegidos\u201d. Isacson y otros analistas esperan que las pol\u00edticas de Trump lleven a una mayor demanda de contrabandistas y empujen a los migrantes \u2014muchos de ellos menores y familias\u2014 a zonas m\u00e1s peligrosas para evitar ser capturados.<\/p>\n\n\n\n<p>El martes, Castro estaba asimilando el hecho de que seguir adelante luego de la cancelaci\u00f3n de su cita del 18 de febrero con las autoridades estadounidenses podr\u00eda significar que pondr\u00e1 su vida, y la de su familia, en riesgo, ya que los c\u00e1rteles extorsionan y secuestran cada vez m\u00e1s a migrantes vulnerables.<\/p>\n\n\n\n<p>\u201c\u00bfRendirse ahorita? No. Si no nos arriesgamos, no llegamos\u201d, asegur\u00f3 mientras daba pan a sus hijos junto al peque\u00f1o refugio donde dorm\u00edan.<\/p>\n\n\n\n<p>En Tapachula, en la frontera sur de M\u00e9xico con Guatemala, otro grupo de migrantes tom\u00f3 un enfoque diferente.<\/p>\n\n\n\n<p>La cubana Rosal\u00ed Mart\u00ednez esperaba en fila en el exterior de la Comisi\u00f3n Mexicana de Ayuda a Refugiados en la sofocante ciudad sure\u00f1a. Viajaba con su hijo y esperaba reunirse con su esposo en Estados Unidos.<\/p>\n\n\n\n<p>Ahora se un\u00eda al creciente n\u00famero de migrantes que han buscado asilo en M\u00e9xico en los \u00faltimos a\u00f1os, ya sea temporalmente debido a las cambiantes restricciones estadounidenses o de manera m\u00e1s permanente.<\/p>\n\n\n\n<p>Como muchos compatriotas en los \u00faltimos a\u00f1os, Mart\u00ednez, que huye de una crisis econ\u00f3mica en expansi\u00f3n, afirm\u00f3 que se quedar\u00e1 en el pa\u00eds para ver qu\u00e9 ocurre, pero \u201cde ninguna manera voy a volver a Cuba\u201d.<\/p>\n\n\n\n<p>Otros como Jomaris Figuera, de 42 a\u00f1os, y su esposo, quieren tirar la toalla tras a\u00f1os tratando de forjarse una nueva vida fuera de Venezuela, donde las crisis econ\u00f3mica y pol\u00edtica han impulsado a casi ocho millones de personas a emigrar en los \u00faltimos a\u00f1os.<\/p>\n\n\n\n<p>Pasaron m\u00e1s de cuatro a\u00f1os recolectando caf\u00e9 en la vecina Colombia, pero no lograban llegar a fin y mes y decidieron atravesar el Dari\u00e9n. Esperaron casi un a\u00f1o y medio para conseguir una v\u00eda legal de entrada a Estados Unidos en un albergue de madera en un campamento de migrantes asolado por la delincuencia en el centro de la Ciudad de M\u00e9xico.<\/p>\n\n\n\n<p>Debido a la crisis en Venezuela, no tienen pasaporte. Y sin dinero, temen que su \u00fanico camino de regreso sea cruzar M\u00e9xico y Centroam\u00e9rica hacia el sur y caminar d\u00edas a trav\u00e9s de las mismas monta\u00f1as del Dari\u00e9n.<\/p>\n\n\n\n<p>Cualquier cosa ser\u00eda mejor que quedarse en M\u00e9xico, dijo Figuera.<\/p>\n","protected":false},"excerpt":{"rendered":"<p>POR MEGAN JANETSKY and EDGAR H. CLEMENTE ATOTONILCO DE TULA, M\u00e9xico (AP) \u2014 Cuando Dayana Castro se enter\u00f3 de que la cita para solicitar asilo en Estados Unidos por la&hellip;<\/p>\n","protected":false},"author":2,"featured_media":93082,"comment_status":"open","ping_status":"open","sticky":false,"template":"","format":"standard","meta":{"content-type":"","jetpack_post_was_ever_published":false,"_jetpack_newsletter_access":"","_jetpack_dont_email_post_to_subs":false,"_jetpack_newsletter_tier_id":0,"_jetpack_memberships_contains_paywalled_content":false,"_jetpack_memberships_contains_paid_content":false,"footnotes":""},"categories":[16289],"tags":[98,8266,17112,906,17111],"class_list":["post-93081","post","type-post","status-publish","format-standard","has-post-thumbnail","hentry","category-internacionales","tag-estados-unidos","tag-extremos","tag-medidas-fronterizas","tag-mexico","tag-solicitantes-de-asilo"],"jetpack_featured_media_url":"https:\/\/lasprimeras.com.do\/wp-content\/uploads\/2025\/01\/tijuana.jpg","jetpack-related-posts":[{"id":61143,"url":"https:\/\/lasprimeras.com.do\/index.php\/2023\/09\/22\/con-cruces-entre-eeuu-y-mexico-cerrados-ciudades-y-agentes-afrontan-repunte-en-llegada-de-migrantes\/","url_meta":{"origin":93081,"position":0},"title":"Con cruces entre EEUU y M\u00e9xico cerrados, ciudades y agentes afrontan repunte en llegada de migrantes","author":"Nelson Feliz","date":"22 de septiembre de 2023","format":false,"excerpt":"El alcalde, Rolando Salinas, dijo que alrededor de 2.000 personas hab\u00edan cruzado el jueves, casi la mitad que en la v\u00edspera. Pero tras una reuni\u00f3n con la polic\u00eda estatal y agentes fronterizos, Salinas indic\u00f3 que se le dijo que las multitudes podr\u00edan seguir llegando durante el fin de semana. En\u2026","rel":"","context":"En \u00abSin categor\u00eda\u00bb","block_context":{"text":"Sin categor\u00eda","link":"https:\/\/lasprimeras.com.do\/index.php\/category\/sin-categoria\/"},"img":{"alt_text":"Migrantes forman una cadena humana para cruzar el R\u00edo Bravo desde M\u00e9xico a Estados Unidos, el 21 de septiembre de 2023, en Eagle Pass, Texas.AP","src":"https:\/\/i0.wp.com\/lasprimeras.com.do\/wp-content\/uploads\/2023\/09\/migrantes.jpeg?resize=350%2C200&ssl=1","width":350,"height":200,"srcset":"https:\/\/i0.wp.com\/lasprimeras.com.do\/wp-content\/uploads\/2023\/09\/migrantes.jpeg?resize=350%2C200&ssl=1 1x, https:\/\/i0.wp.com\/lasprimeras.com.do\/wp-content\/uploads\/2023\/09\/migrantes.jpeg?resize=525%2C300&ssl=1 1.5x, https:\/\/i0.wp.com\/lasprimeras.com.do\/wp-content\/uploads\/2023\/09\/migrantes.jpeg?resize=700%2C400&ssl=1 2x"},"classes":[]},{"id":82954,"url":"https:\/\/lasprimeras.com.do\/index.php\/2024\/05\/09\/nueva-norma-de-eeuu-pretende-acelerar-proceso-de-solicitud-de-asilo-para-grupo-limitado-de-migrantes\/","url_meta":{"origin":93081,"position":1},"title":"Nueva norma de EEUU pretende acelerar proceso de solicitud de asilo para grupo limitado de migrantes","author":"Nelson Feliz","date":"9 de mayo de 2024","format":false,"excerpt":"BY REBECCA SANTANA WASHINGTON (AP) \u2014 Una nueva norma del gobierno de Estados Unidos anunciada el jueves tiene como objetivo acelerar el proceso de solicitud de asilo en la frontera sur para un grupo limitado de personas que se crea que han cometido delitos graves o tienen v\u00ednculos terroristas y,\u2026","rel":"","context":"En \u00abSin categor\u00eda\u00bb","block_context":{"text":"Sin categor\u00eda","link":"https:\/\/lasprimeras.com.do\/index.php\/category\/sin-categoria\/"},"img":{"alt_text":"","src":"https:\/\/i0.wp.com\/lasprimeras.com.do\/wp-content\/uploads\/2024\/05\/asilo.jpg?resize=350%2C200&ssl=1","width":350,"height":200,"srcset":"https:\/\/i0.wp.com\/lasprimeras.com.do\/wp-content\/uploads\/2024\/05\/asilo.jpg?resize=350%2C200&ssl=1 1x, https:\/\/i0.wp.com\/lasprimeras.com.do\/wp-content\/uploads\/2024\/05\/asilo.jpg?resize=525%2C300&ssl=1 1.5x, https:\/\/i0.wp.com\/lasprimeras.com.do\/wp-content\/uploads\/2024\/05\/asilo.jpg?resize=700%2C400&ssl=1 2x"},"classes":[]},{"id":58510,"url":"https:\/\/lasprimeras.com.do\/index.php\/2023\/08\/24\/biden-recibira-al-presidente-costarricense-rodrigo-chaves-en-la-casa-blanca\/","url_meta":{"origin":93081,"position":2},"title":"Biden recibir\u00e1 al presidente costarricense Rodrigo Chaves en la Casa Blanca","author":"Nelson Feliz","date":"24 de agosto de 2023","format":false,"excerpt":"El presidente estadounidense Joe Biden recibir\u00e1 el martes a su hom\u00f3logo costarricense Rodrigo Chaves en la Casa Blanca, luego de un acuerdo entre ambas naciones sobre posibles v\u00edas legales para los migrantes. La secretaria de Prensa de la Casa Blanca, Karine Jean-Pierre, dijo en un comunicado emitido el mi\u00e9rcoles que\u2026","rel":"","context":"En \u00abSin categor\u00eda\u00bb","block_context":{"text":"Sin categor\u00eda","link":"https:\/\/lasprimeras.com.do\/index.php\/category\/sin-categoria\/"},"img":{"alt_text":"Presidente de Costa Rica, Rodrigo ChavesAP FOTO","src":"https:\/\/i0.wp.com\/lasprimeras.com.do\/wp-content\/uploads\/2023\/08\/Rodrigo-Chaves.png?resize=350%2C200&ssl=1","width":350,"height":200,"srcset":"https:\/\/i0.wp.com\/lasprimeras.com.do\/wp-content\/uploads\/2023\/08\/Rodrigo-Chaves.png?resize=350%2C200&ssl=1 1x, https:\/\/i0.wp.com\/lasprimeras.com.do\/wp-content\/uploads\/2023\/08\/Rodrigo-Chaves.png?resize=525%2C300&ssl=1 1.5x, https:\/\/i0.wp.com\/lasprimeras.com.do\/wp-content\/uploads\/2023\/08\/Rodrigo-Chaves.png?resize=700%2C400&ssl=1 2x"},"classes":[]},{"id":88594,"url":"https:\/\/lasprimeras.com.do\/index.php\/2024\/08\/31\/distribuiran-25-millones-para-apoyar-solicitantes-de-asilo-en-nueva-york\/","url_meta":{"origin":93081,"position":3},"title":"Distribuir\u00e1n $25 millones para apoyar solicitantes de asilo en Nueva York","author":"Nelson Feliz","date":"31 de agosto de 2024","format":false,"excerpt":"La iniciativa, encabezada por el legislador Adriano Espaillat para asignar fondos federales para ayudar a las familias migrantes en la ciudad de Nueva York y en las principales ciudades de la naci\u00f3n.\u00a0Por: Aquiles Rojas NUEVA YORK. \u00a0\u2013La Oficina de Aduanas y Protecci\u00f3n Fronteriza de los Estados Unidos y la Agencia\u2026","rel":"","context":"En \u00abECONOM\u00cdA\u00bb","block_context":{"text":"ECONOM\u00cdA","link":"https:\/\/lasprimeras.com.do\/index.php\/category\/economia\/"},"img":{"alt_text":"Adriano Espaillat","src":"https:\/\/i0.wp.com\/lasprimeras.com.do\/wp-content\/uploads\/2024\/04\/Adriano-Espaillat.jpeg?resize=350%2C200&ssl=1","width":350,"height":200,"srcset":"https:\/\/i0.wp.com\/lasprimeras.com.do\/wp-content\/uploads\/2024\/04\/Adriano-Espaillat.jpeg?resize=350%2C200&ssl=1 1x, https:\/\/i0.wp.com\/lasprimeras.com.do\/wp-content\/uploads\/2024\/04\/Adriano-Espaillat.jpeg?resize=525%2C300&ssl=1 1.5x, https:\/\/i0.wp.com\/lasprimeras.com.do\/wp-content\/uploads\/2024\/04\/Adriano-Espaillat.jpeg?resize=700%2C400&ssl=1 2x"},"classes":[]},{"id":49674,"url":"https:\/\/lasprimeras.com.do\/index.php\/2023\/05\/13\/eeuu-pasa-pagina-en-sus-normas-migratorias-y-evita-el-caos-en-su-frontera-con-mexico\/","url_meta":{"origin":93081,"position":4},"title":"EEUU pasa p\u00e1gina en sus normas migratorias y evita el caos en su frontera con M\u00e9xico","author":"prenxa100","date":"13 de mayo de 2023","format":false,"excerpt":"El Paso, EEUU, AP.-.En su frontera con M\u00e9xico, Estados Unidos logr\u00f3 voltear con relativa calma la p\u00e1gina de las restricciones a la inmigraci\u00f3n impuestas durante la pandemia, mientras los migrantes se adaptan a las nuevas y estrictas normas destinadas a desalentar los cruces ilegales y esperan que se cumpla la\u2026","rel":"","context":"En \u00abSin categor\u00eda\u00bb","block_context":{"text":"Sin categor\u00eda","link":"https:\/\/lasprimeras.com.do\/index.php\/category\/sin-categoria\/"},"img":{"alt_text":"","src":"","width":0,"height":0},"classes":[]},{"id":72730,"url":"https:\/\/lasprimeras.com.do\/index.php\/2024\/01\/02\/el-presidente-de-mexico-confirma-el-secuestro-de-31-migrantes-en-ee-uu\/","url_meta":{"origin":93081,"position":5},"title":"El presidente de M\u00e9xico confirma el secuestro de 31 migrantes en EE.UU","author":"BIMARY DE JES\u00daS Matos","date":"2 de enero de 2024","format":false,"excerpt":"Ciudad de M\u00e9xico.- Un grupo armado secuestr\u00f3 a al menos 31 migrantes, en su mayor\u00eda venezolanos, mientras iban el s\u00e1bado pasado en un cami\u00f3n en el estado mexicano de Tamaulipas, fronterizo con Estados Unidos, seg\u00fan confirm\u00f3 este martes el presidente, Andr\u00e9s Manuel L\u00f3pez Obrador. \u201cSe sabe que es un cami\u00f3n\u2026","rel":"","context":"En \u00abSin categor\u00eda\u00bb","block_context":{"text":"Sin categor\u00eda","link":"https:\/\/lasprimeras.com.do\/index.php\/category\/sin-categoria\/"},"img":{"alt_text":"","src":"https:\/\/i0.wp.com\/lasprimeras.com.do\/wp-content\/uploads\/2024\/01\/WhatsApp-Image-2024-01-02-at-2.04.35-PM.webp?resize=350%2C200&ssl=1","width":350,"height":200,"srcset":"https:\/\/i0.wp.com\/lasprimeras.com.do\/wp-content\/uploads\/2024\/01\/WhatsApp-Image-2024-01-02-at-2.04.35-PM.webp?resize=350%2C200&ssl=1 1x, https:\/\/i0.wp.com\/lasprimeras.com.do\/wp-content\/uploads\/2024\/01\/WhatsApp-Image-2024-01-02-at-2.04.35-PM.webp?resize=525%2C300&ssl=1 1.5x"},"classes":[]}],"jetpack_sharing_enabled":true,"_links":{"self":[{"href":"https:\/\/lasprimeras.com.do\/index.php\/wp-json\/wp\/v2\/posts\/93081","targetHints":{"allow":["GET"]}}],"collection":[{"href":"https:\/\/lasprimeras.com.do\/index.php\/wp-json\/wp\/v2\/posts"}],"about":[{"href":"https:\/\/lasprimeras.com.do\/index.php\/wp-json\/wp\/v2\/types\/post"}],"author":[{"embeddable":true,"href":"https:\/\/lasprimeras.com.do\/index.php\/wp-json\/wp\/v2\/users\/2"}],"replies":[{"embeddable":true,"href":"https:\/\/lasprimeras.com.do\/index.php\/wp-json\/wp\/v2\/comments?post=93081"}],"version-history":[{"count":2,"href":"https:\/\/lasprimeras.com.do\/index.php\/wp-json\/wp\/v2\/posts\/93081\/revisions"}],"predecessor-version":[{"id":93084,"href":"https:\/\/lasprimeras.com.do\/index.php\/wp-json\/wp\/v2\/posts\/93081\/revisions\/93084"}],"wp:featuredmedia":[{"embeddable":true,"href":"https:\/\/lasprimeras.com.do\/index.php\/wp-json\/wp\/v2\/media\/93082"}],"wp:attachment":[{"href":"https:\/\/lasprimeras.com.do\/index.php\/wp-json\/wp\/v2\/media?parent=93081"}],"wp:term":[{"taxonomy":"category","embeddable":true,"href":"https:\/\/lasprimeras.com.do\/index.php\/wp-json\/wp\/v2\/categories?post=93081"},{"taxonomy":"post_tag","embeddable":true,"href":"https:\/\/lasprimeras.com.do\/index.php\/wp-json\/wp\/v2\/tags?post=93081"}],"curies":[{"name":"wp","href":"https:\/\/api.w.org\/{rel}","templated":true}]}}