{"id":93085,"date":"2025-01-24T23:02:08","date_gmt":"2025-01-25T03:02:08","guid":{"rendered":"https:\/\/lasprimeras.com.do\/?p=93085"},"modified":"2025-01-24T23:02:12","modified_gmt":"2025-01-25T03:02:12","slug":"crecen-los-temores-tras-demostracion-de-fuerza-de-trump-sobre-la-inmigracion","status":"publish","type":"post","link":"https:\/\/lasprimeras.com.do\/index.php\/2025\/01\/24\/crecen-los-temores-tras-demostracion-de-fuerza-de-trump-sobre-la-inmigracion\/","title":{"rendered":"Crecen los temores tras demostraci\u00f3n de fuerza de Trump sobre la inmigraci\u00f3n"},"content":{"rendered":"\n<p>POR MIKE CATALINI and REBECCA SANTANA<\/p>\n\n\n\n<p>NEWARK, Nueva Jersey, EE.UU. (AP) \u2014 Menos de una semana despu\u00e9s de haber iniciado su presidencia, el gobierno de Donald Trump pregon\u00f3 el viernes sus labores de deportaci\u00f3n y public\u00f3 nuevas reglas que facilitan la expulsi\u00f3n de personas de Estados Unidos, parte de una serie de acciones para cumplir con las promesas de campa\u00f1a de combatir la inmigraci\u00f3n ilegal.<\/p>\n\n\n\n<p>En medio de la m\u00e1s reciente demostraci\u00f3n de fuerza de las autoridades, olas de preocupaci\u00f3n resonaron en partes del pa\u00eds, y funcionarios en Newark, Nueva Jersey, criticaron lo que dijeron son arrestos ilegales por parte de agentes de inmigraci\u00f3n.<\/p>\n\n\n\n<p>El gobierno de Trump se refiri\u00f3 a aviones militares estadounidenses que transportaban migrantes y aterrizaron en Centroam\u00e9rica, dicendo que es el inicio de las deportaciones, y anunci\u00f3 que el Servicio de Control de Inmigraci\u00f3n y Aduanas (ICE, por sus siglas en ingl\u00e9s) realiz\u00f3 538 arrestos tan s\u00f3lo el jueves.<\/p>\n\n\n\n<p>Tambi\u00e9n envi\u00f3 soldados e infantes de Marina estadounidenses a la frontera con M\u00e9xico y suspendi\u00f3 normas de larga data que restring\u00edan aplicar las leyes de inmigraci\u00f3n cerca de escuelas e iglesias.<\/p>\n\n\n\n<p>Muchas de las acciones de ICE no fueron inusuales. Hubo vuelos de deportaci\u00f3n similares en el gobierno del presidente Joe Biden, aunque no con aviones militares. El ICE promedi\u00f3 311 arrestos diarios en el a\u00f1o fiscal que concluy\u00f3 el 30 de septiembre.<\/p>\n\n\n\n<p>Biden tambi\u00e9n envi\u00f3 soldados en activo a la frontera en 2023, y varios gobiernos han mandado efectivos de la Guardia Nacional para que apoyen a la Oficina de Aduanas y Protecci\u00f3n Fronteriza (CBP, por sus siglas en ingl\u00e9s).<\/p>\n\n\n\n<p>Sin embargo, rumores de arrestos y reportes de noticias o publicaciones en redes sociales sobre la presencia de agentes desataron temores en comunidades de todo el pa\u00eds.<\/p>\n\n\n\n<p>Algunos grupos defensores de los derechos humanos desarrollaron planes para proteger a los inmigrantes en caso de que haya arrestos en escuelas o lugares de trabajo.<\/p>\n\n\n\n<p>Hay un amplio respaldo en Estados Unidos para reforzar la seguridad en la frontera sur y realizar algunas deportaciones selectivas, particularmente de personas que han cometido delitos violentos, seg\u00fan una encuesta de The Associated Press y el Centro NORC para la Investigaci\u00f3n de Asuntos P\u00fablicos.<\/p>\n\n\n\n<p>El sondeo tambi\u00e9n encontr\u00f3 que la mayor\u00eda de los estadounidenses piensan que la polic\u00eda local deber\u00eda cooperar con las autoridades de inmigraci\u00f3n federales en las deportaciones en al menos algunos casos.<\/p>\n\n\n\n<p>Pero el apoyo disminuye considerablemente cuando se trata de deportar a personas que est\u00e1n ilegalmente en el pa\u00eds y no han sido declaradas culpables de cometer un delito.<\/p>\n\n\n\n<p>Funcionarios de Newark dicen que el ICE fue demasiado lejos<\/p>\n\n\n\n<p>El alcalde Ras Baraka indic\u00f3 que agentes del ICE se presentaron en un negocio el jueves para lo que \u00e9l llam\u00f3 una redada sin orden judicial y detuvieron a tres \u201cresidentes indocumentados\u201d, as\u00ed como a algunos ciudadanos estadounidenses.<\/p>\n\n\n\n<p>Dijo que una persona fue interrogada incluso despu\u00e9s de mostrar una identificaci\u00f3n militar.<\/p>\n\n\n\n<p>La ciudad est\u00e1 justo al otro lado del r\u00edo Hudson frente a Nueva York, y la mitad de la poblaci\u00f3n de 305.000 es de raza negra y casi el 40% es hispana.<\/p>\n\n\n\n<p>\u201cCuando recib\u00ed esta informaci\u00f3n me horroric\u00e9, me molest\u00e9, me enoj\u00e9 de que esto sucediera aqu\u00ed, en este estado, en este pa\u00eds\u201d, manifest\u00f3 en conferencia de prensa Baraka, un dem\u00f3crata que desea que su partido lo nomine para gobernador.<\/p>\n\n\n\n<p>\u201cVamos a luchar por todos nuestros residentes en esta ciudad, sin importar c\u00f3mo nos veamos con eso\u201d.<\/p>\n\n\n\n<p>El ICE confirm\u00f3 que hab\u00eda realizado una \u201coperaci\u00f3n policial dirigida\u201d en un negocio de Newark, y que algunas de las personas que los agentes encontraron eran ciudadanos estadounidenses a los que se les pidi\u00f3 su identificaci\u00f3n.<\/p>\n\n\n\n<p>El ICE dijo que no pod\u00eda comentar m\u00e1s porque la investigaci\u00f3n est\u00e1 en curso.<\/p>\n\n\n\n<p>Aunque Trump ha prometido ejecutar una campa\u00f1a de deportaciones masivas, su zar fronterizo de la Casa Blanca ha dicho repetidas veces que en un principio ser\u00e1n operaciones dirigidas a personas espec\u00edficas que han cometido delitos.<\/p>\n\n\n\n<p>Amy Torres, directora ejecutiva de la coalici\u00f3n activista New Jersey Alliance for Immigrant Justice, refut\u00f3 que lo ocurrido el jueves fuera un enfoque dirigido, diciendo que ese tipo de lenguaje deja entrever \u201calg\u00fan uso profundo de datos de inteligencia y una investigaci\u00f3n previa\u201d. Indic\u00f3 que su organizaci\u00f3n recibi\u00f3 una llamada cuando el ICE arrib\u00f3.<\/p>\n\n\n\n<p>\u201cSi esta es una operaci\u00f3n tan est\u00e9ril y dirigida, \u00bfpor qu\u00e9 se interrog\u00f3 a un ciudadano estadounidense?\u201d, cuestion\u00f3 Torres.<\/p>\n\n\n\n<p>Ella y otros funcionarios se negaron a identificar el negocio, pero el due\u00f1o de Ocean Seafood Depot habl\u00f3 con los reporteros, diciendo que el gobierno deber\u00eda ir tras \u201clas personas malas, no las personas que trabajan\u201d.<\/p>\n\n\n\n<p>Expandiendo la autoridad de \u201cdeportaci\u00f3n expedita\u201d<\/p>\n\n\n\n<p>El gobierno de Trump inform\u00f3 el viernes que estaba expandiendo el uso de la autoridad de \u201cdeportaci\u00f3n expedita\u201d, de forma que pueda ser utilizada en todo el pa\u00eds, y a\u00f1adi\u00f3 que tendr\u00eda efecto inmediato.<\/p>\n\n\n\n<p>\u201cEl efecto de este cambio ser\u00e1 mejorar la seguridad nacional y la seguridad p\u00fablica \u2014al tiempo que reduce los costos gubernamentales\u2014, facilitando decisiones r\u00e1pidas sobre la inmigraci\u00f3n\u201d, declar\u00f3 el gobierno en un aviso en el Registro Federal que describe las nuevas reglas.<\/p>\n\n\n\n<p>La \u201cdeportaci\u00f3n expedita\u201d otorga a las agencias del orden p\u00fablico autoridad amplia para deportar personas sin requerir que comparezcan ante un juez de migraci\u00f3n.<\/p>\n\n\n\n<p>Hay excepciones limitadas, las cuales incluyen si expresan temor de regresar a casa y aprueban una entrevista inicial de evaluaci\u00f3n para recibir asilo.<\/p>\n\n\n\n<p>Los cr\u00edticos han dicho que hay demasiado riesgo de que personas que tienen derecho a estar en el pa\u00eds sean detenidas por error por agentes y oficiales, y que no se hace lo suficiente para proteger a los migrantes que tienen motivos genuinos para temer ser enviados a casa.<\/p>\n\n\n\n<p>El aviso del viernes indica que la persona que haya sido seleccionada para deportaci\u00f3n expedita \u201ctiene sobre s\u00ed la carga de demostrar a satisfacci\u00f3n de un agente de inmigraci\u00f3n\u201d que tiene derecho a estar en Estados Unidos.<\/p>\n\n\n\n<p>Los poderes fueron creados bajo una ley de 1996. Pero realmente no se utilizaron ampliamente sino hasta 2004, cuando el Departamento de Seguridad Nacional inform\u00f3 que usar\u00eda la autoridad de deportaci\u00f3n expedita para personas arrestadas dentro de las dos semanas posteriores a su entrada a Estados Unidos por tierra, o que hubiesen sido capturadas dentro de una franja de 160 kil\u00f3metros (100 millas) de distancia de la frontera. Eso signific\u00f3 que se us\u00f3 principalmente contra migrantes que reci\u00e9n llegaban al pa\u00eds.<\/p>\n\n\n\n<p>El uso de aviones militares para llevar a cabo deportaciones<\/p>\n\n\n\n<p>El gobierno de Trump tambi\u00e9n est\u00e1 confiando en el ej\u00e9rcito en activo para ayudar a asegurar la frontera y llevar a cabo deportaciones. Despu\u00e9s de enviar a unos 1.500 soldados a San Diego y El Paso, dos aviones de carga C-17 de la Fuerza A\u00e9rea que transportaban a migrantes expulsados del pa\u00eds aterrizaron en Guatemala el viernes por la ma\u00f1ana.<\/p>\n\n\n\n<p>Honduras recibi\u00f3 dos vuelos de deportaci\u00f3n el viernes en los que iban 193 personas en total, confirm\u00f3 el Ministerio de Relaciones Exteriores.<\/p>\n\n\n\n<p>Sin embargo, los funcionarios subrayaron que esto era normal. Antonio Garc\u00eda, viceministro de Relaciones Exteriores de Honduras, dijo que el gobierno tiene un acuerdo con Estados Unidos para aceptar entre ocho y 10 vuelos a la semana.<\/p>\n\n\n\n<p>En declaraciones a la AP, el ministro cuestion\u00f3 cu\u00e1ntos vuelos m\u00e1s les pedir\u00e1 Washington que acepten. Indic\u00f3 que el gobierno hondure\u00f1o los escuchar\u00e1, pero tambi\u00e9n desea que el gobierno estadounidense escuche sus planes y preocupaciones.<\/p>\n","protected":false},"excerpt":{"rendered":"<p>POR MIKE CATALINI and REBECCA SANTANA NEWARK, Nueva Jersey, EE.UU. (AP) \u2014 Menos de una semana despu\u00e9s de haber iniciado su presidencia, el gobierno de Donald Trump pregon\u00f3 el viernes&hellip;<\/p>\n","protected":false},"author":2,"featured_media":93086,"comment_status":"open","ping_status":"open","sticky":false,"template":"","format":"standard","meta":{"content-type":"","jetpack_post_was_ever_published":false,"_jetpack_newsletter_access":"","_jetpack_dont_email_post_to_subs":false,"_jetpack_newsletter_tier_id":0,"_jetpack_memberships_contains_paywalled_content":false,"_jetpack_memberships_contains_paid_content":false,"footnotes":""},"categories":[16289],"tags":[17113,17114,978,98,17115,4249],"class_list":["post-93085","post","type-post","status-publish","format-standard","has-post-thumbnail","hentry","category-internacionales","tag-crecen-los-temores","tag-demostracion","tag-donald-trump","tag-estados-unidos","tag-fuerza-de-trump","tag-inmigracion"],"jetpack_featured_media_url":"https:\/\/lasprimeras.com.do\/wp-content\/uploads\/2025\/01\/Inmigracion.jpg","jetpack-related-posts":[{"id":95481,"url":"https:\/\/lasprimeras.com.do\/index.php\/2025\/03\/14\/en-primeros-50-dias-inmigracion-gobierno-trump-arresta-32809-incluidos-cientos-de-dominicanos\/","url_meta":{"origin":93085,"position":0},"title":"En primeros 50 d\u00edas Inmigraci\u00f3n gobierno Trump arresta 32,809, incluidos cientos de dominicanos","author":"Nelson Feliz","date":"14 de marzo de 2025","format":false,"excerpt":"Por Ram\u00f3n Mercedes NUEVA YORK.- En los primeros 50 d\u00edas del Gobierno del presidente Donald Trump, del 20 de enero al 10 de marzo, el Servicio de Control de Inmigraci\u00f3n y Aduanas de los Estados Unidos (ICE) ha efectuado 32.809 arrestos en territorio estadounidense, entre ellos cientos de dominicanos, seg\u00fan\u2026","rel":"","context":"En \u00abINTERNACIONALES\u00bb","block_context":{"text":"INTERNACIONALES","link":"https:\/\/lasprimeras.com.do\/index.php\/category\/sin-categoria\/internacionales\/"},"img":{"alt_text":"En primeros 50 d\u00edas Inmigraci\u00f3n gobierno Trump arresta 32,809, incluidos cientos de dominicanos","src":"https:\/\/i0.wp.com\/lasprimeras.com.do\/wp-content\/uploads\/2025\/03\/WhatsApp-Image-2025-03-13-at-6.35.32-AM-1.jpeg?resize=350%2C200&ssl=1","width":350,"height":200,"srcset":"https:\/\/i0.wp.com\/lasprimeras.com.do\/wp-content\/uploads\/2025\/03\/WhatsApp-Image-2025-03-13-at-6.35.32-AM-1.jpeg?resize=350%2C200&ssl=1 1x, https:\/\/i0.wp.com\/lasprimeras.com.do\/wp-content\/uploads\/2025\/03\/WhatsApp-Image-2025-03-13-at-6.35.32-AM-1.jpeg?resize=525%2C300&ssl=1 1.5x"},"classes":[]},{"id":87497,"url":"https:\/\/lasprimeras.com.do\/index.php\/2024\/08\/12\/donald-trump-en-conversacion-con-elon-musk-la-inmigracion-ilegal-me-salvo-la-vida\/","url_meta":{"origin":93085,"position":1},"title":"Donald Trump en conversaci\u00f3n con Elon Musk: \u201cLa inmigraci\u00f3n ilegal me salv\u00f3 la vida\u201d","author":"Nelson Feliz","date":"12 de agosto de 2024","format":false,"excerpt":"Agencia EFE El expresidente estadounidense y candidato electoral republicano Donald Trump (2017-2021) asegur\u00f3 este lunes que la inmigraci\u00f3n ilegal le \u201csalv\u00f3\u201d la vida el d\u00eda de su ataque y brome\u00f3 con que incluso va a dormir con el gr\u00e1fico que mostr\u00f3 al p\u00fablico y que al girar la cabeza le\u2026","rel":"","context":"En \u00abSin categor\u00eda\u00bb","block_context":{"text":"Sin categor\u00eda","link":"https:\/\/lasprimeras.com.do\/index.php\/category\/sin-categoria\/"},"img":{"alt_text":"Donald Trump","src":"https:\/\/i0.wp.com\/lasprimeras.com.do\/wp-content\/uploads\/2024\/08\/Donald-Trump.jpg?resize=350%2C200&ssl=1","width":350,"height":200,"srcset":"https:\/\/i0.wp.com\/lasprimeras.com.do\/wp-content\/uploads\/2024\/08\/Donald-Trump.jpg?resize=350%2C200&ssl=1 1x, https:\/\/i0.wp.com\/lasprimeras.com.do\/wp-content\/uploads\/2024\/08\/Donald-Trump.jpg?resize=525%2C300&ssl=1 1.5x, https:\/\/i0.wp.com\/lasprimeras.com.do\/wp-content\/uploads\/2024\/08\/Donald-Trump.jpg?resize=700%2C400&ssl=1 2x"},"classes":[]},{"id":95701,"url":"https:\/\/lasprimeras.com.do\/index.php\/2025\/03\/18\/conor-mcgregor-se-reunio-con-donald-trump-en-la-casa-blanca-y-despotrico-sobre-la-inmigracion-irregular\/","url_meta":{"origin":93085,"position":2},"title":"Conor McGregor se reuni\u00f3 con Donald Trump en la Casa Blanca y despotric\u00f3 sobre la inmigraci\u00f3n irregular","author":"Nelson Feliz","date":"18 de marzo de 2025","format":false,"excerpt":"Mcgregor fue condenado en noviembre de 2024 por violaci\u00f3n a Nikita Hands con obligaci\u00f3n a pagar una indemnizaci\u00f3n de $273,000 d\u00f3lares. Por Alfredo Di Cesare Acostumbrado a su estilo controversial, Conor McGregor apareci\u00f3 este lunes como invitado en la Casa Blanca en Washington para reunirse con el mandatario Donald Trump\u2026","rel":"","context":"En \u00abINTERNACIONALES\u00bb","block_context":{"text":"INTERNACIONALES","link":"https:\/\/lasprimeras.com.do\/index.php\/category\/sin-categoria\/internacionales\/"},"img":{"alt_text":"Conor McGregor","src":"https:\/\/i0.wp.com\/lasprimeras.com.do\/wp-content\/uploads\/2025\/03\/Conor-McGregor.jpg?resize=350%2C200&ssl=1","width":350,"height":200,"srcset":"https:\/\/i0.wp.com\/lasprimeras.com.do\/wp-content\/uploads\/2025\/03\/Conor-McGregor.jpg?resize=350%2C200&ssl=1 1x, https:\/\/i0.wp.com\/lasprimeras.com.do\/wp-content\/uploads\/2025\/03\/Conor-McGregor.jpg?resize=525%2C300&ssl=1 1.5x, https:\/\/i0.wp.com\/lasprimeras.com.do\/wp-content\/uploads\/2025\/03\/Conor-McGregor.jpg?resize=700%2C400&ssl=1 2x"},"classes":[]},{"id":89692,"url":"https:\/\/lasprimeras.com.do\/index.php\/2024\/10\/03\/que-proponen-trump-y-harris-sobre-inmigracion-y-seguridad-fronteriza\/","url_meta":{"origin":93085,"position":3},"title":"\u00bfQu\u00e9 proponen Trump y Harris sobre inmigraci\u00f3n y seguridad fronteriza?","author":"Paola Castillo","date":"3 de octubre de 2024","format":false,"excerpt":"WASHINGTON \u2014 La seguridad fronteriza y la inmigraci\u00f3n son un tema central en las elecciones de noviembre de 2024 en Estados Unidos. Las pol\u00edticas migratorias del republicano Donald Trump incluyen deportaciones masivas y la eliminaci\u00f3n de programas de migraci\u00f3n como el \u201cparole humanitario\u201d y la aplicaci\u00f3n de citas online CBP\u2026","rel":"","context":"En \u00abSin categor\u00eda\u00bb","block_context":{"text":"Sin categor\u00eda","link":"https:\/\/lasprimeras.com.do\/index.php\/category\/sin-categoria\/"},"img":{"alt_text":"","src":"","width":0,"height":0},"classes":[]},{"id":85291,"url":"https:\/\/lasprimeras.com.do\/index.php\/2024\/06\/27\/biden-comete-varios-errores-verbales-en-debate-trump-insiste-en-falsedades-sobre-inmigracion\/","url_meta":{"origin":93085,"position":4},"title":"Biden comete varios errores verbales en debate; Trump insiste en falsedades sobre inmigraci\u00f3n","author":"Nelson Feliz","date":"27 de junio de 2024","format":false,"excerpt":"BY ZEKE MILLER, MICHELLE L. PRICE, WILL WEISSERT, BILL BARROW AND DARLENE SUPERVILLE ATLANTA (AP) \u2014 El presidente estadounidense Joe Biden dio respuestas poco claras el jueves en los primeros momentos de su debate con su rival republicano, Donald Trump, quien contrarrest\u00f3 las cr\u00edticas de Biden con energ\u00eda y a\u2026","rel":"","context":"En \u00abPORTADA\u00bb","block_context":{"text":"PORTADA","link":"https:\/\/lasprimeras.com.do\/index.php\/category\/portada\/"},"img":{"alt_text":"","src":"https:\/\/i0.wp.com\/lasprimeras.com.do\/wp-content\/uploads\/2024\/06\/Debate.jpg?resize=350%2C200&ssl=1","width":350,"height":200,"srcset":"https:\/\/i0.wp.com\/lasprimeras.com.do\/wp-content\/uploads\/2024\/06\/Debate.jpg?resize=350%2C200&ssl=1 1x, https:\/\/i0.wp.com\/lasprimeras.com.do\/wp-content\/uploads\/2024\/06\/Debate.jpg?resize=525%2C300&ssl=1 1.5x, https:\/\/i0.wp.com\/lasprimeras.com.do\/wp-content\/uploads\/2024\/06\/Debate.jpg?resize=700%2C400&ssl=1 2x"},"classes":[]},{"id":53905,"url":"https:\/\/lasprimeras.com.do\/index.php\/2023\/07\/03\/trump-y-desantis-buscan-demostrar-quien-es-mas-duro-con-la-inmigracion\/","url_meta":{"origin":93085,"position":5},"title":"Trump y DeSantis buscan demostrar qui\u00e9n es m\u00e1s duro con la inmigraci\u00f3n","author":"Nelson Feliz","date":"3 de julio de 2023","format":false,"excerpt":"Por Julia Manchester, Rafael Bernal, The Hill El expresidente Donald Trump y el gobernador de Florida, Ron DeSantis (R), est\u00e1n involucrados en una escalada de ida y vuelta sobre sus respectivos planes de inmigraci\u00f3n, compitiendo por qui\u00e9n presenta la visi\u00f3n m\u00e1s agresiva en la frontera. El martes, DeSantis present\u00f3 su\u2026","rel":"","context":"En \u00abSin categor\u00eda\u00bb","block_context":{"text":"Sin categor\u00eda","link":"https:\/\/lasprimeras.com.do\/index.php\/category\/sin-categoria\/"},"img":{"alt_text":"Trump y DeSantis","src":"https:\/\/i0.wp.com\/lasprimeras.com.do\/wp-content\/uploads\/2023\/07\/Trump-y-DeSantis.jpg?resize=350%2C200&ssl=1","width":350,"height":200},"classes":[]}],"jetpack_sharing_enabled":true,"_links":{"self":[{"href":"https:\/\/lasprimeras.com.do\/index.php\/wp-json\/wp\/v2\/posts\/93085","targetHints":{"allow":["GET"]}}],"collection":[{"href":"https:\/\/lasprimeras.com.do\/index.php\/wp-json\/wp\/v2\/posts"}],"about":[{"href":"https:\/\/lasprimeras.com.do\/index.php\/wp-json\/wp\/v2\/types\/post"}],"author":[{"embeddable":true,"href":"https:\/\/lasprimeras.com.do\/index.php\/wp-json\/wp\/v2\/users\/2"}],"replies":[{"embeddable":true,"href":"https:\/\/lasprimeras.com.do\/index.php\/wp-json\/wp\/v2\/comments?post=93085"}],"version-history":[{"count":1,"href":"https:\/\/lasprimeras.com.do\/index.php\/wp-json\/wp\/v2\/posts\/93085\/revisions"}],"predecessor-version":[{"id":93087,"href":"https:\/\/lasprimeras.com.do\/index.php\/wp-json\/wp\/v2\/posts\/93085\/revisions\/93087"}],"wp:featuredmedia":[{"embeddable":true,"href":"https:\/\/lasprimeras.com.do\/index.php\/wp-json\/wp\/v2\/media\/93086"}],"wp:attachment":[{"href":"https:\/\/lasprimeras.com.do\/index.php\/wp-json\/wp\/v2\/media?parent=93085"}],"wp:term":[{"taxonomy":"category","embeddable":true,"href":"https:\/\/lasprimeras.com.do\/index.php\/wp-json\/wp\/v2\/categories?post=93085"},{"taxonomy":"post_tag","embeddable":true,"href":"https:\/\/lasprimeras.com.do\/index.php\/wp-json\/wp\/v2\/tags?post=93085"}],"curies":[{"name":"wp","href":"https:\/\/api.w.org\/{rel}","templated":true}]}}