{"id":93094,"date":"2025-01-24T23:17:15","date_gmt":"2025-01-25T03:17:15","guid":{"rendered":"https:\/\/lasprimeras.com.do\/?p=93094"},"modified":"2025-01-24T23:17:19","modified_gmt":"2025-01-25T03:17:19","slug":"edesur-castiga-a-residentes-de-cabral-con-apagones-extensos-y-frecuentes","status":"publish","type":"post","link":"https:\/\/lasprimeras.com.do\/index.php\/2025\/01\/24\/edesur-castiga-a-residentes-de-cabral-con-apagones-extensos-y-frecuentes\/","title":{"rendered":"Edesur castiga a residentes de Cabral con apagones extensos y frecuentes"},"content":{"rendered":"\n<p>H\u00e9rcules Urb\u00e1ez<\/p>\n\n\n\n<p>Residentes y comerciantes de este municipio Cabral-Barahona denunciaron los prolongados y reiterados apagones a los que est\u00e1n siendo sometidos por la Empresa Distribuidora de Electricidad del Sur (Edesur), situaci\u00f3n que afecta gravemente sus actividades cotidianas y la econom\u00eda local.<\/p>\n\n\n\n<p>De acuerdo con testimonios recogidos por este medio, los apagones superan las ocho horas diarias y, en ocasiones, se repiten hasta tres veces al d\u00eda.<\/p>\n\n\n\n<p>Esta situaci\u00f3n ha generado un profundo malestar entre los habitantes, especialmente entre propietarios de salones de belleza, bares, colmados y otros establecimientos comerciales, quienes aseguran estar al borde del colapso debido a las p\u00e9rdidas econ\u00f3micas que enfrentan.<\/p>\n\n\n\n<p>&#8220;Es un abuso lo que est\u00e1 haciendo Edesur con nosotros. No podemos trabajar, las mercanc\u00edas se da\u00f1an, y los gastos se incrementan al tener que depender de plantas el\u00e9ctricas o inversores&#8221;, expres\u00f3 un comerciante local, quien prefiri\u00f3 mantenerse en el anonimato.<\/p>\n\n\n\n<p>Asimismo, due\u00f1os de negocios dedicados al expendio de bebidas alcoh\u00f3licas denunciaron que los apagones prolongados est\u00e1n afectando sus ingresos, ya que la falta de electricidad impide conservar adecuadamente sus productos y brindar un servicio eficiente a sus clientes.<\/p>\n\n\n\n<p>Los residentes de Cabral han hecho un llamado a las autoridades competentes para que intervengan y exijan a Edesur la normalizaci\u00f3n del suministro el\u00e9ctrico. Tambi\u00e9n piden explicaciones claras sobre las razones de esta problem\u00e1tica y un plan de soluci\u00f3n inmediata para evitar que la crisis se agrave.<\/p>\n\n\n\n<p>Esta situaci\u00f3n no solo pone en riesgo la estabilidad econ\u00f3mica del municipio, sino que tambi\u00e9n afecta la calidad de vida de sus habitantes, quienes exigen respeto y un servicio el\u00e9ctrico digno por el que pagan puntualmente.<\/p>\n\n\n\n<p>Este medio seguir\u00e1 dando seguimiento a la situaci\u00f3n y buscando respuestas ante este reclamo colectivo de la comunidad cabrale\u00f1a.<\/p>\n\n\n\n<p><\/p>\n","protected":false},"excerpt":{"rendered":"<p>H\u00e9rcules Urb\u00e1ez Residentes y comerciantes de este municipio Cabral-Barahona denunciaron los prolongados y reiterados apagones a los que est\u00e1n siendo sometidos por la Empresa Distribuidora de Electricidad del Sur (Edesur),&hellip;<\/p>\n","protected":false},"author":2,"featured_media":93095,"comment_status":"open","ping_status":"open","sticky":false,"template":"","format":"standard","meta":{"content-type":"","jetpack_post_was_ever_published":false,"_jetpack_newsletter_access":"","_jetpack_dont_email_post_to_subs":false,"_jetpack_newsletter_tier_id":0,"_jetpack_memberships_contains_paywalled_content":false,"_jetpack_memberships_contains_paid_content":false,"footnotes":""},"categories":[35,25],"tags":[629,7234,1086,17123],"class_list":["post-93094","post","type-post","status-publish","format-standard","has-post-thumbnail","hentry","category-nacionales","category-portada","tag-apagones","tag-castiga","tag-edesur","tag-residentes-de-cabral"],"jetpack_featured_media_url":"https:\/\/lasprimeras.com.do\/wp-content\/uploads\/2025\/01\/WhatsApp-Image-2025-01-24-at-5.20.15-PM.jpeg","jetpack-related-posts":[{"id":126449,"url":"https:\/\/lasprimeras.com.do\/index.php\/2026\/04\/02\/cables-electricos-atraviesan-la-via-en-santo-domingo-peligro-en-la-calle-angel-severo-cabral\/","url_meta":{"origin":93094,"position":0},"title":"Cables El\u00e9ctricos atraviesan la v\u00eda en Santo Domingo: Peligro en la Calle \u00c1ngel Severo Cabral","author":"Nelson Feliz","date":"2 de abril de 2026","format":false,"excerpt":"Por Abdias Estrella Un incidente alarmante ha ocurrido en la Urbanizaci\u00f3n Fern\u00e1ndez, Santo Domingo, donde cables el\u00e9ctricos cayeron en la calle \u00c1ngel Severo Cabral, entre Av. Dr. Defillo y calle El Parque en el Distrito Nacional. Algunos residentes han reportado el incidente a la Empresa de Electricidad del Sur (Edesur),\u2026","rel":"","context":"En \u00abNACIONALES\u00bb","block_context":{"text":"NACIONALES","link":"https:\/\/lasprimeras.com.do\/index.php\/category\/nacionales\/"},"img":{"alt_text":"","src":"https:\/\/i0.wp.com\/lasprimeras.com.do\/wp-content\/uploads\/2026\/04\/cables.jpg?resize=350%2C200&ssl=1","width":350,"height":200,"srcset":"https:\/\/i0.wp.com\/lasprimeras.com.do\/wp-content\/uploads\/2026\/04\/cables.jpg?resize=350%2C200&ssl=1 1x, https:\/\/i0.wp.com\/lasprimeras.com.do\/wp-content\/uploads\/2026\/04\/cables.jpg?resize=525%2C300&ssl=1 1.5x, https:\/\/i0.wp.com\/lasprimeras.com.do\/wp-content\/uploads\/2026\/04\/cables.jpg?resize=700%2C400&ssl=1 2x"},"classes":[]},{"id":89689,"url":"https:\/\/lasprimeras.com.do\/index.php\/2024\/10\/03\/se-intensifican-apagones-en-barahona-y-la-region-culpan-a-empresa-sanel\/","url_meta":{"origin":93094,"position":1},"title":"Se intensifican apagones en Barahona y la regi\u00f3n; culpan a empresa Sanel","author":"Paola Castillo","date":"3 de octubre de 2024","format":false,"excerpt":"Moradores de comunidades pertenecientes a las provincias Barahona y la regi\u00f3n, est\u00e1n con el grito al cielo por un recrudecimiento de los apagones, culpando a la empresa Sanel de los mismos. Personas de esas comunidades que llaman a los distintos medios de comunicaci\u00f3n y programas interactivos, aseguran que cada d\u00eda\u2026","rel":"","context":"En \u00abNACIONALES\u00bb","block_context":{"text":"NACIONALES","link":"https:\/\/lasprimeras.com.do\/index.php\/category\/nacionales\/"},"img":{"alt_text":"","src":"","width":0,"height":0},"classes":[]},{"id":83696,"url":"https:\/\/lasprimeras.com.do\/index.php\/2024\/05\/23\/edes-atribuyen-apagones-de-los-ultimos-dias-a-alta-demanda-por-el-calor-y-a-las-lluvias-en-el-pais\/","url_meta":{"origin":93094,"position":2},"title":"Edes atribuyen apagones de los \u00faltimos d\u00edas a alta demanda por el calor y a las lluvias en el pa\u00eds","author":"Nelson Feliz","date":"23 de mayo de 2024","format":false,"excerpt":"Edesur, Edenorte y Edeeste explican que estas circunstancias han desafiado su infraestructura y su capacidad de respuesta Las\u00a0empresas\u00a0distribuidoras de\u00a0electricidad, Edesur, Edenorte y Edeeste explicaron este mi\u00e9rcoles que los\u00a0apagones\u00a0que se han registrados en los \u00faltimos d\u00edas se deben a la alta\u00a0demanda\u00a0de energ\u00eda, debido a la intensa\u00a0ola de calor\u00a0y a las\u00a0condiciones meteorol\u00f3gicas\u00a0adversas,\u2026","rel":"","context":"En \u00abNACIONALES\u00bb","block_context":{"text":"NACIONALES","link":"https:\/\/lasprimeras.com.do\/index.php\/category\/nacionales\/"},"img":{"alt_text":"Edes","src":"https:\/\/i0.wp.com\/lasprimeras.com.do\/wp-content\/uploads\/2024\/05\/Edesur-y-rehabilitacion-de-redes1.jpeg?resize=350%2C200&ssl=1","width":350,"height":200,"srcset":"https:\/\/i0.wp.com\/lasprimeras.com.do\/wp-content\/uploads\/2024\/05\/Edesur-y-rehabilitacion-de-redes1.jpeg?resize=350%2C200&ssl=1 1x, https:\/\/i0.wp.com\/lasprimeras.com.do\/wp-content\/uploads\/2024\/05\/Edesur-y-rehabilitacion-de-redes1.jpeg?resize=525%2C300&ssl=1 1.5x"},"classes":[]},{"id":112971,"url":"https:\/\/lasprimeras.com.do\/index.php\/2025\/10\/28\/diputado-de-la-fp-en-pedernales-denuncia-apagones-por-el-cableado-de-las-redes-electrica\/","url_meta":{"origin":93094,"position":3},"title":"Diputado de la FP en Pedernales denuncia apagones por el cableado de las redes el\u00e9ctrica","author":"Nelson Feliz","date":"28 de octubre de 2025","format":false,"excerpt":"ODALIS BAEZ El diputado de la Fuerza del Pueblo (FP) Rafael Antonio P\u00e9rez G\u00f3mez, alz\u00f3 su voz en la C\u00e1mara de diputados para denunciar y confirmar los apagones de 12 y hasta 14 horas por el cableado de las redes el\u00e9ctrica en d\u00edas consecutivos en esta provincia Pedernales. Desde este\u2026","rel":"","context":"En \u00abNACIONALES\u00bb","block_context":{"text":"NACIONALES","link":"https:\/\/lasprimeras.com.do\/index.php\/category\/nacionales\/"},"img":{"alt_text":"","src":"https:\/\/i0.wp.com\/lasprimeras.com.do\/wp-content\/uploads\/2025\/10\/Rafael-Antonio-Perez-Gomez.jpg?resize=350%2C200&ssl=1","width":350,"height":200},"classes":[]},{"id":57462,"url":"https:\/\/lasprimeras.com.do\/index.php\/2023\/08\/13\/apagones-mantienen-en-zozobra-habitantes-de-santo-domingo-este-y-el-distrito-nacional\/","url_meta":{"origin":93094,"position":4},"title":"Apagones mantienen en zozobra habitantes de Santo Domingo Este y el Distrito Nacional","author":"Nelson Feliz","date":"13 de agosto de 2023","format":false,"excerpt":"Las largas tandas de apagones mantienen en zozobra habitantes del municipio Santo Domingo, lo que unido a las altas temperaturas se convierte en una desesperante molestia, mientras las facturas el\u00e9ctricas llevan m\u00e1s alta, \u00f3sea, la Empresa Distribuidora de Electricidad del Este, SA (\u00a0EDEESTE\u00a0), nos da menos energ\u00eda, y las facturas\u2026","rel":"","context":"En \u00abNACIONALES\u00bb","block_context":{"text":"NACIONALES","link":"https:\/\/lasprimeras.com.do\/index.php\/category\/nacionales\/"},"img":{"alt_text":"Apagones","src":"https:\/\/i0.wp.com\/lasprimeras.com.do\/wp-content\/uploads\/2023\/08\/apagones.jpg?resize=350%2C200&ssl=1","width":350,"height":200},"classes":[]},{"id":91406,"url":"https:\/\/lasprimeras.com.do\/index.php\/2024\/11\/23\/vicepresidente-de-conacerd-denuncia-perdidas-millonarias-por-apagones\/","url_meta":{"origin":93094,"position":5},"title":"Vicepresidente de Conacerd denuncia p\u00e9rdidas millonarias por apagones","author":"Nelson Feliz","date":"23 de noviembre de 2024","format":false,"excerpt":"El vicepresidente y vocero del Consejo Nacional de Comerciantes y Empresarios de la Rep\u00fablica Dominicana (Conacerd), Antonio Cruz Rojas, denunci\u00f3 que los prolongados apagones registrados entre enero y octubre de 2024 han generado p\u00e9rdidas por RD$141,842,441.80 para su membres\u00eda, que agrupa a 14,365 socios en todo el pa\u00eds. Cruz Rojas,\u2026","rel":"","context":"En \u00abECONOM\u00cdA\u00bb","block_context":{"text":"ECONOM\u00cdA","link":"https:\/\/lasprimeras.com.do\/index.php\/category\/economia\/"},"img":{"alt_text":"Antonio Cruz Rojas","src":"https:\/\/i0.wp.com\/lasprimeras.com.do\/wp-content\/uploads\/2024\/11\/Antonio-Cruz-Rojas.jpg?resize=350%2C200&ssl=1","width":350,"height":200,"srcset":"https:\/\/i0.wp.com\/lasprimeras.com.do\/wp-content\/uploads\/2024\/11\/Antonio-Cruz-Rojas.jpg?resize=350%2C200&ssl=1 1x, https:\/\/i0.wp.com\/lasprimeras.com.do\/wp-content\/uploads\/2024\/11\/Antonio-Cruz-Rojas.jpg?resize=525%2C300&ssl=1 1.5x"},"classes":[]}],"jetpack_sharing_enabled":true,"_links":{"self":[{"href":"https:\/\/lasprimeras.com.do\/index.php\/wp-json\/wp\/v2\/posts\/93094","targetHints":{"allow":["GET"]}}],"collection":[{"href":"https:\/\/lasprimeras.com.do\/index.php\/wp-json\/wp\/v2\/posts"}],"about":[{"href":"https:\/\/lasprimeras.com.do\/index.php\/wp-json\/wp\/v2\/types\/post"}],"author":[{"embeddable":true,"href":"https:\/\/lasprimeras.com.do\/index.php\/wp-json\/wp\/v2\/users\/2"}],"replies":[{"embeddable":true,"href":"https:\/\/lasprimeras.com.do\/index.php\/wp-json\/wp\/v2\/comments?post=93094"}],"version-history":[{"count":1,"href":"https:\/\/lasprimeras.com.do\/index.php\/wp-json\/wp\/v2\/posts\/93094\/revisions"}],"predecessor-version":[{"id":93096,"href":"https:\/\/lasprimeras.com.do\/index.php\/wp-json\/wp\/v2\/posts\/93094\/revisions\/93096"}],"wp:featuredmedia":[{"embeddable":true,"href":"https:\/\/lasprimeras.com.do\/index.php\/wp-json\/wp\/v2\/media\/93095"}],"wp:attachment":[{"href":"https:\/\/lasprimeras.com.do\/index.php\/wp-json\/wp\/v2\/media?parent=93094"}],"wp:term":[{"taxonomy":"category","embeddable":true,"href":"https:\/\/lasprimeras.com.do\/index.php\/wp-json\/wp\/v2\/categories?post=93094"},{"taxonomy":"post_tag","embeddable":true,"href":"https:\/\/lasprimeras.com.do\/index.php\/wp-json\/wp\/v2\/tags?post=93094"}],"curies":[{"name":"wp","href":"https:\/\/api.w.org\/{rel}","templated":true}]}}