{"id":93176,"date":"2025-01-26T16:03:32","date_gmt":"2025-01-26T20:03:32","guid":{"rendered":"https:\/\/lasprimeras.com.do\/?p=93176"},"modified":"2025-01-26T16:03:37","modified_gmt":"2025-01-26T20:03:37","slug":"director-regional-sureste-participa-en-eucaristia-en-conmemoracion-al-212-aniversario-del-natalicio-de-juan-pablo-duarte","status":"publish","type":"post","link":"https:\/\/lasprimeras.com.do\/index.php\/2025\/01\/26\/director-regional-sureste-participa-en-eucaristia-en-conmemoracion-al-212-aniversario-del-natalicio-de-juan-pablo-duarte\/","title":{"rendered":"Director Regional Sureste participa en eucarist\u00eda en conmemoraci\u00f3n al 212 Aniversario del natalicio de \u201cJuan Pablo Duarte\u201d"},"content":{"rendered":"\n<p>El Director Regional Sureste P.N. con asiento en San Pedro de Macoris, General Wandy M. Made Montilla acompa\u00f1ado de una comisi\u00f3n especial de oficiales superiores y subalternos, particip\u00f3 en la ma\u00f1ana de este domingo 26 de Enero, en la celebraci\u00f3n de la eucarist\u00eda de acci\u00f3n de gracias, tras la conmemoraci\u00f3n del \u201c212 Aniversario del natalicio de Juan Pablo Duarte\u201d.<\/p>\n\n\n\n<p>Dicha eucarist\u00eda estuvo encabezada por la Gobernadora Provincial, Se\u00f1ora Yovanny Baltazar y el Director Regional 05 de Educaci\u00f3n, Isidro Santana Ram\u00edrez.<\/p>\n\n\n\n<p>Asimismo, tambi\u00e9n hicieron acto de presencia los Diputados Luis G\u00f3mez y Miguel Arredondo y dem\u00e1s representantes de la Defensa Civil, Bomberos, Polic\u00eda Municipal, Policia Escolar, Medio Ambiente, Cultura, la Alcald\u00eda Municipal y la Digesset, entre otros invitados especiales.<\/p>\n\n\n\n<p>La misma fue oficializada en la Catedral San Pedro Apostol de esta ciudad, por Monse\u00f1or Santiago Rodr\u00edguez R., Obispo de la Diosecis de SPM, y acto seguido procedieron a realizar una ofrenda floral en el busto de dicho Padre de la Patria en el Parque Central de esta ciudad, el cual lleva su mismo nombre.<\/p>\n","protected":false},"excerpt":{"rendered":"<p>El Director Regional Sureste P.N. con asiento en San Pedro de Macoris, General Wandy M. Made Montilla acompa\u00f1ado de una comisi\u00f3n especial de oficiales superiores y subalternos, particip\u00f3 en la&hellip;<\/p>\n","protected":false},"author":2,"featured_media":93177,"comment_status":"open","ping_status":"open","sticky":false,"template":"","format":"standard","meta":{"content-type":"","jetpack_post_was_ever_published":false,"_jetpack_newsletter_access":"","_jetpack_dont_email_post_to_subs":false,"_jetpack_newsletter_tier_id":0,"_jetpack_memberships_contains_paywalled_content":false,"_jetpack_memberships_contains_paid_content":false,"footnotes":""},"categories":[3057],"tags":[17161,8024,247,8023,11154,11278,479,13928],"class_list":["post-93176","post","type-post","status-publish","format-standard","has-post-thumbnail","hentry","category-militares","tag-212-aniversario","tag-conmemoracion","tag-director","tag-eucaristia","tag-juan-pablo-duarte","tag-natalicio","tag-regional","tag-sureste"],"jetpack_featured_media_url":"https:\/\/lasprimeras.com.do\/wp-content\/uploads\/2025\/01\/made-1.jpg","jetpack-related-posts":[{"id":93187,"url":"https:\/\/lasprimeras.com.do\/index.php\/2025\/01\/26\/rinden-homenaje-a-juan-pablo-duarte-en-santiago-por-el-212-aniversario-de-su-natalicio\/","url_meta":{"origin":93176,"position":0},"title":"Rinden homenaje a Juan Pablo Duarte en Santiago por el 212 aniversario de su natalicio","author":"Nelson Feliz","date":"26 de enero de 2025","format":false,"excerpt":"Senador Daniel Rivera y directora regional de Educaci\u00f3n Marieta D\u00edaz encabezan acto en honor al Padre de la Patria. Con emotivos discursos, ofrendas florales y la participaci\u00f3n de estudiantes, autoridades y ciudadanos, la ciudad de Santiago conmemor\u00f3 el 212 aniversario del natalicio de Juan Pablo Duarte. El homenaje, realizado en\u2026","rel":"","context":"En \u00abNACIONALES\u00bb","block_context":{"text":"NACIONALES","link":"https:\/\/lasprimeras.com.do\/index.php\/category\/nacionales\/"},"img":{"alt_text":"Durante el acto, los estudiantes Ariel Cabrera, Keidy Peralta e Ismaily Vargas tambi\u00e9n tuvieron participaci\u00f3n, resaltando las cualidades de Juan Pablo Duarte","src":"https:\/\/i0.wp.com\/lasprimeras.com.do\/wp-content\/uploads\/2025\/01\/estudiantes.jpg?resize=350%2C200&ssl=1","width":350,"height":200,"srcset":"https:\/\/i0.wp.com\/lasprimeras.com.do\/wp-content\/uploads\/2025\/01\/estudiantes.jpg?resize=350%2C200&ssl=1 1x, https:\/\/i0.wp.com\/lasprimeras.com.do\/wp-content\/uploads\/2025\/01\/estudiantes.jpg?resize=525%2C300&ssl=1 1.5x, https:\/\/i0.wp.com\/lasprimeras.com.do\/wp-content\/uploads\/2025\/01\/estudiantes.jpg?resize=700%2C400&ssl=1 2x"},"classes":[]},{"id":93216,"url":"https:\/\/lasprimeras.com.do\/index.php\/2025\/01\/26\/presidente-del-senado-exhorta-a-honrar-el-legado-del-patricio-juan-pablo-duarte\/","url_meta":{"origin":93176,"position":1},"title":"Presidente del Senado exhorta a honrar el legado del patricio Juan Pablo Duarte","author":"Nelson Feliz","date":"26 de enero de 2025","format":false,"excerpt":"El presidente del Senado, Ricardo de los Santos, exhort\u00f3 este domingo fecha en que se conmemora el 212 aniversario del natalicio del patricio Juan Pablo Duarte, a honrar su legado como el s\u00edmbolo de libertad y justicia para todos los dominicanos. Record\u00f3 que la visi\u00f3n y sacrificio de Juan Pablo\u2026","rel":"","context":"En \u00abNACIONALES\u00bb","block_context":{"text":"NACIONALES","link":"https:\/\/lasprimeras.com.do\/index.php\/category\/nacionales\/"},"img":{"alt_text":"","src":"https:\/\/i0.wp.com\/lasprimeras.com.do\/wp-content\/uploads\/2025\/01\/Ricardo-de-los-Santos-02.jpg?resize=350%2C200&ssl=1","width":350,"height":200,"srcset":"https:\/\/i0.wp.com\/lasprimeras.com.do\/wp-content\/uploads\/2025\/01\/Ricardo-de-los-Santos-02.jpg?resize=350%2C200&ssl=1 1x, https:\/\/i0.wp.com\/lasprimeras.com.do\/wp-content\/uploads\/2025\/01\/Ricardo-de-los-Santos-02.jpg?resize=525%2C300&ssl=1 1.5x, https:\/\/i0.wp.com\/lasprimeras.com.do\/wp-content\/uploads\/2025\/01\/Ricardo-de-los-Santos-02.jpg?resize=700%2C400&ssl=1 2x"},"classes":[]},{"id":120786,"url":"https:\/\/lasprimeras.com.do\/index.php\/2026\/01\/27\/consulado-de-la-rd-en-barcelona-conmemora-el-natalicio-de-juan-pablo-duarte\/","url_meta":{"origin":93176,"position":2},"title":"Consulado de la RD en Barcelona conmemora el natalicio de Juan Pablo Duarte","author":"Nelson Feliz","date":"27 de enero de 2026","format":false,"excerpt":"El Consulado General de la Rep\u00fablica Dominicana en Barcelona encabez\u00f3 una ofrenda floral con motivo del 213 aniversario del natalicio de Juan Pablo Duarte y D\u00edez, Padre de la Patria dominicana, en un acto que reuni\u00f3 autoridades, representantes comunitarios y miembros de la di\u00e1spora dominicana en Catalu\u00f1a. La ceremonia se\u2026","rel":"","context":"En \u00abINTERNACIONALES\u00bb","block_context":{"text":"INTERNACIONALES","link":"https:\/\/lasprimeras.com.do\/index.php\/category\/sin-categoria\/internacionales\/"},"img":{"alt_text":"","src":"https:\/\/i0.wp.com\/lasprimeras.com.do\/wp-content\/uploads\/2026\/01\/Juan-Pablo-Duarte-3.jpg?resize=350%2C200&ssl=1","width":350,"height":200,"srcset":"https:\/\/i0.wp.com\/lasprimeras.com.do\/wp-content\/uploads\/2026\/01\/Juan-Pablo-Duarte-3.jpg?resize=350%2C200&ssl=1 1x, https:\/\/i0.wp.com\/lasprimeras.com.do\/wp-content\/uploads\/2026\/01\/Juan-Pablo-Duarte-3.jpg?resize=525%2C300&ssl=1 1.5x, https:\/\/i0.wp.com\/lasprimeras.com.do\/wp-content\/uploads\/2026\/01\/Juan-Pablo-Duarte-3.jpg?resize=700%2C400&ssl=1 2x"},"classes":[]},{"id":93190,"url":"https:\/\/lasprimeras.com.do\/index.php\/2025\/01\/26\/hoy-se-conmemora-el-212-aniversario-del-natalicio-de-juan-pablo-duarte\/","url_meta":{"origin":93176,"position":3},"title":"Hoy se conmemora el 212 aniversario del natalicio de Juan Pablo Duarte","author":"Nelson Feliz","date":"26 de enero de 2025","format":false,"excerpt":"El Padre de la Patria Juan Pablo Duarte, naci\u00f3 el 26 de enero de 1813 Hoy se conmemora el natalicio de Juan Pablo Duarte, padre de la patria, quien ide\u00f3 la independencia dominicana de la Rep\u00fablica de Hait\u00ed. El ilustre Duarte naci\u00f3 el 26 de enero de 1813. Hijo del\u2026","rel":"","context":"En \u00abHISTORIA\u00bb","block_context":{"text":"HISTORIA","link":"https:\/\/lasprimeras.com.do\/index.php\/category\/historia\/"},"img":{"alt_text":"Juan Pablo Duarte","src":"https:\/\/i0.wp.com\/lasprimeras.com.do\/wp-content\/uploads\/2025\/01\/Juan-Pablo-Duarte.jpg?resize=350%2C200&ssl=1","width":350,"height":200,"srcset":"https:\/\/i0.wp.com\/lasprimeras.com.do\/wp-content\/uploads\/2025\/01\/Juan-Pablo-Duarte.jpg?resize=350%2C200&ssl=1 1x, https:\/\/i0.wp.com\/lasprimeras.com.do\/wp-content\/uploads\/2025\/01\/Juan-Pablo-Duarte.jpg?resize=525%2C300&ssl=1 1.5x, https:\/\/i0.wp.com\/lasprimeras.com.do\/wp-content\/uploads\/2025\/01\/Juan-Pablo-Duarte.jpg?resize=700%2C400&ssl=1 2x"},"classes":[]},{"id":74735,"url":"https:\/\/lasprimeras.com.do\/index.php\/2024\/01\/26\/abinader-encabezara-actos-conmemorativos-al-natalicio-de-jpd\/","url_meta":{"origin":93176,"position":4},"title":"Abinader encabezar\u00e1 actos conmemorativos al natalicio de JPD","author":"Nelson Feliz","date":"26 de enero de 2024","format":false,"excerpt":"Mandatario, tambi\u00e9n entregar\u00e1 apartamentos del\u00a0Plan Nacional de Viviendas Familia Feliz y realizar\u00e1 una visita de supervisi\u00f3n a los trabajos de construcci\u00f3n del Hospital Regional Universitario San Vicente de Pa\u00fal El Presidente Luis Abinader encabezar\u00e1 ma\u00f1ana viernes el desfile c\u00edvico-militar en conmemoraci\u00f3n del 211 aniversario del natalicio del Padre de la\u2026","rel":"","context":"En \u00abNACIONALES\u00bb","block_context":{"text":"NACIONALES","link":"https:\/\/lasprimeras.com.do\/index.php\/category\/nacionales\/"},"img":{"alt_text":"Luis Abinader ,actos, conmemorativos , aniversario ,natalicio , Juan Pablo Duarte","src":"https:\/\/i0.wp.com\/lasprimeras.com.do\/wp-content\/uploads\/2024\/01\/WhatsApp-Image-2024-01-25-at-5.10.04-PM.jpeg?resize=350%2C200&ssl=1","width":350,"height":200,"srcset":"https:\/\/i0.wp.com\/lasprimeras.com.do\/wp-content\/uploads\/2024\/01\/WhatsApp-Image-2024-01-25-at-5.10.04-PM.jpeg?resize=350%2C200&ssl=1 1x, https:\/\/i0.wp.com\/lasprimeras.com.do\/wp-content\/uploads\/2024\/01\/WhatsApp-Image-2024-01-25-at-5.10.04-PM.jpeg?resize=525%2C300&ssl=1 1.5x, https:\/\/i0.wp.com\/lasprimeras.com.do\/wp-content\/uploads\/2024\/01\/WhatsApp-Image-2024-01-25-at-5.10.04-PM.jpeg?resize=700%2C400&ssl=1 2x, https:\/\/i0.wp.com\/lasprimeras.com.do\/wp-content\/uploads\/2024\/01\/WhatsApp-Image-2024-01-25-at-5.10.04-PM.jpeg?resize=1050%2C600&ssl=1 3x"},"classes":[]},{"id":74738,"url":"https:\/\/lasprimeras.com.do\/index.php\/2024\/01\/26\/abinader-encabeza-hoy-actos-por-el-natalicio-de-juan-pablo-duarte\/","url_meta":{"origin":93176,"position":5},"title":"Abinader encabeza hoy actos por el natalicio de Juan Pablo Duarte","author":"BIMARY DE JES\u00daS Matos","date":"26 de enero de 2024","format":false,"excerpt":"Santo Domingo \u2013 El presidente Luis Abinader encabezar\u00e1 hoy un desfile c\u00edvico militar en conmemoraci\u00f3n del 211 aniversario del natalicio del padre de la patria dominicana, Juan Pablo Duarte y D\u00edez, en San Francisco de Macor\u00eds, en la provincia que lleva su nombre. El desfile est\u00e1 programado para iniciar a\u2026","rel":"","context":"En \u00abPORTADA\u00bb","block_context":{"text":"PORTADA","link":"https:\/\/lasprimeras.com.do\/index.php\/category\/portada\/"},"img":{"alt_text":"","src":"https:\/\/i0.wp.com\/lasprimeras.com.do\/wp-content\/uploads\/2024\/01\/WhatsApp-Image-2024-01-25-at-2.06.08-PM-1.jpeg?resize=350%2C200&ssl=1","width":350,"height":200},"classes":[]}],"jetpack_sharing_enabled":true,"_links":{"self":[{"href":"https:\/\/lasprimeras.com.do\/index.php\/wp-json\/wp\/v2\/posts\/93176","targetHints":{"allow":["GET"]}}],"collection":[{"href":"https:\/\/lasprimeras.com.do\/index.php\/wp-json\/wp\/v2\/posts"}],"about":[{"href":"https:\/\/lasprimeras.com.do\/index.php\/wp-json\/wp\/v2\/types\/post"}],"author":[{"embeddable":true,"href":"https:\/\/lasprimeras.com.do\/index.php\/wp-json\/wp\/v2\/users\/2"}],"replies":[{"embeddable":true,"href":"https:\/\/lasprimeras.com.do\/index.php\/wp-json\/wp\/v2\/comments?post=93176"}],"version-history":[{"count":1,"href":"https:\/\/lasprimeras.com.do\/index.php\/wp-json\/wp\/v2\/posts\/93176\/revisions"}],"predecessor-version":[{"id":93178,"href":"https:\/\/lasprimeras.com.do\/index.php\/wp-json\/wp\/v2\/posts\/93176\/revisions\/93178"}],"wp:featuredmedia":[{"embeddable":true,"href":"https:\/\/lasprimeras.com.do\/index.php\/wp-json\/wp\/v2\/media\/93177"}],"wp:attachment":[{"href":"https:\/\/lasprimeras.com.do\/index.php\/wp-json\/wp\/v2\/media?parent=93176"}],"wp:term":[{"taxonomy":"category","embeddable":true,"href":"https:\/\/lasprimeras.com.do\/index.php\/wp-json\/wp\/v2\/categories?post=93176"},{"taxonomy":"post_tag","embeddable":true,"href":"https:\/\/lasprimeras.com.do\/index.php\/wp-json\/wp\/v2\/tags?post=93176"}],"curies":[{"name":"wp","href":"https:\/\/api.w.org\/{rel}","templated":true}]}}