{"id":93196,"date":"2025-01-26T19:35:40","date_gmt":"2025-01-26T23:35:40","guid":{"rendered":"https:\/\/lasprimeras.com.do\/?p=93196"},"modified":"2025-01-26T19:36:39","modified_gmt":"2025-01-26T23:36:39","slug":"marco-rubio-sobre-petro-cada-nacion-es-responsable-de-recuperar-sus-ciudadanos-indocumentados","status":"publish","type":"post","link":"https:\/\/lasprimeras.com.do\/index.php\/2025\/01\/26\/marco-rubio-sobre-petro-cada-nacion-es-responsable-de-recuperar-sus-ciudadanos-indocumentados\/","title":{"rendered":"Marco Rubio sobre Petro: cada naci\u00f3n es responsable de recuperar sus ciudadanos indocumentados"},"content":{"rendered":"\n<p><strong>Record\u00f3 que el presidente Donald Trump ha dejado en claro que, bajo su administraci\u00f3n, el pa\u00eds ya no ser\u00e1 objeto de mentiras ni de abusos.<\/strong><\/p>\n\n\n\n<p>El secretario de Estado de los Estados Unidos, Marco Rubio, manifest\u00f3 este domingo que es responsabilidad de cada naci\u00f3n recuperar a sus ciudadanos que se encuentran indocumentados en Estados Unidos, de manera seria y expedita, al referirse a la fricci\u00f3n entre Colombia y el gobierno estadounidense por la deportaci\u00f3n de unos inmigrantes indocumentados colombianos.<\/p>\n\n\n\n<p>A trav\u00e9s de cuenta X, record\u00f3 que el presidente Donald Trump ha dejado en claro que, bajo su administraci\u00f3n, el pa\u00eds ya no ser\u00e1 objeto de mentiras ni de abusos.<\/p>\n\n\n\n<p>&#8220;El presidente colombiano, Petro, hab\u00eda autorizado los vuelos y hab\u00eda otorgado todas las autorizaciones necesarias, pero luego cancel\u00f3 su autorizaci\u00f3n cuando los aviones ya estaban en el aire. Como lo demuestran las acciones de hoy, somos inquebrantables en nuestro compromiso de poner fin a la inmigraci\u00f3n ilegal y reforzar la seguridad fronteriza de Estados Unidos&#8221;, asever\u00f3.<\/p>\n\n\n\n<p>Rubio ofreci\u00f3 estas declaraciones luego de que Petro asegurara que no permiti\u00f3 la entrada al pa\u00eds de aviones con ciudadanos deportados por Estados Unidos porque \u00e9stos no recibieron un trato digno, lo que seg\u00fan medios locales llev\u00f3 a Washington a suspender el tr\u00e1mite de visados en Colombia a partir de este lunes.<\/p>\n\n\n\n<p>Petro afirm\u00f3 que en Colombia hay 15,660 estadounidenses establecidos de &#8220;manera irregular&#8221; y los invit\u00f3 a acercarse al servicio migratorio para regularizar su situaci\u00f3n.<\/p>\n\n\n\n<p>Se\u00f1al\u00f3, adem\u00e1s, que &#8220;los ciudadanos norteamericanos que lo deseen pueden estar en Colombia&#8221; porque \u00e9l cree &#8220;en la libertad humana.<\/p>\n\n\n\n<p>Palabras de Rubio<br>El presidente Trump ha dejado en claro que, bajo su administraci\u00f3n, ya no se mentir\u00e1 a Estados Unidos ni se aprovechar\u00e1n de \u00e9l.<\/p>\n\n\n\n<p>Es responsabilidad de cada naci\u00f3n recuperar a sus ciudadanos que se encuentran ilegalmente en Estados Unidos de manera seria y expedita.<\/p>\n\n\n\n<p>El presidente colombiano Petro hab\u00eda autorizado los vuelos y proporcionado todas las autorizaciones necesarias, pero luego cancel\u00f3 su autorizaci\u00f3n cuando los aviones ya estaban en el aire.<\/p>\n\n\n\n<p>Como lo demuestran las acciones de hoy, somos inquebrantables en nuestro compromiso de poner fin a la inmigraci\u00f3n ilegal y reforzar la seguridad fronteriza de Estados Unidos.<\/p>\n\n\n\n<figure class=\"wp-block-image size-full is-resized\"><img decoding=\"async\" width=\"571\" height=\"350\" src=\"https:\/\/lasprimeras.com.do\/wp-content\/uploads\/2025\/01\/twist-ru.jpg\" alt=\"\" class=\"wp-image-93200\" style=\"width:740px;height:auto\" srcset=\"https:\/\/lasprimeras.com.do\/wp-content\/uploads\/2025\/01\/twist-ru.jpg 571w, https:\/\/lasprimeras.com.do\/wp-content\/uploads\/2025\/01\/twist-ru-300x184.jpg 300w\" sizes=\"(max-width: 571px) 100vw, 571px\" \/><\/figure>\n\n\n\n<p>Fuente Diario Libre<\/p>\n","protected":false},"excerpt":{"rendered":"<p>Record\u00f3 que el presidente Donald Trump ha dejado en claro que, bajo su administraci\u00f3n, el pa\u00eds ya no ser\u00e1 objeto de mentiras ni de abusos. El secretario de Estado de&hellip;<\/p>\n","protected":false},"author":2,"featured_media":93197,"comment_status":"open","ping_status":"open","sticky":false,"template":"","format":"standard","meta":{"content-type":"","jetpack_post_was_ever_published":false,"_jetpack_newsletter_access":"","_jetpack_dont_email_post_to_subs":false,"_jetpack_newsletter_tier_id":0,"_jetpack_memberships_contains_paywalled_content":false,"_jetpack_memberships_contains_paid_content":false,"footnotes":""},"categories":[16289],"tags":[3006,2757,98,2312,16377,17169],"class_list":["post-93196","post","type-post","status-publish","format-standard","has-post-thumbnail","hentry","category-internacionales","tag-ciudadanos","tag-colombia","tag-estados-unidos","tag-indocumentados","tag-marco-rubio","tag-petro"],"jetpack_featured_media_url":"https:\/\/lasprimeras.com.do\/wp-content\/uploads\/2025\/01\/Marco-Rubio.jpg","jetpack-related-posts":[{"id":93221,"url":"https:\/\/lasprimeras.com.do\/index.php\/2025\/01\/27\/gobierno-dominicano-pide-respeto-para-sus-ciudadanos-en-el-extranjero\/","url_meta":{"origin":93196,"position":0},"title":"Gobierno dominicano pide respeto para sus ciudadanos en el extranjero","author":"Nelson Feliz","date":"27 de enero de 2025","format":false,"excerpt":"El Gobierno de la Rep\u00fablica Dominicana subray\u00f3 este lunes que la pol\u00edtica migratoria es un derecho soberano de cada Estado, pero exhort\u00f3 a que al aplicarse se \u00abrespete plenamente los derechos fundamentales de los dominicanos\u00bb. En ese sentido, el Ministerio de Relaciones Exteriores dominicano inform\u00f3, a trav\u00e9s de un comunicado,\u2026","rel":"","context":"En \u00abNACIONALES\u00bb","block_context":{"text":"NACIONALES","link":"https:\/\/lasprimeras.com.do\/index.php\/category\/nacionales\/"},"img":{"alt_text":"MIREX","src":"https:\/\/i0.wp.com\/lasprimeras.com.do\/wp-content\/uploads\/2024\/05\/MIREX.jpg?resize=350%2C200&ssl=1","width":350,"height":200,"srcset":"https:\/\/i0.wp.com\/lasprimeras.com.do\/wp-content\/uploads\/2024\/05\/MIREX.jpg?resize=350%2C200&ssl=1 1x, https:\/\/i0.wp.com\/lasprimeras.com.do\/wp-content\/uploads\/2024\/05\/MIREX.jpg?resize=525%2C300&ssl=1 1.5x, https:\/\/i0.wp.com\/lasprimeras.com.do\/wp-content\/uploads\/2024\/05\/MIREX.jpg?resize=700%2C400&ssl=1 2x"},"classes":[]},{"id":93205,"url":"https:\/\/lasprimeras.com.do\/index.php\/2025\/01\/26\/petro-ordena-subir-un-25-los-aranceles-a-los-productos-de-ee-uu-importados-por-colombia\/","url_meta":{"origin":93196,"position":1},"title":"Petro ordena subir un 25 % los aranceles a los productos de EE.UU. importados por Colombia","author":"Nelson Feliz","date":"26 de enero de 2025","format":false,"excerpt":"El presidente colombiano tom\u00f3 la medida luego que Donald Trump impusiera aranceles del 25 % a todos los productos colombianos, una tarifa que se elevar\u00e1 al 50 % dentro de una semana. Bogot\u00e1, EFE- El presidente de Colombia, Gustavo Petro, orden\u00f3 este domingo incrementar en un 25 % los aranceles\u2026","rel":"","context":"En \u00abINTERNACIONALES\u00bb","block_context":{"text":"INTERNACIONALES","link":"https:\/\/lasprimeras.com.do\/index.php\/category\/sin-categoria\/internacionales\/"},"img":{"alt_text":"","src":"https:\/\/i0.wp.com\/lasprimeras.com.do\/wp-content\/uploads\/2025\/01\/Gustavo-Petro-1.jpg?resize=350%2C200&ssl=1","width":350,"height":200,"srcset":"https:\/\/i0.wp.com\/lasprimeras.com.do\/wp-content\/uploads\/2025\/01\/Gustavo-Petro-1.jpg?resize=350%2C200&ssl=1 1x, https:\/\/i0.wp.com\/lasprimeras.com.do\/wp-content\/uploads\/2025\/01\/Gustavo-Petro-1.jpg?resize=525%2C300&ssl=1 1.5x, https:\/\/i0.wp.com\/lasprimeras.com.do\/wp-content\/uploads\/2025\/01\/Gustavo-Petro-1.jpg?resize=700%2C400&ssl=1 2x"},"classes":[]},{"id":91197,"url":"https:\/\/lasprimeras.com.do\/index.php\/2024\/11\/13\/marco-rubio-endurecera-deportaciones-de-haitianos-elecciones-y-relaciones-con-china\/","url_meta":{"origin":93196,"position":2},"title":"Marco Rubio endurecer\u00e1 deportaciones de haitianos, elecciones y relaciones con China","author":"Nelson Feliz","date":"13 de noviembre de 2024","format":false,"excerpt":"La \u00faltima de esas opiniones fue en abril de este a\u00f1o, cuando este se mostr\u00f3 a favor de la pol\u00edtica migratoria que ha sido asumida por el presidente Luis Abinader. El presidente electo de los Estados Unidos, Donald Trump, anunci\u00f3 que a partir del pr\u00f3ximo mes de enero el congresista\u2026","rel":"","context":"En \u00abNACIONALES\u00bb","block_context":{"text":"NACIONALES","link":"https:\/\/lasprimeras.com.do\/index.php\/category\/nacionales\/"},"img":{"alt_text":"Marco Rubio","src":"https:\/\/i0.wp.com\/lasprimeras.com.do\/wp-content\/uploads\/2024\/11\/Marco-Rubio.jpeg?resize=350%2C200&ssl=1","width":350,"height":200,"srcset":"https:\/\/i0.wp.com\/lasprimeras.com.do\/wp-content\/uploads\/2024\/11\/Marco-Rubio.jpeg?resize=350%2C200&ssl=1 1x, https:\/\/i0.wp.com\/lasprimeras.com.do\/wp-content\/uploads\/2024\/11\/Marco-Rubio.jpeg?resize=525%2C300&ssl=1 1.5x, https:\/\/i0.wp.com\/lasprimeras.com.do\/wp-content\/uploads\/2024\/11\/Marco-Rubio.jpeg?resize=700%2C400&ssl=1 2x"},"classes":[]},{"id":93202,"url":"https:\/\/lasprimeras.com.do\/index.php\/2025\/01\/26\/petro-desafia-a-trump-y-le-dice-que-no-le-teme-a-un-golpe-de-estado-tumbeme-presidente\/","url_meta":{"origin":93196,"position":3},"title":"Petro desaf\u00eda a Trump y le dice que no le teme a un golpe de Estado: &#8220;T\u00fambeme, presidente&#8221;","author":"Nelson Feliz","date":"26 de enero de 2025","format":false,"excerpt":"La crisis diplom\u00e1tica se desat\u00f3 este domingo luego de que Petro no permitiera el ingreso de dos aviones con ciudadanos colombianos deportados de EE.UU. Bogot\u00e1, EFE- El presidente de Colombia, Gustavo Petro, desafi\u00f3 este domingo a su hom\u00f3logo estadounidense, Donald Trump, con un largo escrito en el que incluso afirma\u2026","rel":"","context":"En \u00abINTERNACIONALES\u00bb","block_context":{"text":"INTERNACIONALES","link":"https:\/\/lasprimeras.com.do\/index.php\/category\/sin-categoria\/internacionales\/"},"img":{"alt_text":"Gustavo Petro","src":"https:\/\/i0.wp.com\/lasprimeras.com.do\/wp-content\/uploads\/2025\/01\/Gustavo-Petro.jpg?resize=350%2C200&ssl=1","width":350,"height":200,"srcset":"https:\/\/i0.wp.com\/lasprimeras.com.do\/wp-content\/uploads\/2025\/01\/Gustavo-Petro.jpg?resize=350%2C200&ssl=1 1x, https:\/\/i0.wp.com\/lasprimeras.com.do\/wp-content\/uploads\/2025\/01\/Gustavo-Petro.jpg?resize=525%2C300&ssl=1 1.5x, https:\/\/i0.wp.com\/lasprimeras.com.do\/wp-content\/uploads\/2025\/01\/Gustavo-Petro.jpg?resize=700%2C400&ssl=1 2x"},"classes":[]},{"id":121335,"url":"https:\/\/lasprimeras.com.do\/index.php\/2026\/02\/03\/trump-recibe-a-petro-en-la-casa-blanca-tras-acusarlo-de-fomentar-el-narcotrafico\/","url_meta":{"origin":93196,"position":4},"title":"Trump recibe a Petro en la Casa Blanca tras acusarlo de fomentar el narcotr\u00e1fico","author":"Nelson Feliz","date":"3 de febrero de 2026","format":false,"excerpt":"POR AAMER MADHANI and ASTRID SU\u00c1REZ WASHINGTON (AP) \u2014 El presidente estadounidense Donald Trump mantuvo conversaciones con el mandatario colombiano Gustavo Petro en la Casa Blanca el martes, solo semanas despu\u00e9s de amenazar con una acci\u00f3n militar contra el pa\u00eds sudamericano y acusar al l\u00edder de inundar Estados Unidos con\u2026","rel":"","context":"En \u00abINTERNACIONALES\u00bb","block_context":{"text":"INTERNACIONALES","link":"https:\/\/lasprimeras.com.do\/index.php\/category\/sin-categoria\/internacionales\/"},"img":{"alt_text":"Gustavo Petro","src":"https:\/\/i0.wp.com\/lasprimeras.com.do\/wp-content\/uploads\/2026\/02\/Gustavo-Petro.jpg?resize=350%2C200&ssl=1","width":350,"height":200,"srcset":"https:\/\/i0.wp.com\/lasprimeras.com.do\/wp-content\/uploads\/2026\/02\/Gustavo-Petro.jpg?resize=350%2C200&ssl=1 1x, https:\/\/i0.wp.com\/lasprimeras.com.do\/wp-content\/uploads\/2026\/02\/Gustavo-Petro.jpg?resize=525%2C300&ssl=1 1.5x, https:\/\/i0.wp.com\/lasprimeras.com.do\/wp-content\/uploads\/2026\/02\/Gustavo-Petro.jpg?resize=700%2C400&ssl=1 2x"},"classes":[]},{"id":117409,"url":"https:\/\/lasprimeras.com.do\/index.php\/2025\/12\/10\/petro-denuncia-que-lancheros-bombardeados-por-ee-uu-podrian-ser-dominicanos\/","url_meta":{"origin":93196,"position":5},"title":"Petro denuncia que &#8220;lancheros bombardeados&#8221; por EE. UU. podr\u00edan ser dominicanos","author":"Nelson Feliz","date":"10 de diciembre de 2025","format":false,"excerpt":"Fuerzas militares de Estados Unidos han bombardeado desde septiembre una veintena de supuestas narcolanchas en el Caribe y el Pac\u00edfico Bogot\u00e1, AFP - El presidente de Colombia, Gustavo Petro, dijo el mi\u00e9rcoles que los dos cuerpos supuestamente \"bombardeados\" por Estados Unidos y hallados la semana pasada en una playa colombiana\u2026","rel":"","context":"En \u00abINTERNACIONALES\u00bb","block_context":{"text":"INTERNACIONALES","link":"https:\/\/lasprimeras.com.do\/index.php\/category\/sin-categoria\/internacionales\/"},"img":{"alt_text":"Gustavo Petro","src":"https:\/\/i0.wp.com\/lasprimeras.com.do\/wp-content\/uploads\/2025\/01\/Gustavo-Petro.jpg?resize=350%2C200&ssl=1","width":350,"height":200,"srcset":"https:\/\/i0.wp.com\/lasprimeras.com.do\/wp-content\/uploads\/2025\/01\/Gustavo-Petro.jpg?resize=350%2C200&ssl=1 1x, https:\/\/i0.wp.com\/lasprimeras.com.do\/wp-content\/uploads\/2025\/01\/Gustavo-Petro.jpg?resize=525%2C300&ssl=1 1.5x, https:\/\/i0.wp.com\/lasprimeras.com.do\/wp-content\/uploads\/2025\/01\/Gustavo-Petro.jpg?resize=700%2C400&ssl=1 2x"},"classes":[]}],"jetpack_sharing_enabled":true,"_links":{"self":[{"href":"https:\/\/lasprimeras.com.do\/index.php\/wp-json\/wp\/v2\/posts\/93196","targetHints":{"allow":["GET"]}}],"collection":[{"href":"https:\/\/lasprimeras.com.do\/index.php\/wp-json\/wp\/v2\/posts"}],"about":[{"href":"https:\/\/lasprimeras.com.do\/index.php\/wp-json\/wp\/v2\/types\/post"}],"author":[{"embeddable":true,"href":"https:\/\/lasprimeras.com.do\/index.php\/wp-json\/wp\/v2\/users\/2"}],"replies":[{"embeddable":true,"href":"https:\/\/lasprimeras.com.do\/index.php\/wp-json\/wp\/v2\/comments?post=93196"}],"version-history":[{"count":2,"href":"https:\/\/lasprimeras.com.do\/index.php\/wp-json\/wp\/v2\/posts\/93196\/revisions"}],"predecessor-version":[{"id":93201,"href":"https:\/\/lasprimeras.com.do\/index.php\/wp-json\/wp\/v2\/posts\/93196\/revisions\/93201"}],"wp:featuredmedia":[{"embeddable":true,"href":"https:\/\/lasprimeras.com.do\/index.php\/wp-json\/wp\/v2\/media\/93197"}],"wp:attachment":[{"href":"https:\/\/lasprimeras.com.do\/index.php\/wp-json\/wp\/v2\/media?parent=93196"}],"wp:term":[{"taxonomy":"category","embeddable":true,"href":"https:\/\/lasprimeras.com.do\/index.php\/wp-json\/wp\/v2\/categories?post=93196"},{"taxonomy":"post_tag","embeddable":true,"href":"https:\/\/lasprimeras.com.do\/index.php\/wp-json\/wp\/v2\/tags?post=93196"}],"curies":[{"name":"wp","href":"https:\/\/api.w.org\/{rel}","templated":true}]}}