{"id":93202,"date":"2025-01-26T19:41:48","date_gmt":"2025-01-26T23:41:48","guid":{"rendered":"https:\/\/lasprimeras.com.do\/?p=93202"},"modified":"2025-01-26T19:41:53","modified_gmt":"2025-01-26T23:41:53","slug":"petro-desafia-a-trump-y-le-dice-que-no-le-teme-a-un-golpe-de-estado-tumbeme-presidente","status":"publish","type":"post","link":"https:\/\/lasprimeras.com.do\/index.php\/2025\/01\/26\/petro-desafia-a-trump-y-le-dice-que-no-le-teme-a-un-golpe-de-estado-tumbeme-presidente\/","title":{"rendered":"Petro desaf\u00eda a Trump y le dice que no le teme a un golpe de Estado: &#8220;T\u00fambeme, presidente&#8221;"},"content":{"rendered":"\n<p><strong>La crisis diplom\u00e1tica se desat\u00f3 este domingo luego de que Petro no permitiera el ingreso de dos aviones con ciudadanos colombianos deportados de EE.UU.<\/strong><\/p>\n\n\n\n<p>Bogot\u00e1, EFE- El presidente de Colombia, Gustavo Petro, desafi\u00f3 este domingo a su hom\u00f3logo estadounidense, Donald Trump, con un largo escrito en el que incluso afirma que no teme a que le den un golpe de Estado, en medio de la crisis bilateral por la imposici\u00f3n de aranceles y otras medidas anunciadas por la Casa Blanca.<\/p>\n\n\n\n<p>&#8220;T\u00fambeme, presidente, y le responder\u00e1n las Am\u00e9ricas y la humanidad&#8221;, expres\u00f3 el mandatario colombiano en el escrito publicado en la red social X y dirigido a Trump.<\/p>\n\n\n\n<p>Seg\u00fan Petro, el presidente estadounidense &#8220;puede con su fuerza econ\u00f3mica y su soberbia intentar dar un golpe de estado como hicieron con (Salvador) Allende. Pero yo muero en mi ley, resist\u00ed la tortura y lo resisto a usted&#8221;.<\/p>\n\n\n\n<p>La crisis diplom\u00e1tica se desat\u00f3 este domingo luego de que Petro no permitiera el ingreso de dos aviones con ciudadanos colombianos deportados de EE.UU. mientras esas personas no reciban un trato &#8220;digno&#8221;.<\/p>\n\n\n\n<p>Como respuesta a la decisi\u00f3n de Petro, Trump orden\u00f3 la imposici\u00f3n de aranceles del 25 % a todos los productos colombianos y adelant\u00f3 que en una semana &#8220;se elevar\u00e1n al 50 %&#8221;.<\/p>\n\n\n\n<p>Igualmente anunci\u00f3 restricciones de visado para el Gobierno de Petro y su partido, posibles sanciones econ\u00f3micas al pa\u00eds e &#8220;inspecciones&#8221; a los ciudadanos y mercanc\u00edas colombianas que lleguen a EE.UU.<\/p>\n\n\n\n<p>&#8220;Trump, a m\u00ed no me gusta mucho viajar a los EEUU, es un poco aburridor&#8221;, comienza Petro su escrito, en el que tambi\u00e9n se\u00f1ala: &#8220;No me gusta su petr\u00f3leo, Trump, va a acabar con la especie humana por la codicia&#8221;, para enseguida plantear que &#8220;quiz\u00e1s alg\u00fan d\u00eda, junto a un trago de Whisky que acepto, a pesar de mi gastritis, podamos hablar francamente de esto&#8221;.<\/p>\n\n\n\n<p>&#8220;Me matar\u00e1s, pero sobrevivir\u00e9 en mi pueblo que es antes del tuyo, en las Am\u00e9ricas&#8221;, dijo el mandatario colombiano, quien advirti\u00f3 a su hom\u00f3logo estadounidense: &#8220;No nos dominar\u00e1s nunca&#8221;.<\/p>\n\n\n\n<p>Seg\u00fan Petro, los pueblos latinoamericanos &#8220;son algo temerosos, algo t\u00edmidos, son ingenuos y amables, amantes, pero sabr\u00e1n ganar el canal de Panam\u00e1, que ustedes nos quitaron con violencia&#8221;.<\/p>\n\n\n\n<p>&#8220;Su bloqueo no me asusta; porque Colombia adem\u00e1s de ser el pa\u00eds de la belleza, es el coraz\u00f3n del mundo&#8221;, dice Petro para concluir con una referencia a los aranceles ordenados por el presidente estadounidense: &#8220;Me informan que usted pone a nuestro fruto del trabajo humano 50 % de arancel para entrar a EEUU, yo hago lo mismo&#8221;.<\/p>\n\n\n\n<p>Tras el anuncio de la imposici\u00f3n de aranceles por parte de EE.UU., Petro respondi\u00f3 con el principio de la reciprocidad y le orden\u00f3 al ministro de Comercio, Industria y Turismo, Luis Carlos Reyes, &#8220;elevar los aranceles de importaciones desde los EEUU en un 25 %&#8221;, as\u00ed como buscar otros destinos para los productos nacionales.<\/p>\n","protected":false},"excerpt":{"rendered":"<p>La crisis diplom\u00e1tica se desat\u00f3 este domingo luego de que Petro no permitiera el ingreso de dos aviones con ciudadanos colombianos deportados de EE.UU. Bogot\u00e1, EFE- El presidente de Colombia,&hellip;<\/p>\n","protected":false},"author":2,"featured_media":93203,"comment_status":"open","ping_status":"open","sticky":false,"template":"","format":"standard","meta":{"content-type":"","jetpack_post_was_ever_published":false,"_jetpack_newsletter_access":"","_jetpack_dont_email_post_to_subs":false,"_jetpack_newsletter_tier_id":0,"_jetpack_memberships_contains_paywalled_content":false,"_jetpack_memberships_contains_paid_content":false,"footnotes":""},"categories":[16289],"tags":[17172,17171,935,17170],"class_list":["post-93202","post","type-post","status-publish","format-standard","has-post-thumbnail","hentry","category-internacionales","tag-gustavo-petro-desafia-a-trump","tag-no-le-teme-a-un-golpe-de-estado","tag-presidente","tag-tumbeme"],"jetpack_featured_media_url":"https:\/\/lasprimeras.com.do\/wp-content\/uploads\/2025\/01\/Gustavo-Petro.jpg","jetpack-related-posts":[{"id":93205,"url":"https:\/\/lasprimeras.com.do\/index.php\/2025\/01\/26\/petro-ordena-subir-un-25-los-aranceles-a-los-productos-de-ee-uu-importados-por-colombia\/","url_meta":{"origin":93202,"position":0},"title":"Petro ordena subir un 25 % los aranceles a los productos de EE.UU. importados por Colombia","author":"Nelson Feliz","date":"26 de enero de 2025","format":false,"excerpt":"El presidente colombiano tom\u00f3 la medida luego que Donald Trump impusiera aranceles del 25 % a todos los productos colombianos, una tarifa que se elevar\u00e1 al 50 % dentro de una semana. Bogot\u00e1, EFE- El presidente de Colombia, Gustavo Petro, orden\u00f3 este domingo incrementar en un 25 % los aranceles\u2026","rel":"","context":"En \u00abINTERNACIONALES\u00bb","block_context":{"text":"INTERNACIONALES","link":"https:\/\/lasprimeras.com.do\/index.php\/category\/sin-categoria\/internacionales\/"},"img":{"alt_text":"","src":"https:\/\/i0.wp.com\/lasprimeras.com.do\/wp-content\/uploads\/2025\/01\/Gustavo-Petro-1.jpg?resize=350%2C200&ssl=1","width":350,"height":200,"srcset":"https:\/\/i0.wp.com\/lasprimeras.com.do\/wp-content\/uploads\/2025\/01\/Gustavo-Petro-1.jpg?resize=350%2C200&ssl=1 1x, https:\/\/i0.wp.com\/lasprimeras.com.do\/wp-content\/uploads\/2025\/01\/Gustavo-Petro-1.jpg?resize=525%2C300&ssl=1 1.5x, https:\/\/i0.wp.com\/lasprimeras.com.do\/wp-content\/uploads\/2025\/01\/Gustavo-Petro-1.jpg?resize=700%2C400&ssl=1 2x"},"classes":[]},{"id":93196,"url":"https:\/\/lasprimeras.com.do\/index.php\/2025\/01\/26\/marco-rubio-sobre-petro-cada-nacion-es-responsable-de-recuperar-sus-ciudadanos-indocumentados\/","url_meta":{"origin":93202,"position":1},"title":"Marco Rubio sobre Petro: cada naci\u00f3n es responsable de recuperar sus ciudadanos indocumentados","author":"Nelson Feliz","date":"26 de enero de 2025","format":false,"excerpt":"Record\u00f3 que el presidente Donald Trump ha dejado en claro que, bajo su administraci\u00f3n, el pa\u00eds ya no ser\u00e1 objeto de mentiras ni de abusos. El secretario de Estado de los Estados Unidos, Marco Rubio, manifest\u00f3 este domingo que es responsabilidad de cada naci\u00f3n recuperar a sus ciudadanos que se\u2026","rel":"","context":"En \u00abINTERNACIONALES\u00bb","block_context":{"text":"INTERNACIONALES","link":"https:\/\/lasprimeras.com.do\/index.php\/category\/sin-categoria\/internacionales\/"},"img":{"alt_text":"Marco Rubio","src":"https:\/\/i0.wp.com\/lasprimeras.com.do\/wp-content\/uploads\/2025\/01\/Marco-Rubio.jpg?resize=350%2C200&ssl=1","width":350,"height":200,"srcset":"https:\/\/i0.wp.com\/lasprimeras.com.do\/wp-content\/uploads\/2025\/01\/Marco-Rubio.jpg?resize=350%2C200&ssl=1 1x, https:\/\/i0.wp.com\/lasprimeras.com.do\/wp-content\/uploads\/2025\/01\/Marco-Rubio.jpg?resize=525%2C300&ssl=1 1.5x, https:\/\/i0.wp.com\/lasprimeras.com.do\/wp-content\/uploads\/2025\/01\/Marco-Rubio.jpg?resize=700%2C400&ssl=1 2x"},"classes":[]},{"id":73751,"url":"https:\/\/lasprimeras.com.do\/index.php\/2024\/01\/16\/gustavo-petro-se-reunira-con-papa-francisco\/","url_meta":{"origin":93202,"position":2},"title":"Gustavo Petro se reunir\u00e1 con papa Francisco","author":"BIMARY DE JES\u00daS Matos","date":"16 de enero de 2024","format":false,"excerpt":"EFE.-El presidente colombiano, Gustavo Petro, se reunir\u00e1 con el papa Francisco, aprovechando su visita a Europa con motivo de su asistencia al Foro Econ\u00f3mico Mundial. \u201cDe Davos, Suiza, partimos a reuni\u00f3n con el papa Francisco. Hablaremos de temas como la paz de Colombia y del mundo\u201d.","rel":"","context":"En \u00abSin categor\u00eda\u00bb","block_context":{"text":"Sin categor\u00eda","link":"https:\/\/lasprimeras.com.do\/index.php\/category\/sin-categoria\/"},"img":{"alt_text":"","src":"","width":0,"height":0},"classes":[]},{"id":93225,"url":"https:\/\/lasprimeras.com.do\/index.php\/2025\/01\/27\/onu-inmigrantes-deportados-tienen-derecho-a-la-dignidad\/","url_meta":{"origin":93202,"position":3},"title":"ONU: Inmigrantes deportados tienen derecho a la dignidad","author":"Nelson Feliz","date":"27 de enero de 2025","format":false,"excerpt":"Naciones Unidas (EFE).- La ONU record\u00f3 este lunes que los migrantes deportados que son introducidos en vuelos de repatriaci\u00f3n hacia sus pa\u00edses de origen deben ver respetada su dignidad y sus derechos, algo que tambi\u00e9n sirve para lo solicitantes de asilo. En su rueda de prensa diaria, al portavoz de\u2026","rel":"","context":"En \u00abINTERNACIONALES\u00bb","block_context":{"text":"INTERNACIONALES","link":"https:\/\/lasprimeras.com.do\/index.php\/category\/sin-categoria\/internacionales\/"},"img":{"alt_text":"","src":"","width":0,"height":0},"classes":[]},{"id":89015,"url":"https:\/\/lasprimeras.com.do\/index.php\/2024\/09\/14\/petro-dice-que-fue-la-dea-quien-le-alerto-de-un-supuesto-plan-para-asesinarlo\/","url_meta":{"origin":93202,"position":4},"title":"Petro dice que fue la DEA quien le alert\u00f3 de un supuesto plan para asesinarlo","author":"Nelson Feliz","date":"14 de septiembre de 2024","format":false,"excerpt":"Bogot\u00e1, (EFE).- El presidente de Colombia, Gustavo Petro, asegur\u00f3 este s\u00e1bado que fue la Agencia Antidrogas de Estados Unidos (DEA), a trav\u00e9s del embajador de ese pa\u00eds en Bogot\u00e1, quien le alert\u00f3 de un supuesto plan para asesinarlo antes de que acabe este a\u00f1o en un atentado con un cami\u00f3n\u2026","rel":"","context":"En \u00abSin categor\u00eda\u00bb","block_context":{"text":"Sin categor\u00eda","link":"https:\/\/lasprimeras.com.do\/index.php\/category\/sin-categoria\/"},"img":{"alt_text":"Gustavo Petro","src":"https:\/\/i0.wp.com\/lasprimeras.com.do\/wp-content\/uploads\/2024\/09\/Gustavo-Petro.jpg?resize=350%2C200&ssl=1","width":350,"height":200,"srcset":"https:\/\/i0.wp.com\/lasprimeras.com.do\/wp-content\/uploads\/2024\/09\/Gustavo-Petro.jpg?resize=350%2C200&ssl=1 1x, https:\/\/i0.wp.com\/lasprimeras.com.do\/wp-content\/uploads\/2024\/09\/Gustavo-Petro.jpg?resize=525%2C300&ssl=1 1.5x, https:\/\/i0.wp.com\/lasprimeras.com.do\/wp-content\/uploads\/2024\/09\/Gustavo-Petro.jpg?resize=700%2C400&ssl=1 2x"},"classes":[]},{"id":55430,"url":"https:\/\/lasprimeras.com.do\/index.php\/2023\/07\/21\/gustavo-petro-defiende-su-vision-de-pais-ante-el-congreso-es-el-momento-de-un-acuerdo-nacional\/","url_meta":{"origin":93202,"position":5},"title":"Gustavo Petro defiende su visi\u00f3n de pa\u00eds ante el Congreso: \u201cEs el momento de un acuerdo nacional\u201d","author":"Nelson Feliz","date":"21 de julio de 2023","format":false,"excerpt":"El presidente instala el segundo a\u00f1o del Legislativo defendiendo su apuesta para la transici\u00f3n energ\u00e9tica y su pol\u00edtica de paz total. No mencion\u00f3 su reforma m\u00e1s cuestionada, la de salud, pero pide un acuerdo pol\u00edtico para hacer \u201cuna sociedad m\u00e1s justa y productiva\u201d. En la Colombia que tiene Gustavo Petro\u2026","rel":"","context":"En \u00abSin categor\u00eda\u00bb","block_context":{"text":"Sin categor\u00eda","link":"https:\/\/lasprimeras.com.do\/index.php\/category\/sin-categoria\/"},"img":{"alt_text":"Gustavo Petro","src":"https:\/\/i0.wp.com\/lasprimeras.com.do\/wp-content\/uploads\/2023\/07\/Gustavo-Petro.jpg?resize=350%2C200&ssl=1","width":350,"height":200,"srcset":"https:\/\/i0.wp.com\/lasprimeras.com.do\/wp-content\/uploads\/2023\/07\/Gustavo-Petro.jpg?resize=350%2C200&ssl=1 1x, https:\/\/i0.wp.com\/lasprimeras.com.do\/wp-content\/uploads\/2023\/07\/Gustavo-Petro.jpg?resize=525%2C300&ssl=1 1.5x, https:\/\/i0.wp.com\/lasprimeras.com.do\/wp-content\/uploads\/2023\/07\/Gustavo-Petro.jpg?resize=700%2C400&ssl=1 2x"},"classes":[]}],"jetpack_sharing_enabled":true,"_links":{"self":[{"href":"https:\/\/lasprimeras.com.do\/index.php\/wp-json\/wp\/v2\/posts\/93202","targetHints":{"allow":["GET"]}}],"collection":[{"href":"https:\/\/lasprimeras.com.do\/index.php\/wp-json\/wp\/v2\/posts"}],"about":[{"href":"https:\/\/lasprimeras.com.do\/index.php\/wp-json\/wp\/v2\/types\/post"}],"author":[{"embeddable":true,"href":"https:\/\/lasprimeras.com.do\/index.php\/wp-json\/wp\/v2\/users\/2"}],"replies":[{"embeddable":true,"href":"https:\/\/lasprimeras.com.do\/index.php\/wp-json\/wp\/v2\/comments?post=93202"}],"version-history":[{"count":1,"href":"https:\/\/lasprimeras.com.do\/index.php\/wp-json\/wp\/v2\/posts\/93202\/revisions"}],"predecessor-version":[{"id":93204,"href":"https:\/\/lasprimeras.com.do\/index.php\/wp-json\/wp\/v2\/posts\/93202\/revisions\/93204"}],"wp:featuredmedia":[{"embeddable":true,"href":"https:\/\/lasprimeras.com.do\/index.php\/wp-json\/wp\/v2\/media\/93203"}],"wp:attachment":[{"href":"https:\/\/lasprimeras.com.do\/index.php\/wp-json\/wp\/v2\/media?parent=93202"}],"wp:term":[{"taxonomy":"category","embeddable":true,"href":"https:\/\/lasprimeras.com.do\/index.php\/wp-json\/wp\/v2\/categories?post=93202"},{"taxonomy":"post_tag","embeddable":true,"href":"https:\/\/lasprimeras.com.do\/index.php\/wp-json\/wp\/v2\/tags?post=93202"}],"curies":[{"name":"wp","href":"https:\/\/api.w.org\/{rel}","templated":true}]}}