{"id":93205,"date":"2025-01-26T19:49:14","date_gmt":"2025-01-26T23:49:14","guid":{"rendered":"https:\/\/lasprimeras.com.do\/?p=93205"},"modified":"2025-01-26T19:49:19","modified_gmt":"2025-01-26T23:49:19","slug":"petro-ordena-subir-un-25-los-aranceles-a-los-productos-de-ee-uu-importados-por-colombia","status":"publish","type":"post","link":"https:\/\/lasprimeras.com.do\/index.php\/2025\/01\/26\/petro-ordena-subir-un-25-los-aranceles-a-los-productos-de-ee-uu-importados-por-colombia\/","title":{"rendered":"Petro ordena subir un 25 % los aranceles a los productos de EE.UU. importados por Colombia"},"content":{"rendered":"\n<p><strong>El presidente colombiano tom\u00f3 la medida luego que Donald Trump impusiera aranceles del 25 % a todos los productos colombianos, una tarifa que se elevar\u00e1 al 50 % dentro de una semana.<\/strong><\/p>\n\n\n\n<p>Bogot\u00e1, EFE- El presidente de Colombia, Gustavo Petro, orden\u00f3 este domingo incrementar en un 25 % los aranceles a las importaciones de EE.UU., en respuesta a la decisi\u00f3n de su hom\u00f3logo estadounidense, Donald Trump, de imponer aranceles del 25 % a todos los productos colombianos, una tarifa que se elevar\u00e1 al 50 % dentro de una semana.<\/p>\n\n\n\n<p>Inicialmente el mandatario izquierdista public\u00f3 en su cuenta en la red X que el alza en los aranceles ser\u00eda del 50%. &#8220;Me informan que usted (Trump) impone un arancel del 50 % a nuestro fruto del trabajo humano para entrar a EE. UU.; yo hago lo mismo&#8221;, dijo Petro en un extenso mensaje dirigido al presidente estadounidense.<\/p>\n\n\n\n<p>Luego precis\u00f3 en otro mensaje que orden\u00f3 al ministerio de Comercio Exterior &#8220;elevar los aranceles de importaciones desde los EEUU en un 25%&#8221;.<\/p>\n\n\n\n<p>&#8220;Le ordeno al ministro de comercio exterior elevar los aranceles de importaciones desde los EEUU en un 25 %. El ministerio debe ayudar a dirigir nuestras exportaciones a todo el mundo diferente a los EEUU. Nuestras exportaciones deben ampliarse&#8221;, expres\u00f3 Petro.<\/p>\n\n\n\n<p>Asegur\u00f3 que no le intimidan las decisiones de Trump, al indicar que: &#8220;Su bloqueo no me asusta, porque Colombia, adem\u00e1s de ser el pa\u00eds de la belleza, es el coraz\u00f3n del mundo&#8221;.<\/p>\n\n\n\n<p>&#8220;Colombia ahora deja de mirar al norte. Colombia, a partir de hoy, se abre al mundo entero, con los brazos abiertos. Somos constructores de libertad, vida y humanidad&#8221;.<br>Gustavo Petro<br>Presidente de Colombia<\/p>\n\n\n\n<p><a href=\"https:\/\/twitter.com\/petrogustavo\/status\/1883627992150073761\">https:\/\/twitter.com\/petrogustavo\/status\/1883627992150073761<\/a><\/p>\n\n\n\n<p>Dijo que los productos norteamericanos, cuyo precio subir\u00e1 dentro de la econom\u00eda nacional, deben ser reemplazados por producci\u00f3n nacional. Adem\u00e1s, agreg\u00f3 que el gobierno ayudar\u00e1 en este prop\u00f3sito.<\/p>\n\n\n\n<p><a href=\"https:\/\/twitter.com\/petrogustavo\/status\/1883624818811236502\">https:\/\/twitter.com\/petrogustavo\/status\/1883624818811236502<\/a><\/p>\n\n\n\n<p>Medidas de Trump contra Colombia<br>Trump anunci\u00f3 la medida de elevar los aranceles de Colombia tras despu\u00e9s de que su hom\u00f3logo en el pa\u00eds latinoamericano, Gustavo Petro, se negara en las \u00faltimas horas a aceptar dos vuelos con connacionales deportados procedentes de EE.UU.<\/p>\n\n\n\n<p>Trump anunci\u00f3, adem\u00e1s, restricciones de visado para el Gobierno de Petro y su partido, posibles sanciones econ\u00f3micas al pa\u00eds e &#8220;inspecciones&#8221; a los ciudadanos y mercanc\u00edas colombianas que lleguen a EE.UU., y adelant\u00f3 que, &#8220;en una semana&#8221;, los aranceles del 25 % reci\u00e9n impuestos &#8220;se elevar\u00e1n al 50%&#8221;.<\/p>\n\n\n\n<p>&#8220;La negaci\u00f3n de estos vuelos por parte de Petro ha puesto en peligro la seguridad nacional y p\u00fablica de los Estados Unidos (\u2026) En una semana, los aranceles del 25 % se elevar\u00e1n al 50 %&#8221;, dijo Trump en una publicaci\u00f3n en su red Truth Social, en la que tambi\u00e9n anunci\u00f3 otras &#8220;medidas de represalia urgentes y decisivas&#8221; contra Colombia.<\/p>\n\n\n\n<p><a href=\"https:\/\/www.diariolibre.com\/mundo\/america-latina\/2025\/01\/26\/gustavo-petro-ordena-aumento-de-aranceles-a-eeuu\/2979681\">https:\/\/www.diariolibre.com\/mundo\/america-latina\/2025\/01\/26\/gustavo-petro-ordena-aumento-de-aranceles-a-eeuu\/2979681<\/a><\/p>\n","protected":false},"excerpt":{"rendered":"<p>El presidente colombiano tom\u00f3 la medida luego que Donald Trump impusiera aranceles del 25 % a todos los productos colombianos, una tarifa que se elevar\u00e1 al 50 % dentro de&hellip;<\/p>\n","protected":false},"author":2,"featured_media":93206,"comment_status":"open","ping_status":"open","sticky":false,"template":"","format":"standard","meta":{"content-type":"","jetpack_post_was_ever_published":false,"_jetpack_newsletter_access":"","_jetpack_dont_email_post_to_subs":false,"_jetpack_newsletter_tier_id":0,"_jetpack_memberships_contains_paywalled_content":false,"_jetpack_memberships_contains_paid_content":false,"footnotes":""},"categories":[16289],"tags":[11540,2757,978,3423,17173],"class_list":["post-93205","post","type-post","status-publish","format-standard","has-post-thumbnail","hentry","category-internacionales","tag-aranceles","tag-colombia","tag-donald-trump","tag-gustavo-petro","tag-productos-de-ee-uu"],"jetpack_featured_media_url":"https:\/\/lasprimeras.com.do\/wp-content\/uploads\/2025\/01\/Gustavo-Petro-1.jpg","jetpack-related-posts":[{"id":93202,"url":"https:\/\/lasprimeras.com.do\/index.php\/2025\/01\/26\/petro-desafia-a-trump-y-le-dice-que-no-le-teme-a-un-golpe-de-estado-tumbeme-presidente\/","url_meta":{"origin":93205,"position":0},"title":"Petro desaf\u00eda a Trump y le dice que no le teme a un golpe de Estado: &#8220;T\u00fambeme, presidente&#8221;","author":"Nelson Feliz","date":"26 de enero de 2025","format":false,"excerpt":"La crisis diplom\u00e1tica se desat\u00f3 este domingo luego de que Petro no permitiera el ingreso de dos aviones con ciudadanos colombianos deportados de EE.UU. Bogot\u00e1, EFE- El presidente de Colombia, Gustavo Petro, desafi\u00f3 este domingo a su hom\u00f3logo estadounidense, Donald Trump, con un largo escrito en el que incluso afirma\u2026","rel":"","context":"En \u00abINTERNACIONALES\u00bb","block_context":{"text":"INTERNACIONALES","link":"https:\/\/lasprimeras.com.do\/index.php\/category\/sin-categoria\/internacionales\/"},"img":{"alt_text":"Gustavo Petro","src":"https:\/\/i0.wp.com\/lasprimeras.com.do\/wp-content\/uploads\/2025\/01\/Gustavo-Petro.jpg?resize=350%2C200&ssl=1","width":350,"height":200,"srcset":"https:\/\/i0.wp.com\/lasprimeras.com.do\/wp-content\/uploads\/2025\/01\/Gustavo-Petro.jpg?resize=350%2C200&ssl=1 1x, https:\/\/i0.wp.com\/lasprimeras.com.do\/wp-content\/uploads\/2025\/01\/Gustavo-Petro.jpg?resize=525%2C300&ssl=1 1.5x, https:\/\/i0.wp.com\/lasprimeras.com.do\/wp-content\/uploads\/2025\/01\/Gustavo-Petro.jpg?resize=700%2C400&ssl=1 2x"},"classes":[]},{"id":93225,"url":"https:\/\/lasprimeras.com.do\/index.php\/2025\/01\/27\/onu-inmigrantes-deportados-tienen-derecho-a-la-dignidad\/","url_meta":{"origin":93205,"position":1},"title":"ONU: Inmigrantes deportados tienen derecho a la dignidad","author":"Nelson Feliz","date":"27 de enero de 2025","format":false,"excerpt":"Naciones Unidas (EFE).- La ONU record\u00f3 este lunes que los migrantes deportados que son introducidos en vuelos de repatriaci\u00f3n hacia sus pa\u00edses de origen deben ver respetada su dignidad y sus derechos, algo que tambi\u00e9n sirve para lo solicitantes de asilo. En su rueda de prensa diaria, al portavoz de\u2026","rel":"","context":"En \u00abINTERNACIONALES\u00bb","block_context":{"text":"INTERNACIONALES","link":"https:\/\/lasprimeras.com.do\/index.php\/category\/sin-categoria\/internacionales\/"},"img":{"alt_text":"","src":"","width":0,"height":0},"classes":[]},{"id":75821,"url":"https:\/\/lasprimeras.com.do\/index.php\/2024\/02\/05\/trump-promete-imponer-a-los-productos-chinos-aranceles-que-superen-el-60\/","url_meta":{"origin":93205,"position":2},"title":"Trump promete imponer a los productos chinos aranceles que superen el 60 %","author":"Nelson Feliz","date":"5 de febrero de 2024","format":false,"excerpt":"El expresidente tambi\u00e9n se\u00f1al\u00f3 que el l\u00edder chino, Xi Jinping, fue un buen amigo suyo durante su mandato. WASHINGTON.-.El expresidente de EE.UU. Donald Trump dijo que, de ser reelegido en 2024, tiene previsto imponer tarifas de m\u00e1s del 60 % a los productos de origen chino. En una entrevista con\u2026","rel":"","context":"En \u00abSin categor\u00eda\u00bb","block_context":{"text":"Sin categor\u00eda","link":"https:\/\/lasprimeras.com.do\/index.php\/category\/sin-categoria\/"},"img":{"alt_text":"","src":"https:\/\/i0.wp.com\/lasprimeras.com.do\/wp-content\/uploads\/2024\/02\/Donald-Trump-1.jpg?resize=350%2C200&ssl=1","width":350,"height":200,"srcset":"https:\/\/i0.wp.com\/lasprimeras.com.do\/wp-content\/uploads\/2024\/02\/Donald-Trump-1.jpg?resize=350%2C200&ssl=1 1x, https:\/\/i0.wp.com\/lasprimeras.com.do\/wp-content\/uploads\/2024\/02\/Donald-Trump-1.jpg?resize=525%2C300&ssl=1 1.5x, https:\/\/i0.wp.com\/lasprimeras.com.do\/wp-content\/uploads\/2024\/02\/Donald-Trump-1.jpg?resize=700%2C400&ssl=1 2x, https:\/\/i0.wp.com\/lasprimeras.com.do\/wp-content\/uploads\/2024\/02\/Donald-Trump-1.jpg?resize=1050%2C600&ssl=1 3x"},"classes":[]},{"id":94669,"url":"https:\/\/lasprimeras.com.do\/index.php\/2025\/03\/04\/canada-impondra-el-25-de-aranceles-a-ee-uu-y-podria-dejar-sin-electricidad-al-norte-del-pais\/","url_meta":{"origin":93205,"position":3},"title":"Canad\u00e1 impondr\u00e1 el 25% de aranceles a EE.UU. y podr\u00eda dejar sin electricidad al norte del pa\u00eds","author":"Nelson Feliz","date":"4 de marzo de 2025","format":false,"excerpt":"Justin Trudeau afirm\u00f3 que el pa\u00eds \"no permitir\u00e1 que la decisi\u00f3n injustificada quede sin respuesta\" y tiene previsto una serie de represalias a EE.UU. El primer ministro Justin Trudeau, afirm\u00f3 que la decisi\u00f3n del presidente Donald Trump, de imponer aranceles a los productos canadienses a partir del 4 de marzo,\u2026","rel":"","context":"En \u00abECONOM\u00cdA\u00bb","block_context":{"text":"ECONOM\u00cdA","link":"https:\/\/lasprimeras.com.do\/index.php\/category\/economia\/"},"img":{"alt_text":"Justin Trudeau","src":"https:\/\/i0.wp.com\/lasprimeras.com.do\/wp-content\/uploads\/2025\/03\/Justin-Trudeau.png?resize=350%2C200&ssl=1","width":350,"height":200,"srcset":"https:\/\/i0.wp.com\/lasprimeras.com.do\/wp-content\/uploads\/2025\/03\/Justin-Trudeau.png?resize=350%2C200&ssl=1 1x, https:\/\/i0.wp.com\/lasprimeras.com.do\/wp-content\/uploads\/2025\/03\/Justin-Trudeau.png?resize=525%2C300&ssl=1 1.5x, https:\/\/i0.wp.com\/lasprimeras.com.do\/wp-content\/uploads\/2025\/03\/Justin-Trudeau.png?resize=700%2C400&ssl=1 2x"},"classes":[]},{"id":96255,"url":"https:\/\/lasprimeras.com.do\/index.php\/2025\/03\/28\/trump-impone-arancel-de-25-a-autos-importados-podria-aumentar-costos-y-reducir-ventas\/","url_meta":{"origin":93205,"position":4},"title":"Trump impone arancel de 25% a autos importados; podr\u00eda aumentar costos y reducir ventas","author":"Nelson Feliz","date":"28 de marzo de 2025","format":false,"excerpt":"POR JOSH BOAK WASHINGTON (AP) \u2014 El presidente estadounidense Donald Trump dijo que impondr\u00eda aranceles del 25% a las importaciones de autom\u00f3viles, una medida que, seg\u00fan la Casa Blanca, fomentar\u00e1 la manufactura nacional, pero que tambi\u00e9n podr\u00eda poner presi\u00f3n financiera sobre los fabricantes que dependen de cadenas mundiales de suministro.\u2026","rel":"","context":"En \u00abECONOM\u00cdA\u00bb","block_context":{"text":"ECONOM\u00cdA","link":"https:\/\/lasprimeras.com.do\/index.php\/category\/economia\/"},"img":{"alt_text":"","src":"https:\/\/i0.wp.com\/lasprimeras.com.do\/wp-content\/uploads\/2025\/03\/VEH.jpg?resize=350%2C200&ssl=1","width":350,"height":200,"srcset":"https:\/\/i0.wp.com\/lasprimeras.com.do\/wp-content\/uploads\/2025\/03\/VEH.jpg?resize=350%2C200&ssl=1 1x, https:\/\/i0.wp.com\/lasprimeras.com.do\/wp-content\/uploads\/2025\/03\/VEH.jpg?resize=525%2C300&ssl=1 1.5x, https:\/\/i0.wp.com\/lasprimeras.com.do\/wp-content\/uploads\/2025\/03\/VEH.jpg?resize=700%2C400&ssl=1 2x"},"classes":[]},{"id":95235,"url":"https:\/\/lasprimeras.com.do\/index.php\/2025\/03\/11\/trump-duplica-al-50-los-aranceles-al-acero-y-aluminio-de-canada\/","url_meta":{"origin":93205,"position":5},"title":"Trump duplica al 50% los aranceles al acero y aluminio de Canad\u00e1","author":"Nelson Feliz","date":"11 de marzo de 2025","format":false,"excerpt":"POR JOSH BOAK WASHINGTON (AP) \u2014 El presidente Donald Trump dijo el martes que duplicar\u00e1 sus aranceles planeados sobre el acero y aluminio del 25% al 50% para Canad\u00e1, intensificando una guerra comercial con el vecino del norte de Estados Unidos. Trump dijo en las redes sociales que el aumento\u2026","rel":"","context":"En \u00abINTERNACIONALES\u00bb","block_context":{"text":"INTERNACIONALES","link":"https:\/\/lasprimeras.com.do\/index.php\/category\/sin-categoria\/internacionales\/"},"img":{"alt_text":"","src":"https:\/\/i0.wp.com\/lasprimeras.com.do\/wp-content\/uploads\/2025\/03\/Donald-Trump-2.png?resize=350%2C200&ssl=1","width":350,"height":200,"srcset":"https:\/\/i0.wp.com\/lasprimeras.com.do\/wp-content\/uploads\/2025\/03\/Donald-Trump-2.png?resize=350%2C200&ssl=1 1x, https:\/\/i0.wp.com\/lasprimeras.com.do\/wp-content\/uploads\/2025\/03\/Donald-Trump-2.png?resize=525%2C300&ssl=1 1.5x, https:\/\/i0.wp.com\/lasprimeras.com.do\/wp-content\/uploads\/2025\/03\/Donald-Trump-2.png?resize=700%2C400&ssl=1 2x"},"classes":[]}],"jetpack_sharing_enabled":true,"_links":{"self":[{"href":"https:\/\/lasprimeras.com.do\/index.php\/wp-json\/wp\/v2\/posts\/93205","targetHints":{"allow":["GET"]}}],"collection":[{"href":"https:\/\/lasprimeras.com.do\/index.php\/wp-json\/wp\/v2\/posts"}],"about":[{"href":"https:\/\/lasprimeras.com.do\/index.php\/wp-json\/wp\/v2\/types\/post"}],"author":[{"embeddable":true,"href":"https:\/\/lasprimeras.com.do\/index.php\/wp-json\/wp\/v2\/users\/2"}],"replies":[{"embeddable":true,"href":"https:\/\/lasprimeras.com.do\/index.php\/wp-json\/wp\/v2\/comments?post=93205"}],"version-history":[{"count":1,"href":"https:\/\/lasprimeras.com.do\/index.php\/wp-json\/wp\/v2\/posts\/93205\/revisions"}],"predecessor-version":[{"id":93207,"href":"https:\/\/lasprimeras.com.do\/index.php\/wp-json\/wp\/v2\/posts\/93205\/revisions\/93207"}],"wp:featuredmedia":[{"embeddable":true,"href":"https:\/\/lasprimeras.com.do\/index.php\/wp-json\/wp\/v2\/media\/93206"}],"wp:attachment":[{"href":"https:\/\/lasprimeras.com.do\/index.php\/wp-json\/wp\/v2\/media?parent=93205"}],"wp:term":[{"taxonomy":"category","embeddable":true,"href":"https:\/\/lasprimeras.com.do\/index.php\/wp-json\/wp\/v2\/categories?post=93205"},{"taxonomy":"post_tag","embeddable":true,"href":"https:\/\/lasprimeras.com.do\/index.php\/wp-json\/wp\/v2\/tags?post=93205"}],"curies":[{"name":"wp","href":"https:\/\/api.w.org\/{rel}","templated":true}]}}