{"id":93219,"date":"2025-01-27T22:40:31","date_gmt":"2025-01-28T02:40:31","guid":{"rendered":"https:\/\/lasprimeras.com.do\/?p=93219"},"modified":"2025-01-27T22:40:36","modified_gmt":"2025-01-28T02:40:36","slug":"3-hombres-mueren-electrocutados-en-hato-mayor","status":"publish","type":"post","link":"https:\/\/lasprimeras.com.do\/index.php\/2025\/01\/27\/3-hombres-mueren-electrocutados-en-hato-mayor\/","title":{"rendered":"3 hombres mueren electrocutados en Hato Mayor"},"content":{"rendered":"\n<p>Tres hombres fallecieron electrocutados y otros resultaron afectados este lunes mientras realizaban trabajos en una muebler\u00eda en Hato Mayor.<\/p>\n\n\n\n<p>Dos de las v\u00edctimas fueron identificadas como Ismael de la Cruz Mart\u00ednez y Oscar Lenny Polanco Mojica, ambos residentes en esa ciudad. El nombre del tercer fallecido no fue revelado de inmediato.<\/p>\n\n\n\n<p>Seg\u00fan informaciones, el hecho ocurri\u00f3 cuando los obreros estaban colocando un andamio e hicieron contacto con un cable del tendido el\u00e9ctrico.<\/p>\n\n\n\n<p>Otros trabajadores que resultaron heridos fueron trasladados a un centro de salud por el Sistema Nacional de Emergencia 9-1-1.<\/p>\n\n\n\n<p>Mart\u00ednez se desempe\u00f1aba como ayudante de almac\u00e9n y Mojica como ch\u00f3fer, ambos pertenec\u00edan al Grupo Misael.<\/p>\n\n\n\n<p>Al lugar de la tragedia acudieron, adem\u00e1s del 911, miembros del cuerpo de bomberos, la Cruz Roja, Polic\u00eda Nacional, la Direcci\u00f3n General de Seguridad de Tr\u00e1nsito y Transporte Terrestre, t\u00e9cnicos de Edeeste y otras autoridades.<\/p>\n","protected":false},"excerpt":{"rendered":"<p>Tres hombres fallecieron electrocutados y otros resultaron afectados este lunes mientras realizaban trabajos en una muebler\u00eda en Hato Mayor. Dos de las v\u00edctimas fueron identificadas como Ismael de la Cruz&hellip;<\/p>\n","protected":false},"author":2,"featured_media":0,"comment_status":"open","ping_status":"open","sticky":false,"template":"","format":"standard","meta":{"content-type":"","jetpack_post_was_ever_published":false,"_jetpack_newsletter_access":"","_jetpack_dont_email_post_to_subs":false,"_jetpack_newsletter_tier_id":0,"_jetpack_memberships_contains_paywalled_content":false,"_jetpack_memberships_contains_paid_content":false,"footnotes":""},"categories":[35,1],"tags":[17179,17180,2619,238],"class_list":["post-93219","post","type-post","status-publish","format-standard","hentry","category-nacionales","category-sin-categoria","tag-3-hombres","tag-electrocutados","tag-hato-mayor","tag-mueren"],"jetpack_featured_media_url":"","jetpack-related-posts":[{"id":69499,"url":"https:\/\/lasprimeras.com.do\/index.php\/2023\/12\/03\/hombre-de-35-anos-muere-electrocutado-en-villa-hermosa-de-la-romana\/","url_meta":{"origin":93219,"position":0},"title":"Hombre de 35 a\u00f1os muere electrocutado en Villa Hermosa de La Romana","author":"Nelson Feliz","date":"3 de diciembre de 2023","format":false,"excerpt":"Un hombre de 35 a\u00f1os muri\u00f3 electrocutado en el municipio de Villa Hermosa, en la provincia de La Romana. La v\u00edctima fue identificada como Gabriel Barett Shepphar, residente en el mismo municipio. Seg\u00fan los informes, Barett Shepphar realizaba una conexi\u00f3n el\u00e9ctrica cuando entr\u00f3 en contacto con un cable de alta\u2026","rel":"","context":"En \u00abNACIONALES\u00bb","block_context":{"text":"NACIONALES","link":"https:\/\/lasprimeras.com.do\/index.php\/category\/nacionales\/"},"img":{"alt_text":"elctrocutado","src":"https:\/\/i0.wp.com\/lasprimeras.com.do\/wp-content\/uploads\/2023\/12\/elctrocutado.jpg?resize=350%2C200&ssl=1","width":350,"height":200,"srcset":"https:\/\/i0.wp.com\/lasprimeras.com.do\/wp-content\/uploads\/2023\/12\/elctrocutado.jpg?resize=350%2C200&ssl=1 1x, https:\/\/i0.wp.com\/lasprimeras.com.do\/wp-content\/uploads\/2023\/12\/elctrocutado.jpg?resize=525%2C300&ssl=1 1.5x, https:\/\/i0.wp.com\/lasprimeras.com.do\/wp-content\/uploads\/2023\/12\/elctrocutado.jpg?resize=700%2C400&ssl=1 2x"},"classes":[]},{"id":67973,"url":"https:\/\/lasprimeras.com.do\/index.php\/2023\/11\/20\/joven-muere-electrocutado-en-techo-de-pizzeria-en-santo-domingo-este\/","url_meta":{"origin":93219,"position":1},"title":"Joven muere electrocutado en techo de pizzer\u00eda en Santo Domingo Este","author":"Nelson Feliz","date":"20 de noviembre de 2023","format":false,"excerpt":"Un joven muri\u00f3 electrocutado al hacer contacto con un cable del tendido el\u00e9ctrico mientras realizaba labores en el techo del establecimiento en que trabajaba en Santo Domingo Este. El incidente ocurri\u00f3 mientras se remov\u00eda el agua acumulada por las lluvias provocadas por un disturbio tropical que afect\u00f3 el pa\u00eds este\u2026","rel":"","context":"En \u00abNACIONALES\u00bb","block_context":{"text":"NACIONALES","link":"https:\/\/lasprimeras.com.do\/index.php\/category\/nacionales\/"},"img":{"alt_text":"","src":"https:\/\/i0.wp.com\/lasprimeras.com.do\/wp-content\/uploads\/2023\/11\/Hancel-Decena.jpg?resize=350%2C200&ssl=1","width":350,"height":200,"srcset":"https:\/\/i0.wp.com\/lasprimeras.com.do\/wp-content\/uploads\/2023\/11\/Hancel-Decena.jpg?resize=350%2C200&ssl=1 1x, https:\/\/i0.wp.com\/lasprimeras.com.do\/wp-content\/uploads\/2023\/11\/Hancel-Decena.jpg?resize=525%2C300&ssl=1 1.5x, https:\/\/i0.wp.com\/lasprimeras.com.do\/wp-content\/uploads\/2023\/11\/Hancel-Decena.jpg?resize=700%2C400&ssl=1 2x"},"classes":[]},{"id":67820,"url":"https:\/\/lasprimeras.com.do\/index.php\/2023\/11\/19\/diez-muertos-solo-en-santo-domingo-oeste-por-las-inundaciones\/","url_meta":{"origin":93219,"position":2},"title":"Diez muertos solo en Santo Domingo Oeste por las inundaciones","author":"Nelson Feliz","date":"19 de noviembre de 2023","format":false,"excerpt":"Entre los fallecidos hay cuatro ahogados en veh\u00edculos, tres en sus viviendas y un ni\u00f1o electrocutado. Al menos diez personas fallecieron en Santo Domingo Oeste producto de las lluvias que se han precipitado este fin de semana. En la ma\u00f1ana de este domingo se hacen las labores de levantamiento del\u2026","rel":"","context":"En \u00abNACIONALES\u00bb","block_context":{"text":"NACIONALES","link":"https:\/\/lasprimeras.com.do\/index.php\/category\/nacionales\/"},"img":{"alt_text":"","src":"https:\/\/i0.wp.com\/lasprimeras.com.do\/wp-content\/uploads\/2023\/11\/fallecidos.jpg?resize=350%2C200&ssl=1","width":350,"height":200,"srcset":"https:\/\/i0.wp.com\/lasprimeras.com.do\/wp-content\/uploads\/2023\/11\/fallecidos.jpg?resize=350%2C200&ssl=1 1x, https:\/\/i0.wp.com\/lasprimeras.com.do\/wp-content\/uploads\/2023\/11\/fallecidos.jpg?resize=525%2C300&ssl=1 1.5x, https:\/\/i0.wp.com\/lasprimeras.com.do\/wp-content\/uploads\/2023\/11\/fallecidos.jpg?resize=700%2C400&ssl=1 2x"},"classes":[]},{"id":112208,"url":"https:\/\/lasprimeras.com.do\/index.php\/2025\/10\/19\/joven-muere-electrocutado-mientras-se-banaba-en-una-piscina-en-la-altagracia\/","url_meta":{"origin":93219,"position":3},"title":"Joven muere electrocutado mientras se ba\u00f1aba en una piscina en La Altagracia","author":"Nelson Feliz","date":"19 de octubre de 2025","format":false,"excerpt":"Muerte por posible shock el\u00e9ctrico: V\u00edctor Manuel Pe\u00f1as fallece en tr\u00e1gico incidente acu\u00e1tico en La Altagracia. Un joven de 25 a\u00f1os perdi\u00f3 la vida tr\u00e1gicamente tras recibir una descarga el\u00e9ctrica mientras se ba\u00f1aba en una piscina del residencial Westside, ubicado en Ver\u00f3n Punta Cana, provincia La Altagracia. La v\u00edctima fue\u2026","rel":"","context":"En \u00abNACIONALES\u00bb","block_context":{"text":"NACIONALES","link":"https:\/\/lasprimeras.com.do\/index.php\/category\/nacionales\/"},"img":{"alt_text":"","src":"https:\/\/i0.wp.com\/lasprimeras.com.do\/wp-content\/uploads\/2025\/10\/ambulancia.jpg?resize=350%2C200&ssl=1","width":350,"height":200,"srcset":"https:\/\/i0.wp.com\/lasprimeras.com.do\/wp-content\/uploads\/2025\/10\/ambulancia.jpg?resize=350%2C200&ssl=1 1x, https:\/\/i0.wp.com\/lasprimeras.com.do\/wp-content\/uploads\/2025\/10\/ambulancia.jpg?resize=525%2C300&ssl=1 1.5x, https:\/\/i0.wp.com\/lasprimeras.com.do\/wp-content\/uploads\/2025\/10\/ambulancia.jpg?resize=700%2C400&ssl=1 2x"},"classes":[]},{"id":96151,"url":"https:\/\/lasprimeras.com.do\/index.php\/2025\/03\/26\/muere-ahorcado-hombre-que-le-quito-la-vida-a-expareja-tras-atropellarla-en-hato-mayor\/","url_meta":{"origin":93219,"position":4},"title":"Muere ahorcado hombre que le quit\u00f3 la vida a expareja tras atropellarla en Hato Mayor","author":"Nelson Feliz","date":"26 de marzo de 2025","format":false,"excerpt":"El victimario, de 28 a\u00f1os, fue hallado en una propiedad ubicada en la comunidad conocida como Las Dos Bocas, en la provincia El Seibo. Florentino Dur\u00e1n El cuerpo sin vida de Miguel Mercedes Apolinar, el hombre que el pasado fin de semana dio muerte a su expareja en un barrio\u2026","rel":"","context":"En \u00abNACIONALES\u00bb","block_context":{"text":"NACIONALES","link":"https:\/\/lasprimeras.com.do\/index.php\/category\/nacionales\/"},"img":{"alt_text":"Miguel Mercedes Apolinar","src":"https:\/\/i0.wp.com\/lasprimeras.com.do\/wp-content\/uploads\/2025\/03\/Miguel-Mercedes-Apolinar.jpeg?resize=350%2C200&ssl=1","width":350,"height":200,"srcset":"https:\/\/i0.wp.com\/lasprimeras.com.do\/wp-content\/uploads\/2025\/03\/Miguel-Mercedes-Apolinar.jpeg?resize=350%2C200&ssl=1 1x, https:\/\/i0.wp.com\/lasprimeras.com.do\/wp-content\/uploads\/2025\/03\/Miguel-Mercedes-Apolinar.jpeg?resize=525%2C300&ssl=1 1.5x, https:\/\/i0.wp.com\/lasprimeras.com.do\/wp-content\/uploads\/2025\/03\/Miguel-Mercedes-Apolinar.jpeg?resize=700%2C400&ssl=1 2x"},"classes":[]},{"id":50725,"url":"https:\/\/lasprimeras.com.do\/index.php\/2023\/05\/23\/nino-muere-de-un-infarto-cardiaco-en-puerto-plata\/","url_meta":{"origin":93219,"position":5},"title":"Ni\u00f1o muere de un infarto card\u00edaco en Puerto Plata","author":"prenxa100","date":"23 de mayo de 2023","format":false,"excerpt":"Puerto Plata.-. Un ni\u00f1o muri\u00f3 de manera s\u00fabita debido a un infarto card\u00edaco en un paraje del municipio Villa Isabela, en la parte Oeste de Puerto Plata. El menor fallecido fue identificado como Jos\u00e9 Joseph, de 6 a\u00f1os de edad, quien resid\u00eda con sus familiares en una vivienda del sector\u2026","rel":"","context":"En \u00abNACIONALES\u00bb","block_context":{"text":"NACIONALES","link":"https:\/\/lasprimeras.com.do\/index.php\/category\/nacionales\/"},"img":{"alt_text":"","src":"","width":0,"height":0},"classes":[]}],"jetpack_sharing_enabled":true,"_links":{"self":[{"href":"https:\/\/lasprimeras.com.do\/index.php\/wp-json\/wp\/v2\/posts\/93219","targetHints":{"allow":["GET"]}}],"collection":[{"href":"https:\/\/lasprimeras.com.do\/index.php\/wp-json\/wp\/v2\/posts"}],"about":[{"href":"https:\/\/lasprimeras.com.do\/index.php\/wp-json\/wp\/v2\/types\/post"}],"author":[{"embeddable":true,"href":"https:\/\/lasprimeras.com.do\/index.php\/wp-json\/wp\/v2\/users\/2"}],"replies":[{"embeddable":true,"href":"https:\/\/lasprimeras.com.do\/index.php\/wp-json\/wp\/v2\/comments?post=93219"}],"version-history":[{"count":1,"href":"https:\/\/lasprimeras.com.do\/index.php\/wp-json\/wp\/v2\/posts\/93219\/revisions"}],"predecessor-version":[{"id":93220,"href":"https:\/\/lasprimeras.com.do\/index.php\/wp-json\/wp\/v2\/posts\/93219\/revisions\/93220"}],"wp:attachment":[{"href":"https:\/\/lasprimeras.com.do\/index.php\/wp-json\/wp\/v2\/media?parent=93219"}],"wp:term":[{"taxonomy":"category","embeddable":true,"href":"https:\/\/lasprimeras.com.do\/index.php\/wp-json\/wp\/v2\/categories?post=93219"},{"taxonomy":"post_tag","embeddable":true,"href":"https:\/\/lasprimeras.com.do\/index.php\/wp-json\/wp\/v2\/tags?post=93219"}],"curies":[{"name":"wp","href":"https:\/\/api.w.org\/{rel}","templated":true}]}}