{"id":93223,"date":"2025-01-27T23:28:57","date_gmt":"2025-01-28T03:28:57","guid":{"rendered":"https:\/\/lasprimeras.com.do\/?p=93223"},"modified":"2025-01-27T23:29:02","modified_gmt":"2025-01-28T03:29:02","slug":"hipolito-mejia-destaca-capacidad-negociadora-de-donald-trump","status":"publish","type":"post","link":"https:\/\/lasprimeras.com.do\/index.php\/2025\/01\/27\/hipolito-mejia-destaca-capacidad-negociadora-de-donald-trump\/","title":{"rendered":"Hip\u00f3lito Mej\u00eda destaca capacidad negociadora de Donald Trump"},"content":{"rendered":"\n<p>El expresidente Hip\u00f3lito Mej\u00eda destac\u00f3 este lunes la habilidad para negociar del gobernante de los Estados Unidos, Donald Trump, lo que, a su juicio, contrasta con su desempe\u00f1o en la pol\u00edtica.<\/p>\n\n\n\n<p>Trump no ser\u00e1 un pol\u00edtico brillante, pero s\u00ed un buen negociante, afirm\u00f3 el exmandatario en el programa Matinal, que se transmite por el canal 5.<\/p>\n\n\n\n<p>Explic\u00f3 que Trump aplica t\u00e1cticas comerciales agresivas que, aunque controvertidas, les han dado buenos resultados.<\/p>\n\n\n\n<p>\u00c9l da duro para negociar. Es como algunos amigos que compran un pantal\u00f3n en 10 pesos y lo venden a 40. Si lo bajan a la mitad, ya est\u00e1n ganando el 100%, indic\u00f3.<\/p>\n\n\n\n<p>Mej\u00eda destac\u00f3, adem\u00e1s, c\u00f3mo Trump ha logrado sacar provecho de escenarios pol\u00edticos desfavorables para sus rivales.<\/p>\n\n\n\n<p>La d\u00e9bil imagen del presidente Joe Biden, especialmente en t\u00e9rminos de condici\u00f3n f\u00edsica y percepci\u00f3n p\u00fablica, benefici\u00f3 a Trump, quien regresa con una virulencia especial en su discurso y estrategia, subray\u00f3.<\/p>\n\n\n\n<p>Asimismo, resalt\u00f3 la polarizaci\u00f3n que genera Trump dentro del sistema pol\u00edtico estadounidense, caracterizado por lo muy bueno y lo muy malo. No obstante, reconoci\u00f3 que el liderazgo de Trump despierta tanto admiraci\u00f3n como rechazo.<\/p>\n\n\n\n<p>Fuente Almomento<\/p>\n","protected":false},"excerpt":{"rendered":"<p>El expresidente Hip\u00f3lito Mej\u00eda destac\u00f3 este lunes la habilidad para negociar del gobernante de los Estados Unidos, Donald Trump, lo que, a su juicio, contrasta con su desempe\u00f1o en la&hellip;<\/p>\n","protected":false},"author":2,"featured_media":60106,"comment_status":"open","ping_status":"open","sticky":false,"template":"","format":"standard","meta":{"content-type":"","jetpack_post_was_ever_published":false,"_jetpack_newsletter_access":"","_jetpack_dont_email_post_to_subs":false,"_jetpack_newsletter_tier_id":0,"_jetpack_memberships_contains_paywalled_content":false,"_jetpack_memberships_contains_paid_content":false,"footnotes":""},"categories":[16559,25],"tags":[1073],"class_list":["post-93223","post","type-post","status-publish","format-standard","has-post-thumbnail","hentry","category-politica","category-portada","tag-hipolito-mejia"],"jetpack_featured_media_url":"https:\/\/lasprimeras.com.do\/wp-content\/uploads\/2023\/09\/Hipolito-Mejia.jpg","jetpack-related-posts":[{"id":92563,"url":"https:\/\/lasprimeras.com.do\/index.php\/2025\/01\/07\/hipolito-mejia-dice-maduro-y-trump-irrespetan-la-dignidad-humana\/","url_meta":{"origin":93223,"position":0},"title":"Hip\u00f3lito Mej\u00eda dice Maduro y Trump irrespetan la dignidad humana","author":"Nelson Feliz","date":"7 de enero de 2025","format":false,"excerpt":"El expresidente dominicano Hip\u00f3lito Mej\u00eda manifest\u00f3 que los presidentes de Estados Unidos, Donald Trump y de Venezuela Nicol\u00e1s Maduro irrespetan la \u201cdignidad humana\u201d por sus \u201cextremismos\u201d pol\u00edticos. Mej\u00eda, dijo que repudia las ideolog\u00edas o movimientos que han caracterizado tanto al presidente de Venezuela como al de Estados Unidos. \u201cYo no\u2026","rel":"","context":"En \u00abPOLITICA\u00bb","block_context":{"text":"POLITICA","link":"https:\/\/lasprimeras.com.do\/index.php\/category\/politica\/"},"img":{"alt_text":"Hip\u00f3lito Mej\u00eda","src":"https:\/\/i0.wp.com\/lasprimeras.com.do\/wp-content\/uploads\/2025\/01\/Hipolito-Mejia.jpg?resize=350%2C200&ssl=1","width":350,"height":200,"srcset":"https:\/\/i0.wp.com\/lasprimeras.com.do\/wp-content\/uploads\/2025\/01\/Hipolito-Mejia.jpg?resize=350%2C200&ssl=1 1x, https:\/\/i0.wp.com\/lasprimeras.com.do\/wp-content\/uploads\/2025\/01\/Hipolito-Mejia.jpg?resize=525%2C300&ssl=1 1.5x, https:\/\/i0.wp.com\/lasprimeras.com.do\/wp-content\/uploads\/2025\/01\/Hipolito-Mejia.jpg?resize=700%2C400&ssl=1 2x"},"classes":[]},{"id":122240,"url":"https:\/\/lasprimeras.com.do\/index.php\/2026\/02\/15\/hipolito-mejia-minimiza-apoyo-a-collado-y-asegura-perdera-mucho-a-poco-de-carolina\/","url_meta":{"origin":93223,"position":1},"title":"Hip\u00f3lito Mej\u00eda minimiza apoyo a Collado y asegura perder\u00e1 mucho a poco de Carolina","author":"Nelson Feliz","date":"15 de febrero de 2026","format":false,"excerpt":"El expresidente Hip\u00f3lito Mej\u00eda asegur\u00f3 hoy que su hija, Carolina Mej\u00eda, derrotar\u00e1 \u201cmucho a poco\u201d al aspirante presidencial David Collado, a quien defini\u00f3 como su m\u00e1s cercano contrincante en la carrera por la nominaci\u00f3n presidencial del Partido Revolucionario Moderno (PRM). En su declaraci\u00f3n, el veterano pol\u00edtico se fue m\u00e1s lejos\u2026","rel":"","context":"En \u00abPOLITICA\u00bb","block_context":{"text":"POLITICA","link":"https:\/\/lasprimeras.com.do\/index.php\/category\/politica\/"},"img":{"alt_text":"Hip\u00f3lito Mej\u00eda","src":"https:\/\/i0.wp.com\/lasprimeras.com.do\/wp-content\/uploads\/2026\/02\/Hipolito-Mejia.jpg?resize=350%2C200&ssl=1","width":350,"height":200,"srcset":"https:\/\/i0.wp.com\/lasprimeras.com.do\/wp-content\/uploads\/2026\/02\/Hipolito-Mejia.jpg?resize=350%2C200&ssl=1 1x, https:\/\/i0.wp.com\/lasprimeras.com.do\/wp-content\/uploads\/2026\/02\/Hipolito-Mejia.jpg?resize=525%2C300&ssl=1 1.5x, https:\/\/i0.wp.com\/lasprimeras.com.do\/wp-content\/uploads\/2026\/02\/Hipolito-Mejia.jpg?resize=700%2C400&ssl=1 2x"},"classes":[]},{"id":108345,"url":"https:\/\/lasprimeras.com.do\/index.php\/2025\/09\/05\/hipolito-mejia-ya-no-quiere-hablar-de-politica-estoy-mas-manoseado-que-una-mata-de-cafe\/","url_meta":{"origin":93223,"position":2},"title":"Hip\u00f3lito Mej\u00eda ya no quiere hablar de pol\u00edtica: &#8220;Estoy m\u00e1s manoseado que una mata de caf\u00e9&#8221;","author":"Nelson Feliz","date":"5 de septiembre de 2025","format":false,"excerpt":"Mej\u00eda inst\u00f3 a los productores a adoptar pr\u00e1cticas de sanidad e inocuidad responsables si quieren incrementar las exportaciones. Como expresidente de la Rep\u00fablica Dominicana y exministro de Agricultura, Hip\u00f3lito Mej\u00eda fue invitado, como todos los a\u00f1os, al Encuentro Nacional de L\u00edderes del Sector Agropecuario, un evento en el que los\u2026","rel":"","context":"En \u00abPOLITICA\u00bb","block_context":{"text":"POLITICA","link":"https:\/\/lasprimeras.com.do\/index.php\/category\/politica\/"},"img":{"alt_text":"Hipolito Mejia","src":"https:\/\/i0.wp.com\/lasprimeras.com.do\/wp-content\/uploads\/2023\/09\/Hipolito-Mejia.jpg?resize=350%2C200&ssl=1","width":350,"height":200,"srcset":"https:\/\/i0.wp.com\/lasprimeras.com.do\/wp-content\/uploads\/2023\/09\/Hipolito-Mejia.jpg?resize=350%2C200&ssl=1 1x, https:\/\/i0.wp.com\/lasprimeras.com.do\/wp-content\/uploads\/2023\/09\/Hipolito-Mejia.jpg?resize=525%2C300&ssl=1 1.5x"},"classes":[]},{"id":110290,"url":"https:\/\/lasprimeras.com.do\/index.php\/2025\/09\/27\/hipolito-mejia-trata-de-endozar-liderazgo-politico-a-su-hija-carolina\/","url_meta":{"origin":93223,"position":3},"title":"Hip\u00f3lito Mej\u00eda trata de endozar liderazgo pol\u00edtico a su hija Carolina","author":"Nelson Feliz","date":"27 de septiembre de 2025","format":false,"excerpt":"El liderazgo pol\u00edtico no se transfiere, reza una m\u00e1xima popular, credo que Hip\u00f3lito Mej\u00eda apuesta a romper para convertir a su hija Carolina Mej\u00eda en la primera presidenta de Rep\u00fablica Dominicana. El expresidente de la Rep\u00fablica est\u00e1 en las calles recorriendo el pa\u00eds para lograr que la alcaldesa del Distrito\u2026","rel":"","context":"En \u00abPOLITICA\u00bb","block_context":{"text":"POLITICA","link":"https:\/\/lasprimeras.com.do\/index.php\/category\/politica\/"},"img":{"alt_text":"","src":"https:\/\/i0.wp.com\/lasprimeras.com.do\/wp-content\/uploads\/2025\/09\/Hipolito-Mejia-y-Carolina-Mejia-1.jpg?resize=350%2C200&ssl=1","width":350,"height":200,"srcset":"https:\/\/i0.wp.com\/lasprimeras.com.do\/wp-content\/uploads\/2025\/09\/Hipolito-Mejia-y-Carolina-Mejia-1.jpg?resize=350%2C200&ssl=1 1x, https:\/\/i0.wp.com\/lasprimeras.com.do\/wp-content\/uploads\/2025\/09\/Hipolito-Mejia-y-Carolina-Mejia-1.jpg?resize=525%2C300&ssl=1 1.5x, https:\/\/i0.wp.com\/lasprimeras.com.do\/wp-content\/uploads\/2025\/09\/Hipolito-Mejia-y-Carolina-Mejia-1.jpg?resize=700%2C400&ssl=1 2x"},"classes":[]},{"id":103571,"url":"https:\/\/lasprimeras.com.do\/index.php\/2025\/07\/16\/hipolito-mejia-exige-al-director-de-bienes-nacionales-probar-mafias-de-terrenos-en-su-gobierno\/","url_meta":{"origin":93223,"position":4},"title":"Hip\u00f3lito Mej\u00eda exige al director de Bienes Nacionales probar mafias de terrenos en su gobierno","author":"Nelson Feliz","date":"16 de julio de 2025","format":false,"excerpt":"El expresidente y exsecretario de Agricultura respondi\u00f3 a las declaraciones dadas por el director de Bienes Nacionales en un Di\u00e1logo Libre. El expresidente Hip\u00f3lito Mej\u00eda solicit\u00f3 al director general de Bienes Nacionales, Rafael Burgos, presentar \"con hechos, casos y detalles\" los expedientes de los funcionarios que pudieran estar involucrados en\u2026","rel":"","context":"En \u00abPOLITICA\u00bb","block_context":{"text":"POLITICA","link":"https:\/\/lasprimeras.com.do\/index.php\/category\/politica\/"},"img":{"alt_text":"","src":"https:\/\/i0.wp.com\/lasprimeras.com.do\/wp-content\/uploads\/2025\/07\/HIPOLITO-MEJIA-1.jpg?resize=350%2C200&ssl=1","width":350,"height":200,"srcset":"https:\/\/i0.wp.com\/lasprimeras.com.do\/wp-content\/uploads\/2025\/07\/HIPOLITO-MEJIA-1.jpg?resize=350%2C200&ssl=1 1x, https:\/\/i0.wp.com\/lasprimeras.com.do\/wp-content\/uploads\/2025\/07\/HIPOLITO-MEJIA-1.jpg?resize=525%2C300&ssl=1 1.5x, https:\/\/i0.wp.com\/lasprimeras.com.do\/wp-content\/uploads\/2025\/07\/HIPOLITO-MEJIA-1.jpg?resize=700%2C400&ssl=1 2x"},"classes":[]},{"id":108576,"url":"https:\/\/lasprimeras.com.do\/index.php\/2025\/09\/08\/hipolito-mejia-a-leonel-fernandez-usted-no-conoce-ni-un-pollo-ni-un-huevo-callese-azaroso\/","url_meta":{"origin":93223,"position":5},"title":"Hip\u00f3lito Mej\u00eda a Leonel Fern\u00e1ndez: \u00abUsted no conoce ni un pollo ni un huevo, c\u00e1llese azaroso\u00bb","author":"Nelson Feliz","date":"8 de septiembre de 2025","format":false,"excerpt":"En una arremetida que ya circula por las redes sociales, el expresidente Hip\u00f3lito Mej\u00eda lanz\u00f3 su cl\u00e1sico sarcasmo directo a Leonel Fern\u00e1ndez, tras un comentario del tambi\u00e9n exmandatario sobre los precios del pollo. Con tono ir\u00f3nico Mej\u00eda exclamo \u201cSe\u00f1or, usted no conoce ni el pichiris\u2026 usted no conoce un pollo\u2026","rel":"","context":"En \u00abPOLITICA\u00bb","block_context":{"text":"POLITICA","link":"https:\/\/lasprimeras.com.do\/index.php\/category\/politica\/"},"img":{"alt_text":"","src":"https:\/\/i0.wp.com\/lasprimeras.com.do\/wp-content\/uploads\/2025\/09\/Hipolito-Mejia.jpg?resize=350%2C200&ssl=1","width":350,"height":200,"srcset":"https:\/\/i0.wp.com\/lasprimeras.com.do\/wp-content\/uploads\/2025\/09\/Hipolito-Mejia.jpg?resize=350%2C200&ssl=1 1x, https:\/\/i0.wp.com\/lasprimeras.com.do\/wp-content\/uploads\/2025\/09\/Hipolito-Mejia.jpg?resize=525%2C300&ssl=1 1.5x, https:\/\/i0.wp.com\/lasprimeras.com.do\/wp-content\/uploads\/2025\/09\/Hipolito-Mejia.jpg?resize=700%2C400&ssl=1 2x"},"classes":[]}],"jetpack_sharing_enabled":true,"_links":{"self":[{"href":"https:\/\/lasprimeras.com.do\/index.php\/wp-json\/wp\/v2\/posts\/93223","targetHints":{"allow":["GET"]}}],"collection":[{"href":"https:\/\/lasprimeras.com.do\/index.php\/wp-json\/wp\/v2\/posts"}],"about":[{"href":"https:\/\/lasprimeras.com.do\/index.php\/wp-json\/wp\/v2\/types\/post"}],"author":[{"embeddable":true,"href":"https:\/\/lasprimeras.com.do\/index.php\/wp-json\/wp\/v2\/users\/2"}],"replies":[{"embeddable":true,"href":"https:\/\/lasprimeras.com.do\/index.php\/wp-json\/wp\/v2\/comments?post=93223"}],"version-history":[{"count":1,"href":"https:\/\/lasprimeras.com.do\/index.php\/wp-json\/wp\/v2\/posts\/93223\/revisions"}],"predecessor-version":[{"id":93224,"href":"https:\/\/lasprimeras.com.do\/index.php\/wp-json\/wp\/v2\/posts\/93223\/revisions\/93224"}],"wp:featuredmedia":[{"embeddable":true,"href":"https:\/\/lasprimeras.com.do\/index.php\/wp-json\/wp\/v2\/media\/60106"}],"wp:attachment":[{"href":"https:\/\/lasprimeras.com.do\/index.php\/wp-json\/wp\/v2\/media?parent=93223"}],"wp:term":[{"taxonomy":"category","embeddable":true,"href":"https:\/\/lasprimeras.com.do\/index.php\/wp-json\/wp\/v2\/categories?post=93223"},{"taxonomy":"post_tag","embeddable":true,"href":"https:\/\/lasprimeras.com.do\/index.php\/wp-json\/wp\/v2\/tags?post=93223"}],"curies":[{"name":"wp","href":"https:\/\/api.w.org\/{rel}","templated":true}]}}