{"id":93227,"date":"2025-01-27T23:39:27","date_gmt":"2025-01-28T03:39:27","guid":{"rendered":"https:\/\/lasprimeras.com.do\/?p=93227"},"modified":"2025-01-27T23:39:32","modified_gmt":"2025-01-28T03:39:32","slug":"abinader-garantiza-seguridad-en-la-construccion-de-la-presa-de-colas-de-barrick-pueblo-viejo","status":"publish","type":"post","link":"https:\/\/lasprimeras.com.do\/index.php\/2025\/01\/27\/abinader-garantiza-seguridad-en-la-construccion-de-la-presa-de-colas-de-barrick-pueblo-viejo\/","title":{"rendered":"Abinader garantiza seguridad en la construcci\u00f3n de la presa de colas de Barrick Pueblo Viejo"},"content":{"rendered":"\n<p>El presidente Luis Abinader afirm\u00f3 este lunes que se han tomado todas las medidas necesarias para garantizar que la construcci\u00f3n de la presa de colas, en la provincia S\u00e1nchez Ram\u00edrez, por parte de la empresa minera Barrick Pueblo Viejo se realice de manera segura, sin poner en riesgo la vida de las personas.<\/p>\n\n\n\n<p>&#8220;Se han tomado todas las medidas posibles para que esta (presa de colas) funcione correctamente. Adem\u00e1s, el Gobierno no permitir\u00e1 ninguna construcci\u00f3n que ponga en peligro la vida de la gente&#8221;, expres\u00f3 el mandatario al ser consultado sobre si se han tomado las precauciones adecuadas y si existen sanciones obligatorias para Barrick para evitar posibles consecuencias.<\/p>\n\n\n\n<p>Durante LA Semanal con la Prensa, el presidente aclar\u00f3 que la empresa Barrick Gold ya opera presas de colas en otros pa\u00edses, y explic\u00f3 que no es el \u00fanico proyecto de este tipo que la compa\u00f1\u00eda tiene, al referirse tambi\u00e9n a sus operaciones en S\u00e1nchez Ram\u00edrez.<\/p>\n\n\n\n<p>En cuanto al impacto ambiental, asegur\u00f3 que el proyecto cumplir\u00e1 con el estudio correspondiente, aunque no entr\u00f3 en detalles, ya que considera que el Ministerio de Medio Ambiente ser\u00eda el encargado de explicar el proceso en profundidad.<\/p>\n\n\n\n<p>Lo que s\u00ed dej\u00f3 claro el presidente Abinader es que, bajo su gobierno, &#8220;no se permitir\u00e1 que ning\u00fan proyecto ponga en peligro la vida ni el desenvolvimiento de la gente&#8221;.<\/p>\n\n\n\n<p>Autorizaci\u00f3n de la presa de colas<\/p>\n\n\n\n<p>En mayo de 2023, las autoridades otorgaron a la empresa minera Barrick Pueblo Viejo la licencia ambiental para desarrollar su proyecto de una nueva presa de colas, tras completar el proceso de evaluaci\u00f3n de impacto conforme a la Ley 64-00 y sus reglamentos.<\/p>\n\n\n\n<p>Dentro de las condiciones impuestas por el Ministerio de Medio Ambiente para la licencia se incluy\u00f3 el pago de una fianza superior a los mil millones de pesos, as\u00ed como la preservaci\u00f3n de los arroyos y r\u00edos en la zona de S\u00e1nchez Ram\u00edrez.<\/p>\n\n\n\n<p>Seg\u00fan parte del estudio de impacto ambiental presentado por la empresa multinacional, las operaciones de la nueva presa de colas se llevar\u00edan a cabo desde 2028 hasta 2046, con el cierre del proyecto previsto para 2047 y la &#8220;revegetaci\u00f3n de las \u00e1reas afectadas&#8221;.<\/p>\n\n\n\n<p>Rechazo comunitario a la presa de colas<\/p>\n\n\n\n<p>Campesinos de S\u00e1nchez Ram\u00edrez han organizado diversas manifestaciones exigiendo que Barrick Pueblo Viejo cumpla con las normativas internacionales para el reasentamiento de las familias que ser\u00e1n desplazadas por la construcci\u00f3n de la presa de colas. Se estima que alrededor de 600 familias se ver\u00e1n afectadas por la obra.<\/p>\n\n\n\n<p>El di\u00e1logo entre la empresa y los comunitarios se ha estado llevando a cabo mediante una comisi\u00f3n designada por el Gobierno, compuesta por el defensor del Pueblo, Pablo Ulloa; el obispo de La Vega, monse\u00f1or Carlos Thom\u00e1s Morel Dipl\u00e1n; el ministro de Energ\u00eda y Minas, Joel Santos; y Ricardo de los Santos, presidente del Senado y representante de la provincia S\u00e1nchez Ram\u00edrez en la c\u00e1mara alta.<\/p>\n","protected":false},"excerpt":{"rendered":"<p>El presidente Luis Abinader afirm\u00f3 este lunes que se han tomado todas las medidas necesarias para garantizar que la construcci\u00f3n de la presa de colas, en la provincia S\u00e1nchez Ram\u00edrez,&hellip;<\/p>\n","protected":false},"author":2,"featured_media":91189,"comment_status":"open","ping_status":"open","sticky":false,"template":"","format":"standard","meta":{"content-type":"","jetpack_post_was_ever_published":false,"_jetpack_newsletter_access":"","_jetpack_dont_email_post_to_subs":false,"_jetpack_newsletter_tier_id":0,"_jetpack_memberships_contains_paywalled_content":false,"_jetpack_memberships_contains_paid_content":false,"footnotes":""},"categories":[35,25],"tags":[5629,970,67,16915,76],"class_list":["post-93227","post","type-post","status-publish","format-standard","has-post-thumbnail","hentry","category-nacionales","category-portada","tag-barrick-pueblo-viejo","tag-construccion","tag-luis-abinader","tag-presa-de-colas","tag-seguridad"],"jetpack_featured_media_url":"https:\/\/lasprimeras.com.do\/wp-content\/uploads\/2024\/11\/Luis-Abinader-C-1.jpg","jetpack-related-posts":[{"id":102259,"url":"https:\/\/lasprimeras.com.do\/index.php\/2025\/07\/02\/barrick-pueblo-viejo-construye-nueva-presa-de-colas-con-maxima-seguridad-y-proteccion-ambiental\/","url_meta":{"origin":93227,"position":0},"title":"Barrick Pueblo Viejo construye nueva presa de colas con m\u00e1xima seguridad y protecci\u00f3n ambiental","author":"Nelson Feliz","date":"2 de julio de 2025","format":false,"excerpt":"La minera Barrick Pueblo Viejo avanza en la construcci\u00f3n de su nueva presa de colas bajo un dise\u00f1o aguas abajo, priorizando la seguridad estructural y el cumplimiento ambiental. El ingeniero ge\u00f3logo Osiris de Le\u00f3n explic\u00f3 en el programa Gobierno de la Ma\u00f1ana que este dise\u00f1o no responde a un criterio\u2026","rel":"","context":"En \u00abECONOM\u00cdA\u00bb","block_context":{"text":"ECONOM\u00cdA","link":"https:\/\/lasprimeras.com.do\/index.php\/category\/economia\/"},"img":{"alt_text":"","src":"https:\/\/i0.wp.com\/lasprimeras.com.do\/wp-content\/uploads\/2025\/07\/Barrick-Pueblo-Viejo-1.jpg?resize=350%2C200&ssl=1","width":350,"height":200,"srcset":"https:\/\/i0.wp.com\/lasprimeras.com.do\/wp-content\/uploads\/2025\/07\/Barrick-Pueblo-Viejo-1.jpg?resize=350%2C200&ssl=1 1x, https:\/\/i0.wp.com\/lasprimeras.com.do\/wp-content\/uploads\/2025\/07\/Barrick-Pueblo-Viejo-1.jpg?resize=525%2C300&ssl=1 1.5x, https:\/\/i0.wp.com\/lasprimeras.com.do\/wp-content\/uploads\/2025\/07\/Barrick-Pueblo-Viejo-1.jpg?resize=700%2C400&ssl=1 2x"},"classes":[]},{"id":92632,"url":"https:\/\/lasprimeras.com.do\/index.php\/2025\/01\/09\/gobierno-busca-consenso-entre-comunitarios-y-barrick-pueblo-viejo-sobre-presa-de-colas\/","url_meta":{"origin":93227,"position":1},"title":"Gobierno busca consenso entre comunitarios y Barrick Pueblo Viejo sobre presa de colas","author":"Nelson Feliz","date":"9 de enero de 2025","format":false,"excerpt":"Joel Santos garantiz\u00f3 el equilibrio entre los derechos de las comunidades y la empresa para evitar p\u00e9rdidas en este proyecto estrat\u00e9gico. El ministro de Energ\u00eda y Minas, Joel Santos, anunci\u00f3 la convocatoria a un di\u00e1logo entre los comunitarios y la empresa Barrick Pueblo Viejo para avanzar en los estudios geol\u00f3gicos\u2026","rel":"","context":"En \u00abNACIONALES\u00bb","block_context":{"text":"NACIONALES","link":"https:\/\/lasprimeras.com.do\/index.php\/category\/nacionales\/"},"img":{"alt_text":"","src":"https:\/\/i0.wp.com\/lasprimeras.com.do\/wp-content\/uploads\/2025\/01\/gobierno-busca-consenso-entre-comunitarios-y-barrick-pueblo-viejo-sobre-presa-de-colas.jpg?resize=350%2C200&ssl=1","width":350,"height":200},"classes":[]},{"id":106443,"url":"https:\/\/lasprimeras.com.do\/index.php\/2025\/08\/15\/ministro-joel-santos-reafirma-compromiso-con-la-mineria-responsable-en-pueblo-viejo\/","url_meta":{"origin":93227,"position":2},"title":"Ministro Joel Santos reafirma compromiso con la miner\u00eda responsable en Pueblo Viejo","author":"Nelson Feliz","date":"15 de agosto de 2025","format":false,"excerpt":"El titular de Energ\u00eda y Minas junto a una delegaci\u00f3n del MEM fueron recibidos por el liderazgo de Pueblo Viejo, y el equipo t\u00e9cnico de la empresa para un recorrido por las principales \u00e1reas de la operaci\u00f3n minera. El ministro de Energ\u00eda y Minas, Joel Santos, realiz\u00f3 una visita oficial\u2026","rel":"","context":"En \u00abECONOM\u00cdA\u00bb","block_context":{"text":"ECONOM\u00cdA","link":"https:\/\/lasprimeras.com.do\/index.php\/category\/economia\/"},"img":{"alt_text":"","src":"https:\/\/i0.wp.com\/lasprimeras.com.do\/wp-content\/uploads\/2025\/08\/COMISION-MEM-Y-BPV.jpg?resize=350%2C200&ssl=1","width":350,"height":200,"srcset":"https:\/\/i0.wp.com\/lasprimeras.com.do\/wp-content\/uploads\/2025\/08\/COMISION-MEM-Y-BPV.jpg?resize=350%2C200&ssl=1 1x, https:\/\/i0.wp.com\/lasprimeras.com.do\/wp-content\/uploads\/2025\/08\/COMISION-MEM-Y-BPV.jpg?resize=525%2C300&ssl=1 1.5x, https:\/\/i0.wp.com\/lasprimeras.com.do\/wp-content\/uploads\/2025\/08\/COMISION-MEM-Y-BPV.jpg?resize=700%2C400&ssl=1 2x"},"classes":[]},{"id":103343,"url":"https:\/\/lasprimeras.com.do\/index.php\/2025\/07\/14\/barrick-pueblo-viejo-avanza-en-trabajos-de-manejo-de-erosion-y-control-de-sedimentos\/","url_meta":{"origin":93227,"position":3},"title":"Barrick Pueblo Viejo avanza en trabajos de manejo de erosi\u00f3n y control de sedimentos","author":"Nelson Feliz","date":"14 de julio de 2025","format":false,"excerpt":"Barrick Pueblo Viejo inform\u00f3 sobre los trabajos que realiza para el manejo adecuado de la erosi\u00f3n y el control de sedimentos en el r\u00edo Naranjo, lo cual constituye uno de los pilares fundamentales en todos los proyectos de construcci\u00f3n, particularmente en aquellos que se realizan en \u00e1reas de alta sensibilidad\u2026","rel":"","context":"En \u00abNACIONALES\u00bb","block_context":{"text":"NACIONALES","link":"https:\/\/lasprimeras.com.do\/index.php\/category\/nacionales\/"},"img":{"alt_text":"","src":"https:\/\/i0.wp.com\/lasprimeras.com.do\/wp-content\/uploads\/2025\/07\/Barrick-Pueblo-Viejo-1-1.jpg?resize=350%2C200&ssl=1","width":350,"height":200,"srcset":"https:\/\/i0.wp.com\/lasprimeras.com.do\/wp-content\/uploads\/2025\/07\/Barrick-Pueblo-Viejo-1-1.jpg?resize=350%2C200&ssl=1 1x, https:\/\/i0.wp.com\/lasprimeras.com.do\/wp-content\/uploads\/2025\/07\/Barrick-Pueblo-Viejo-1-1.jpg?resize=525%2C300&ssl=1 1.5x, https:\/\/i0.wp.com\/lasprimeras.com.do\/wp-content\/uploads\/2025\/07\/Barrick-Pueblo-Viejo-1-1.jpg?resize=700%2C400&ssl=1 2x"},"classes":[]},{"id":92785,"url":"https:\/\/lasprimeras.com.do\/index.php\/2025\/01\/14\/gobierno-busca-solucionar-litis-agricultores-de-sanchez-ramirez-y-barrick-pueblo-viejo\/","url_meta":{"origin":93227,"position":4},"title":"Gobierno busca solucionar litis agricultores de S\u00e1nchez Ram\u00edrez y Barrick Pueblo Viejo","author":"Nelson Feliz","date":"14 de enero de 2025","format":false,"excerpt":"El senador de la provincia S\u00e1nchez Ram\u00edrez, Ricardo de los Santos, se reuni\u00f3 este lunes con representantes del gobierno, la iglesia cat\u00f3lica, y el Defensor del Pueblo para mediar en el conflicto surgido entre la empresa Barrick Pueblo Viejo y agricultores de esa provincia, por la reubicaci\u00f3n de cientos de\u2026","rel":"","context":"En \u00abNACIONALES\u00bb","block_context":{"text":"NACIONALES","link":"https:\/\/lasprimeras.com.do\/index.php\/category\/nacionales\/"},"img":{"alt_text":"","src":"https:\/\/i0.wp.com\/lasprimeras.com.do\/wp-content\/uploads\/2025\/01\/Ricardo-de-los-Santos.jpg?resize=350%2C200&ssl=1","width":350,"height":200,"srcset":"https:\/\/i0.wp.com\/lasprimeras.com.do\/wp-content\/uploads\/2025\/01\/Ricardo-de-los-Santos.jpg?resize=350%2C200&ssl=1 1x, https:\/\/i0.wp.com\/lasprimeras.com.do\/wp-content\/uploads\/2025\/01\/Ricardo-de-los-Santos.jpg?resize=525%2C300&ssl=1 1.5x, https:\/\/i0.wp.com\/lasprimeras.com.do\/wp-content\/uploads\/2025\/01\/Ricardo-de-los-Santos.jpg?resize=700%2C400&ssl=1 2x"},"classes":[]},{"id":112490,"url":"https:\/\/lasprimeras.com.do\/index.php\/2025\/10\/22\/barrick-pueblo-viejo-destaca-inversion-y-fortalecimiento-bilaterales-en-la-semana-dominicana-en-canada\/","url_meta":{"origin":93227,"position":5},"title":"Barrick Pueblo Viejo destaca inversi\u00f3n y fortalecimiento bilaterales en la Semana Dominicana en Canad\u00e1","author":"Nelson Feliz","date":"22 de octubre de 2025","format":false,"excerpt":"La presidenta de Pueblo Viejo, Gisselle Valera, destac\u00f3 la importancia de generar y fomentar nuevas oportunidades de inversi\u00f3n entre ambos pa\u00edses, al tiempo que expres\u00f3 el compromiso de proteger las inversiones existentes. Durante su participaci\u00f3n en la Semana Dominicana en Canad\u00e1, Gisselle Valera, presidenta de Barrick Pueblo Viejo, destac\u00f3 la\u2026","rel":"","context":"En \u00abECONOM\u00cdA\u00bb","block_context":{"text":"ECONOM\u00cdA","link":"https:\/\/lasprimeras.com.do\/index.php\/category\/economia\/"},"img":{"alt_text":"Gisselle Valera","src":"https:\/\/i0.wp.com\/lasprimeras.com.do\/wp-content\/uploads\/2025\/10\/Gisselle-Valera.jpg?resize=350%2C200&ssl=1","width":350,"height":200,"srcset":"https:\/\/i0.wp.com\/lasprimeras.com.do\/wp-content\/uploads\/2025\/10\/Gisselle-Valera.jpg?resize=350%2C200&ssl=1 1x, https:\/\/i0.wp.com\/lasprimeras.com.do\/wp-content\/uploads\/2025\/10\/Gisselle-Valera.jpg?resize=525%2C300&ssl=1 1.5x, https:\/\/i0.wp.com\/lasprimeras.com.do\/wp-content\/uploads\/2025\/10\/Gisselle-Valera.jpg?resize=700%2C400&ssl=1 2x"},"classes":[]}],"jetpack_sharing_enabled":true,"_links":{"self":[{"href":"https:\/\/lasprimeras.com.do\/index.php\/wp-json\/wp\/v2\/posts\/93227","targetHints":{"allow":["GET"]}}],"collection":[{"href":"https:\/\/lasprimeras.com.do\/index.php\/wp-json\/wp\/v2\/posts"}],"about":[{"href":"https:\/\/lasprimeras.com.do\/index.php\/wp-json\/wp\/v2\/types\/post"}],"author":[{"embeddable":true,"href":"https:\/\/lasprimeras.com.do\/index.php\/wp-json\/wp\/v2\/users\/2"}],"replies":[{"embeddable":true,"href":"https:\/\/lasprimeras.com.do\/index.php\/wp-json\/wp\/v2\/comments?post=93227"}],"version-history":[{"count":1,"href":"https:\/\/lasprimeras.com.do\/index.php\/wp-json\/wp\/v2\/posts\/93227\/revisions"}],"predecessor-version":[{"id":93228,"href":"https:\/\/lasprimeras.com.do\/index.php\/wp-json\/wp\/v2\/posts\/93227\/revisions\/93228"}],"wp:featuredmedia":[{"embeddable":true,"href":"https:\/\/lasprimeras.com.do\/index.php\/wp-json\/wp\/v2\/media\/91189"}],"wp:attachment":[{"href":"https:\/\/lasprimeras.com.do\/index.php\/wp-json\/wp\/v2\/media?parent=93227"}],"wp:term":[{"taxonomy":"category","embeddable":true,"href":"https:\/\/lasprimeras.com.do\/index.php\/wp-json\/wp\/v2\/categories?post=93227"},{"taxonomy":"post_tag","embeddable":true,"href":"https:\/\/lasprimeras.com.do\/index.php\/wp-json\/wp\/v2\/tags?post=93227"}],"curies":[{"name":"wp","href":"https:\/\/api.w.org\/{rel}","templated":true}]}}